









{"id":17565,"date":"2025-03-31T08:12:11","date_gmt":"2025-03-31T06:12:11","guid":{"rendered":"https:\/\/peoplesphere.be\/fr\/?p=17565"},"modified":"2025-03-31T08:12:11","modified_gmt":"2025-03-31T06:12:11","slug":"inquietude-supplementaire-pour-legalite-des-genres-le-gouvernement-va-t-il-compliquer-lacces-aux-allocations-de-chomage-pour-les-jeunes-parents","status":"publish","type":"post","link":"https:\/\/peoplesphere.be\/fr\/inquietude-supplementaire-pour-legalite-des-genres-le-gouvernement-va-t-il-compliquer-lacces-aux-allocations-de-chomage-pour-les-jeunes-parents\/","title":{"rendered":"Inqui\u00e9tude suppl\u00e9mentaire pour l&rsquo;\u00e9galit\u00e9 des genres: le gouvernement va-t-il compliquer l&rsquo;acc\u00e8s aux allocations de ch\u00f4mage pour les jeunes parents."},"content":{"rendered":"<p>La CSC reprend L\u2019Echo au-travers de certains passages du projet de loi-programme du ministre David Clarinval concernant le droit aux allocations de ch\u00f4mage. Cette annonce laisse la CSC profond\u00e9ment perplexe: les p\u00e9riodes de cong\u00e9 de maternit\u00e9, de paternit\u00e9, d\u2019adoption ainsi que les p\u00e9riodes de maladie (y compris les maladies professionnelles et les accidents du travail) seraient exclues du calcul des jours travaill\u00e9s, n\u00e9cessaires pour ouvrir le droit aux allocations de ch\u00f4mage.<!--more--><\/p>\n<p>Le syndicat chr\u00e9tien s&rsquo;offusque: <em>\u00ab\u00a0Il est urgent que ce gouvernement revienne \u00e0 la raison ! Le cong\u00e9 de maternit\u00e9 figure parmi les premiers acquis sociaux; il a pour principal objectif de permettre aux femmes de se r\u00e9tablir apr\u00e8s leur accouchement. En outre, exclure les cong\u00e9s de maternit\u00e9, de paternit\u00e9 et d\u2019adoption du calcul du droit au ch\u00f4mage constitue un d\u00e9ni flagrant de l\u2019importance de la pr\u00e9sence des jeunes parents (adoptifs) aupr\u00e8s de leur enfant dans les premiers mois de vie. Au vu des mesures annonc\u00e9es, leur pr\u00e9sence dans ces premiers mois de vie n\u2019a aucune valeur aux yeux du gouvernement. Rarement a-t-on atteint un tel niveau d\u2019irrespect envers les travailleuses et les travailleurs. Et il s\u2019agit de l\u2019attaque la plus f\u00e9roce et la plus r\u00e9trograde envers les femmes depuis 50 ans.<\/em><\/p>\n<p><em>Ne pas tenir compte des p\u00e9riodes de maladie pour d\u00e9terminer si une personne a droit aux allocations de ch\u00f4mage va dans le m\u00eame sens : c\u2019est donc potentiellement la double peine pour les personnes qui ont \u00e9t\u00e9 malades.<\/em><\/p>\n<p><em>Cela montre une fois de plus que ce gouvernement a bien peu de respect pour les droits des travailleurs et se montre particuli\u00e8rement dur envers ceux qui traversent des accidents de la vie ou qui ont besoin de soutien. Cela doit changer. La CSC se mobilise donc, notamment ce 31 mars \u00e0 l&rsquo;occasion de la gr\u00e8ve g\u00e9n\u00e9rale nationale.\u00a0\u00bb<\/em><\/p>\n<p>&nbsp;<\/p>\n<p><em>Source: CSC<\/em><\/p>\n","protected":false},"excerpt":{"rendered":"<p>La CSC reprend L\u2019Echo au-travers de certains passages du projet de loi-programme du ministre David Clarinval concernant le droit aux allocations de ch\u00f4mage. Cette annonce laisse la CSC profond\u00e9ment perplexe: les p\u00e9riodes de cong\u00e9 de maternit\u00e9, de paternit\u00e9, d\u2019adoption ainsi [&hellip;]<\/p>\n","protected":false},"author":2,"featured_media":17566,"comment_status":"closed","ping_status":"open","sticky":false,"template":"","format":"standard","meta":[],"categories":[65,10],"tags":[4268,1489,786,1141],"yoast_head":"<!-- This site is optimized with the Yoast SEO plugin v21.0 - https:\/\/yoast.com\/wordpress\/plugins\/seo\/ -->\n<title>Inqui\u00e9tude suppl\u00e9mentaire pour l&#039;\u00e9galit\u00e9 des genres: le gouvernement va-t-il compliquer l&#039;acc\u00e8s aux allocations de ch\u00f4mage pour les jeunes parents. - Peoplesphere<\/title>\n<meta name=\"robots\" content=\"index, follow, max-snippet:-1, max-image-preview:large, max-video-preview:-1\" \/>\n<link rel=\"canonical\" href=\"https:\/\/peoplesphere.be\/fr\/inquietude-supplementaire-pour-legalite-des-genres-le-gouvernement-va-t-il-compliquer-lacces-aux-allocations-de-chomage-pour-les-jeunes-parents\/\" \/>\n<meta property=\"og:locale\" content=\"fr_FR\" \/>\n<meta property=\"og:type\" content=\"article\" \/>\n<meta property=\"og:title\" content=\"Inqui\u00e9tude suppl\u00e9mentaire pour l&#039;\u00e9galit\u00e9 des genres: le gouvernement va-t-il compliquer l&#039;acc\u00e8s aux allocations de ch\u00f4mage pour les jeunes parents. - Peoplesphere\" \/>\n<meta property=\"og:description\" content=\"La CSC reprend L\u2019Echo au-travers de certains passages du projet de loi-programme du ministre David Clarinval concernant le droit aux allocations de ch\u00f4mage. Cette annonce laisse la CSC profond\u00e9ment perplexe: les p\u00e9riodes de cong\u00e9 de maternit\u00e9, de paternit\u00e9, d\u2019adoption ainsi [&hellip;]\" \/>\n<meta property=\"og:url\" content=\"https:\/\/peoplesphere.be\/fr\/inquietude-supplementaire-pour-legalite-des-genres-le-gouvernement-va-t-il-compliquer-lacces-aux-allocations-de-chomage-pour-les-jeunes-parents\/\" \/>\n<meta property=\"og:site_name\" content=\"Peoplesphere\" \/>\n<meta property=\"article:publisher\" content=\"https:\/\/www.facebook.com\/peoplesphere\" \/>\n<meta property=\"article:published_time\" content=\"2025-03-31T06:12:11+00:00\" \/>\n<meta property=\"og:image\" content=\"https:\/\/peoplesphere.be\/fr\/wp-content\/uploads\/2025\/03\/20250331youngmummy.jpg\" \/>\n\t<meta property=\"og:image:width\" content=\"980\" \/>\n\t<meta property=\"og:image:height\" content=\"552\" \/>\n\t<meta property=\"og:image:type\" content=\"image\/jpeg\" \/>\n<meta name=\"author\" content=\"Jean-Paul Erhard\" \/>\n<meta name=\"twitter:card\" content=\"summary_large_image\" \/>\n<meta name=\"twitter:creator\" content=\"@PeoplesphereMag\" \/>\n<meta name=\"twitter:site\" content=\"@PeoplesphereMag\" \/>\n<meta name=\"twitter:label1\" content=\"\u00c9crit par\" \/>\n\t<meta name=\"twitter:data1\" content=\"Jean-Paul Erhard\" \/>\n\t<meta name=\"twitter:label2\" content=\"Dur\u00e9e de lecture estim\u00e9e\" \/>\n\t<meta name=\"twitter:data2\" content=\"2 minutes\" \/>\n<script type=\"application\/ld+json\" class=\"yoast-schema-graph\">{\"@context\":\"https:\/\/schema.org\",\"@graph\":[{\"@type\":\"Article\",\"@id\":\"https:\/\/peoplesphere.be\/fr\/inquietude-supplementaire-pour-legalite-des-genres-le-gouvernement-va-t-il-compliquer-lacces-aux-allocations-de-chomage-pour-les-jeunes-parents\/#article\",\"isPartOf\":{\"@id\":\"https:\/\/peoplesphere.be\/fr\/inquietude-supplementaire-pour-legalite-des-genres-le-gouvernement-va-t-il-compliquer-lacces-aux-allocations-de-chomage-pour-les-jeunes-parents\/\"},\"author\":{\"name\":\"Jean-Paul Erhard\",\"@id\":\"https:\/\/peoplesphere.be\/fr\/#\/schema\/person\/7976225ff17988604334abb7b3536a7e\"},\"headline\":\"Inqui\u00e9tude suppl\u00e9mentaire pour l&rsquo;\u00e9galit\u00e9 des genres: le gouvernement va-t-il compliquer l&rsquo;acc\u00e8s aux allocations de ch\u00f4mage pour les jeunes parents.\",\"datePublished\":\"2025-03-31T06:12:11+00:00\",\"dateModified\":\"2025-03-31T06:12:11+00:00\",\"mainEntityOfPage\":{\"@id\":\"https:\/\/peoplesphere.be\/fr\/inquietude-supplementaire-pour-legalite-des-genres-le-gouvernement-va-t-il-compliquer-lacces-aux-allocations-de-chomage-pour-les-jeunes-parents\/\"},\"wordCount\":355,\"publisher\":{\"@id\":\"https:\/\/peoplesphere.be\/fr\/#organization\"},\"keywords\":[\"accord de gouvernement\",\"allocations de ch\u00f4mage\",\"cong\u00e9 de maternit\u00e9\",\"cong\u00e9 de paternit\u00e9\"],\"articleSection\":[\"Actualit\u00e9s\",\"Digital\"],\"inLanguage\":\"fr-FR\"},{\"@type\":\"WebPage\",\"@id\":\"https:\/\/peoplesphere.be\/fr\/inquietude-supplementaire-pour-legalite-des-genres-le-gouvernement-va-t-il-compliquer-lacces-aux-allocations-de-chomage-pour-les-jeunes-parents\/\",\"url\":\"https:\/\/peoplesphere.be\/fr\/inquietude-supplementaire-pour-legalite-des-genres-le-gouvernement-va-t-il-compliquer-lacces-aux-allocations-de-chomage-pour-les-jeunes-parents\/\",\"name\":\"Inqui\u00e9tude suppl\u00e9mentaire pour l'\u00e9galit\u00e9 des genres: le gouvernement va-t-il compliquer l'acc\u00e8s aux allocations de ch\u00f4mage pour les jeunes parents. - Peoplesphere\",\"isPartOf\":{\"@id\":\"https:\/\/peoplesphere.be\/fr\/#website\"},\"datePublished\":\"2025-03-31T06:12:11+00:00\",\"dateModified\":\"2025-03-31T06:12:11+00:00\",\"breadcrumb\":{\"@id\":\"https:\/\/peoplesphere.be\/fr\/inquietude-supplementaire-pour-legalite-des-genres-le-gouvernement-va-t-il-compliquer-lacces-aux-allocations-de-chomage-pour-les-jeunes-parents\/#breadcrumb\"},\"inLanguage\":\"fr-FR\",\"potentialAction\":[{\"@type\":\"ReadAction\",\"target\":[\"https:\/\/peoplesphere.be\/fr\/inquietude-supplementaire-pour-legalite-des-genres-le-gouvernement-va-t-il-compliquer-lacces-aux-allocations-de-chomage-pour-les-jeunes-parents\/\"]}]},{\"@type\":\"BreadcrumbList\",\"@id\":\"https:\/\/peoplesphere.be\/fr\/inquietude-supplementaire-pour-legalite-des-genres-le-gouvernement-va-t-il-compliquer-lacces-aux-allocations-de-chomage-pour-les-jeunes-parents\/#breadcrumb\",\"itemListElement\":[{\"@type\":\"ListItem\",\"position\":1,\"name\":\"Accueil\",\"item\":\"https:\/\/peoplesphere.be\/fr\/\"},{\"@type\":\"ListItem\",\"position\":2,\"name\":\"Inqui\u00e9tude suppl\u00e9mentaire pour l&rsquo;\u00e9galit\u00e9 des genres: le gouvernement va-t-il compliquer l&rsquo;acc\u00e8s aux allocations de ch\u00f4mage pour les jeunes parents.\"}]},{\"@type\":\"WebSite\",\"@id\":\"https:\/\/peoplesphere.be\/fr\/#website\",\"url\":\"https:\/\/peoplesphere.be\/fr\/\",\"name\":\"Peoplesphere\",\"description\":\"The People Managers Magazine\",\"publisher\":{\"@id\":\"https:\/\/peoplesphere.be\/fr\/#organization\"},\"potentialAction\":[{\"@type\":\"SearchAction\",\"target\":{\"@type\":\"EntryPoint\",\"urlTemplate\":\"https:\/\/peoplesphere.be\/fr\/?s={search_term_string}\"},\"query-input\":\"required name=search_term_string\"}],\"inLanguage\":\"fr-FR\"},{\"@type\":\"Organization\",\"@id\":\"https:\/\/peoplesphere.be\/fr\/#organization\",\"name\":\"Peoplesphere Company srl\",\"url\":\"https:\/\/peoplesphere.be\/fr\/\",\"logo\":{\"@type\":\"ImageObject\",\"inLanguage\":\"fr-FR\",\"@id\":\"https:\/\/peoplesphere.be\/fr\/#\/schema\/logo\/image\/\",\"url\":\"https:\/\/peoplesphere.be\/fr\/wp-content\/uploads\/2023\/07\/peoplesphere-lgo-new-generik.jpg\",\"contentUrl\":\"https:\/\/peoplesphere.be\/fr\/wp-content\/uploads\/2023\/07\/peoplesphere-lgo-new-generik.jpg\",\"width\":1031,\"height\":1479,\"caption\":\"Peoplesphere Company srl\"},\"image\":{\"@id\":\"https:\/\/peoplesphere.be\/fr\/#\/schema\/logo\/image\/\"},\"sameAs\":[\"https:\/\/www.facebook.com\/peoplesphere\",\"https:\/\/twitter.com\/PeoplesphereMag\",\"https:\/\/www.linkedin.com\/company\/7587361?trk\",\"http:\/\/youtube.com\/peoplesphere\"]},{\"@type\":\"Person\",\"@id\":\"https:\/\/peoplesphere.be\/fr\/#\/schema\/person\/7976225ff17988604334abb7b3536a7e\",\"name\":\"Jean-Paul Erhard\",\"image\":{\"@type\":\"ImageObject\",\"inLanguage\":\"fr-FR\",\"@id\":\"https:\/\/peoplesphere.be\/fr\/#\/schema\/person\/image\/\",\"url\":\"https:\/\/secure.gravatar.com\/avatar\/f941e681460179738071629a51574930?s=96&d=mm&r=g\",\"contentUrl\":\"https:\/\/secure.gravatar.com\/avatar\/f941e681460179738071629a51574930?s=96&d=mm&r=g\",\"caption\":\"Jean-Paul Erhard\"},\"url\":\"https:\/\/peoplesphere.be\/fr\/author\/jpe\/\"}]}<\/script>\n<!-- \/ Yoast SEO plugin. -->","yoast_head_json":{"title":"Inqui\u00e9tude suppl\u00e9mentaire pour l'\u00e9galit\u00e9 des genres: le gouvernement va-t-il compliquer l'acc\u00e8s aux allocations de ch\u00f4mage pour les jeunes parents. - Peoplesphere","robots":{"index":"index","follow":"follow","max-snippet":"max-snippet:-1","max-image-preview":"max-image-preview:large","max-video-preview":"max-video-preview:-1"},"canonical":"https:\/\/peoplesphere.be\/fr\/inquietude-supplementaire-pour-legalite-des-genres-le-gouvernement-va-t-il-compliquer-lacces-aux-allocations-de-chomage-pour-les-jeunes-parents\/","og_locale":"fr_FR","og_type":"article","og_title":"Inqui\u00e9tude suppl\u00e9mentaire pour l'\u00e9galit\u00e9 des genres: le gouvernement va-t-il compliquer l'acc\u00e8s aux allocations de ch\u00f4mage pour les jeunes parents. - Peoplesphere","og_description":"La CSC reprend L\u2019Echo au-travers de certains passages du projet de loi-programme du ministre David Clarinval concernant le droit aux allocations de ch\u00f4mage. Cette annonce laisse la CSC profond\u00e9ment perplexe: les p\u00e9riodes de cong\u00e9 de maternit\u00e9, de paternit\u00e9, d\u2019adoption ainsi [&hellip;]","og_url":"https:\/\/peoplesphere.be\/fr\/inquietude-supplementaire-pour-legalite-des-genres-le-gouvernement-va-t-il-compliquer-lacces-aux-allocations-de-chomage-pour-les-jeunes-parents\/","og_site_name":"Peoplesphere","article_publisher":"https:\/\/www.facebook.com\/peoplesphere","article_published_time":"2025-03-31T06:12:11+00:00","og_image":[{"width":980,"height":552,"url":"https:\/\/peoplesphere.be\/fr\/wp-content\/uploads\/2025\/03\/20250331youngmummy.jpg","type":"image\/jpeg"}],"author":"Jean-Paul Erhard","twitter_card":"summary_large_image","twitter_creator":"@PeoplesphereMag","twitter_site":"@PeoplesphereMag","twitter_misc":{"\u00c9crit par":"Jean-Paul Erhard","Dur\u00e9e de lecture estim\u00e9e":"2 minutes"},"schema":{"@context":"https:\/\/schema.org","@graph":[{"@type":"Article","@id":"https:\/\/peoplesphere.be\/fr\/inquietude-supplementaire-pour-legalite-des-genres-le-gouvernement-va-t-il-compliquer-lacces-aux-allocations-de-chomage-pour-les-jeunes-parents\/#article","isPartOf":{"@id":"https:\/\/peoplesphere.be\/fr\/inquietude-supplementaire-pour-legalite-des-genres-le-gouvernement-va-t-il-compliquer-lacces-aux-allocations-de-chomage-pour-les-jeunes-parents\/"},"author":{"name":"Jean-Paul Erhard","@id":"https:\/\/peoplesphere.be\/fr\/#\/schema\/person\/7976225ff17988604334abb7b3536a7e"},"headline":"Inqui\u00e9tude suppl\u00e9mentaire pour l&rsquo;\u00e9galit\u00e9 des genres: le gouvernement va-t-il compliquer l&rsquo;acc\u00e8s aux allocations de ch\u00f4mage pour les jeunes parents.","datePublished":"2025-03-31T06:12:11+00:00","dateModified":"2025-03-31T06:12:11+00:00","mainEntityOfPage":{"@id":"https:\/\/peoplesphere.be\/fr\/inquietude-supplementaire-pour-legalite-des-genres-le-gouvernement-va-t-il-compliquer-lacces-aux-allocations-de-chomage-pour-les-jeunes-parents\/"},"wordCount":355,"publisher":{"@id":"https:\/\/peoplesphere.be\/fr\/#organization"},"keywords":["accord de gouvernement","allocations de ch\u00f4mage","cong\u00e9 de maternit\u00e9","cong\u00e9 de paternit\u00e9"],"articleSection":["Actualit\u00e9s","Digital"],"inLanguage":"fr-FR"},{"@type":"WebPage","@id":"https:\/\/peoplesphere.be\/fr\/inquietude-supplementaire-pour-legalite-des-genres-le-gouvernement-va-t-il-compliquer-lacces-aux-allocations-de-chomage-pour-les-jeunes-parents\/","url":"https:\/\/peoplesphere.be\/fr\/inquietude-supplementaire-pour-legalite-des-genres-le-gouvernement-va-t-il-compliquer-lacces-aux-allocations-de-chomage-pour-les-jeunes-parents\/","name":"Inqui\u00e9tude suppl\u00e9mentaire pour l'\u00e9galit\u00e9 des genres: le gouvernement va-t-il compliquer l'acc\u00e8s aux allocations de ch\u00f4mage pour les jeunes parents. - Peoplesphere","isPartOf":{"@id":"https:\/\/peoplesphere.be\/fr\/#website"},"datePublished":"2025-03-31T06:12:11+00:00","dateModified":"2025-03-31T06:12:11+00:00","breadcrumb":{"@id":"https:\/\/peoplesphere.be\/fr\/inquietude-supplementaire-pour-legalite-des-genres-le-gouvernement-va-t-il-compliquer-lacces-aux-allocations-de-chomage-pour-les-jeunes-parents\/#breadcrumb"},"inLanguage":"fr-FR","potentialAction":[{"@type":"ReadAction","target":["https:\/\/peoplesphere.be\/fr\/inquietude-supplementaire-pour-legalite-des-genres-le-gouvernement-va-t-il-compliquer-lacces-aux-allocations-de-chomage-pour-les-jeunes-parents\/"]}]},{"@type":"BreadcrumbList","@id":"https:\/\/peoplesphere.be\/fr\/inquietude-supplementaire-pour-legalite-des-genres-le-gouvernement-va-t-il-compliquer-lacces-aux-allocations-de-chomage-pour-les-jeunes-parents\/#breadcrumb","itemListElement":[{"@type":"ListItem","position":1,"name":"Accueil","item":"https:\/\/peoplesphere.be\/fr\/"},{"@type":"ListItem","position":2,"name":"Inqui\u00e9tude suppl\u00e9mentaire pour l&rsquo;\u00e9galit\u00e9 des genres: le gouvernement va-t-il compliquer l&rsquo;acc\u00e8s aux allocations de ch\u00f4mage pour les jeunes parents."}]},{"@type":"WebSite","@id":"https:\/\/peoplesphere.be\/fr\/#website","url":"https:\/\/peoplesphere.be\/fr\/","name":"Peoplesphere","description":"The People Managers Magazine","publisher":{"@id":"https:\/\/peoplesphere.be\/fr\/#organization"},"potentialAction":[{"@type":"SearchAction","target":{"@type":"EntryPoint","urlTemplate":"https:\/\/peoplesphere.be\/fr\/?s={search_term_string}"},"query-input":"required name=search_term_string"}],"inLanguage":"fr-FR"},{"@type":"Organization","@id":"https:\/\/peoplesphere.be\/fr\/#organization","name":"Peoplesphere Company srl","url":"https:\/\/peoplesphere.be\/fr\/","logo":{"@type":"ImageObject","inLanguage":"fr-FR","@id":"https:\/\/peoplesphere.be\/fr\/#\/schema\/logo\/image\/","url":"https:\/\/peoplesphere.be\/fr\/wp-content\/uploads\/2023\/07\/peoplesphere-lgo-new-generik.jpg","contentUrl":"https:\/\/peoplesphere.be\/fr\/wp-content\/uploads\/2023\/07\/peoplesphere-lgo-new-generik.jpg","width":1031,"height":1479,"caption":"Peoplesphere Company srl"},"image":{"@id":"https:\/\/peoplesphere.be\/fr\/#\/schema\/logo\/image\/"},"sameAs":["https:\/\/www.facebook.com\/peoplesphere","https:\/\/twitter.com\/PeoplesphereMag","https:\/\/www.linkedin.com\/company\/7587361?trk","http:\/\/youtube.com\/peoplesphere"]},{"@type":"Person","@id":"https:\/\/peoplesphere.be\/fr\/#\/schema\/person\/7976225ff17988604334abb7b3536a7e","name":"Jean-Paul Erhard","image":{"@type":"ImageObject","inLanguage":"fr-FR","@id":"https:\/\/peoplesphere.be\/fr\/#\/schema\/person\/image\/","url":"https:\/\/secure.gravatar.com\/avatar\/f941e681460179738071629a51574930?s=96&d=mm&r=g","contentUrl":"https:\/\/secure.gravatar.com\/avatar\/f941e681460179738071629a51574930?s=96&d=mm&r=g","caption":"Jean-Paul Erhard"},"url":"https:\/\/peoplesphere.be\/fr\/author\/jpe\/"}]}},"_links":{"self":[{"href":"https:\/\/peoplesphere.be\/fr\/wp-json\/wp\/v2\/posts\/17565"}],"collection":[{"href":"https:\/\/peoplesphere.be\/fr\/wp-json\/wp\/v2\/posts"}],"about":[{"href":"https:\/\/peoplesphere.be\/fr\/wp-json\/wp\/v2\/types\/post"}],"author":[{"embeddable":true,"href":"https:\/\/peoplesphere.be\/fr\/wp-json\/wp\/v2\/users\/2"}],"replies":[{"embeddable":true,"href":"https:\/\/peoplesphere.be\/fr\/wp-json\/wp\/v2\/comments?post=17565"}],"version-history":[{"count":1,"href":"https:\/\/peoplesphere.be\/fr\/wp-json\/wp\/v2\/posts\/17565\/revisions"}],"predecessor-version":[{"id":17567,"href":"https:\/\/peoplesphere.be\/fr\/wp-json\/wp\/v2\/posts\/17565\/revisions\/17567"}],"wp:featuredmedia":[{"embeddable":true,"href":"https:\/\/peoplesphere.be\/fr\/wp-json\/wp\/v2\/media\/17566"}],"wp:attachment":[{"href":"https:\/\/peoplesphere.be\/fr\/wp-json\/wp\/v2\/media?parent=17565"}],"wp:term":[{"taxonomy":"category","embeddable":true,"href":"https:\/\/peoplesphere.be\/fr\/wp-json\/wp\/v2\/categories?post=17565"},{"taxonomy":"post_tag","embeddable":true,"href":"https:\/\/peoplesphere.be\/fr\/wp-json\/wp\/v2\/tags?post=17565"}],"curies":[{"name":"wp","href":"https:\/\/api.w.org\/{rel}","templated":true}]}}