









{"id":17583,"date":"2025-04-04T09:41:26","date_gmt":"2025-04-04T07:41:26","guid":{"rendered":"https:\/\/peoplesphere.be\/fr\/?p=17583"},"modified":"2025-04-05T09:51:36","modified_gmt":"2025-04-05T07:51:36","slug":"les-1600-entreprises-wallonnes-du-secteur-alimentaire-sengagent-avec-le-centre-de-competence-dedie-pour-la-formation","status":"publish","type":"post","link":"https:\/\/peoplesphere.be\/fr\/les-1600-entreprises-wallonnes-du-secteur-alimentaire-sengagent-avec-le-centre-de-competence-dedie-pour-la-formation\/","title":{"rendered":"Les 1600 entreprises wallonnes du secteur alimentaire s&rsquo;engagent avec le centre de comp\u00e9tence d\u00e9di\u00e9 pour la formation."},"content":{"rendered":"<p>Ravag\u00e9 par les inondations en 2021, le centre de comp\u00e9tence FormAlim a \u00e9t\u00e9 totalement repens\u00e9 et \u00e9quip\u00e9 des derni\u00e8res technologies par le Forem et Alimento. Combin\u00e9s \u00e0 une nouvelle approche en mati\u00e8re de formation impuls\u00e9e par le Ministre wallon de l\u2019Emploi et de la Formation professionnelle, ces investissements doivent permettre aux 1.600 entreprises du secteur de former et d\u2019engager les 1.500 profils recherch\u00e9s actuellement.<!--more--><\/p>\n<p>La Wallonie compte plus de 1.600 entreprises actives dans l\u2019industrie alimentaire qui emploient pr\u00e8s de 26.000 travailleurs salari\u00e9s, dont un tiers en province de Li\u00e8ge. Des fleurons de notre \u00e9conomie qui font rayonner de nombreuses sp\u00e9cialit\u00e9s dans le monde entier : bi\u00e8res, chocolats, biscuits, macarons, frites\u2026 ainsi que de nouveaux ingr\u00e9dients et des produits innovants. Actuellement, ce secteur porteur est \u00e0 la recherche de plus de 1.500 collaborateurs sur le site internet du Forem. Op\u00e9rateur de production, conducteur de ligne, pr\u00e9parateur de commandes, \u00e9lectrom\u00e9canicien de maintenance industrielle et technicien frigoriste sont des m\u00e9tiers particuli\u00e8rement recherch\u00e9s par ces employeurs. Des m\u00e9tiers o\u00f9 hommes et femmes peuvent s\u2019\u00e9panouir et monter en comp\u00e9tences.<\/p>\n<h3><strong><em>Un FormAlim 2.0<\/em><\/strong><\/h3>\n<p>En 2021, le site FormAlim de Verviers ayant \u00e9t\u00e9 ravag\u00e9 par les inondations, le Forem et le secteur, \u00e0 travers son fonds de carri\u00e8re Alimento, ont fait de ce drame une opportunit\u00e9 pour repenser ce centre de comp\u00e9tence et l\u2019\u00e9quiper des derni\u00e8res technologies utilis\u00e9es par les entreprises du secteur. Financ\u00e9 \u00e0 la hauteur de 1,6 million d\u2019euros via le Plan de relance de la Wallonie, FormAlim a investi dans de nouveaux outils pour \u00eatre au plus proche des technologies utilis\u00e9es par les entreprises, comme une nouvelle ligne de conditionnement, des bancs pneumatiques, des bras robotiques et m\u00eame une \u00ab\u00a0mini-usine\u00a0\u00bb qui reproduit toutes les \u00e9tapes de la production, du conditionnement et de la gestion des stocks.<\/p>\n<h3><strong><em>Le monde de la formation professionnelle en pleine mutation<\/em><\/strong><\/h3>\n<p>Ces \u00e9quipements de pointe combin\u00e9s \u00e0 une nouvelle approche en mati\u00e8re de formation, impuls\u00e9e par le Ministre wallon de l\u2019Emploi et de la Formation professionnelle, font donc de FormAlim un p\u00f4le d\u2019excellence pour r\u00e9pondre aux besoins de main-d\u2019\u0153uvre qualifi\u00e9e des entreprises de l\u2019industrie alimentaire via, notamment :<\/p>\n<ul>\n<li>une approche plus modulaire de ses formations, pour viser un socle de comp\u00e9tences requises afin d&rsquo;ins\u00e9rer rapidement les chercheurs d&#8217;emploi en entreprise ;<\/li>\n<li>des formations sur mesure comme des coups de poing p\u00e9nurie ;<\/li>\n<li>des formations d\u00e9localis\u00e9es en entreprise et sur d\u2019autres sites pour \u00eatre au plus pr\u00e8s des employeurs et des chercheurs d\u2019emploi ;<\/li>\n<li>l\u2019usage de la r\u00e9alit\u00e9 virtuelle.<\/li>\n<\/ul>\n<p>Ce centre de comp\u00e9tence dernier cri, qui dispose d\u2019une antenne \u00e0 Mouscron, dispense huit formations m\u00e9tier pour devenir, notamment, op\u00e9rateur de production, technicien frigoriste ou encore gestionnaire de la qualit\u00e9 en industrie alimentaire ; et plus d\u2019une trentaine de formations modulaires pour les chercheurs d\u2019emploi et les travailleurs, activables en fonction des besoins du secteur.<br \/>\nPour attirer de nombreux profils vers les m\u00e9tiers de l\u2019industrie alimentaire, des actions de sensibilisation en collaboration avec Alimento sont entreprises. En 2024 et 2025, FormAlim a ainsi propos\u00e9 des animations ludiques et p\u00e9dagogiques \u00e0 pr\u00e8s de 1.200 \u00e9l\u00e8ves, enseignants et chercheurs d\u2019emploi \u00e0 l\u2019occasion d\u2019\u00e9v\u00e9nements, comme les salons SIEP ou les Startech&rsquo;s Days.<\/p>\n<h3><strong><em>Prise en charge acc\u00e9l\u00e9r\u00e9e des chercheurs d\u2019emploi<\/em><\/strong><\/h3>\n<p>L\u2019op\u00e9rationnalisation de la d\u00e9claration de politique r\u00e9gionale 2024-2029 en mati\u00e8re d\u2019emploi et les notes d\u2019orientation qui en d\u00e9coulent ont permis de faire \u00e9voluer l\u2019accompagnement des chercheurs d\u2019emploi vers une prise en charge rapide et plus efficace en les mobilisant d\u00e8s leur inscription. Lanc\u00e9e depuis le 4 d\u00e9cembre, la prise en charge acc\u00e9l\u00e9r\u00e9e des primo-inscrits, d\u00e8s l\u2019inscription, permet de proposer des solutions adapt\u00e9es au chercheur d\u2019emploi visant, au plus tard 4 mois apr\u00e8s son inscription, la mise \u00e0 l\u2019emploi ou, le cas \u00e9ch\u00e9ant, l\u2019inscription \u00e0 une formation ou \u00e0 un stage en entreprise.<\/p>\n<p>En 2024, le Forem a form\u00e9 44.832 chercheurs d\u2019emploi dont 1.600 dans les m\u00e9tiers de l\u2019industrie alimentaire, avec un taux d\u2019insertion de 85% dans les 12 mois. Cette prise en charge acc\u00e9l\u00e9r\u00e9e et la r\u00e9forme de la formation professionnelle doivent permettre \u00e0 FormAlim de former 2.300 personnes dont 1.700 chercheurs d\u2019emploi, 500 travailleurs et une centaine d\u2019\u00e9l\u00e8ves et enseignants en 2025.<\/p>\n<p>Pour Pierre-Yves JEHOLET, Ministre de l\u2019Emploi et de la Formation professionnelle : \u00ab\u00a0<em>Malgr\u00e9 les \u00e9preuves li\u00e9es aux inondations, j\u2019ai pu constater, chez beaucoup, une incroyable d\u00e9termination \u00e0 reconstruire et \u00e0 saisir les opportunit\u00e9s pour se r\u00e9inventer. FormAlim incarne ce renouveau. Trait d\u2019union entre les entreprises et les chercheurs d\u2019emploi, la qualit\u00e9 des formations est essentielle pour r\u00e9pondre aux r\u00e9alit\u00e9s du monde entrepreneurial. Je me r\u00e9jouis d\u00e8s lors de voir rena\u00eetre ce centre de comp\u00e9tence 2.0, qui propose des formations en phase avec le march\u00e9 du travail et contribuera, je l\u2019esp\u00e8re, \u00e0 pourvoir les quelque 1.500 postes vacants dans le secteur.\u00a0\u00bb<\/em><\/p>\n<p>Pour Raymonde YERNA, Administratrice g\u00e9n\u00e9rale du Forem : <em>\u00ab\u00a0D\u00e9passer les difficult\u00e9s et tirer parti des opportunit\u00e9s, c\u2019est ce qu\u2019on attend du Forem. Repenser et \u00e9quiper des derni\u00e8res technologies le centre de comp\u00e9tence FormAlim \u00e9tait un pr\u00e9alable indispensable pour faire monter en comp\u00e9tences les chercheurs d\u2019emploi et apporter des r\u00e9ponses plus efficientes aux besoins de main-d\u2019\u0153uvre du secteur de l\u2019industrie alimentaire.\u00a0\u00bb<\/em><\/p>\n<p>Pour Anne REUL, Directrice g\u00e9n\u00e9rale de Fevia Wallonie : \u00ab\u00a0<em>FormAlim est un outil indispensable pour former les travailleurs (actuels et futurs) du secteur aux m\u00e9tiers de demain et pour attirer les talents dont nos entreprises alimentaires ont cruellement besoin ! Nous nous r\u00e9jouissons que les nouveaux \u00e9quipements du centre soient compl\u00e8tement op\u00e9rationnels afin de renforcer ces formations sp\u00e9cialis\u00e9es sur de l\u2019\u00e9quipement de pointe et mobile. Les conditions sont donc en place pour encore booster nos collaborations vers les diff\u00e9rents publics cibles !\u00a0\u00bb<\/em><\/p>\n<p>Pour Patrick REHAN, Co-Pr\u00e9sident de la centrale alimentation HORVAL : <em>\u00ab\u00a0FormAlim est un \u00e9l\u00e9ment essentiel pour la formation des futurs travailleurs dans notre secteur et la formation continue pour les travailleurs actuels afin de relever les d\u00e9fis qui nous attendent. La formation est un investissement pour l\u2019avenir.\u00a0\u00bb<\/em><\/p>\n<p>&nbsp;<\/p>\n<p><em>Source: Forem &#8211; Fevia<\/em><\/p>\n","protected":false},"excerpt":{"rendered":"<p>Ravag\u00e9 par les inondations en 2021, le centre de comp\u00e9tence FormAlim a \u00e9t\u00e9 totalement repens\u00e9 et \u00e9quip\u00e9 des derni\u00e8res technologies par le Forem et Alimento. Combin\u00e9s \u00e0 une nouvelle approche en mati\u00e8re de formation impuls\u00e9e par le Ministre wallon de [&hellip;]<\/p>\n","protected":false},"author":2,"featured_media":17584,"comment_status":"closed","ping_status":"open","sticky":false,"template":"","format":"standard","meta":[],"categories":[65,10],"tags":[855,653,1848,4273,48,3627],"yoast_head":"<!-- This site is optimized with the Yoast SEO plugin v21.0 - https:\/\/yoast.com\/wordpress\/plugins\/seo\/ -->\n<title>Les 1600 entreprises wallonnes du secteur alimentaire s&#039;engagent avec le centre de comp\u00e9tence d\u00e9di\u00e9 pour la formation. - Peoplesphere<\/title>\n<meta name=\"robots\" content=\"index, follow, max-snippet:-1, max-image-preview:large, max-video-preview:-1\" \/>\n<link rel=\"canonical\" href=\"https:\/\/peoplesphere.be\/fr\/les-1600-entreprises-wallonnes-du-secteur-alimentaire-sengagent-avec-le-centre-de-competence-dedie-pour-la-formation\/\" \/>\n<meta property=\"og:locale\" content=\"fr_FR\" \/>\n<meta property=\"og:type\" content=\"article\" \/>\n<meta property=\"og:title\" content=\"Les 1600 entreprises wallonnes du secteur alimentaire s&#039;engagent avec le centre de comp\u00e9tence d\u00e9di\u00e9 pour la formation. - Peoplesphere\" \/>\n<meta property=\"og:description\" content=\"Ravag\u00e9 par les inondations en 2021, le centre de comp\u00e9tence FormAlim a \u00e9t\u00e9 totalement repens\u00e9 et \u00e9quip\u00e9 des derni\u00e8res technologies par le Forem et Alimento. Combin\u00e9s \u00e0 une nouvelle approche en mati\u00e8re de formation impuls\u00e9e par le Ministre wallon de [&hellip;]\" \/>\n<meta property=\"og:url\" content=\"https:\/\/peoplesphere.be\/fr\/les-1600-entreprises-wallonnes-du-secteur-alimentaire-sengagent-avec-le-centre-de-competence-dedie-pour-la-formation\/\" \/>\n<meta property=\"og:site_name\" content=\"Peoplesphere\" \/>\n<meta property=\"article:publisher\" content=\"https:\/\/www.facebook.com\/peoplesphere\" \/>\n<meta property=\"article:published_time\" content=\"2025-04-04T07:41:26+00:00\" \/>\n<meta property=\"article:modified_time\" content=\"2025-04-05T07:51:36+00:00\" \/>\n<meta property=\"og:image\" content=\"https:\/\/peoplesphere.be\/fr\/wp-content\/uploads\/2025\/04\/20250404formalim.jpg\" \/>\n\t<meta property=\"og:image:width\" content=\"800\" \/>\n\t<meta property=\"og:image:height\" content=\"566\" \/>\n\t<meta property=\"og:image:type\" content=\"image\/jpeg\" \/>\n<meta name=\"author\" content=\"Jean-Paul Erhard\" \/>\n<meta name=\"twitter:card\" content=\"summary_large_image\" \/>\n<meta name=\"twitter:creator\" content=\"@PeoplesphereMag\" \/>\n<meta name=\"twitter:site\" content=\"@PeoplesphereMag\" \/>\n<meta name=\"twitter:label1\" content=\"\u00c9crit par\" \/>\n\t<meta name=\"twitter:data1\" content=\"Jean-Paul Erhard\" \/>\n\t<meta name=\"twitter:label2\" content=\"Dur\u00e9e de lecture estim\u00e9e\" \/>\n\t<meta name=\"twitter:data2\" content=\"5 minutes\" \/>\n<script type=\"application\/ld+json\" class=\"yoast-schema-graph\">{\"@context\":\"https:\/\/schema.org\",\"@graph\":[{\"@type\":\"Article\",\"@id\":\"https:\/\/peoplesphere.be\/fr\/les-1600-entreprises-wallonnes-du-secteur-alimentaire-sengagent-avec-le-centre-de-competence-dedie-pour-la-formation\/#article\",\"isPartOf\":{\"@id\":\"https:\/\/peoplesphere.be\/fr\/les-1600-entreprises-wallonnes-du-secteur-alimentaire-sengagent-avec-le-centre-de-competence-dedie-pour-la-formation\/\"},\"author\":{\"name\":\"Jean-Paul Erhard\",\"@id\":\"https:\/\/peoplesphere.be\/fr\/#\/schema\/person\/7976225ff17988604334abb7b3536a7e\"},\"headline\":\"Les 1600 entreprises wallonnes du secteur alimentaire s&rsquo;engagent avec le centre de comp\u00e9tence d\u00e9di\u00e9 pour la formation.\",\"datePublished\":\"2025-04-04T07:41:26+00:00\",\"dateModified\":\"2025-04-05T07:51:36+00:00\",\"mainEntityOfPage\":{\"@id\":\"https:\/\/peoplesphere.be\/fr\/les-1600-entreprises-wallonnes-du-secteur-alimentaire-sengagent-avec-le-centre-de-competence-dedie-pour-la-formation\/\"},\"wordCount\":1090,\"publisher\":{\"@id\":\"https:\/\/peoplesphere.be\/fr\/#organization\"},\"keywords\":[\"alternance\",\"demandeurs d'emploi\",\"Fevia\",\"FormAlim\",\"Formation\",\"secteur alimentaire\"],\"articleSection\":[\"Actualit\u00e9s\",\"Digital\"],\"inLanguage\":\"fr-FR\"},{\"@type\":\"WebPage\",\"@id\":\"https:\/\/peoplesphere.be\/fr\/les-1600-entreprises-wallonnes-du-secteur-alimentaire-sengagent-avec-le-centre-de-competence-dedie-pour-la-formation\/\",\"url\":\"https:\/\/peoplesphere.be\/fr\/les-1600-entreprises-wallonnes-du-secteur-alimentaire-sengagent-avec-le-centre-de-competence-dedie-pour-la-formation\/\",\"name\":\"Les 1600 entreprises wallonnes du secteur alimentaire s'engagent avec le centre de comp\u00e9tence d\u00e9di\u00e9 pour la formation. - Peoplesphere\",\"isPartOf\":{\"@id\":\"https:\/\/peoplesphere.be\/fr\/#website\"},\"datePublished\":\"2025-04-04T07:41:26+00:00\",\"dateModified\":\"2025-04-05T07:51:36+00:00\",\"breadcrumb\":{\"@id\":\"https:\/\/peoplesphere.be\/fr\/les-1600-entreprises-wallonnes-du-secteur-alimentaire-sengagent-avec-le-centre-de-competence-dedie-pour-la-formation\/#breadcrumb\"},\"inLanguage\":\"fr-FR\",\"potentialAction\":[{\"@type\":\"ReadAction\",\"target\":[\"https:\/\/peoplesphere.be\/fr\/les-1600-entreprises-wallonnes-du-secteur-alimentaire-sengagent-avec-le-centre-de-competence-dedie-pour-la-formation\/\"]}]},{\"@type\":\"BreadcrumbList\",\"@id\":\"https:\/\/peoplesphere.be\/fr\/les-1600-entreprises-wallonnes-du-secteur-alimentaire-sengagent-avec-le-centre-de-competence-dedie-pour-la-formation\/#breadcrumb\",\"itemListElement\":[{\"@type\":\"ListItem\",\"position\":1,\"name\":\"Accueil\",\"item\":\"https:\/\/peoplesphere.be\/fr\/\"},{\"@type\":\"ListItem\",\"position\":2,\"name\":\"Les 1600 entreprises wallonnes du secteur alimentaire s&rsquo;engagent avec le centre de comp\u00e9tence d\u00e9di\u00e9 pour la formation.\"}]},{\"@type\":\"WebSite\",\"@id\":\"https:\/\/peoplesphere.be\/fr\/#website\",\"url\":\"https:\/\/peoplesphere.be\/fr\/\",\"name\":\"Peoplesphere\",\"description\":\"The People Managers Magazine\",\"publisher\":{\"@id\":\"https:\/\/peoplesphere.be\/fr\/#organization\"},\"potentialAction\":[{\"@type\":\"SearchAction\",\"target\":{\"@type\":\"EntryPoint\",\"urlTemplate\":\"https:\/\/peoplesphere.be\/fr\/?s={search_term_string}\"},\"query-input\":\"required name=search_term_string\"}],\"inLanguage\":\"fr-FR\"},{\"@type\":\"Organization\",\"@id\":\"https:\/\/peoplesphere.be\/fr\/#organization\",\"name\":\"Peoplesphere Company srl\",\"url\":\"https:\/\/peoplesphere.be\/fr\/\",\"logo\":{\"@type\":\"ImageObject\",\"inLanguage\":\"fr-FR\",\"@id\":\"https:\/\/peoplesphere.be\/fr\/#\/schema\/logo\/image\/\",\"url\":\"https:\/\/peoplesphere.be\/fr\/wp-content\/uploads\/2023\/07\/peoplesphere-lgo-new-generik.jpg\",\"contentUrl\":\"https:\/\/peoplesphere.be\/fr\/wp-content\/uploads\/2023\/07\/peoplesphere-lgo-new-generik.jpg\",\"width\":1031,\"height\":1479,\"caption\":\"Peoplesphere Company srl\"},\"image\":{\"@id\":\"https:\/\/peoplesphere.be\/fr\/#\/schema\/logo\/image\/\"},\"sameAs\":[\"https:\/\/www.facebook.com\/peoplesphere\",\"https:\/\/twitter.com\/PeoplesphereMag\",\"https:\/\/www.linkedin.com\/company\/7587361?trk\",\"http:\/\/youtube.com\/peoplesphere\"]},{\"@type\":\"Person\",\"@id\":\"https:\/\/peoplesphere.be\/fr\/#\/schema\/person\/7976225ff17988604334abb7b3536a7e\",\"name\":\"Jean-Paul Erhard\",\"image\":{\"@type\":\"ImageObject\",\"inLanguage\":\"fr-FR\",\"@id\":\"https:\/\/peoplesphere.be\/fr\/#\/schema\/person\/image\/\",\"url\":\"https:\/\/secure.gravatar.com\/avatar\/f941e681460179738071629a51574930?s=96&d=mm&r=g\",\"contentUrl\":\"https:\/\/secure.gravatar.com\/avatar\/f941e681460179738071629a51574930?s=96&d=mm&r=g\",\"caption\":\"Jean-Paul Erhard\"},\"url\":\"https:\/\/peoplesphere.be\/fr\/author\/jpe\/\"}]}<\/script>\n<!-- \/ Yoast SEO plugin. -->","yoast_head_json":{"title":"Les 1600 entreprises wallonnes du secteur alimentaire s'engagent avec le centre de comp\u00e9tence d\u00e9di\u00e9 pour la formation. - Peoplesphere","robots":{"index":"index","follow":"follow","max-snippet":"max-snippet:-1","max-image-preview":"max-image-preview:large","max-video-preview":"max-video-preview:-1"},"canonical":"https:\/\/peoplesphere.be\/fr\/les-1600-entreprises-wallonnes-du-secteur-alimentaire-sengagent-avec-le-centre-de-competence-dedie-pour-la-formation\/","og_locale":"fr_FR","og_type":"article","og_title":"Les 1600 entreprises wallonnes du secteur alimentaire s'engagent avec le centre de comp\u00e9tence d\u00e9di\u00e9 pour la formation. - Peoplesphere","og_description":"Ravag\u00e9 par les inondations en 2021, le centre de comp\u00e9tence FormAlim a \u00e9t\u00e9 totalement repens\u00e9 et \u00e9quip\u00e9 des derni\u00e8res technologies par le Forem et Alimento. Combin\u00e9s \u00e0 une nouvelle approche en mati\u00e8re de formation impuls\u00e9e par le Ministre wallon de [&hellip;]","og_url":"https:\/\/peoplesphere.be\/fr\/les-1600-entreprises-wallonnes-du-secteur-alimentaire-sengagent-avec-le-centre-de-competence-dedie-pour-la-formation\/","og_site_name":"Peoplesphere","article_publisher":"https:\/\/www.facebook.com\/peoplesphere","article_published_time":"2025-04-04T07:41:26+00:00","article_modified_time":"2025-04-05T07:51:36+00:00","og_image":[{"width":800,"height":566,"url":"https:\/\/peoplesphere.be\/fr\/wp-content\/uploads\/2025\/04\/20250404formalim.jpg","type":"image\/jpeg"}],"author":"Jean-Paul Erhard","twitter_card":"summary_large_image","twitter_creator":"@PeoplesphereMag","twitter_site":"@PeoplesphereMag","twitter_misc":{"\u00c9crit par":"Jean-Paul Erhard","Dur\u00e9e de lecture estim\u00e9e":"5 minutes"},"schema":{"@context":"https:\/\/schema.org","@graph":[{"@type":"Article","@id":"https:\/\/peoplesphere.be\/fr\/les-1600-entreprises-wallonnes-du-secteur-alimentaire-sengagent-avec-le-centre-de-competence-dedie-pour-la-formation\/#article","isPartOf":{"@id":"https:\/\/peoplesphere.be\/fr\/les-1600-entreprises-wallonnes-du-secteur-alimentaire-sengagent-avec-le-centre-de-competence-dedie-pour-la-formation\/"},"author":{"name":"Jean-Paul Erhard","@id":"https:\/\/peoplesphere.be\/fr\/#\/schema\/person\/7976225ff17988604334abb7b3536a7e"},"headline":"Les 1600 entreprises wallonnes du secteur alimentaire s&rsquo;engagent avec le centre de comp\u00e9tence d\u00e9di\u00e9 pour la formation.","datePublished":"2025-04-04T07:41:26+00:00","dateModified":"2025-04-05T07:51:36+00:00","mainEntityOfPage":{"@id":"https:\/\/peoplesphere.be\/fr\/les-1600-entreprises-wallonnes-du-secteur-alimentaire-sengagent-avec-le-centre-de-competence-dedie-pour-la-formation\/"},"wordCount":1090,"publisher":{"@id":"https:\/\/peoplesphere.be\/fr\/#organization"},"keywords":["alternance","demandeurs d'emploi","Fevia","FormAlim","Formation","secteur alimentaire"],"articleSection":["Actualit\u00e9s","Digital"],"inLanguage":"fr-FR"},{"@type":"WebPage","@id":"https:\/\/peoplesphere.be\/fr\/les-1600-entreprises-wallonnes-du-secteur-alimentaire-sengagent-avec-le-centre-de-competence-dedie-pour-la-formation\/","url":"https:\/\/peoplesphere.be\/fr\/les-1600-entreprises-wallonnes-du-secteur-alimentaire-sengagent-avec-le-centre-de-competence-dedie-pour-la-formation\/","name":"Les 1600 entreprises wallonnes du secteur alimentaire s'engagent avec le centre de comp\u00e9tence d\u00e9di\u00e9 pour la formation. - Peoplesphere","isPartOf":{"@id":"https:\/\/peoplesphere.be\/fr\/#website"},"datePublished":"2025-04-04T07:41:26+00:00","dateModified":"2025-04-05T07:51:36+00:00","breadcrumb":{"@id":"https:\/\/peoplesphere.be\/fr\/les-1600-entreprises-wallonnes-du-secteur-alimentaire-sengagent-avec-le-centre-de-competence-dedie-pour-la-formation\/#breadcrumb"},"inLanguage":"fr-FR","potentialAction":[{"@type":"ReadAction","target":["https:\/\/peoplesphere.be\/fr\/les-1600-entreprises-wallonnes-du-secteur-alimentaire-sengagent-avec-le-centre-de-competence-dedie-pour-la-formation\/"]}]},{"@type":"BreadcrumbList","@id":"https:\/\/peoplesphere.be\/fr\/les-1600-entreprises-wallonnes-du-secteur-alimentaire-sengagent-avec-le-centre-de-competence-dedie-pour-la-formation\/#breadcrumb","itemListElement":[{"@type":"ListItem","position":1,"name":"Accueil","item":"https:\/\/peoplesphere.be\/fr\/"},{"@type":"ListItem","position":2,"name":"Les 1600 entreprises wallonnes du secteur alimentaire s&rsquo;engagent avec le centre de comp\u00e9tence d\u00e9di\u00e9 pour la formation."}]},{"@type":"WebSite","@id":"https:\/\/peoplesphere.be\/fr\/#website","url":"https:\/\/peoplesphere.be\/fr\/","name":"Peoplesphere","description":"The People Managers Magazine","publisher":{"@id":"https:\/\/peoplesphere.be\/fr\/#organization"},"potentialAction":[{"@type":"SearchAction","target":{"@type":"EntryPoint","urlTemplate":"https:\/\/peoplesphere.be\/fr\/?s={search_term_string}"},"query-input":"required name=search_term_string"}],"inLanguage":"fr-FR"},{"@type":"Organization","@id":"https:\/\/peoplesphere.be\/fr\/#organization","name":"Peoplesphere Company srl","url":"https:\/\/peoplesphere.be\/fr\/","logo":{"@type":"ImageObject","inLanguage":"fr-FR","@id":"https:\/\/peoplesphere.be\/fr\/#\/schema\/logo\/image\/","url":"https:\/\/peoplesphere.be\/fr\/wp-content\/uploads\/2023\/07\/peoplesphere-lgo-new-generik.jpg","contentUrl":"https:\/\/peoplesphere.be\/fr\/wp-content\/uploads\/2023\/07\/peoplesphere-lgo-new-generik.jpg","width":1031,"height":1479,"caption":"Peoplesphere Company srl"},"image":{"@id":"https:\/\/peoplesphere.be\/fr\/#\/schema\/logo\/image\/"},"sameAs":["https:\/\/www.facebook.com\/peoplesphere","https:\/\/twitter.com\/PeoplesphereMag","https:\/\/www.linkedin.com\/company\/7587361?trk","http:\/\/youtube.com\/peoplesphere"]},{"@type":"Person","@id":"https:\/\/peoplesphere.be\/fr\/#\/schema\/person\/7976225ff17988604334abb7b3536a7e","name":"Jean-Paul Erhard","image":{"@type":"ImageObject","inLanguage":"fr-FR","@id":"https:\/\/peoplesphere.be\/fr\/#\/schema\/person\/image\/","url":"https:\/\/secure.gravatar.com\/avatar\/f941e681460179738071629a51574930?s=96&d=mm&r=g","contentUrl":"https:\/\/secure.gravatar.com\/avatar\/f941e681460179738071629a51574930?s=96&d=mm&r=g","caption":"Jean-Paul Erhard"},"url":"https:\/\/peoplesphere.be\/fr\/author\/jpe\/"}]}},"_links":{"self":[{"href":"https:\/\/peoplesphere.be\/fr\/wp-json\/wp\/v2\/posts\/17583"}],"collection":[{"href":"https:\/\/peoplesphere.be\/fr\/wp-json\/wp\/v2\/posts"}],"about":[{"href":"https:\/\/peoplesphere.be\/fr\/wp-json\/wp\/v2\/types\/post"}],"author":[{"embeddable":true,"href":"https:\/\/peoplesphere.be\/fr\/wp-json\/wp\/v2\/users\/2"}],"replies":[{"embeddable":true,"href":"https:\/\/peoplesphere.be\/fr\/wp-json\/wp\/v2\/comments?post=17583"}],"version-history":[{"count":1,"href":"https:\/\/peoplesphere.be\/fr\/wp-json\/wp\/v2\/posts\/17583\/revisions"}],"predecessor-version":[{"id":17585,"href":"https:\/\/peoplesphere.be\/fr\/wp-json\/wp\/v2\/posts\/17583\/revisions\/17585"}],"wp:featuredmedia":[{"embeddable":true,"href":"https:\/\/peoplesphere.be\/fr\/wp-json\/wp\/v2\/media\/17584"}],"wp:attachment":[{"href":"https:\/\/peoplesphere.be\/fr\/wp-json\/wp\/v2\/media?parent=17583"}],"wp:term":[{"taxonomy":"category","embeddable":true,"href":"https:\/\/peoplesphere.be\/fr\/wp-json\/wp\/v2\/categories?post=17583"},{"taxonomy":"post_tag","embeddable":true,"href":"https:\/\/peoplesphere.be\/fr\/wp-json\/wp\/v2\/tags?post=17583"}],"curies":[{"name":"wp","href":"https:\/\/api.w.org\/{rel}","templated":true}]}}