









{"id":17590,"date":"2025-04-07T08:28:01","date_gmt":"2025-04-07T06:28:01","guid":{"rendered":"https:\/\/peoplesphere.be\/fr\/?p=17590"},"modified":"2025-04-07T08:28:01","modified_gmt":"2025-04-07T06:28:01","slug":"la-charge-de-travail-dans-sept-entreprises-sur-dix-a-encore-augmente-par-rapport-a-lannee-derniere-un-quart-des-travailleurs-belges-estiment-quils-courent-au-burn-out","status":"publish","type":"post","link":"https:\/\/peoplesphere.be\/fr\/la-charge-de-travail-dans-sept-entreprises-sur-dix-a-encore-augmente-par-rapport-a-lannee-derniere-un-quart-des-travailleurs-belges-estiment-quils-courent-au-burn-out\/","title":{"rendered":"La charge de travail dans sept entreprises sur dix a encore augment\u00e9 par rapport \u00e0 l\u2019ann\u00e9e derni\u00e8re: un quart des travailleurs belges estiment qu\u2019ils courent au burn out."},"content":{"rendered":"<p>Deux ans apr\u00e8s l\u2019introduction du \u00ab\u202fdroit \u00e0 la d\u00e9connexion\u202f\u00bb, les travailleurs attribuent \u00e0 leur propre \u00e9quilibre vie priv\u00e9e-vie professionnelle une bonne note moyenne de 7,3 sur 10. Pourtant, six travailleurs sur dix (59%) d\u00e9clarent que la charge de travail a augment\u00e9 (significativement) l\u2019ann\u00e9e derni\u00e8re. Sept entreprises sur dix (68%) reconnaissent \u00e9galement cette charge accrue sur le lieu de travail. Tant les employeurs que les travailleurs identifient la p\u00e9nurie aigu\u00eb de personnel comme la principale cause de stress au travail.<!--more--><\/p>\n<p>Cette hausse de la charge de travail p\u00e8se aussi sur le bien-\u00eatre mental des travailleurs\u202f: un quart d\u2019entre eux (24,1\u202f%) se sentent actuellement au bord du burn out.<\/p>\n<p>Qu\u2019en est-il de la charge de travail et de l\u2019\u00e9quilibre vie priv\u00e9e-vie professionnelle des travailleurs de notre pays, pile deux ans apr\u00e8s l\u2019introduction du droit \u00e0 la d\u00e9connexion\u202f? Une nouvelle \u00e9tude men\u00e9e par Acerta Consult r\u00e9v\u00e8le que le Belge actif se montre plut\u00f4t positif quant \u00e0 l\u2019\u00e9quilibre entre le travail et la vie priv\u00e9e. Les travailleurs attribuent en moyenne la note de 7,3 sur 10 \u00e0 leur \u00e9quilibre vie priv\u00e9e-vie professionnelle.<\/p>\n<p>C\u2019est une bonne nouvelle, mais nous ne pouvons pas pour autant en conclure que le droit \u00e0 la d\u00e9connexion a r\u00e9duit la charge de travail, au contraire. L\u2019\u00e9tude montre que pr\u00e8s de la moiti\u00e9 (48,1%) des travailleurs du secteur priv\u00e9 consid\u00e8rent la charge de travail comme (beaucoup) trop \u00e9lev\u00e9e aujourd\u2019hui. Pr\u00e8s de six personnes sur dix (58,7%) affirment que cette charge a m\u00eame augment\u00e9 par rapport \u00e0 l\u2019ann\u00e9e derni\u00e8re. Les employeurs se montrent encore plus critiques\u202f: 57,6% estiment que la charge de travail dans leur organisation est (beaucoup) trop \u00e9lev\u00e9e et 67,9% pensent qu\u2019elle a (fortement) augment\u00e9 en un an. \u200b<\/p>\n<p>Anne-Sophie Bialas, experte en bien-\u00eatre chez Acerta\u202fConsult\u202f: <em>\u00ab\u00a0\u00c0 premi\u00e8re vue, il peut \u00eatre surprenant que les employeurs soient plus critiques \u00e0 l\u2019\u00e9gard de la charge de travail que les travailleurs. Par exemple, ils placent d\u00e9j\u00e0 la charge de travail en deuxi\u00e8me position dans la liste des principales raisons pour lesquelles les travailleurs quittent leur entreprise, alors que les travailleurs ne citent la charge de travail qu\u2019en sixi\u00e8me raison pour laquelle ils quitteraient leur employeur actuel. Cependant, il n\u2019est pas surprenant que les employeurs se tournent davantage vers l\u2019avenir et per\u00e7oivent tous les changements imminents sur le lieu de travail, notamment en raison de la progression de l\u2019IA et de la p\u00e9nurie persistante de main-d\u2019\u0153uvre. Le fait qu\u2019ils soient particuli\u00e8rement vigilants est une bonne nouvelle en soi, car seuls les employeurs conscients des d\u00e9fis peuvent s\u2019en pr\u00e9munir. Nos chiffres montrent \u00e9galement que les entreprises doivent accorder une attention particuli\u00e8re au bien-\u00eatre mental et \u00e0 la charge de travail des jeunes. Ce sont surtout les jeunes entre 18 et 35\u202fans qui attribuent une note nettement inf\u00e9rieure \u00e0 l\u2019\u00e9quilibre vie priv\u00e9e-vie professionnelle. Aujourd\u2019hui, une personne sur trois \u00e2g\u00e9e de 20 \u00e0 30\u202fans accorde une note de 6 sur 10 ou moins \u00e0 l\u2019\u00e9quilibre entre vie professionnelle et vie priv\u00e9e.\u00a0\u00bb<\/em><\/p>\n<h3><strong><em>La p\u00e9nurie de main-d\u2019\u0153uvre persistante est la cause principale de la charge de travail et du burn out<\/em><\/strong><\/h3>\n<p>Employeurs et travailleurs sont assez unanimes aussi sur les causes de la hausse de la charge de travail. Les principales raisons sont la p\u00e9nurie de main-d\u2019\u0153uvre (manque de personnel) et l\u2019augmentation des t\u00e2ches et des responsabilit\u00e9s sur le lieu de travail. La charge de travail accrue accro\u00eet \u00e9galement le risque de burn out chez les travailleurs\u202f: pas moins d\u2019un travailleur sur quatre (24,1%) a pour l\u2019instant l\u2019impression d\u2019atteindre ses limites et d\u2019\u00eatre proche du burn out.<\/p>\n<h3><strong><em>Le bien-\u00eatre gagne en importance<\/em><\/strong><\/h3>\n<p>La p\u00e9nurie sur le march\u00e9 du travail reste pressante, et cela ne fait qu\u2019augmenter l\u2019importance du bien-\u00eatre au travail. En effet, lorsqu\u2019il est difficile de trouver du personnel, il est essentiel que les travailleurs pr\u00e9sents se sentent bien dans leur travail et aupr\u00e8s de leur employeur. En ce qui concerne la politique en mati\u00e8re de bien-\u00eatre dans nos entreprises, l\u2019\u00e9valuation des travailleurs et des employeurs est l\u00e9g\u00e8rement moins similaire\u202f: les travailleurs attribuent une note de 6,7 sur 10 \u00e0 la politique actuelle de bien-\u00eatre dans l\u2019organisation o\u00f9 ils travaillent. Les employeurs, eux, accordent un 7,1 sur 10 \u00e0 cette politique. \u200b<\/p>\n<p>Anne-Sophie Bialas poursuit\u202f: <em>\u00ab\u00a0Les employeurs, les travailleurs et les pouvoirs publics ont conscience de l\u2019importance d\u2019une politique de bien-\u00eatre efficace. C\u2019est ce qui ressort de notre enqu\u00eate et de l\u2019accord de gouvernement. Celui-ci mise notamment sur la responsabilisation de toutes les parties, encourage une politique active en mati\u00e8re d\u2019absent\u00e9isme, entend r\u00e9former les trajets de r\u00e9insertion et garde un bon moyen de pression avec la prolongation de la cotisation patronale \u00e0 l\u2019INAMI. Le bien-\u00eatre, la charge de travail et le maintien d\u2019un bon \u00e9quilibre entre vie priv\u00e9e et vie professionnelle sont une responsabilit\u00e9 partag\u00e9e, \u00e0 laquelle l\u2019employeur et le travailleur doivent s\u2019atteler ensemble et en temps opportun.\u00a0\u00bb<\/em><\/p>\n<p>&nbsp;<\/p>\n<p><em>Source: enqu\u00eate men\u00e9e par l\u2019expert RH Acerta Consult aupr\u00e8s de plus de 2000\u202ftravailleurs et 500\u202fentreprises dans notre pays.<\/em><\/p>\n","protected":false},"excerpt":{"rendered":"<p>Deux ans apr\u00e8s l\u2019introduction du \u00ab\u202fdroit \u00e0 la d\u00e9connexion\u202f\u00bb, les travailleurs attribuent \u00e0 leur propre \u00e9quilibre vie priv\u00e9e-vie professionnelle une bonne note moyenne de 7,3 sur 10. Pourtant, six travailleurs sur dix (59%) d\u00e9clarent que la charge de travail a [&hellip;]<\/p>\n","protected":false},"author":2,"featured_media":0,"comment_status":"closed","ping_status":"open","sticky":false,"template":"","format":"standard","meta":[],"categories":[65,10],"tags":[20,839,1529,647,4274,18],"yoast_head":"<!-- This site is optimized with the Yoast SEO plugin v21.0 - https:\/\/yoast.com\/wordpress\/plugins\/seo\/ -->\n<title>La charge de travail dans sept entreprises sur dix a encore augment\u00e9 par rapport \u00e0 l\u2019ann\u00e9e derni\u00e8re: un quart des travailleurs belges estiment qu\u2019ils courent au burn out. - Peoplesphere<\/title>\n<meta name=\"robots\" content=\"index, follow, max-snippet:-1, max-image-preview:large, max-video-preview:-1\" \/>\n<link rel=\"canonical\" href=\"https:\/\/peoplesphere.be\/fr\/la-charge-de-travail-dans-sept-entreprises-sur-dix-a-encore-augmente-par-rapport-a-lannee-derniere-un-quart-des-travailleurs-belges-estiment-quils-courent-au-burn-out\/\" \/>\n<meta property=\"og:locale\" content=\"fr_FR\" \/>\n<meta property=\"og:type\" content=\"article\" \/>\n<meta property=\"og:title\" content=\"La charge de travail dans sept entreprises sur dix a encore augment\u00e9 par rapport \u00e0 l\u2019ann\u00e9e derni\u00e8re: un quart des travailleurs belges estiment qu\u2019ils courent au burn out. - Peoplesphere\" \/>\n<meta property=\"og:description\" content=\"Deux ans apr\u00e8s l\u2019introduction du \u00ab\u202fdroit \u00e0 la d\u00e9connexion\u202f\u00bb, les travailleurs attribuent \u00e0 leur propre \u00e9quilibre vie priv\u00e9e-vie professionnelle une bonne note moyenne de 7,3 sur 10. Pourtant, six travailleurs sur dix (59%) d\u00e9clarent que la charge de travail a [&hellip;]\" \/>\n<meta property=\"og:url\" content=\"https:\/\/peoplesphere.be\/fr\/la-charge-de-travail-dans-sept-entreprises-sur-dix-a-encore-augmente-par-rapport-a-lannee-derniere-un-quart-des-travailleurs-belges-estiment-quils-courent-au-burn-out\/\" \/>\n<meta property=\"og:site_name\" content=\"Peoplesphere\" \/>\n<meta property=\"article:publisher\" content=\"https:\/\/www.facebook.com\/peoplesphere\" \/>\n<meta property=\"article:published_time\" content=\"2025-04-07T06:28:01+00:00\" \/>\n<meta property=\"og:image\" content=\"http:\/\/www.peoplesphere.be\/fr\/wp-content\/uploads\/2016\/07\/facebook-default-posting-1200x628px.jpg\" \/>\n<meta name=\"author\" content=\"Jean-Paul Erhard\" \/>\n<meta name=\"twitter:card\" content=\"summary_large_image\" \/>\n<meta name=\"twitter:creator\" content=\"@PeoplesphereMag\" \/>\n<meta name=\"twitter:site\" content=\"@PeoplesphereMag\" \/>\n<meta name=\"twitter:label1\" content=\"\u00c9crit par\" \/>\n\t<meta name=\"twitter:data1\" content=\"Jean-Paul Erhard\" \/>\n\t<meta name=\"twitter:label2\" content=\"Dur\u00e9e de lecture estim\u00e9e\" \/>\n\t<meta name=\"twitter:data2\" content=\"5 minutes\" \/>\n<script type=\"application\/ld+json\" class=\"yoast-schema-graph\">{\"@context\":\"https:\/\/schema.org\",\"@graph\":[{\"@type\":\"Article\",\"@id\":\"https:\/\/peoplesphere.be\/fr\/la-charge-de-travail-dans-sept-entreprises-sur-dix-a-encore-augmente-par-rapport-a-lannee-derniere-un-quart-des-travailleurs-belges-estiment-quils-courent-au-burn-out\/#article\",\"isPartOf\":{\"@id\":\"https:\/\/peoplesphere.be\/fr\/la-charge-de-travail-dans-sept-entreprises-sur-dix-a-encore-augmente-par-rapport-a-lannee-derniere-un-quart-des-travailleurs-belges-estiment-quils-courent-au-burn-out\/\"},\"author\":{\"name\":\"Jean-Paul Erhard\",\"@id\":\"https:\/\/peoplesphere.be\/fr\/#\/schema\/person\/7976225ff17988604334abb7b3536a7e\"},\"headline\":\"La charge de travail dans sept entreprises sur dix a encore augment\u00e9 par rapport \u00e0 l\u2019ann\u00e9e derni\u00e8re: un quart des travailleurs belges estiment qu\u2019ils courent au burn out.\",\"datePublished\":\"2025-04-07T06:28:01+00:00\",\"dateModified\":\"2025-04-07T06:28:01+00:00\",\"mainEntityOfPage\":{\"@id\":\"https:\/\/peoplesphere.be\/fr\/la-charge-de-travail-dans-sept-entreprises-sur-dix-a-encore-augmente-par-rapport-a-lannee-derniere-un-quart-des-travailleurs-belges-estiment-quils-courent-au-burn-out\/\"},\"wordCount\":920,\"publisher\":{\"@id\":\"https:\/\/peoplesphere.be\/fr\/#organization\"},\"keywords\":[\"Burn-out\",\"charge de travail\",\"droit \u00e0 la d\u00e9connexion\",\"\u00e9quilibre priv\u00e9\/professionnel\",\"sant\u00e9 mental\",\"Stress\"],\"articleSection\":[\"Actualit\u00e9s\",\"Digital\"],\"inLanguage\":\"fr-FR\"},{\"@type\":\"WebPage\",\"@id\":\"https:\/\/peoplesphere.be\/fr\/la-charge-de-travail-dans-sept-entreprises-sur-dix-a-encore-augmente-par-rapport-a-lannee-derniere-un-quart-des-travailleurs-belges-estiment-quils-courent-au-burn-out\/\",\"url\":\"https:\/\/peoplesphere.be\/fr\/la-charge-de-travail-dans-sept-entreprises-sur-dix-a-encore-augmente-par-rapport-a-lannee-derniere-un-quart-des-travailleurs-belges-estiment-quils-courent-au-burn-out\/\",\"name\":\"La charge de travail dans sept entreprises sur dix a encore augment\u00e9 par rapport \u00e0 l\u2019ann\u00e9e derni\u00e8re: un quart des travailleurs belges estiment qu\u2019ils courent au burn out. - Peoplesphere\",\"isPartOf\":{\"@id\":\"https:\/\/peoplesphere.be\/fr\/#website\"},\"datePublished\":\"2025-04-07T06:28:01+00:00\",\"dateModified\":\"2025-04-07T06:28:01+00:00\",\"breadcrumb\":{\"@id\":\"https:\/\/peoplesphere.be\/fr\/la-charge-de-travail-dans-sept-entreprises-sur-dix-a-encore-augmente-par-rapport-a-lannee-derniere-un-quart-des-travailleurs-belges-estiment-quils-courent-au-burn-out\/#breadcrumb\"},\"inLanguage\":\"fr-FR\",\"potentialAction\":[{\"@type\":\"ReadAction\",\"target\":[\"https:\/\/peoplesphere.be\/fr\/la-charge-de-travail-dans-sept-entreprises-sur-dix-a-encore-augmente-par-rapport-a-lannee-derniere-un-quart-des-travailleurs-belges-estiment-quils-courent-au-burn-out\/\"]}]},{\"@type\":\"BreadcrumbList\",\"@id\":\"https:\/\/peoplesphere.be\/fr\/la-charge-de-travail-dans-sept-entreprises-sur-dix-a-encore-augmente-par-rapport-a-lannee-derniere-un-quart-des-travailleurs-belges-estiment-quils-courent-au-burn-out\/#breadcrumb\",\"itemListElement\":[{\"@type\":\"ListItem\",\"position\":1,\"name\":\"Accueil\",\"item\":\"https:\/\/peoplesphere.be\/fr\/\"},{\"@type\":\"ListItem\",\"position\":2,\"name\":\"La charge de travail dans sept entreprises sur dix a encore augment\u00e9 par rapport \u00e0 l\u2019ann\u00e9e derni\u00e8re: un quart des travailleurs belges estiment qu\u2019ils courent au burn out.\"}]},{\"@type\":\"WebSite\",\"@id\":\"https:\/\/peoplesphere.be\/fr\/#website\",\"url\":\"https:\/\/peoplesphere.be\/fr\/\",\"name\":\"Peoplesphere\",\"description\":\"The People Managers Magazine\",\"publisher\":{\"@id\":\"https:\/\/peoplesphere.be\/fr\/#organization\"},\"potentialAction\":[{\"@type\":\"SearchAction\",\"target\":{\"@type\":\"EntryPoint\",\"urlTemplate\":\"https:\/\/peoplesphere.be\/fr\/?s={search_term_string}\"},\"query-input\":\"required name=search_term_string\"}],\"inLanguage\":\"fr-FR\"},{\"@type\":\"Organization\",\"@id\":\"https:\/\/peoplesphere.be\/fr\/#organization\",\"name\":\"Peoplesphere Company srl\",\"url\":\"https:\/\/peoplesphere.be\/fr\/\",\"logo\":{\"@type\":\"ImageObject\",\"inLanguage\":\"fr-FR\",\"@id\":\"https:\/\/peoplesphere.be\/fr\/#\/schema\/logo\/image\/\",\"url\":\"https:\/\/peoplesphere.be\/fr\/wp-content\/uploads\/2023\/07\/peoplesphere-lgo-new-generik.jpg\",\"contentUrl\":\"https:\/\/peoplesphere.be\/fr\/wp-content\/uploads\/2023\/07\/peoplesphere-lgo-new-generik.jpg\",\"width\":1031,\"height\":1479,\"caption\":\"Peoplesphere Company srl\"},\"image\":{\"@id\":\"https:\/\/peoplesphere.be\/fr\/#\/schema\/logo\/image\/\"},\"sameAs\":[\"https:\/\/www.facebook.com\/peoplesphere\",\"https:\/\/twitter.com\/PeoplesphereMag\",\"https:\/\/www.linkedin.com\/company\/7587361?trk\",\"http:\/\/youtube.com\/peoplesphere\"]},{\"@type\":\"Person\",\"@id\":\"https:\/\/peoplesphere.be\/fr\/#\/schema\/person\/7976225ff17988604334abb7b3536a7e\",\"name\":\"Jean-Paul Erhard\",\"image\":{\"@type\":\"ImageObject\",\"inLanguage\":\"fr-FR\",\"@id\":\"https:\/\/peoplesphere.be\/fr\/#\/schema\/person\/image\/\",\"url\":\"https:\/\/secure.gravatar.com\/avatar\/f941e681460179738071629a51574930?s=96&d=mm&r=g\",\"contentUrl\":\"https:\/\/secure.gravatar.com\/avatar\/f941e681460179738071629a51574930?s=96&d=mm&r=g\",\"caption\":\"Jean-Paul Erhard\"},\"url\":\"https:\/\/peoplesphere.be\/fr\/author\/jpe\/\"}]}<\/script>\n<!-- \/ Yoast SEO plugin. -->","yoast_head_json":{"title":"La charge de travail dans sept entreprises sur dix a encore augment\u00e9 par rapport \u00e0 l\u2019ann\u00e9e derni\u00e8re: un quart des travailleurs belges estiment qu\u2019ils courent au burn out. - Peoplesphere","robots":{"index":"index","follow":"follow","max-snippet":"max-snippet:-1","max-image-preview":"max-image-preview:large","max-video-preview":"max-video-preview:-1"},"canonical":"https:\/\/peoplesphere.be\/fr\/la-charge-de-travail-dans-sept-entreprises-sur-dix-a-encore-augmente-par-rapport-a-lannee-derniere-un-quart-des-travailleurs-belges-estiment-quils-courent-au-burn-out\/","og_locale":"fr_FR","og_type":"article","og_title":"La charge de travail dans sept entreprises sur dix a encore augment\u00e9 par rapport \u00e0 l\u2019ann\u00e9e derni\u00e8re: un quart des travailleurs belges estiment qu\u2019ils courent au burn out. - Peoplesphere","og_description":"Deux ans apr\u00e8s l\u2019introduction du \u00ab\u202fdroit \u00e0 la d\u00e9connexion\u202f\u00bb, les travailleurs attribuent \u00e0 leur propre \u00e9quilibre vie priv\u00e9e-vie professionnelle une bonne note moyenne de 7,3 sur 10. Pourtant, six travailleurs sur dix (59%) d\u00e9clarent que la charge de travail a [&hellip;]","og_url":"https:\/\/peoplesphere.be\/fr\/la-charge-de-travail-dans-sept-entreprises-sur-dix-a-encore-augmente-par-rapport-a-lannee-derniere-un-quart-des-travailleurs-belges-estiment-quils-courent-au-burn-out\/","og_site_name":"Peoplesphere","article_publisher":"https:\/\/www.facebook.com\/peoplesphere","article_published_time":"2025-04-07T06:28:01+00:00","og_image":[{"url":"http:\/\/www.peoplesphere.be\/fr\/wp-content\/uploads\/2016\/07\/facebook-default-posting-1200x628px.jpg"}],"author":"Jean-Paul Erhard","twitter_card":"summary_large_image","twitter_creator":"@PeoplesphereMag","twitter_site":"@PeoplesphereMag","twitter_misc":{"\u00c9crit par":"Jean-Paul Erhard","Dur\u00e9e de lecture estim\u00e9e":"5 minutes"},"schema":{"@context":"https:\/\/schema.org","@graph":[{"@type":"Article","@id":"https:\/\/peoplesphere.be\/fr\/la-charge-de-travail-dans-sept-entreprises-sur-dix-a-encore-augmente-par-rapport-a-lannee-derniere-un-quart-des-travailleurs-belges-estiment-quils-courent-au-burn-out\/#article","isPartOf":{"@id":"https:\/\/peoplesphere.be\/fr\/la-charge-de-travail-dans-sept-entreprises-sur-dix-a-encore-augmente-par-rapport-a-lannee-derniere-un-quart-des-travailleurs-belges-estiment-quils-courent-au-burn-out\/"},"author":{"name":"Jean-Paul Erhard","@id":"https:\/\/peoplesphere.be\/fr\/#\/schema\/person\/7976225ff17988604334abb7b3536a7e"},"headline":"La charge de travail dans sept entreprises sur dix a encore augment\u00e9 par rapport \u00e0 l\u2019ann\u00e9e derni\u00e8re: un quart des travailleurs belges estiment qu\u2019ils courent au burn out.","datePublished":"2025-04-07T06:28:01+00:00","dateModified":"2025-04-07T06:28:01+00:00","mainEntityOfPage":{"@id":"https:\/\/peoplesphere.be\/fr\/la-charge-de-travail-dans-sept-entreprises-sur-dix-a-encore-augmente-par-rapport-a-lannee-derniere-un-quart-des-travailleurs-belges-estiment-quils-courent-au-burn-out\/"},"wordCount":920,"publisher":{"@id":"https:\/\/peoplesphere.be\/fr\/#organization"},"keywords":["Burn-out","charge de travail","droit \u00e0 la d\u00e9connexion","\u00e9quilibre priv\u00e9\/professionnel","sant\u00e9 mental","Stress"],"articleSection":["Actualit\u00e9s","Digital"],"inLanguage":"fr-FR"},{"@type":"WebPage","@id":"https:\/\/peoplesphere.be\/fr\/la-charge-de-travail-dans-sept-entreprises-sur-dix-a-encore-augmente-par-rapport-a-lannee-derniere-un-quart-des-travailleurs-belges-estiment-quils-courent-au-burn-out\/","url":"https:\/\/peoplesphere.be\/fr\/la-charge-de-travail-dans-sept-entreprises-sur-dix-a-encore-augmente-par-rapport-a-lannee-derniere-un-quart-des-travailleurs-belges-estiment-quils-courent-au-burn-out\/","name":"La charge de travail dans sept entreprises sur dix a encore augment\u00e9 par rapport \u00e0 l\u2019ann\u00e9e derni\u00e8re: un quart des travailleurs belges estiment qu\u2019ils courent au burn out. - Peoplesphere","isPartOf":{"@id":"https:\/\/peoplesphere.be\/fr\/#website"},"datePublished":"2025-04-07T06:28:01+00:00","dateModified":"2025-04-07T06:28:01+00:00","breadcrumb":{"@id":"https:\/\/peoplesphere.be\/fr\/la-charge-de-travail-dans-sept-entreprises-sur-dix-a-encore-augmente-par-rapport-a-lannee-derniere-un-quart-des-travailleurs-belges-estiment-quils-courent-au-burn-out\/#breadcrumb"},"inLanguage":"fr-FR","potentialAction":[{"@type":"ReadAction","target":["https:\/\/peoplesphere.be\/fr\/la-charge-de-travail-dans-sept-entreprises-sur-dix-a-encore-augmente-par-rapport-a-lannee-derniere-un-quart-des-travailleurs-belges-estiment-quils-courent-au-burn-out\/"]}]},{"@type":"BreadcrumbList","@id":"https:\/\/peoplesphere.be\/fr\/la-charge-de-travail-dans-sept-entreprises-sur-dix-a-encore-augmente-par-rapport-a-lannee-derniere-un-quart-des-travailleurs-belges-estiment-quils-courent-au-burn-out\/#breadcrumb","itemListElement":[{"@type":"ListItem","position":1,"name":"Accueil","item":"https:\/\/peoplesphere.be\/fr\/"},{"@type":"ListItem","position":2,"name":"La charge de travail dans sept entreprises sur dix a encore augment\u00e9 par rapport \u00e0 l\u2019ann\u00e9e derni\u00e8re: un quart des travailleurs belges estiment qu\u2019ils courent au burn out."}]},{"@type":"WebSite","@id":"https:\/\/peoplesphere.be\/fr\/#website","url":"https:\/\/peoplesphere.be\/fr\/","name":"Peoplesphere","description":"The People Managers Magazine","publisher":{"@id":"https:\/\/peoplesphere.be\/fr\/#organization"},"potentialAction":[{"@type":"SearchAction","target":{"@type":"EntryPoint","urlTemplate":"https:\/\/peoplesphere.be\/fr\/?s={search_term_string}"},"query-input":"required name=search_term_string"}],"inLanguage":"fr-FR"},{"@type":"Organization","@id":"https:\/\/peoplesphere.be\/fr\/#organization","name":"Peoplesphere Company srl","url":"https:\/\/peoplesphere.be\/fr\/","logo":{"@type":"ImageObject","inLanguage":"fr-FR","@id":"https:\/\/peoplesphere.be\/fr\/#\/schema\/logo\/image\/","url":"https:\/\/peoplesphere.be\/fr\/wp-content\/uploads\/2023\/07\/peoplesphere-lgo-new-generik.jpg","contentUrl":"https:\/\/peoplesphere.be\/fr\/wp-content\/uploads\/2023\/07\/peoplesphere-lgo-new-generik.jpg","width":1031,"height":1479,"caption":"Peoplesphere Company srl"},"image":{"@id":"https:\/\/peoplesphere.be\/fr\/#\/schema\/logo\/image\/"},"sameAs":["https:\/\/www.facebook.com\/peoplesphere","https:\/\/twitter.com\/PeoplesphereMag","https:\/\/www.linkedin.com\/company\/7587361?trk","http:\/\/youtube.com\/peoplesphere"]},{"@type":"Person","@id":"https:\/\/peoplesphere.be\/fr\/#\/schema\/person\/7976225ff17988604334abb7b3536a7e","name":"Jean-Paul Erhard","image":{"@type":"ImageObject","inLanguage":"fr-FR","@id":"https:\/\/peoplesphere.be\/fr\/#\/schema\/person\/image\/","url":"https:\/\/secure.gravatar.com\/avatar\/f941e681460179738071629a51574930?s=96&d=mm&r=g","contentUrl":"https:\/\/secure.gravatar.com\/avatar\/f941e681460179738071629a51574930?s=96&d=mm&r=g","caption":"Jean-Paul Erhard"},"url":"https:\/\/peoplesphere.be\/fr\/author\/jpe\/"}]}},"_links":{"self":[{"href":"https:\/\/peoplesphere.be\/fr\/wp-json\/wp\/v2\/posts\/17590"}],"collection":[{"href":"https:\/\/peoplesphere.be\/fr\/wp-json\/wp\/v2\/posts"}],"about":[{"href":"https:\/\/peoplesphere.be\/fr\/wp-json\/wp\/v2\/types\/post"}],"author":[{"embeddable":true,"href":"https:\/\/peoplesphere.be\/fr\/wp-json\/wp\/v2\/users\/2"}],"replies":[{"embeddable":true,"href":"https:\/\/peoplesphere.be\/fr\/wp-json\/wp\/v2\/comments?post=17590"}],"version-history":[{"count":1,"href":"https:\/\/peoplesphere.be\/fr\/wp-json\/wp\/v2\/posts\/17590\/revisions"}],"predecessor-version":[{"id":17591,"href":"https:\/\/peoplesphere.be\/fr\/wp-json\/wp\/v2\/posts\/17590\/revisions\/17591"}],"wp:attachment":[{"href":"https:\/\/peoplesphere.be\/fr\/wp-json\/wp\/v2\/media?parent=17590"}],"wp:term":[{"taxonomy":"category","embeddable":true,"href":"https:\/\/peoplesphere.be\/fr\/wp-json\/wp\/v2\/categories?post=17590"},{"taxonomy":"post_tag","embeddable":true,"href":"https:\/\/peoplesphere.be\/fr\/wp-json\/wp\/v2\/tags?post=17590"}],"curies":[{"name":"wp","href":"https:\/\/api.w.org\/{rel}","templated":true}]}}