









{"id":17596,"date":"2025-04-08T06:55:13","date_gmt":"2025-04-08T04:55:13","guid":{"rendered":"https:\/\/peoplesphere.be\/fr\/?p=17596"},"modified":"2025-04-08T06:55:13","modified_gmt":"2025-04-08T04:55:13","slug":"comment-mettre-en-oeuvre-une-ia-generative-efficace-ce-nest-pas-seulement-une-question-de-formation","status":"publish","type":"post","link":"https:\/\/peoplesphere.be\/fr\/comment-mettre-en-oeuvre-une-ia-generative-efficace-ce-nest-pas-seulement-une-question-de-formation\/","title":{"rendered":"Comment mettre en oeuvre une IA g\u00e9n\u00e9rative efficace? Ce n&rsquo;est pas seulement une question de formation&#8230;"},"content":{"rendered":"<p>L&rsquo;IA g\u00e9n\u00e9rative gagne rapidement du terrain et influence de plus en plus la fa\u00e7on dont les organisations travaillent. Elle offre des opportunit\u00e9s d&rsquo;efficacit\u00e9 et d&rsquo;optimisation des processus, mais pose \u00e9galement une s\u00e9rie de d\u00e9fis complexes aux responsables informatiques qui souhaitent d\u00e9ployer la technologie de mani\u00e8re s\u00e9curis\u00e9e, p\u00e9renne et progressive.<!--more--><\/p>\n<p>Ben Vicca, Director Solutions chez Inetum Belgique, acteur europ\u00e9en actif dans les services num\u00e9riques, \u00e9num\u00e8re les cinq principaux d\u00e9fis li\u00e9s au d\u00e9ploiement de l&rsquo;IA g\u00e9n\u00e9rative sur le lieu de travail et donne des conseils sur la mani\u00e8re dont les responsables informatiques peuvent les surmonter.<\/p>\n<h3><strong><em>1. \u00c9laborer une politique en mati\u00e8re d&rsquo;IA pour l&rsquo;ensemble de l&rsquo;organisation<\/em><\/strong><\/h3>\n<p>On dit souvent qu\u2019il faut bien r\u00e9fl\u00e9chir avant d\u2019agir\u202f; il en va de m\u00eame pour la s\u00e9duisante technologie de l&rsquo;IA g\u00e9n\u00e9rative. En l&rsquo;absence d&rsquo;une politique bien pens\u00e9e en mati\u00e8re d&rsquo;IA, les travailleurs qui utilisent des outils d&rsquo;IA non contr\u00f4l\u00e9s risquent de se retrouver face \u00e0 une situation d&rsquo;IA fant\u00f4me. En tant que responsable informatique, c&rsquo;est la derni\u00e8re chose que vous souhaitez.<\/p>\n<p>Une bonne politique en mati\u00e8re d&rsquo;IA d\u00e9finit les r\u00e8gles d&rsquo;utilisation, de protection des donn\u00e9es et d&rsquo;\u00e9thique. Il est important d&rsquo;\u00e9laborer un cadre qui encourage l&rsquo;innovation tout en garantissant la s\u00e9curit\u00e9. Avec des lignes directrices claires d\u00e8s le d\u00e9part, vous tirez le meilleur parti de l&rsquo;IA et vous r\u00e9duisez les risques.<\/p>\n<h3><strong><em>2. Mise \u00e0 niveau et requalification des travailleurs<\/em><\/strong><\/h3>\n<p>Les changements technologiques li\u00e9s \u00e0 l&rsquo;IA g\u00e9n\u00e9rative se succ\u00e8dent \u00e0 un rythme effr\u00e9n\u00e9. Pour beaucoup d&rsquo;entre nous, ce rythme est peut-\u00eatre m\u00eame trop rapide. Le manque de connaissances n\u00e9cessaires pour utiliser les outils d&rsquo;IA de mani\u00e8re optimale peut entra\u00eener une r\u00e9sistance \u00e0 la technologie. Les organisations devraient donc continuer \u00e0 investir dans des programmes de formation et de requalification. De cette mani\u00e8re, les collaborateurs apprennent non seulement \u00e0 utiliser les outils d&rsquo;IA, mais aussi \u00e0 les appliquer efficacement dans leur travail quotidien.<\/p>\n<p><em>\u00ab\u00a0La formation doit aller au-del\u00e0 de l&rsquo;apprentissage de l&rsquo;utilisation des prompts. Les travailleurs doivent acqu\u00e9rir de nouvelles aptitudes au fur et \u00e0 mesure de l&rsquo;\u00e9volution de leurs comp\u00e9tences. Il est essentiel de se concentrer sur les comp\u00e9tences \u00e0 long terme\u00a0\u00bb<\/em>, d\u00e9clare Thomas Gilles, Directeur Data &amp; IA chez Inetum France.<\/p>\n<h3><strong><em>3. Le bon mod\u00e8le op\u00e9rationnel<\/em><\/strong><\/h3>\n<p>Le choix du bon mod\u00e8le op\u00e9rationnel est essentiel pour r\u00e9ussir \u00e0 d\u00e9ployer l&rsquo;IA g\u00e9n\u00e9rative de fa\u00e7on optimale au sein des organisations. Les responsables informatiques ont le choix entre trois mod\u00e8les : un mod\u00e8le centralis\u00e9, d\u00e9centralis\u00e9 ou f\u00e9d\u00e9r\u00e9. Le mod\u00e8le centralis\u00e9 offre un grand contr\u00f4le sur l&rsquo;expertise technologique et les co\u00fbts, mais le risque de l&rsquo;IA fant\u00f4me demeure. Cela peut entra\u00eener des probl\u00e8mes de s\u00e9curit\u00e9 et un manque d&rsquo;alignement avec les politiques internes de l&rsquo;entreprise.<\/p>\n<p>Un mod\u00e8le d\u00e9centralis\u00e9 donne aux d\u00e9partements plus d&rsquo;autonomie et acc\u00e9l\u00e8re l&rsquo;ex\u00e9cution des projets. Cela garantit une mise sur le march\u00e9 rapide, mais augmente \u00e9galement le risque de doublons si les d\u00e9partements travaillent sur des projets d&rsquo;IA similaires sans se concerter. Le mod\u00e8le f\u00e9d\u00e9r\u00e9 combine les avantages des deux mod\u00e8les : les d\u00e9partements restent autonomes, tandis qu&rsquo;une \u00e9quipe centrale d\u00e9di\u00e9e \u00e0 l&rsquo;IA g\u00e9n\u00e9rative et un centre d&rsquo;excellence supervisent et partagent les connaissances. Cela permet de pr\u00e9server l&rsquo;innovation et d&rsquo;\u00e9viter les doublons.<\/p>\n<h3><strong><em>4. Le co\u00fbt \u00e9cologique de l&rsquo;IA<\/em><\/strong><\/h3>\n<p>L&rsquo;IA \u00e9met beaucoup de CO2, principalement en raison de ses besoins \u00e9nerg\u00e9tiques \u00e9lev\u00e9s. Cette forte consommation d&rsquo;\u00e9nergie peut aller \u00e0 l&rsquo;encontre des objectifs de durabilit\u00e9 des entreprises, ce qui pr\u00e9occupe de plus en plus les responsables informatiques. Michiel Hauwaert, consultant freelance en innovation aupr\u00e8s du Rijksinstituut voor de Sociale Verzekeringen der Zelfstandigen (RSVZ), s&rsquo;interroge : \u00ab\u00a0<em>Est-il responsable de d\u00e9penser chaque ann\u00e9e l&rsquo;\u00e9quivalent de deux moulins \u00e0 vent en \u00e9nergie pour l&rsquo;IA ?\u00a0\u00bb.<\/em><\/p>\n<p>Il est donc pr\u00e9f\u00e9rable que les responsables informatiques recherchent activement des moyens de d\u00e9ployer l&rsquo;IA g\u00e9n\u00e9rative de mani\u00e8re plus durable. Ils pr\u00e9f\u00e8rent opter pour des mod\u00e8les d&rsquo;IA et des solutions cloud qui consomment moins d&rsquo;\u00e9nergie. Les entreprises peuvent \u00e9galement investir dans des centres de donn\u00e9es \u00e9cologiques et des technologies durables afin de r\u00e9duire l&rsquo;impact environnemental de leurs initiatives en mati\u00e8re d&rsquo;IA.<\/p>\n<h3><strong><em>5. S\u00e9curit\u00e9 et conformit\u00e9 r\u00e9glementaire<\/em><\/strong><\/h3>\n<p>Enfin, l&rsquo;IA g\u00e9n\u00e9rative entra\u00eene de nouveaux d\u00e9fis en mati\u00e8re de s\u00e9curit\u00e9 et de conformit\u00e9, tels que la protection des donn\u00e9es sensibles et le respect des r\u00e9glementations RGPD. Les mod\u00e8les d&rsquo;IA ont acc\u00e8s \u00e0 d&rsquo;\u00e9normes quantit\u00e9s de donn\u00e9es, ce qui entra\u00eene des risques suppl\u00e9mentaires pour la vie priv\u00e9e et la s\u00e9curit\u00e9.<\/p>\n<p>Il est donc essentiel de disposer d&rsquo;un cadre juridique solide. Cela implique de renouveler r\u00e9guli\u00e8rement vos protocoles de s\u00e9curit\u00e9 et d&rsquo;\u00e9tablir des restrictions d&rsquo;acc\u00e8s strictes pour les outils d&rsquo;IA. Les responsables informatiques devraient id\u00e9alement travailler en \u00e9troite collaboration avec les \u00e9quipes juridiques pour s&rsquo;assurer que tous les projets d&rsquo;IA soient conformes aux r\u00e9glementations en vigueur.<\/p>\n<p><em>\u00ab\u00a02025 est l&rsquo;ann\u00e9e de l&rsquo;IA g\u00e9n\u00e9rative. Les chefs d&rsquo;entreprise et les responsables informatiques ont la responsabilit\u00e9 de veiller \u00e0 ce que cette technologie soit int\u00e9gr\u00e9e dans les activit\u00e9s de l&rsquo;entreprise de mani\u00e8re s\u00fbre, efficace et durable. En investissant dans une politique, dans la formation et dans des technologies durables, les entreprises peuvent maximiser le potentiel de l&rsquo;IA\u00a0\u00bb,<\/em> conclut Ben Vicca, Director Solutions chez Inetum Belgium.<\/p>\n","protected":false},"excerpt":{"rendered":"<p>L&rsquo;IA g\u00e9n\u00e9rative gagne rapidement du terrain et influence de plus en plus la fa\u00e7on dont les organisations travaillent. Elle offre des opportunit\u00e9s d&rsquo;efficacit\u00e9 et d&rsquo;optimisation des processus, mais pose \u00e9galement une s\u00e9rie de d\u00e9fis complexes aux responsables informatiques qui souhaitent [&hellip;]<\/p>\n","protected":false},"author":2,"featured_media":17597,"comment_status":"closed","ping_status":"open","sticky":false,"template":"","format":"standard","meta":[],"categories":[65,10],"tags":[651,48,3960,23],"yoast_head":"<!-- This site is optimized with the Yoast SEO plugin v21.0 - https:\/\/yoast.com\/wordpress\/plugins\/seo\/ -->\n<title>Comment mettre en oeuvre une IA g\u00e9n\u00e9rative efficace? Ce n&#039;est pas seulement une question de formation... - Peoplesphere<\/title>\n<meta name=\"robots\" content=\"index, follow, max-snippet:-1, max-image-preview:large, max-video-preview:-1\" \/>\n<link rel=\"canonical\" href=\"https:\/\/peoplesphere.be\/fr\/comment-mettre-en-oeuvre-une-ia-generative-efficace-ce-nest-pas-seulement-une-question-de-formation\/\" \/>\n<meta property=\"og:locale\" content=\"fr_FR\" \/>\n<meta property=\"og:type\" content=\"article\" \/>\n<meta property=\"og:title\" content=\"Comment mettre en oeuvre une IA g\u00e9n\u00e9rative efficace? Ce n&#039;est pas seulement une question de formation... - Peoplesphere\" \/>\n<meta property=\"og:description\" content=\"L&rsquo;IA g\u00e9n\u00e9rative gagne rapidement du terrain et influence de plus en plus la fa\u00e7on dont les organisations travaillent. Elle offre des opportunit\u00e9s d&rsquo;efficacit\u00e9 et d&rsquo;optimisation des processus, mais pose \u00e9galement une s\u00e9rie de d\u00e9fis complexes aux responsables informatiques qui souhaitent [&hellip;]\" \/>\n<meta property=\"og:url\" content=\"https:\/\/peoplesphere.be\/fr\/comment-mettre-en-oeuvre-une-ia-generative-efficace-ce-nest-pas-seulement-une-question-de-formation\/\" \/>\n<meta property=\"og:site_name\" content=\"Peoplesphere\" \/>\n<meta property=\"article:publisher\" content=\"https:\/\/www.facebook.com\/peoplesphere\" \/>\n<meta property=\"article:published_time\" content=\"2025-04-08T04:55:13+00:00\" \/>\n<meta property=\"og:image\" content=\"https:\/\/peoplesphere.be\/fr\/wp-content\/uploads\/2025\/04\/20241127fujistsuIA.jpg\" \/>\n\t<meta property=\"og:image:width\" content=\"965\" \/>\n\t<meta property=\"og:image:height\" content=\"361\" \/>\n\t<meta property=\"og:image:type\" content=\"image\/jpeg\" \/>\n<meta name=\"author\" content=\"Jean-Paul Erhard\" \/>\n<meta name=\"twitter:card\" content=\"summary_large_image\" \/>\n<meta name=\"twitter:creator\" content=\"@PeoplesphereMag\" \/>\n<meta name=\"twitter:site\" content=\"@PeoplesphereMag\" \/>\n<meta name=\"twitter:label1\" content=\"\u00c9crit par\" \/>\n\t<meta name=\"twitter:data1\" content=\"Jean-Paul Erhard\" \/>\n\t<meta name=\"twitter:label2\" content=\"Dur\u00e9e de lecture estim\u00e9e\" \/>\n\t<meta name=\"twitter:data2\" content=\"5 minutes\" \/>\n<script type=\"application\/ld+json\" class=\"yoast-schema-graph\">{\"@context\":\"https:\/\/schema.org\",\"@graph\":[{\"@type\":\"Article\",\"@id\":\"https:\/\/peoplesphere.be\/fr\/comment-mettre-en-oeuvre-une-ia-generative-efficace-ce-nest-pas-seulement-une-question-de-formation\/#article\",\"isPartOf\":{\"@id\":\"https:\/\/peoplesphere.be\/fr\/comment-mettre-en-oeuvre-une-ia-generative-efficace-ce-nest-pas-seulement-une-question-de-formation\/\"},\"author\":{\"name\":\"Jean-Paul Erhard\",\"@id\":\"https:\/\/peoplesphere.be\/fr\/#\/schema\/person\/7976225ff17988604334abb7b3536a7e\"},\"headline\":\"Comment mettre en oeuvre une IA g\u00e9n\u00e9rative efficace? Ce n&rsquo;est pas seulement une question de formation&#8230;\",\"datePublished\":\"2025-04-08T04:55:13+00:00\",\"dateModified\":\"2025-04-08T04:55:13+00:00\",\"mainEntityOfPage\":{\"@id\":\"https:\/\/peoplesphere.be\/fr\/comment-mettre-en-oeuvre-une-ia-generative-efficace-ce-nest-pas-seulement-une-question-de-formation\/\"},\"wordCount\":977,\"publisher\":{\"@id\":\"https:\/\/peoplesphere.be\/fr\/#organization\"},\"keywords\":[\"environnement\",\"Formation\",\"IA g\u00e9n\u00e9rative\",\"S\u00e9curit\u00e9\"],\"articleSection\":[\"Actualit\u00e9s\",\"Digital\"],\"inLanguage\":\"fr-FR\"},{\"@type\":\"WebPage\",\"@id\":\"https:\/\/peoplesphere.be\/fr\/comment-mettre-en-oeuvre-une-ia-generative-efficace-ce-nest-pas-seulement-une-question-de-formation\/\",\"url\":\"https:\/\/peoplesphere.be\/fr\/comment-mettre-en-oeuvre-une-ia-generative-efficace-ce-nest-pas-seulement-une-question-de-formation\/\",\"name\":\"Comment mettre en oeuvre une IA g\u00e9n\u00e9rative efficace? Ce n'est pas seulement une question de formation... - Peoplesphere\",\"isPartOf\":{\"@id\":\"https:\/\/peoplesphere.be\/fr\/#website\"},\"datePublished\":\"2025-04-08T04:55:13+00:00\",\"dateModified\":\"2025-04-08T04:55:13+00:00\",\"breadcrumb\":{\"@id\":\"https:\/\/peoplesphere.be\/fr\/comment-mettre-en-oeuvre-une-ia-generative-efficace-ce-nest-pas-seulement-une-question-de-formation\/#breadcrumb\"},\"inLanguage\":\"fr-FR\",\"potentialAction\":[{\"@type\":\"ReadAction\",\"target\":[\"https:\/\/peoplesphere.be\/fr\/comment-mettre-en-oeuvre-une-ia-generative-efficace-ce-nest-pas-seulement-une-question-de-formation\/\"]}]},{\"@type\":\"BreadcrumbList\",\"@id\":\"https:\/\/peoplesphere.be\/fr\/comment-mettre-en-oeuvre-une-ia-generative-efficace-ce-nest-pas-seulement-une-question-de-formation\/#breadcrumb\",\"itemListElement\":[{\"@type\":\"ListItem\",\"position\":1,\"name\":\"Accueil\",\"item\":\"https:\/\/peoplesphere.be\/fr\/\"},{\"@type\":\"ListItem\",\"position\":2,\"name\":\"Comment mettre en oeuvre une IA g\u00e9n\u00e9rative efficace? Ce n&rsquo;est pas seulement une question de formation&#8230;\"}]},{\"@type\":\"WebSite\",\"@id\":\"https:\/\/peoplesphere.be\/fr\/#website\",\"url\":\"https:\/\/peoplesphere.be\/fr\/\",\"name\":\"Peoplesphere\",\"description\":\"The People Managers Magazine\",\"publisher\":{\"@id\":\"https:\/\/peoplesphere.be\/fr\/#organization\"},\"potentialAction\":[{\"@type\":\"SearchAction\",\"target\":{\"@type\":\"EntryPoint\",\"urlTemplate\":\"https:\/\/peoplesphere.be\/fr\/?s={search_term_string}\"},\"query-input\":\"required name=search_term_string\"}],\"inLanguage\":\"fr-FR\"},{\"@type\":\"Organization\",\"@id\":\"https:\/\/peoplesphere.be\/fr\/#organization\",\"name\":\"Peoplesphere Company srl\",\"url\":\"https:\/\/peoplesphere.be\/fr\/\",\"logo\":{\"@type\":\"ImageObject\",\"inLanguage\":\"fr-FR\",\"@id\":\"https:\/\/peoplesphere.be\/fr\/#\/schema\/logo\/image\/\",\"url\":\"https:\/\/peoplesphere.be\/fr\/wp-content\/uploads\/2023\/07\/peoplesphere-lgo-new-generik.jpg\",\"contentUrl\":\"https:\/\/peoplesphere.be\/fr\/wp-content\/uploads\/2023\/07\/peoplesphere-lgo-new-generik.jpg\",\"width\":1031,\"height\":1479,\"caption\":\"Peoplesphere Company srl\"},\"image\":{\"@id\":\"https:\/\/peoplesphere.be\/fr\/#\/schema\/logo\/image\/\"},\"sameAs\":[\"https:\/\/www.facebook.com\/peoplesphere\",\"https:\/\/twitter.com\/PeoplesphereMag\",\"https:\/\/www.linkedin.com\/company\/7587361?trk\",\"http:\/\/youtube.com\/peoplesphere\"]},{\"@type\":\"Person\",\"@id\":\"https:\/\/peoplesphere.be\/fr\/#\/schema\/person\/7976225ff17988604334abb7b3536a7e\",\"name\":\"Jean-Paul Erhard\",\"image\":{\"@type\":\"ImageObject\",\"inLanguage\":\"fr-FR\",\"@id\":\"https:\/\/peoplesphere.be\/fr\/#\/schema\/person\/image\/\",\"url\":\"https:\/\/secure.gravatar.com\/avatar\/f941e681460179738071629a51574930?s=96&d=mm&r=g\",\"contentUrl\":\"https:\/\/secure.gravatar.com\/avatar\/f941e681460179738071629a51574930?s=96&d=mm&r=g\",\"caption\":\"Jean-Paul Erhard\"},\"url\":\"https:\/\/peoplesphere.be\/fr\/author\/jpe\/\"}]}<\/script>\n<!-- \/ Yoast SEO plugin. -->","yoast_head_json":{"title":"Comment mettre en oeuvre une IA g\u00e9n\u00e9rative efficace? Ce n'est pas seulement une question de formation... - Peoplesphere","robots":{"index":"index","follow":"follow","max-snippet":"max-snippet:-1","max-image-preview":"max-image-preview:large","max-video-preview":"max-video-preview:-1"},"canonical":"https:\/\/peoplesphere.be\/fr\/comment-mettre-en-oeuvre-une-ia-generative-efficace-ce-nest-pas-seulement-une-question-de-formation\/","og_locale":"fr_FR","og_type":"article","og_title":"Comment mettre en oeuvre une IA g\u00e9n\u00e9rative efficace? Ce n'est pas seulement une question de formation... - Peoplesphere","og_description":"L&rsquo;IA g\u00e9n\u00e9rative gagne rapidement du terrain et influence de plus en plus la fa\u00e7on dont les organisations travaillent. Elle offre des opportunit\u00e9s d&rsquo;efficacit\u00e9 et d&rsquo;optimisation des processus, mais pose \u00e9galement une s\u00e9rie de d\u00e9fis complexes aux responsables informatiques qui souhaitent [&hellip;]","og_url":"https:\/\/peoplesphere.be\/fr\/comment-mettre-en-oeuvre-une-ia-generative-efficace-ce-nest-pas-seulement-une-question-de-formation\/","og_site_name":"Peoplesphere","article_publisher":"https:\/\/www.facebook.com\/peoplesphere","article_published_time":"2025-04-08T04:55:13+00:00","og_image":[{"width":965,"height":361,"url":"https:\/\/peoplesphere.be\/fr\/wp-content\/uploads\/2025\/04\/20241127fujistsuIA.jpg","type":"image\/jpeg"}],"author":"Jean-Paul Erhard","twitter_card":"summary_large_image","twitter_creator":"@PeoplesphereMag","twitter_site":"@PeoplesphereMag","twitter_misc":{"\u00c9crit par":"Jean-Paul Erhard","Dur\u00e9e de lecture estim\u00e9e":"5 minutes"},"schema":{"@context":"https:\/\/schema.org","@graph":[{"@type":"Article","@id":"https:\/\/peoplesphere.be\/fr\/comment-mettre-en-oeuvre-une-ia-generative-efficace-ce-nest-pas-seulement-une-question-de-formation\/#article","isPartOf":{"@id":"https:\/\/peoplesphere.be\/fr\/comment-mettre-en-oeuvre-une-ia-generative-efficace-ce-nest-pas-seulement-une-question-de-formation\/"},"author":{"name":"Jean-Paul Erhard","@id":"https:\/\/peoplesphere.be\/fr\/#\/schema\/person\/7976225ff17988604334abb7b3536a7e"},"headline":"Comment mettre en oeuvre une IA g\u00e9n\u00e9rative efficace? Ce n&rsquo;est pas seulement une question de formation&#8230;","datePublished":"2025-04-08T04:55:13+00:00","dateModified":"2025-04-08T04:55:13+00:00","mainEntityOfPage":{"@id":"https:\/\/peoplesphere.be\/fr\/comment-mettre-en-oeuvre-une-ia-generative-efficace-ce-nest-pas-seulement-une-question-de-formation\/"},"wordCount":977,"publisher":{"@id":"https:\/\/peoplesphere.be\/fr\/#organization"},"keywords":["environnement","Formation","IA g\u00e9n\u00e9rative","S\u00e9curit\u00e9"],"articleSection":["Actualit\u00e9s","Digital"],"inLanguage":"fr-FR"},{"@type":"WebPage","@id":"https:\/\/peoplesphere.be\/fr\/comment-mettre-en-oeuvre-une-ia-generative-efficace-ce-nest-pas-seulement-une-question-de-formation\/","url":"https:\/\/peoplesphere.be\/fr\/comment-mettre-en-oeuvre-une-ia-generative-efficace-ce-nest-pas-seulement-une-question-de-formation\/","name":"Comment mettre en oeuvre une IA g\u00e9n\u00e9rative efficace? Ce n'est pas seulement une question de formation... - Peoplesphere","isPartOf":{"@id":"https:\/\/peoplesphere.be\/fr\/#website"},"datePublished":"2025-04-08T04:55:13+00:00","dateModified":"2025-04-08T04:55:13+00:00","breadcrumb":{"@id":"https:\/\/peoplesphere.be\/fr\/comment-mettre-en-oeuvre-une-ia-generative-efficace-ce-nest-pas-seulement-une-question-de-formation\/#breadcrumb"},"inLanguage":"fr-FR","potentialAction":[{"@type":"ReadAction","target":["https:\/\/peoplesphere.be\/fr\/comment-mettre-en-oeuvre-une-ia-generative-efficace-ce-nest-pas-seulement-une-question-de-formation\/"]}]},{"@type":"BreadcrumbList","@id":"https:\/\/peoplesphere.be\/fr\/comment-mettre-en-oeuvre-une-ia-generative-efficace-ce-nest-pas-seulement-une-question-de-formation\/#breadcrumb","itemListElement":[{"@type":"ListItem","position":1,"name":"Accueil","item":"https:\/\/peoplesphere.be\/fr\/"},{"@type":"ListItem","position":2,"name":"Comment mettre en oeuvre une IA g\u00e9n\u00e9rative efficace? Ce n&rsquo;est pas seulement une question de formation&#8230;"}]},{"@type":"WebSite","@id":"https:\/\/peoplesphere.be\/fr\/#website","url":"https:\/\/peoplesphere.be\/fr\/","name":"Peoplesphere","description":"The People Managers Magazine","publisher":{"@id":"https:\/\/peoplesphere.be\/fr\/#organization"},"potentialAction":[{"@type":"SearchAction","target":{"@type":"EntryPoint","urlTemplate":"https:\/\/peoplesphere.be\/fr\/?s={search_term_string}"},"query-input":"required name=search_term_string"}],"inLanguage":"fr-FR"},{"@type":"Organization","@id":"https:\/\/peoplesphere.be\/fr\/#organization","name":"Peoplesphere Company srl","url":"https:\/\/peoplesphere.be\/fr\/","logo":{"@type":"ImageObject","inLanguage":"fr-FR","@id":"https:\/\/peoplesphere.be\/fr\/#\/schema\/logo\/image\/","url":"https:\/\/peoplesphere.be\/fr\/wp-content\/uploads\/2023\/07\/peoplesphere-lgo-new-generik.jpg","contentUrl":"https:\/\/peoplesphere.be\/fr\/wp-content\/uploads\/2023\/07\/peoplesphere-lgo-new-generik.jpg","width":1031,"height":1479,"caption":"Peoplesphere Company srl"},"image":{"@id":"https:\/\/peoplesphere.be\/fr\/#\/schema\/logo\/image\/"},"sameAs":["https:\/\/www.facebook.com\/peoplesphere","https:\/\/twitter.com\/PeoplesphereMag","https:\/\/www.linkedin.com\/company\/7587361?trk","http:\/\/youtube.com\/peoplesphere"]},{"@type":"Person","@id":"https:\/\/peoplesphere.be\/fr\/#\/schema\/person\/7976225ff17988604334abb7b3536a7e","name":"Jean-Paul Erhard","image":{"@type":"ImageObject","inLanguage":"fr-FR","@id":"https:\/\/peoplesphere.be\/fr\/#\/schema\/person\/image\/","url":"https:\/\/secure.gravatar.com\/avatar\/f941e681460179738071629a51574930?s=96&d=mm&r=g","contentUrl":"https:\/\/secure.gravatar.com\/avatar\/f941e681460179738071629a51574930?s=96&d=mm&r=g","caption":"Jean-Paul Erhard"},"url":"https:\/\/peoplesphere.be\/fr\/author\/jpe\/"}]}},"_links":{"self":[{"href":"https:\/\/peoplesphere.be\/fr\/wp-json\/wp\/v2\/posts\/17596"}],"collection":[{"href":"https:\/\/peoplesphere.be\/fr\/wp-json\/wp\/v2\/posts"}],"about":[{"href":"https:\/\/peoplesphere.be\/fr\/wp-json\/wp\/v2\/types\/post"}],"author":[{"embeddable":true,"href":"https:\/\/peoplesphere.be\/fr\/wp-json\/wp\/v2\/users\/2"}],"replies":[{"embeddable":true,"href":"https:\/\/peoplesphere.be\/fr\/wp-json\/wp\/v2\/comments?post=17596"}],"version-history":[{"count":1,"href":"https:\/\/peoplesphere.be\/fr\/wp-json\/wp\/v2\/posts\/17596\/revisions"}],"predecessor-version":[{"id":17598,"href":"https:\/\/peoplesphere.be\/fr\/wp-json\/wp\/v2\/posts\/17596\/revisions\/17598"}],"wp:featuredmedia":[{"embeddable":true,"href":"https:\/\/peoplesphere.be\/fr\/wp-json\/wp\/v2\/media\/17597"}],"wp:attachment":[{"href":"https:\/\/peoplesphere.be\/fr\/wp-json\/wp\/v2\/media?parent=17596"}],"wp:term":[{"taxonomy":"category","embeddable":true,"href":"https:\/\/peoplesphere.be\/fr\/wp-json\/wp\/v2\/categories?post=17596"},{"taxonomy":"post_tag","embeddable":true,"href":"https:\/\/peoplesphere.be\/fr\/wp-json\/wp\/v2\/tags?post=17596"}],"curies":[{"name":"wp","href":"https:\/\/api.w.org\/{rel}","templated":true}]}}