









{"id":17604,"date":"2025-04-09T08:27:34","date_gmt":"2025-04-09T06:27:34","guid":{"rendered":"https:\/\/peoplesphere.be\/fr\/?p=17604"},"modified":"2025-04-09T08:27:34","modified_gmt":"2025-04-09T06:27:34","slug":"stabilisation-du-chomage-en-region-bruxelloise-a-un-niveau-eleve-le-taux-de-chomage-reste-a-plus-de-14","status":"publish","type":"post","link":"https:\/\/peoplesphere.be\/fr\/stabilisation-du-chomage-en-region-bruxelloise-a-un-niveau-eleve-le-taux-de-chomage-reste-a-plus-de-14\/","title":{"rendered":"Stabilisation du ch\u00f4mage en R\u00e9gion bruxelloise \u00e0 un niveau \u00e9lev\u00e9 : le taux de ch\u00f4mage reste \u00e0 plus de 14%."},"content":{"rendered":"<p>Fin mars 2025, Actiris compte 90.153 chercheurs d&#8217;emploi inscrits, soit une stabilisation (+0,1%) par rapport \u00e0 mars 2024. Le taux de ch\u00f4mage est de 14,4% et est stable (+0,02 point de pourcentage) par rapport \u00e0 mars 2024.<!--more--><\/p>\n<p>Pour rappel, le taux de ch\u00f4mage est le pourcentage des personnes faisant partie de la population active qui sont au ch\u00f4mage. La population active est la population en \u00e2ge de travailler et qui travaille ou est en recherche d&#8217;emploi. Les inactifs, qui ne sont donc pas repris dans le calcul du taux de ch\u00f4mage, sont les personnes \u00e2g\u00e9es de 15 ans ou plus qui ne sont ni en emploi ni au ch\u00f4mage (\u00e9tudiants, retrait\u00e9s, entre autres).<\/p>\n<p>On compte au cours du mois de mars 7.908 entr\u00e9es dans le ch\u00f4mage (5.861 r\u00e9inscriptions et 2.047 nouvelles inscriptions) contre 9.602 sorties, soit une baisse sur base mensuelle du nombre de chercheurs d&#8217;emploi de -1.694 personnes (-1,8%). Parmi les 90.153 chercheurs d&#8217;emploi, 48% sont des femmes et 52% sont des hommes.<\/p>\n<h3><strong><em>Caract\u00e9ristiques des chercheurs d&#8217;emploi bruxellois<\/em><\/strong><\/h3>\n<p>Actiris constate une diminution de -1,6% (-789 personnes) du nombre de chercheurs d\u2019emploi b\u00e9n\u00e9ficiaires d&rsquo;une allocation et une diminution du nombre de jeunes en stage d\u2019insertion professionnelle (-68 personnes, -1,1%). Le nombre des autres chercheurs d\u2019emploi a augment\u00e9 de +2,9% (+964 personnes).<\/p>\n<p>Sur les 90.153 chercheurs d&#8217;emploi totaux, 17.343 personnes (19,2%) sont inscrites au CPAS soit une \u200b l\u00e9g\u00e8re augmentation de +0,6% sur base annuelle.<\/p>\n<p>Le nombre de chercheurs d&#8217;emploi depuis moins d&rsquo;un an diminue de -2,3% (-822 personnes). Les personnes en recherche d&#8217;emploi depuis 1 \u00e0 2 ans sont en augmentation de +0,3% (+37 personnes). Les chercheurs d&#8217;emploi de longue dur\u00e9e (+2 ans) augmentent de +2,2%, soit +892 personnes.<\/p>\n<p>Le nombre de chercheurs d&#8217;emploi de moins de 25 ans est en diminution de -1,0% (-99 personnes). La cat\u00e9gorie des 25-49 ans augmente de +1,2% soit +698 personnes. La cat\u00e9gorie des 50 ans et + est en diminution (-2,1%, -492 personnes).<\/p>\n<p>Concernant le niveau d&rsquo;\u00e9tudes: -0,8% (-463 personnes) pour les chercheurs d&#8217;emploi faiblement qualifi\u00e9s, -2,9% (-545 personnes) pour les personnes moyennement qualifi\u00e9es et +7,0% (+1.115 personnes) pour la cat\u00e9gorie hautement qualifi\u00e9e. \u200b<\/p>\n<p>&nbsp;<\/p>\n<p><em>Source: Actiris &#8211; viewstat.actiris.brussels<\/em><\/p>\n","protected":false},"excerpt":{"rendered":"<p>Fin mars 2025, Actiris compte 90.153 chercheurs d&#8217;emploi inscrits, soit une stabilisation (+0,1%) par rapport \u00e0 mars 2024. Le taux de ch\u00f4mage est de 14,4% et est stable (+0,02 point de pourcentage) par rapport \u00e0 mars 2024.<\/p>\n","protected":false},"author":2,"featured_media":0,"comment_status":"closed","ping_status":"open","sticky":false,"template":"","format":"standard","meta":[],"categories":[65,10],"tags":[226,93,92,653,44],"yoast_head":"<!-- This site is optimized with the Yoast SEO plugin v21.0 - https:\/\/yoast.com\/wordpress\/plugins\/seo\/ -->\n<title>Stabilisation du ch\u00f4mage en R\u00e9gion bruxelloise \u00e0 un niveau \u00e9lev\u00e9 : le taux de ch\u00f4mage reste \u00e0 plus de 14%. - Peoplesphere<\/title>\n<meta name=\"robots\" content=\"index, follow, max-snippet:-1, max-image-preview:large, max-video-preview:-1\" \/>\n<link rel=\"canonical\" href=\"https:\/\/peoplesphere.be\/fr\/stabilisation-du-chomage-en-region-bruxelloise-a-un-niveau-eleve-le-taux-de-chomage-reste-a-plus-de-14\/\" \/>\n<meta property=\"og:locale\" content=\"fr_FR\" \/>\n<meta property=\"og:type\" content=\"article\" \/>\n<meta property=\"og:title\" content=\"Stabilisation du ch\u00f4mage en R\u00e9gion bruxelloise \u00e0 un niveau \u00e9lev\u00e9 : le taux de ch\u00f4mage reste \u00e0 plus de 14%. - Peoplesphere\" \/>\n<meta property=\"og:description\" content=\"Fin mars 2025, Actiris compte 90.153 chercheurs d&#8217;emploi inscrits, soit une stabilisation (+0,1%) par rapport \u00e0 mars 2024. Le taux de ch\u00f4mage est de 14,4% et est stable (+0,02 point de pourcentage) par rapport \u00e0 mars 2024.\" \/>\n<meta property=\"og:url\" content=\"https:\/\/peoplesphere.be\/fr\/stabilisation-du-chomage-en-region-bruxelloise-a-un-niveau-eleve-le-taux-de-chomage-reste-a-plus-de-14\/\" \/>\n<meta property=\"og:site_name\" content=\"Peoplesphere\" \/>\n<meta property=\"article:publisher\" content=\"https:\/\/www.facebook.com\/peoplesphere\" \/>\n<meta property=\"article:published_time\" content=\"2025-04-09T06:27:34+00:00\" \/>\n<meta property=\"og:image\" content=\"http:\/\/www.peoplesphere.be\/fr\/wp-content\/uploads\/2016\/07\/facebook-default-posting-1200x628px.jpg\" \/>\n<meta name=\"author\" content=\"Jean-Paul Erhard\" \/>\n<meta name=\"twitter:card\" content=\"summary_large_image\" \/>\n<meta name=\"twitter:creator\" content=\"@PeoplesphereMag\" \/>\n<meta name=\"twitter:site\" content=\"@PeoplesphereMag\" \/>\n<meta name=\"twitter:label1\" content=\"\u00c9crit par\" \/>\n\t<meta name=\"twitter:data1\" content=\"Jean-Paul Erhard\" \/>\n\t<meta name=\"twitter:label2\" content=\"Dur\u00e9e de lecture estim\u00e9e\" \/>\n\t<meta name=\"twitter:data2\" content=\"2 minutes\" \/>\n<script type=\"application\/ld+json\" class=\"yoast-schema-graph\">{\"@context\":\"https:\/\/schema.org\",\"@graph\":[{\"@type\":\"Article\",\"@id\":\"https:\/\/peoplesphere.be\/fr\/stabilisation-du-chomage-en-region-bruxelloise-a-un-niveau-eleve-le-taux-de-chomage-reste-a-plus-de-14\/#article\",\"isPartOf\":{\"@id\":\"https:\/\/peoplesphere.be\/fr\/stabilisation-du-chomage-en-region-bruxelloise-a-un-niveau-eleve-le-taux-de-chomage-reste-a-plus-de-14\/\"},\"author\":{\"name\":\"Jean-Paul Erhard\",\"@id\":\"https:\/\/peoplesphere.be\/fr\/#\/schema\/person\/7976225ff17988604334abb7b3536a7e\"},\"headline\":\"Stabilisation du ch\u00f4mage en R\u00e9gion bruxelloise \u00e0 un niveau \u00e9lev\u00e9 : le taux de ch\u00f4mage reste \u00e0 plus de 14%.\",\"datePublished\":\"2025-04-09T06:27:34+00:00\",\"dateModified\":\"2025-04-09T06:27:34+00:00\",\"mainEntityOfPage\":{\"@id\":\"https:\/\/peoplesphere.be\/fr\/stabilisation-du-chomage-en-region-bruxelloise-a-un-niveau-eleve-le-taux-de-chomage-reste-a-plus-de-14\/\"},\"wordCount\":363,\"publisher\":{\"@id\":\"https:\/\/peoplesphere.be\/fr\/#organization\"},\"keywords\":[\"actiris\",\"bruxelles\",\"ch\u00f4mage\",\"demandeurs d'emploi\",\"Statistiques\"],\"articleSection\":[\"Actualit\u00e9s\",\"Digital\"],\"inLanguage\":\"fr-FR\"},{\"@type\":\"WebPage\",\"@id\":\"https:\/\/peoplesphere.be\/fr\/stabilisation-du-chomage-en-region-bruxelloise-a-un-niveau-eleve-le-taux-de-chomage-reste-a-plus-de-14\/\",\"url\":\"https:\/\/peoplesphere.be\/fr\/stabilisation-du-chomage-en-region-bruxelloise-a-un-niveau-eleve-le-taux-de-chomage-reste-a-plus-de-14\/\",\"name\":\"Stabilisation du ch\u00f4mage en R\u00e9gion bruxelloise \u00e0 un niveau \u00e9lev\u00e9 : le taux de ch\u00f4mage reste \u00e0 plus de 14%. - Peoplesphere\",\"isPartOf\":{\"@id\":\"https:\/\/peoplesphere.be\/fr\/#website\"},\"datePublished\":\"2025-04-09T06:27:34+00:00\",\"dateModified\":\"2025-04-09T06:27:34+00:00\",\"breadcrumb\":{\"@id\":\"https:\/\/peoplesphere.be\/fr\/stabilisation-du-chomage-en-region-bruxelloise-a-un-niveau-eleve-le-taux-de-chomage-reste-a-plus-de-14\/#breadcrumb\"},\"inLanguage\":\"fr-FR\",\"potentialAction\":[{\"@type\":\"ReadAction\",\"target\":[\"https:\/\/peoplesphere.be\/fr\/stabilisation-du-chomage-en-region-bruxelloise-a-un-niveau-eleve-le-taux-de-chomage-reste-a-plus-de-14\/\"]}]},{\"@type\":\"BreadcrumbList\",\"@id\":\"https:\/\/peoplesphere.be\/fr\/stabilisation-du-chomage-en-region-bruxelloise-a-un-niveau-eleve-le-taux-de-chomage-reste-a-plus-de-14\/#breadcrumb\",\"itemListElement\":[{\"@type\":\"ListItem\",\"position\":1,\"name\":\"Accueil\",\"item\":\"https:\/\/peoplesphere.be\/fr\/\"},{\"@type\":\"ListItem\",\"position\":2,\"name\":\"Stabilisation du ch\u00f4mage en R\u00e9gion bruxelloise \u00e0 un niveau \u00e9lev\u00e9 : le taux de ch\u00f4mage reste \u00e0 plus de 14%.\"}]},{\"@type\":\"WebSite\",\"@id\":\"https:\/\/peoplesphere.be\/fr\/#website\",\"url\":\"https:\/\/peoplesphere.be\/fr\/\",\"name\":\"Peoplesphere\",\"description\":\"The People Managers Magazine\",\"publisher\":{\"@id\":\"https:\/\/peoplesphere.be\/fr\/#organization\"},\"potentialAction\":[{\"@type\":\"SearchAction\",\"target\":{\"@type\":\"EntryPoint\",\"urlTemplate\":\"https:\/\/peoplesphere.be\/fr\/?s={search_term_string}\"},\"query-input\":\"required name=search_term_string\"}],\"inLanguage\":\"fr-FR\"},{\"@type\":\"Organization\",\"@id\":\"https:\/\/peoplesphere.be\/fr\/#organization\",\"name\":\"Peoplesphere Company srl\",\"url\":\"https:\/\/peoplesphere.be\/fr\/\",\"logo\":{\"@type\":\"ImageObject\",\"inLanguage\":\"fr-FR\",\"@id\":\"https:\/\/peoplesphere.be\/fr\/#\/schema\/logo\/image\/\",\"url\":\"https:\/\/peoplesphere.be\/fr\/wp-content\/uploads\/2023\/07\/peoplesphere-lgo-new-generik.jpg\",\"contentUrl\":\"https:\/\/peoplesphere.be\/fr\/wp-content\/uploads\/2023\/07\/peoplesphere-lgo-new-generik.jpg\",\"width\":1031,\"height\":1479,\"caption\":\"Peoplesphere Company srl\"},\"image\":{\"@id\":\"https:\/\/peoplesphere.be\/fr\/#\/schema\/logo\/image\/\"},\"sameAs\":[\"https:\/\/www.facebook.com\/peoplesphere\",\"https:\/\/twitter.com\/PeoplesphereMag\",\"https:\/\/www.linkedin.com\/company\/7587361?trk\",\"http:\/\/youtube.com\/peoplesphere\"]},{\"@type\":\"Person\",\"@id\":\"https:\/\/peoplesphere.be\/fr\/#\/schema\/person\/7976225ff17988604334abb7b3536a7e\",\"name\":\"Jean-Paul Erhard\",\"image\":{\"@type\":\"ImageObject\",\"inLanguage\":\"fr-FR\",\"@id\":\"https:\/\/peoplesphere.be\/fr\/#\/schema\/person\/image\/\",\"url\":\"https:\/\/secure.gravatar.com\/avatar\/f941e681460179738071629a51574930?s=96&d=mm&r=g\",\"contentUrl\":\"https:\/\/secure.gravatar.com\/avatar\/f941e681460179738071629a51574930?s=96&d=mm&r=g\",\"caption\":\"Jean-Paul Erhard\"},\"url\":\"https:\/\/peoplesphere.be\/fr\/author\/jpe\/\"}]}<\/script>\n<!-- \/ Yoast SEO plugin. -->","yoast_head_json":{"title":"Stabilisation du ch\u00f4mage en R\u00e9gion bruxelloise \u00e0 un niveau \u00e9lev\u00e9 : le taux de ch\u00f4mage reste \u00e0 plus de 14%. - Peoplesphere","robots":{"index":"index","follow":"follow","max-snippet":"max-snippet:-1","max-image-preview":"max-image-preview:large","max-video-preview":"max-video-preview:-1"},"canonical":"https:\/\/peoplesphere.be\/fr\/stabilisation-du-chomage-en-region-bruxelloise-a-un-niveau-eleve-le-taux-de-chomage-reste-a-plus-de-14\/","og_locale":"fr_FR","og_type":"article","og_title":"Stabilisation du ch\u00f4mage en R\u00e9gion bruxelloise \u00e0 un niveau \u00e9lev\u00e9 : le taux de ch\u00f4mage reste \u00e0 plus de 14%. - Peoplesphere","og_description":"Fin mars 2025, Actiris compte 90.153 chercheurs d&#8217;emploi inscrits, soit une stabilisation (+0,1%) par rapport \u00e0 mars 2024. Le taux de ch\u00f4mage est de 14,4% et est stable (+0,02 point de pourcentage) par rapport \u00e0 mars 2024.","og_url":"https:\/\/peoplesphere.be\/fr\/stabilisation-du-chomage-en-region-bruxelloise-a-un-niveau-eleve-le-taux-de-chomage-reste-a-plus-de-14\/","og_site_name":"Peoplesphere","article_publisher":"https:\/\/www.facebook.com\/peoplesphere","article_published_time":"2025-04-09T06:27:34+00:00","og_image":[{"url":"http:\/\/www.peoplesphere.be\/fr\/wp-content\/uploads\/2016\/07\/facebook-default-posting-1200x628px.jpg"}],"author":"Jean-Paul Erhard","twitter_card":"summary_large_image","twitter_creator":"@PeoplesphereMag","twitter_site":"@PeoplesphereMag","twitter_misc":{"\u00c9crit par":"Jean-Paul Erhard","Dur\u00e9e de lecture estim\u00e9e":"2 minutes"},"schema":{"@context":"https:\/\/schema.org","@graph":[{"@type":"Article","@id":"https:\/\/peoplesphere.be\/fr\/stabilisation-du-chomage-en-region-bruxelloise-a-un-niveau-eleve-le-taux-de-chomage-reste-a-plus-de-14\/#article","isPartOf":{"@id":"https:\/\/peoplesphere.be\/fr\/stabilisation-du-chomage-en-region-bruxelloise-a-un-niveau-eleve-le-taux-de-chomage-reste-a-plus-de-14\/"},"author":{"name":"Jean-Paul Erhard","@id":"https:\/\/peoplesphere.be\/fr\/#\/schema\/person\/7976225ff17988604334abb7b3536a7e"},"headline":"Stabilisation du ch\u00f4mage en R\u00e9gion bruxelloise \u00e0 un niveau \u00e9lev\u00e9 : le taux de ch\u00f4mage reste \u00e0 plus de 14%.","datePublished":"2025-04-09T06:27:34+00:00","dateModified":"2025-04-09T06:27:34+00:00","mainEntityOfPage":{"@id":"https:\/\/peoplesphere.be\/fr\/stabilisation-du-chomage-en-region-bruxelloise-a-un-niveau-eleve-le-taux-de-chomage-reste-a-plus-de-14\/"},"wordCount":363,"publisher":{"@id":"https:\/\/peoplesphere.be\/fr\/#organization"},"keywords":["actiris","bruxelles","ch\u00f4mage","demandeurs d'emploi","Statistiques"],"articleSection":["Actualit\u00e9s","Digital"],"inLanguage":"fr-FR"},{"@type":"WebPage","@id":"https:\/\/peoplesphere.be\/fr\/stabilisation-du-chomage-en-region-bruxelloise-a-un-niveau-eleve-le-taux-de-chomage-reste-a-plus-de-14\/","url":"https:\/\/peoplesphere.be\/fr\/stabilisation-du-chomage-en-region-bruxelloise-a-un-niveau-eleve-le-taux-de-chomage-reste-a-plus-de-14\/","name":"Stabilisation du ch\u00f4mage en R\u00e9gion bruxelloise \u00e0 un niveau \u00e9lev\u00e9 : le taux de ch\u00f4mage reste \u00e0 plus de 14%. - Peoplesphere","isPartOf":{"@id":"https:\/\/peoplesphere.be\/fr\/#website"},"datePublished":"2025-04-09T06:27:34+00:00","dateModified":"2025-04-09T06:27:34+00:00","breadcrumb":{"@id":"https:\/\/peoplesphere.be\/fr\/stabilisation-du-chomage-en-region-bruxelloise-a-un-niveau-eleve-le-taux-de-chomage-reste-a-plus-de-14\/#breadcrumb"},"inLanguage":"fr-FR","potentialAction":[{"@type":"ReadAction","target":["https:\/\/peoplesphere.be\/fr\/stabilisation-du-chomage-en-region-bruxelloise-a-un-niveau-eleve-le-taux-de-chomage-reste-a-plus-de-14\/"]}]},{"@type":"BreadcrumbList","@id":"https:\/\/peoplesphere.be\/fr\/stabilisation-du-chomage-en-region-bruxelloise-a-un-niveau-eleve-le-taux-de-chomage-reste-a-plus-de-14\/#breadcrumb","itemListElement":[{"@type":"ListItem","position":1,"name":"Accueil","item":"https:\/\/peoplesphere.be\/fr\/"},{"@type":"ListItem","position":2,"name":"Stabilisation du ch\u00f4mage en R\u00e9gion bruxelloise \u00e0 un niveau \u00e9lev\u00e9 : le taux de ch\u00f4mage reste \u00e0 plus de 14%."}]},{"@type":"WebSite","@id":"https:\/\/peoplesphere.be\/fr\/#website","url":"https:\/\/peoplesphere.be\/fr\/","name":"Peoplesphere","description":"The People Managers Magazine","publisher":{"@id":"https:\/\/peoplesphere.be\/fr\/#organization"},"potentialAction":[{"@type":"SearchAction","target":{"@type":"EntryPoint","urlTemplate":"https:\/\/peoplesphere.be\/fr\/?s={search_term_string}"},"query-input":"required name=search_term_string"}],"inLanguage":"fr-FR"},{"@type":"Organization","@id":"https:\/\/peoplesphere.be\/fr\/#organization","name":"Peoplesphere Company srl","url":"https:\/\/peoplesphere.be\/fr\/","logo":{"@type":"ImageObject","inLanguage":"fr-FR","@id":"https:\/\/peoplesphere.be\/fr\/#\/schema\/logo\/image\/","url":"https:\/\/peoplesphere.be\/fr\/wp-content\/uploads\/2023\/07\/peoplesphere-lgo-new-generik.jpg","contentUrl":"https:\/\/peoplesphere.be\/fr\/wp-content\/uploads\/2023\/07\/peoplesphere-lgo-new-generik.jpg","width":1031,"height":1479,"caption":"Peoplesphere Company srl"},"image":{"@id":"https:\/\/peoplesphere.be\/fr\/#\/schema\/logo\/image\/"},"sameAs":["https:\/\/www.facebook.com\/peoplesphere","https:\/\/twitter.com\/PeoplesphereMag","https:\/\/www.linkedin.com\/company\/7587361?trk","http:\/\/youtube.com\/peoplesphere"]},{"@type":"Person","@id":"https:\/\/peoplesphere.be\/fr\/#\/schema\/person\/7976225ff17988604334abb7b3536a7e","name":"Jean-Paul Erhard","image":{"@type":"ImageObject","inLanguage":"fr-FR","@id":"https:\/\/peoplesphere.be\/fr\/#\/schema\/person\/image\/","url":"https:\/\/secure.gravatar.com\/avatar\/f941e681460179738071629a51574930?s=96&d=mm&r=g","contentUrl":"https:\/\/secure.gravatar.com\/avatar\/f941e681460179738071629a51574930?s=96&d=mm&r=g","caption":"Jean-Paul Erhard"},"url":"https:\/\/peoplesphere.be\/fr\/author\/jpe\/"}]}},"_links":{"self":[{"href":"https:\/\/peoplesphere.be\/fr\/wp-json\/wp\/v2\/posts\/17604"}],"collection":[{"href":"https:\/\/peoplesphere.be\/fr\/wp-json\/wp\/v2\/posts"}],"about":[{"href":"https:\/\/peoplesphere.be\/fr\/wp-json\/wp\/v2\/types\/post"}],"author":[{"embeddable":true,"href":"https:\/\/peoplesphere.be\/fr\/wp-json\/wp\/v2\/users\/2"}],"replies":[{"embeddable":true,"href":"https:\/\/peoplesphere.be\/fr\/wp-json\/wp\/v2\/comments?post=17604"}],"version-history":[{"count":1,"href":"https:\/\/peoplesphere.be\/fr\/wp-json\/wp\/v2\/posts\/17604\/revisions"}],"predecessor-version":[{"id":17605,"href":"https:\/\/peoplesphere.be\/fr\/wp-json\/wp\/v2\/posts\/17604\/revisions\/17605"}],"wp:attachment":[{"href":"https:\/\/peoplesphere.be\/fr\/wp-json\/wp\/v2\/media?parent=17604"}],"wp:term":[{"taxonomy":"category","embeddable":true,"href":"https:\/\/peoplesphere.be\/fr\/wp-json\/wp\/v2\/categories?post=17604"},{"taxonomy":"post_tag","embeddable":true,"href":"https:\/\/peoplesphere.be\/fr\/wp-json\/wp\/v2\/tags?post=17604"}],"curies":[{"name":"wp","href":"https:\/\/api.w.org\/{rel}","templated":true}]}}