









{"id":17614,"date":"2025-04-11T15:28:08","date_gmt":"2025-04-11T13:28:08","guid":{"rendered":"https:\/\/peoplesphere.be\/fr\/?p=17614"},"modified":"2025-04-13T15:33:04","modified_gmt":"2025-04-13T13:33:04","slug":"pour-investir-dans-la-securite-demploi-et-lengagement-de-ses-employes-kruidvat-decide-dabandonner-les-contrats-a-duree-determinee","status":"publish","type":"post","link":"https:\/\/peoplesphere.be\/fr\/pour-investir-dans-la-securite-demploi-et-lengagement-de-ses-employes-kruidvat-decide-dabandonner-les-contrats-a-duree-determinee\/","title":{"rendered":"Pour investir dans la s\u00e9curit\u00e9 d&#8217;emploi et l&rsquo;engagement de ses employ\u00e9s, Kruidvat d\u00e9cide d&rsquo;abandonner les contrats \u00e0 dur\u00e9e d\u00e9termin\u00e9e."},"content":{"rendered":"<p>Kruidvat Belgique a annonc\u00e9 deux changements importants dans les conditions d&#8217;emploi des nouveaux coll\u00e8gues et des coll\u00e8gues actuels. La cha\u00eene abandonne les contrats \u00e0 dur\u00e9e d\u00e9termin\u00e9e standards pour tous les employ\u00e9s des magasins (\u00e0 l&rsquo;exception des directeurs de succursale) et modernise deux titres de poste. Kruidvat investit ainsi dans la s\u00e9curit\u00e9, la clart\u00e9 et dans un environnement de travail agr\u00e9able. <!--more--><\/p>\n<p>Kruidvat se porte bien en Belgique et continue d&rsquo;ouvrir de nouveaux magasins. La c\u00e9l\u00e8bre cha\u00eene de droguerie a franchi le cap des 300 magasins belges l&rsquo;ann\u00e9e derni\u00e8re et une moyenne de 10 nouveaux magasins s&rsquo;ajoutent chaque ann\u00e9e. Kruidvat Belgique compte actuellement plus de 3 500 employ\u00e9s, et les employ\u00e9s des magasins viennent de recevoir de bonnes nouvelles concernant leurs conditions de travail et la s\u00e9curit\u00e9 de l&#8217;emploi.<\/p>\n<h3><strong><em>Contrats \u00e0 dur\u00e9e ind\u00e9termin\u00e9e<\/em><\/strong><\/h3>\n<p>D\u00e9sormais, tous les nouveaux coll\u00e8gues (vendeurs, seconds vendeurs et premiers vendeurs) se verront automatiquement proposer un contrat \u00e0 dur\u00e9e ind\u00e9termin\u00e9e d\u00e8s leur entr\u00e9e en fonction chez Kruidvat Belgique. \u00ab\u00a0<em>Nous offrons ainsi \u00e0 nos nouveaux coll\u00e8gues stabilit\u00e9 et s\u00e9curit\u00e9 d\u00e8s le premier jour\u00a0\u00bb<\/em>, d\u00e9clare Bert Verhoef, directeur g\u00e9n\u00e9ral de Kruidvat Belgique. <em>\u00ab\u00a0Et nous avons \u00e9galement de bonnes nouvelles pour les coll\u00e8gues qui ont actuellement un contrat \u00e0 dur\u00e9e d\u00e9termin\u00e9e : \u00e0 la fin de ce contrat \u00e0 dur\u00e9e d\u00e9termin\u00e9e, ils se verront \u00e9galement proposer un contrat \u00e0 dur\u00e9e ind\u00e9termin\u00e9e s&rsquo;ils obtiennent de bons r\u00e9sultats.\u00a0\u00bb<\/em><\/p>\n<h3><strong><em>Nouveaux titres de poste : frais et contemporains<\/em><\/strong><\/h3>\n<p>En outre, Kruidvat met \u00e0 jour deux titres de poste. Le titre de premier assistant commercial est remplac\u00e9 par \u00ab\u00a0teamleader\u00a0\u00bb. Le poste de \u00ab\u00a0deuxi\u00e8me assistant commercial\u00a0\u00bb a \u00e9t\u00e9 rebaptis\u00e9\u00a0\u00bb vendeur (euse) plus\u00a0\u00bb, en concertation avec les employ\u00e9s. De cette fa\u00e7on, Kruidvat Belgique choisit un nom qui correspond \u00e0 la fois \u00e0 la fonction et \u00e0 l\u2019avenir.<\/p>\n<p>Par ces mesures, Kruidvat souhaite souligner une fois de plus ce qu&rsquo;elle repr\u00e9sente en tant qu&#8217;employeur: le travail en \u00e9quipe, dans la bonne humeur et le plaisir.<\/p>\n","protected":false},"excerpt":{"rendered":"<p>Kruidvat Belgique a annonc\u00e9 deux changements importants dans les conditions d&#8217;emploi des nouveaux coll\u00e8gues et des coll\u00e8gues actuels. La cha\u00eene abandonne les contrats \u00e0 dur\u00e9e d\u00e9termin\u00e9e standards pour tous les employ\u00e9s des magasins (\u00e0 l&rsquo;exception des directeurs de succursale) et [&hellip;]<\/p>\n","protected":false},"author":2,"featured_media":0,"comment_status":"closed","ping_status":"open","sticky":false,"template":"","format":"standard","meta":[],"categories":[65,10],"tags":[1258,1244,560,210],"yoast_head":"<!-- This site is optimized with the Yoast SEO plugin v21.0 - https:\/\/yoast.com\/wordpress\/plugins\/seo\/ -->\n<title>Pour investir dans la s\u00e9curit\u00e9 d&#039;emploi et l&#039;engagement de ses employ\u00e9s, Kruidvat d\u00e9cide d&#039;abandonner les contrats \u00e0 dur\u00e9e d\u00e9termin\u00e9e. - Peoplesphere<\/title>\n<meta name=\"robots\" content=\"index, follow, max-snippet:-1, max-image-preview:large, max-video-preview:-1\" \/>\n<link rel=\"canonical\" href=\"https:\/\/peoplesphere.be\/fr\/pour-investir-dans-la-securite-demploi-et-lengagement-de-ses-employes-kruidvat-decide-dabandonner-les-contrats-a-duree-determinee\/\" \/>\n<meta property=\"og:locale\" content=\"fr_FR\" \/>\n<meta property=\"og:type\" content=\"article\" \/>\n<meta property=\"og:title\" content=\"Pour investir dans la s\u00e9curit\u00e9 d&#039;emploi et l&#039;engagement de ses employ\u00e9s, Kruidvat d\u00e9cide d&#039;abandonner les contrats \u00e0 dur\u00e9e d\u00e9termin\u00e9e. - Peoplesphere\" \/>\n<meta property=\"og:description\" content=\"Kruidvat Belgique a annonc\u00e9 deux changements importants dans les conditions d&#8217;emploi des nouveaux coll\u00e8gues et des coll\u00e8gues actuels. La cha\u00eene abandonne les contrats \u00e0 dur\u00e9e d\u00e9termin\u00e9e standards pour tous les employ\u00e9s des magasins (\u00e0 l&rsquo;exception des directeurs de succursale) et [&hellip;]\" \/>\n<meta property=\"og:url\" content=\"https:\/\/peoplesphere.be\/fr\/pour-investir-dans-la-securite-demploi-et-lengagement-de-ses-employes-kruidvat-decide-dabandonner-les-contrats-a-duree-determinee\/\" \/>\n<meta property=\"og:site_name\" content=\"Peoplesphere\" \/>\n<meta property=\"article:publisher\" content=\"https:\/\/www.facebook.com\/peoplesphere\" \/>\n<meta property=\"article:published_time\" content=\"2025-04-11T13:28:08+00:00\" \/>\n<meta property=\"article:modified_time\" content=\"2025-04-13T13:33:04+00:00\" \/>\n<meta property=\"og:image\" content=\"http:\/\/www.peoplesphere.be\/fr\/wp-content\/uploads\/2016\/07\/facebook-default-posting-1200x628px.jpg\" \/>\n<meta name=\"author\" content=\"Jean-Paul Erhard\" \/>\n<meta name=\"twitter:card\" content=\"summary_large_image\" \/>\n<meta name=\"twitter:creator\" content=\"@PeoplesphereMag\" \/>\n<meta name=\"twitter:site\" content=\"@PeoplesphereMag\" \/>\n<meta name=\"twitter:label1\" content=\"\u00c9crit par\" \/>\n\t<meta name=\"twitter:data1\" content=\"Jean-Paul Erhard\" \/>\n\t<meta name=\"twitter:label2\" content=\"Dur\u00e9e de lecture estim\u00e9e\" \/>\n\t<meta name=\"twitter:data2\" content=\"2 minutes\" \/>\n<script type=\"application\/ld+json\" class=\"yoast-schema-graph\">{\"@context\":\"https:\/\/schema.org\",\"@graph\":[{\"@type\":\"Article\",\"@id\":\"https:\/\/peoplesphere.be\/fr\/pour-investir-dans-la-securite-demploi-et-lengagement-de-ses-employes-kruidvat-decide-dabandonner-les-contrats-a-duree-determinee\/#article\",\"isPartOf\":{\"@id\":\"https:\/\/peoplesphere.be\/fr\/pour-investir-dans-la-securite-demploi-et-lengagement-de-ses-employes-kruidvat-decide-dabandonner-les-contrats-a-duree-determinee\/\"},\"author\":{\"name\":\"Jean-Paul Erhard\",\"@id\":\"https:\/\/peoplesphere.be\/fr\/#\/schema\/person\/7976225ff17988604334abb7b3536a7e\"},\"headline\":\"Pour investir dans la s\u00e9curit\u00e9 d&#8217;emploi et l&rsquo;engagement de ses employ\u00e9s, Kruidvat d\u00e9cide d&rsquo;abandonner les contrats \u00e0 dur\u00e9e d\u00e9termin\u00e9e.\",\"datePublished\":\"2025-04-11T13:28:08+00:00\",\"dateModified\":\"2025-04-13T13:33:04+00:00\",\"mainEntityOfPage\":{\"@id\":\"https:\/\/peoplesphere.be\/fr\/pour-investir-dans-la-securite-demploi-et-lengagement-de-ses-employes-kruidvat-decide-dabandonner-les-contrats-a-duree-determinee\/\"},\"wordCount\":370,\"publisher\":{\"@id\":\"https:\/\/peoplesphere.be\/fr\/#organization\"},\"keywords\":[\"CDD\",\"CDI\",\"emploi durable\",\"employer branding\"],\"articleSection\":[\"Actualit\u00e9s\",\"Digital\"],\"inLanguage\":\"fr-FR\"},{\"@type\":\"WebPage\",\"@id\":\"https:\/\/peoplesphere.be\/fr\/pour-investir-dans-la-securite-demploi-et-lengagement-de-ses-employes-kruidvat-decide-dabandonner-les-contrats-a-duree-determinee\/\",\"url\":\"https:\/\/peoplesphere.be\/fr\/pour-investir-dans-la-securite-demploi-et-lengagement-de-ses-employes-kruidvat-decide-dabandonner-les-contrats-a-duree-determinee\/\",\"name\":\"Pour investir dans la s\u00e9curit\u00e9 d'emploi et l'engagement de ses employ\u00e9s, Kruidvat d\u00e9cide d'abandonner les contrats \u00e0 dur\u00e9e d\u00e9termin\u00e9e. - Peoplesphere\",\"isPartOf\":{\"@id\":\"https:\/\/peoplesphere.be\/fr\/#website\"},\"datePublished\":\"2025-04-11T13:28:08+00:00\",\"dateModified\":\"2025-04-13T13:33:04+00:00\",\"breadcrumb\":{\"@id\":\"https:\/\/peoplesphere.be\/fr\/pour-investir-dans-la-securite-demploi-et-lengagement-de-ses-employes-kruidvat-decide-dabandonner-les-contrats-a-duree-determinee\/#breadcrumb\"},\"inLanguage\":\"fr-FR\",\"potentialAction\":[{\"@type\":\"ReadAction\",\"target\":[\"https:\/\/peoplesphere.be\/fr\/pour-investir-dans-la-securite-demploi-et-lengagement-de-ses-employes-kruidvat-decide-dabandonner-les-contrats-a-duree-determinee\/\"]}]},{\"@type\":\"BreadcrumbList\",\"@id\":\"https:\/\/peoplesphere.be\/fr\/pour-investir-dans-la-securite-demploi-et-lengagement-de-ses-employes-kruidvat-decide-dabandonner-les-contrats-a-duree-determinee\/#breadcrumb\",\"itemListElement\":[{\"@type\":\"ListItem\",\"position\":1,\"name\":\"Accueil\",\"item\":\"https:\/\/peoplesphere.be\/fr\/\"},{\"@type\":\"ListItem\",\"position\":2,\"name\":\"Pour investir dans la s\u00e9curit\u00e9 d&#8217;emploi et l&rsquo;engagement de ses employ\u00e9s, Kruidvat d\u00e9cide d&rsquo;abandonner les contrats \u00e0 dur\u00e9e d\u00e9termin\u00e9e.\"}]},{\"@type\":\"WebSite\",\"@id\":\"https:\/\/peoplesphere.be\/fr\/#website\",\"url\":\"https:\/\/peoplesphere.be\/fr\/\",\"name\":\"Peoplesphere\",\"description\":\"The People Managers Magazine\",\"publisher\":{\"@id\":\"https:\/\/peoplesphere.be\/fr\/#organization\"},\"potentialAction\":[{\"@type\":\"SearchAction\",\"target\":{\"@type\":\"EntryPoint\",\"urlTemplate\":\"https:\/\/peoplesphere.be\/fr\/?s={search_term_string}\"},\"query-input\":\"required name=search_term_string\"}],\"inLanguage\":\"fr-FR\"},{\"@type\":\"Organization\",\"@id\":\"https:\/\/peoplesphere.be\/fr\/#organization\",\"name\":\"Peoplesphere Company srl\",\"url\":\"https:\/\/peoplesphere.be\/fr\/\",\"logo\":{\"@type\":\"ImageObject\",\"inLanguage\":\"fr-FR\",\"@id\":\"https:\/\/peoplesphere.be\/fr\/#\/schema\/logo\/image\/\",\"url\":\"https:\/\/peoplesphere.be\/fr\/wp-content\/uploads\/2023\/07\/peoplesphere-lgo-new-generik.jpg\",\"contentUrl\":\"https:\/\/peoplesphere.be\/fr\/wp-content\/uploads\/2023\/07\/peoplesphere-lgo-new-generik.jpg\",\"width\":1031,\"height\":1479,\"caption\":\"Peoplesphere Company srl\"},\"image\":{\"@id\":\"https:\/\/peoplesphere.be\/fr\/#\/schema\/logo\/image\/\"},\"sameAs\":[\"https:\/\/www.facebook.com\/peoplesphere\",\"https:\/\/twitter.com\/PeoplesphereMag\",\"https:\/\/www.linkedin.com\/company\/7587361?trk\",\"http:\/\/youtube.com\/peoplesphere\"]},{\"@type\":\"Person\",\"@id\":\"https:\/\/peoplesphere.be\/fr\/#\/schema\/person\/7976225ff17988604334abb7b3536a7e\",\"name\":\"Jean-Paul Erhard\",\"image\":{\"@type\":\"ImageObject\",\"inLanguage\":\"fr-FR\",\"@id\":\"https:\/\/peoplesphere.be\/fr\/#\/schema\/person\/image\/\",\"url\":\"https:\/\/secure.gravatar.com\/avatar\/f941e681460179738071629a51574930?s=96&d=mm&r=g\",\"contentUrl\":\"https:\/\/secure.gravatar.com\/avatar\/f941e681460179738071629a51574930?s=96&d=mm&r=g\",\"caption\":\"Jean-Paul Erhard\"},\"url\":\"https:\/\/peoplesphere.be\/fr\/author\/jpe\/\"}]}<\/script>\n<!-- \/ Yoast SEO plugin. -->","yoast_head_json":{"title":"Pour investir dans la s\u00e9curit\u00e9 d'emploi et l'engagement de ses employ\u00e9s, Kruidvat d\u00e9cide d'abandonner les contrats \u00e0 dur\u00e9e d\u00e9termin\u00e9e. - Peoplesphere","robots":{"index":"index","follow":"follow","max-snippet":"max-snippet:-1","max-image-preview":"max-image-preview:large","max-video-preview":"max-video-preview:-1"},"canonical":"https:\/\/peoplesphere.be\/fr\/pour-investir-dans-la-securite-demploi-et-lengagement-de-ses-employes-kruidvat-decide-dabandonner-les-contrats-a-duree-determinee\/","og_locale":"fr_FR","og_type":"article","og_title":"Pour investir dans la s\u00e9curit\u00e9 d'emploi et l'engagement de ses employ\u00e9s, Kruidvat d\u00e9cide d'abandonner les contrats \u00e0 dur\u00e9e d\u00e9termin\u00e9e. - Peoplesphere","og_description":"Kruidvat Belgique a annonc\u00e9 deux changements importants dans les conditions d&#8217;emploi des nouveaux coll\u00e8gues et des coll\u00e8gues actuels. La cha\u00eene abandonne les contrats \u00e0 dur\u00e9e d\u00e9termin\u00e9e standards pour tous les employ\u00e9s des magasins (\u00e0 l&rsquo;exception des directeurs de succursale) et [&hellip;]","og_url":"https:\/\/peoplesphere.be\/fr\/pour-investir-dans-la-securite-demploi-et-lengagement-de-ses-employes-kruidvat-decide-dabandonner-les-contrats-a-duree-determinee\/","og_site_name":"Peoplesphere","article_publisher":"https:\/\/www.facebook.com\/peoplesphere","article_published_time":"2025-04-11T13:28:08+00:00","article_modified_time":"2025-04-13T13:33:04+00:00","og_image":[{"url":"http:\/\/www.peoplesphere.be\/fr\/wp-content\/uploads\/2016\/07\/facebook-default-posting-1200x628px.jpg"}],"author":"Jean-Paul Erhard","twitter_card":"summary_large_image","twitter_creator":"@PeoplesphereMag","twitter_site":"@PeoplesphereMag","twitter_misc":{"\u00c9crit par":"Jean-Paul Erhard","Dur\u00e9e de lecture estim\u00e9e":"2 minutes"},"schema":{"@context":"https:\/\/schema.org","@graph":[{"@type":"Article","@id":"https:\/\/peoplesphere.be\/fr\/pour-investir-dans-la-securite-demploi-et-lengagement-de-ses-employes-kruidvat-decide-dabandonner-les-contrats-a-duree-determinee\/#article","isPartOf":{"@id":"https:\/\/peoplesphere.be\/fr\/pour-investir-dans-la-securite-demploi-et-lengagement-de-ses-employes-kruidvat-decide-dabandonner-les-contrats-a-duree-determinee\/"},"author":{"name":"Jean-Paul Erhard","@id":"https:\/\/peoplesphere.be\/fr\/#\/schema\/person\/7976225ff17988604334abb7b3536a7e"},"headline":"Pour investir dans la s\u00e9curit\u00e9 d&#8217;emploi et l&rsquo;engagement de ses employ\u00e9s, Kruidvat d\u00e9cide d&rsquo;abandonner les contrats \u00e0 dur\u00e9e d\u00e9termin\u00e9e.","datePublished":"2025-04-11T13:28:08+00:00","dateModified":"2025-04-13T13:33:04+00:00","mainEntityOfPage":{"@id":"https:\/\/peoplesphere.be\/fr\/pour-investir-dans-la-securite-demploi-et-lengagement-de-ses-employes-kruidvat-decide-dabandonner-les-contrats-a-duree-determinee\/"},"wordCount":370,"publisher":{"@id":"https:\/\/peoplesphere.be\/fr\/#organization"},"keywords":["CDD","CDI","emploi durable","employer branding"],"articleSection":["Actualit\u00e9s","Digital"],"inLanguage":"fr-FR"},{"@type":"WebPage","@id":"https:\/\/peoplesphere.be\/fr\/pour-investir-dans-la-securite-demploi-et-lengagement-de-ses-employes-kruidvat-decide-dabandonner-les-contrats-a-duree-determinee\/","url":"https:\/\/peoplesphere.be\/fr\/pour-investir-dans-la-securite-demploi-et-lengagement-de-ses-employes-kruidvat-decide-dabandonner-les-contrats-a-duree-determinee\/","name":"Pour investir dans la s\u00e9curit\u00e9 d'emploi et l'engagement de ses employ\u00e9s, Kruidvat d\u00e9cide d'abandonner les contrats \u00e0 dur\u00e9e d\u00e9termin\u00e9e. - Peoplesphere","isPartOf":{"@id":"https:\/\/peoplesphere.be\/fr\/#website"},"datePublished":"2025-04-11T13:28:08+00:00","dateModified":"2025-04-13T13:33:04+00:00","breadcrumb":{"@id":"https:\/\/peoplesphere.be\/fr\/pour-investir-dans-la-securite-demploi-et-lengagement-de-ses-employes-kruidvat-decide-dabandonner-les-contrats-a-duree-determinee\/#breadcrumb"},"inLanguage":"fr-FR","potentialAction":[{"@type":"ReadAction","target":["https:\/\/peoplesphere.be\/fr\/pour-investir-dans-la-securite-demploi-et-lengagement-de-ses-employes-kruidvat-decide-dabandonner-les-contrats-a-duree-determinee\/"]}]},{"@type":"BreadcrumbList","@id":"https:\/\/peoplesphere.be\/fr\/pour-investir-dans-la-securite-demploi-et-lengagement-de-ses-employes-kruidvat-decide-dabandonner-les-contrats-a-duree-determinee\/#breadcrumb","itemListElement":[{"@type":"ListItem","position":1,"name":"Accueil","item":"https:\/\/peoplesphere.be\/fr\/"},{"@type":"ListItem","position":2,"name":"Pour investir dans la s\u00e9curit\u00e9 d&#8217;emploi et l&rsquo;engagement de ses employ\u00e9s, Kruidvat d\u00e9cide d&rsquo;abandonner les contrats \u00e0 dur\u00e9e d\u00e9termin\u00e9e."}]},{"@type":"WebSite","@id":"https:\/\/peoplesphere.be\/fr\/#website","url":"https:\/\/peoplesphere.be\/fr\/","name":"Peoplesphere","description":"The People Managers Magazine","publisher":{"@id":"https:\/\/peoplesphere.be\/fr\/#organization"},"potentialAction":[{"@type":"SearchAction","target":{"@type":"EntryPoint","urlTemplate":"https:\/\/peoplesphere.be\/fr\/?s={search_term_string}"},"query-input":"required name=search_term_string"}],"inLanguage":"fr-FR"},{"@type":"Organization","@id":"https:\/\/peoplesphere.be\/fr\/#organization","name":"Peoplesphere Company srl","url":"https:\/\/peoplesphere.be\/fr\/","logo":{"@type":"ImageObject","inLanguage":"fr-FR","@id":"https:\/\/peoplesphere.be\/fr\/#\/schema\/logo\/image\/","url":"https:\/\/peoplesphere.be\/fr\/wp-content\/uploads\/2023\/07\/peoplesphere-lgo-new-generik.jpg","contentUrl":"https:\/\/peoplesphere.be\/fr\/wp-content\/uploads\/2023\/07\/peoplesphere-lgo-new-generik.jpg","width":1031,"height":1479,"caption":"Peoplesphere Company srl"},"image":{"@id":"https:\/\/peoplesphere.be\/fr\/#\/schema\/logo\/image\/"},"sameAs":["https:\/\/www.facebook.com\/peoplesphere","https:\/\/twitter.com\/PeoplesphereMag","https:\/\/www.linkedin.com\/company\/7587361?trk","http:\/\/youtube.com\/peoplesphere"]},{"@type":"Person","@id":"https:\/\/peoplesphere.be\/fr\/#\/schema\/person\/7976225ff17988604334abb7b3536a7e","name":"Jean-Paul Erhard","image":{"@type":"ImageObject","inLanguage":"fr-FR","@id":"https:\/\/peoplesphere.be\/fr\/#\/schema\/person\/image\/","url":"https:\/\/secure.gravatar.com\/avatar\/f941e681460179738071629a51574930?s=96&d=mm&r=g","contentUrl":"https:\/\/secure.gravatar.com\/avatar\/f941e681460179738071629a51574930?s=96&d=mm&r=g","caption":"Jean-Paul Erhard"},"url":"https:\/\/peoplesphere.be\/fr\/author\/jpe\/"}]}},"_links":{"self":[{"href":"https:\/\/peoplesphere.be\/fr\/wp-json\/wp\/v2\/posts\/17614"}],"collection":[{"href":"https:\/\/peoplesphere.be\/fr\/wp-json\/wp\/v2\/posts"}],"about":[{"href":"https:\/\/peoplesphere.be\/fr\/wp-json\/wp\/v2\/types\/post"}],"author":[{"embeddable":true,"href":"https:\/\/peoplesphere.be\/fr\/wp-json\/wp\/v2\/users\/2"}],"replies":[{"embeddable":true,"href":"https:\/\/peoplesphere.be\/fr\/wp-json\/wp\/v2\/comments?post=17614"}],"version-history":[{"count":1,"href":"https:\/\/peoplesphere.be\/fr\/wp-json\/wp\/v2\/posts\/17614\/revisions"}],"predecessor-version":[{"id":17615,"href":"https:\/\/peoplesphere.be\/fr\/wp-json\/wp\/v2\/posts\/17614\/revisions\/17615"}],"wp:attachment":[{"href":"https:\/\/peoplesphere.be\/fr\/wp-json\/wp\/v2\/media?parent=17614"}],"wp:term":[{"taxonomy":"category","embeddable":true,"href":"https:\/\/peoplesphere.be\/fr\/wp-json\/wp\/v2\/categories?post=17614"},{"taxonomy":"post_tag","embeddable":true,"href":"https:\/\/peoplesphere.be\/fr\/wp-json\/wp\/v2\/tags?post=17614"}],"curies":[{"name":"wp","href":"https:\/\/api.w.org\/{rel}","templated":true}]}}