









{"id":17647,"date":"2025-04-22T12:39:41","date_gmt":"2025-04-22T10:39:41","guid":{"rendered":"https:\/\/peoplesphere.be\/fr\/?p=17647"},"modified":"2025-04-22T12:39:41","modified_gmt":"2025-04-22T10:39:41","slug":"les-cellules-de-reconversion-wallonnes-en-passe-detre-repensees-le-secteur-de-loutplacement-se-positionne","status":"publish","type":"post","link":"https:\/\/peoplesphere.be\/fr\/les-cellules-de-reconversion-wallonnes-en-passe-detre-repensees-le-secteur-de-loutplacement-se-positionne\/","title":{"rendered":"Les cellules de reconversion wallonnes en passe d&rsquo;\u00eatre repens\u00e9es, le secteur de l&rsquo;outplacement se positionne."},"content":{"rendered":"<p>Federgon soutient la vision du ministre wallon de l&rsquo;Emploi et de l&rsquo;\u00c9conomie Jeholet de r\u00e9former les cellules de reconversion par analogie avec les mod\u00e8les flamand et bruxellois d&rsquo;outplacement. Les chances des travailleurs licenci\u00e9s de retrouver un emploi augmentent, pour autant qu&rsquo;ils puissent b\u00e9n\u00e9ficier d&rsquo;un accompagnement ad\u00e9quat. Le secteur de l&rsquo;outplacement veut \u00eatre le candidat par excellence pour fournir cet accompagnement.<!--more--><\/p>\n<p>Ce matin, le ministre wallon de l&rsquo;Emploi Pierre-Yves Jeholet a annonc\u00e9 qu&rsquo;il souhaitait r\u00e9former les cellules de reconversion wallonnes sur le mod\u00e8le de l&rsquo;outplacement, tel qu&rsquo;il existe en Flandre et \u00e0 Bruxelles. Federgon, la f\u00e9d\u00e9ration patronale des prestataires de services RH priv\u00e9s, veut lui embo\u00eeter le pas. <em>\u00ab\u00a0Plus de quatre-vingt entreprises de l&rsquo;outplacement ont d\u00e9j\u00e0 fait leurs preuves en Flandre et \u00e0 Bruxelles\u00a0\u00bb,<\/em> r\u00e9pond Thierry Devillez, directeur Wallonie-Bruxelles chez Federgon. <em>\u00ab\u00a0Un licenciement est un moment intense et singuli\u00e8rement difficile pour le travailleur. C&rsquo;est pr\u00e9cis\u00e9ment \u00e0 ce moment-l\u00e0 qu&rsquo;il faut lui fournir un accompagnement humain et professionnel.\u00a0\u00bb<\/em><\/p>\n<h3><strong><em>Le bon moment<\/em><\/strong><\/h3>\n<p>Le ministre Jeholet prend sa d\u00e9cision \u00e0 un moment o\u00f9 le march\u00e9 du travail le r\u00e9clame. Le climat \u00e9conomique n\u00e9gatif p\u00e8se sur les entreprises, entra\u00eenant de plus en plus souvent des licenciements collectifs, voire des faillites. D&rsquo;autre part, les tensions sur le march\u00e9 du travail sont encore tr\u00e8s fortes. Des conseils appropri\u00e9s sont donc indispensables pour r\u00e9orienter les personnes et leur donner les moyens de retrouver leur place sur le march\u00e9 du travail.<\/p>\n<p><em>\u00ab\u00a0Le secteur de l&rsquo;outplacement a montr\u00e9 depuis de nombreuses ann\u00e9es qu&rsquo;il pouvait faire face \u00e0 la situation sur le march\u00e9 du travail, tant lors d\u2019un licenciement collectif que lors d\u2019un licenciement individuel\u00a0\u00bb,<\/em> d\u00e9clare M. Devillez. L&rsquo;affaiblissement du climat \u00e9conomique et la tension sur le march\u00e9 du travail se traduisent par une augmentation du nombre de trajets d&rsquo;outplacement entam\u00e9s, mais aussi par un taux de placement plus \u00e9lev\u00e9. 2024 a \u00e9t\u00e9 une ann\u00e9e record, avec un taux de r\u00e9insertion de 64,6% apr\u00e8s des licenciements collectifs dans les 6 mois d\u2019accompagnement.<\/p>\n<p><em>\u00ab\u00a0Le march\u00e9 du travail est \u00e0 la recherche de talents\u00a0\u00bb<\/em>, conclut M. Devillez. <em>\u00ab\u00a0Un licenciement peut \u00eatre une p\u00e9riode tr\u00e8s turbulente qui cr\u00e9e beaucoup d&rsquo;incertitude, mais le secteur de l&rsquo;outplacement est pr\u00eat \u00e0 aider les gens \u00e0 retrouver leur place sur le march\u00e9 du travail. Les consultants des bureaux d\u2019outplacement poss\u00e8dent les comp\u00e9tences, les outils et le r\u00e9seau pour aider les travailleurs dans leur recherche d\u2019emploi et dans leur reconversion \u00e9ventuelle. Plus de 80 entreprises de Federgon veulent relever le gant avec le ministre Jeholet.\u00a0\u00bb<\/em><\/p>\n<p>&nbsp;<\/p>\n<p><em>Source: Federgon<\/em><\/p>\n","protected":false},"excerpt":{"rendered":"<p>Federgon soutient la vision du ministre wallon de l&rsquo;Emploi et de l&rsquo;\u00c9conomie Jeholet de r\u00e9former les cellules de reconversion par analogie avec les mod\u00e8les flamand et bruxellois d&rsquo;outplacement. Les chances des travailleurs licenci\u00e9s de retrouver un emploi augmentent, pour autant [&hellip;]<\/p>\n","protected":false},"author":2,"featured_media":17648,"comment_status":"closed","ping_status":"open","sticky":false,"template":"","format":"standard","meta":[],"categories":[65,10],"tags":[134,321,1271,342],"yoast_head":"<!-- This site is optimized with the Yoast SEO plugin v21.0 - https:\/\/yoast.com\/wordpress\/plugins\/seo\/ -->\n<title>Les cellules de reconversion wallonnes en passe d&#039;\u00eatre repens\u00e9es, le secteur de l&#039;outplacement se positionne. - Peoplesphere<\/title>\n<meta name=\"robots\" content=\"index, follow, max-snippet:-1, max-image-preview:large, max-video-preview:-1\" \/>\n<link rel=\"canonical\" href=\"https:\/\/peoplesphere.be\/fr\/les-cellules-de-reconversion-wallonnes-en-passe-detre-repensees-le-secteur-de-loutplacement-se-positionne\/\" \/>\n<meta property=\"og:locale\" content=\"fr_FR\" \/>\n<meta property=\"og:type\" content=\"article\" \/>\n<meta property=\"og:title\" content=\"Les cellules de reconversion wallonnes en passe d&#039;\u00eatre repens\u00e9es, le secteur de l&#039;outplacement se positionne. - Peoplesphere\" \/>\n<meta property=\"og:description\" content=\"Federgon soutient la vision du ministre wallon de l&rsquo;Emploi et de l&rsquo;\u00c9conomie Jeholet de r\u00e9former les cellules de reconversion par analogie avec les mod\u00e8les flamand et bruxellois d&rsquo;outplacement. Les chances des travailleurs licenci\u00e9s de retrouver un emploi augmentent, pour autant [&hellip;]\" \/>\n<meta property=\"og:url\" content=\"https:\/\/peoplesphere.be\/fr\/les-cellules-de-reconversion-wallonnes-en-passe-detre-repensees-le-secteur-de-loutplacement-se-positionne\/\" \/>\n<meta property=\"og:site_name\" content=\"Peoplesphere\" \/>\n<meta property=\"article:publisher\" content=\"https:\/\/www.facebook.com\/peoplesphere\" \/>\n<meta property=\"article:published_time\" content=\"2025-04-22T10:39:41+00:00\" \/>\n<meta property=\"og:image\" content=\"https:\/\/peoplesphere.be\/fr\/wp-content\/uploads\/2025\/04\/20250422outplacement.jpg\" \/>\n\t<meta property=\"og:image:width\" content=\"800\" \/>\n\t<meta property=\"og:image:height\" content=\"534\" \/>\n\t<meta property=\"og:image:type\" content=\"image\/jpeg\" \/>\n<meta name=\"author\" content=\"Jean-Paul Erhard\" \/>\n<meta name=\"twitter:card\" content=\"summary_large_image\" \/>\n<meta name=\"twitter:creator\" content=\"@PeoplesphereMag\" \/>\n<meta name=\"twitter:site\" content=\"@PeoplesphereMag\" \/>\n<meta name=\"twitter:label1\" content=\"\u00c9crit par\" \/>\n\t<meta name=\"twitter:data1\" content=\"Jean-Paul Erhard\" \/>\n\t<meta name=\"twitter:label2\" content=\"Dur\u00e9e de lecture estim\u00e9e\" \/>\n\t<meta name=\"twitter:data2\" content=\"3 minutes\" \/>\n<script type=\"application\/ld+json\" class=\"yoast-schema-graph\">{\"@context\":\"https:\/\/schema.org\",\"@graph\":[{\"@type\":\"Article\",\"@id\":\"https:\/\/peoplesphere.be\/fr\/les-cellules-de-reconversion-wallonnes-en-passe-detre-repensees-le-secteur-de-loutplacement-se-positionne\/#article\",\"isPartOf\":{\"@id\":\"https:\/\/peoplesphere.be\/fr\/les-cellules-de-reconversion-wallonnes-en-passe-detre-repensees-le-secteur-de-loutplacement-se-positionne\/\"},\"author\":{\"name\":\"Jean-Paul Erhard\",\"@id\":\"https:\/\/peoplesphere.be\/fr\/#\/schema\/person\/7976225ff17988604334abb7b3536a7e\"},\"headline\":\"Les cellules de reconversion wallonnes en passe d&rsquo;\u00eatre repens\u00e9es, le secteur de l&rsquo;outplacement se positionne.\",\"datePublished\":\"2025-04-22T10:39:41+00:00\",\"dateModified\":\"2025-04-22T10:39:41+00:00\",\"mainEntityOfPage\":{\"@id\":\"https:\/\/peoplesphere.be\/fr\/les-cellules-de-reconversion-wallonnes-en-passe-detre-repensees-le-secteur-de-loutplacement-se-positionne\/\"},\"wordCount\":458,\"publisher\":{\"@id\":\"https:\/\/peoplesphere.be\/fr\/#organization\"},\"keywords\":[\"licenciement\",\"outplacement\",\"reconversion\",\"restructuration\"],\"articleSection\":[\"Actualit\u00e9s\",\"Digital\"],\"inLanguage\":\"fr-FR\"},{\"@type\":\"WebPage\",\"@id\":\"https:\/\/peoplesphere.be\/fr\/les-cellules-de-reconversion-wallonnes-en-passe-detre-repensees-le-secteur-de-loutplacement-se-positionne\/\",\"url\":\"https:\/\/peoplesphere.be\/fr\/les-cellules-de-reconversion-wallonnes-en-passe-detre-repensees-le-secteur-de-loutplacement-se-positionne\/\",\"name\":\"Les cellules de reconversion wallonnes en passe d'\u00eatre repens\u00e9es, le secteur de l'outplacement se positionne. - Peoplesphere\",\"isPartOf\":{\"@id\":\"https:\/\/peoplesphere.be\/fr\/#website\"},\"datePublished\":\"2025-04-22T10:39:41+00:00\",\"dateModified\":\"2025-04-22T10:39:41+00:00\",\"breadcrumb\":{\"@id\":\"https:\/\/peoplesphere.be\/fr\/les-cellules-de-reconversion-wallonnes-en-passe-detre-repensees-le-secteur-de-loutplacement-se-positionne\/#breadcrumb\"},\"inLanguage\":\"fr-FR\",\"potentialAction\":[{\"@type\":\"ReadAction\",\"target\":[\"https:\/\/peoplesphere.be\/fr\/les-cellules-de-reconversion-wallonnes-en-passe-detre-repensees-le-secteur-de-loutplacement-se-positionne\/\"]}]},{\"@type\":\"BreadcrumbList\",\"@id\":\"https:\/\/peoplesphere.be\/fr\/les-cellules-de-reconversion-wallonnes-en-passe-detre-repensees-le-secteur-de-loutplacement-se-positionne\/#breadcrumb\",\"itemListElement\":[{\"@type\":\"ListItem\",\"position\":1,\"name\":\"Accueil\",\"item\":\"https:\/\/peoplesphere.be\/fr\/\"},{\"@type\":\"ListItem\",\"position\":2,\"name\":\"Les cellules de reconversion wallonnes en passe d&rsquo;\u00eatre repens\u00e9es, le secteur de l&rsquo;outplacement se positionne.\"}]},{\"@type\":\"WebSite\",\"@id\":\"https:\/\/peoplesphere.be\/fr\/#website\",\"url\":\"https:\/\/peoplesphere.be\/fr\/\",\"name\":\"Peoplesphere\",\"description\":\"The People Managers Magazine\",\"publisher\":{\"@id\":\"https:\/\/peoplesphere.be\/fr\/#organization\"},\"potentialAction\":[{\"@type\":\"SearchAction\",\"target\":{\"@type\":\"EntryPoint\",\"urlTemplate\":\"https:\/\/peoplesphere.be\/fr\/?s={search_term_string}\"},\"query-input\":\"required name=search_term_string\"}],\"inLanguage\":\"fr-FR\"},{\"@type\":\"Organization\",\"@id\":\"https:\/\/peoplesphere.be\/fr\/#organization\",\"name\":\"Peoplesphere Company srl\",\"url\":\"https:\/\/peoplesphere.be\/fr\/\",\"logo\":{\"@type\":\"ImageObject\",\"inLanguage\":\"fr-FR\",\"@id\":\"https:\/\/peoplesphere.be\/fr\/#\/schema\/logo\/image\/\",\"url\":\"https:\/\/peoplesphere.be\/fr\/wp-content\/uploads\/2023\/07\/peoplesphere-lgo-new-generik.jpg\",\"contentUrl\":\"https:\/\/peoplesphere.be\/fr\/wp-content\/uploads\/2023\/07\/peoplesphere-lgo-new-generik.jpg\",\"width\":1031,\"height\":1479,\"caption\":\"Peoplesphere Company srl\"},\"image\":{\"@id\":\"https:\/\/peoplesphere.be\/fr\/#\/schema\/logo\/image\/\"},\"sameAs\":[\"https:\/\/www.facebook.com\/peoplesphere\",\"https:\/\/twitter.com\/PeoplesphereMag\",\"https:\/\/www.linkedin.com\/company\/7587361?trk\",\"http:\/\/youtube.com\/peoplesphere\"]},{\"@type\":\"Person\",\"@id\":\"https:\/\/peoplesphere.be\/fr\/#\/schema\/person\/7976225ff17988604334abb7b3536a7e\",\"name\":\"Jean-Paul Erhard\",\"image\":{\"@type\":\"ImageObject\",\"inLanguage\":\"fr-FR\",\"@id\":\"https:\/\/peoplesphere.be\/fr\/#\/schema\/person\/image\/\",\"url\":\"https:\/\/secure.gravatar.com\/avatar\/f941e681460179738071629a51574930?s=96&d=mm&r=g\",\"contentUrl\":\"https:\/\/secure.gravatar.com\/avatar\/f941e681460179738071629a51574930?s=96&d=mm&r=g\",\"caption\":\"Jean-Paul Erhard\"},\"url\":\"https:\/\/peoplesphere.be\/fr\/author\/jpe\/\"}]}<\/script>\n<!-- \/ Yoast SEO plugin. -->","yoast_head_json":{"title":"Les cellules de reconversion wallonnes en passe d'\u00eatre repens\u00e9es, le secteur de l'outplacement se positionne. - Peoplesphere","robots":{"index":"index","follow":"follow","max-snippet":"max-snippet:-1","max-image-preview":"max-image-preview:large","max-video-preview":"max-video-preview:-1"},"canonical":"https:\/\/peoplesphere.be\/fr\/les-cellules-de-reconversion-wallonnes-en-passe-detre-repensees-le-secteur-de-loutplacement-se-positionne\/","og_locale":"fr_FR","og_type":"article","og_title":"Les cellules de reconversion wallonnes en passe d'\u00eatre repens\u00e9es, le secteur de l'outplacement se positionne. - Peoplesphere","og_description":"Federgon soutient la vision du ministre wallon de l&rsquo;Emploi et de l&rsquo;\u00c9conomie Jeholet de r\u00e9former les cellules de reconversion par analogie avec les mod\u00e8les flamand et bruxellois d&rsquo;outplacement. Les chances des travailleurs licenci\u00e9s de retrouver un emploi augmentent, pour autant [&hellip;]","og_url":"https:\/\/peoplesphere.be\/fr\/les-cellules-de-reconversion-wallonnes-en-passe-detre-repensees-le-secteur-de-loutplacement-se-positionne\/","og_site_name":"Peoplesphere","article_publisher":"https:\/\/www.facebook.com\/peoplesphere","article_published_time":"2025-04-22T10:39:41+00:00","og_image":[{"width":800,"height":534,"url":"https:\/\/peoplesphere.be\/fr\/wp-content\/uploads\/2025\/04\/20250422outplacement.jpg","type":"image\/jpeg"}],"author":"Jean-Paul Erhard","twitter_card":"summary_large_image","twitter_creator":"@PeoplesphereMag","twitter_site":"@PeoplesphereMag","twitter_misc":{"\u00c9crit par":"Jean-Paul Erhard","Dur\u00e9e de lecture estim\u00e9e":"3 minutes"},"schema":{"@context":"https:\/\/schema.org","@graph":[{"@type":"Article","@id":"https:\/\/peoplesphere.be\/fr\/les-cellules-de-reconversion-wallonnes-en-passe-detre-repensees-le-secteur-de-loutplacement-se-positionne\/#article","isPartOf":{"@id":"https:\/\/peoplesphere.be\/fr\/les-cellules-de-reconversion-wallonnes-en-passe-detre-repensees-le-secteur-de-loutplacement-se-positionne\/"},"author":{"name":"Jean-Paul Erhard","@id":"https:\/\/peoplesphere.be\/fr\/#\/schema\/person\/7976225ff17988604334abb7b3536a7e"},"headline":"Les cellules de reconversion wallonnes en passe d&rsquo;\u00eatre repens\u00e9es, le secteur de l&rsquo;outplacement se positionne.","datePublished":"2025-04-22T10:39:41+00:00","dateModified":"2025-04-22T10:39:41+00:00","mainEntityOfPage":{"@id":"https:\/\/peoplesphere.be\/fr\/les-cellules-de-reconversion-wallonnes-en-passe-detre-repensees-le-secteur-de-loutplacement-se-positionne\/"},"wordCount":458,"publisher":{"@id":"https:\/\/peoplesphere.be\/fr\/#organization"},"keywords":["licenciement","outplacement","reconversion","restructuration"],"articleSection":["Actualit\u00e9s","Digital"],"inLanguage":"fr-FR"},{"@type":"WebPage","@id":"https:\/\/peoplesphere.be\/fr\/les-cellules-de-reconversion-wallonnes-en-passe-detre-repensees-le-secteur-de-loutplacement-se-positionne\/","url":"https:\/\/peoplesphere.be\/fr\/les-cellules-de-reconversion-wallonnes-en-passe-detre-repensees-le-secteur-de-loutplacement-se-positionne\/","name":"Les cellules de reconversion wallonnes en passe d'\u00eatre repens\u00e9es, le secteur de l'outplacement se positionne. - Peoplesphere","isPartOf":{"@id":"https:\/\/peoplesphere.be\/fr\/#website"},"datePublished":"2025-04-22T10:39:41+00:00","dateModified":"2025-04-22T10:39:41+00:00","breadcrumb":{"@id":"https:\/\/peoplesphere.be\/fr\/les-cellules-de-reconversion-wallonnes-en-passe-detre-repensees-le-secteur-de-loutplacement-se-positionne\/#breadcrumb"},"inLanguage":"fr-FR","potentialAction":[{"@type":"ReadAction","target":["https:\/\/peoplesphere.be\/fr\/les-cellules-de-reconversion-wallonnes-en-passe-detre-repensees-le-secteur-de-loutplacement-se-positionne\/"]}]},{"@type":"BreadcrumbList","@id":"https:\/\/peoplesphere.be\/fr\/les-cellules-de-reconversion-wallonnes-en-passe-detre-repensees-le-secteur-de-loutplacement-se-positionne\/#breadcrumb","itemListElement":[{"@type":"ListItem","position":1,"name":"Accueil","item":"https:\/\/peoplesphere.be\/fr\/"},{"@type":"ListItem","position":2,"name":"Les cellules de reconversion wallonnes en passe d&rsquo;\u00eatre repens\u00e9es, le secteur de l&rsquo;outplacement se positionne."}]},{"@type":"WebSite","@id":"https:\/\/peoplesphere.be\/fr\/#website","url":"https:\/\/peoplesphere.be\/fr\/","name":"Peoplesphere","description":"The People Managers Magazine","publisher":{"@id":"https:\/\/peoplesphere.be\/fr\/#organization"},"potentialAction":[{"@type":"SearchAction","target":{"@type":"EntryPoint","urlTemplate":"https:\/\/peoplesphere.be\/fr\/?s={search_term_string}"},"query-input":"required name=search_term_string"}],"inLanguage":"fr-FR"},{"@type":"Organization","@id":"https:\/\/peoplesphere.be\/fr\/#organization","name":"Peoplesphere Company srl","url":"https:\/\/peoplesphere.be\/fr\/","logo":{"@type":"ImageObject","inLanguage":"fr-FR","@id":"https:\/\/peoplesphere.be\/fr\/#\/schema\/logo\/image\/","url":"https:\/\/peoplesphere.be\/fr\/wp-content\/uploads\/2023\/07\/peoplesphere-lgo-new-generik.jpg","contentUrl":"https:\/\/peoplesphere.be\/fr\/wp-content\/uploads\/2023\/07\/peoplesphere-lgo-new-generik.jpg","width":1031,"height":1479,"caption":"Peoplesphere Company srl"},"image":{"@id":"https:\/\/peoplesphere.be\/fr\/#\/schema\/logo\/image\/"},"sameAs":["https:\/\/www.facebook.com\/peoplesphere","https:\/\/twitter.com\/PeoplesphereMag","https:\/\/www.linkedin.com\/company\/7587361?trk","http:\/\/youtube.com\/peoplesphere"]},{"@type":"Person","@id":"https:\/\/peoplesphere.be\/fr\/#\/schema\/person\/7976225ff17988604334abb7b3536a7e","name":"Jean-Paul Erhard","image":{"@type":"ImageObject","inLanguage":"fr-FR","@id":"https:\/\/peoplesphere.be\/fr\/#\/schema\/person\/image\/","url":"https:\/\/secure.gravatar.com\/avatar\/f941e681460179738071629a51574930?s=96&d=mm&r=g","contentUrl":"https:\/\/secure.gravatar.com\/avatar\/f941e681460179738071629a51574930?s=96&d=mm&r=g","caption":"Jean-Paul Erhard"},"url":"https:\/\/peoplesphere.be\/fr\/author\/jpe\/"}]}},"_links":{"self":[{"href":"https:\/\/peoplesphere.be\/fr\/wp-json\/wp\/v2\/posts\/17647"}],"collection":[{"href":"https:\/\/peoplesphere.be\/fr\/wp-json\/wp\/v2\/posts"}],"about":[{"href":"https:\/\/peoplesphere.be\/fr\/wp-json\/wp\/v2\/types\/post"}],"author":[{"embeddable":true,"href":"https:\/\/peoplesphere.be\/fr\/wp-json\/wp\/v2\/users\/2"}],"replies":[{"embeddable":true,"href":"https:\/\/peoplesphere.be\/fr\/wp-json\/wp\/v2\/comments?post=17647"}],"version-history":[{"count":1,"href":"https:\/\/peoplesphere.be\/fr\/wp-json\/wp\/v2\/posts\/17647\/revisions"}],"predecessor-version":[{"id":17649,"href":"https:\/\/peoplesphere.be\/fr\/wp-json\/wp\/v2\/posts\/17647\/revisions\/17649"}],"wp:featuredmedia":[{"embeddable":true,"href":"https:\/\/peoplesphere.be\/fr\/wp-json\/wp\/v2\/media\/17648"}],"wp:attachment":[{"href":"https:\/\/peoplesphere.be\/fr\/wp-json\/wp\/v2\/media?parent=17647"}],"wp:term":[{"taxonomy":"category","embeddable":true,"href":"https:\/\/peoplesphere.be\/fr\/wp-json\/wp\/v2\/categories?post=17647"},{"taxonomy":"post_tag","embeddable":true,"href":"https:\/\/peoplesphere.be\/fr\/wp-json\/wp\/v2\/tags?post=17647"}],"curies":[{"name":"wp","href":"https:\/\/api.w.org\/{rel}","templated":true}]}}