









{"id":17673,"date":"2025-04-25T15:46:57","date_gmt":"2025-04-25T13:46:57","guid":{"rendered":"https:\/\/peoplesphere.be\/fr\/?p=17673"},"modified":"2025-04-25T15:46:57","modified_gmt":"2025-04-25T13:46:57","slug":"un-premier-trimestre-difficile-pour-le-secteur-du-travail-temporaire-confronte-a-linstabilite-geopolitique","status":"publish","type":"post","link":"https:\/\/peoplesphere.be\/fr\/un-premier-trimestre-difficile-pour-le-secteur-du-travail-temporaire-confronte-a-linstabilite-geopolitique\/","title":{"rendered":"Un premier trimestre difficile pour le secteur du travail temporaire confront\u00e9 \u00e0 l&rsquo;instabilit\u00e9 g\u00e9opolitique."},"content":{"rendered":"<p>Au mois de mars 2025, le nombre d\u2019heures d\u2019int\u00e9rim prest\u00e9es a diminu\u00e9 de -0,12% par rapport au mois pr\u00e9c\u00e9dent (en donn\u00e9es corrig\u00e9es des variations saisonni\u00e8res et des effets de calendrier). Ce chiffre r\u00e9sulte d\u2019une \u00e9volution positive du nombre d\u2019heures prest\u00e9es de +0,75% du c\u00f4t\u00e9 des employ\u00e9s et d\u2019une diminution de -0,78% du c\u00f4t\u00e9 des ouvriers.<!--more--><\/p>\n<p>Par rapport au mois de mars de l\u2019ann\u00e9e pr\u00e9c\u00e9dente, le secteur de l\u2019int\u00e9rim affiche une baisse de -4,15%. Ce chiffre r\u00e9sulte d\u2019une diminution de -5,70% dans le segment des employ\u00e9s, et de -2,97% dans le segment des ouvriers.<\/p>\n<p>L\u2019indice Federgon a atteint 87,19 points en mars 2025 contre 87,30 points le mois pr\u00e9c\u00e9dent. Cet indice rend compte du niveau de l\u2019activit\u00e9 au cours du mois \u00e9tudi\u00e9 par rapport au mois de janvier 2007 (base 100), en chiffres d\u00e9saisonnalis\u00e9s.<\/p>\n<p><em>\u00ab\u00a0En mars, l&rsquo;activit\u00e9 int\u00e9rimaire continue de baisser par rapport \u00e0 l&rsquo;ann\u00e9e pr\u00e9c\u00e9dente. Par rapport aux mois pr\u00e9c\u00e9dents, il semble y avoir une stabilisation, mais le contexte g\u00e9opolitique actuel suscite des incertitudes quant \u00e0 l&rsquo;impact sur l&rsquo;\u00e9conomie et, par cons\u00e9quent, sur l&rsquo;activit\u00e9 int\u00e9rimaire.\u00a0\u00bb<\/em> explique Paul Verschueren, Directeur Research &amp; Economic Affairs.<\/p>\n<p>&nbsp;<\/p>\n<p><em>Source: Federgon<\/em><\/p>\n","protected":false},"excerpt":{"rendered":"<p>Au mois de mars 2025, le nombre d\u2019heures d\u2019int\u00e9rim prest\u00e9es a diminu\u00e9 de -0,12% par rapport au mois pr\u00e9c\u00e9dent (en donn\u00e9es corrig\u00e9es des variations saisonni\u00e8res et des effets de calendrier). Ce chiffre r\u00e9sulte d\u2019une \u00e9volution positive du nombre d\u2019heures prest\u00e9es [&hellip;]<\/p>\n","protected":false},"author":2,"featured_media":0,"comment_status":"closed","ping_status":"open","sticky":false,"template":"","format":"standard","meta":[],"categories":[65,10],"tags":[198,3266,12,1838],"yoast_head":"<!-- This site is optimized with the Yoast SEO plugin v21.0 - https:\/\/yoast.com\/wordpress\/plugins\/seo\/ -->\n<title>Un premier trimestre difficile pour le secteur du travail temporaire confront\u00e9 \u00e0 l&#039;instabilit\u00e9 g\u00e9opolitique. - Peoplesphere<\/title>\n<meta name=\"robots\" content=\"index, follow, max-snippet:-1, max-image-preview:large, max-video-preview:-1\" \/>\n<link rel=\"canonical\" href=\"https:\/\/peoplesphere.be\/fr\/un-premier-trimestre-difficile-pour-le-secteur-du-travail-temporaire-confronte-a-linstabilite-geopolitique\/\" \/>\n<meta property=\"og:locale\" content=\"fr_FR\" \/>\n<meta property=\"og:type\" content=\"article\" \/>\n<meta property=\"og:title\" content=\"Un premier trimestre difficile pour le secteur du travail temporaire confront\u00e9 \u00e0 l&#039;instabilit\u00e9 g\u00e9opolitique. - Peoplesphere\" \/>\n<meta property=\"og:description\" content=\"Au mois de mars 2025, le nombre d\u2019heures d\u2019int\u00e9rim prest\u00e9es a diminu\u00e9 de -0,12% par rapport au mois pr\u00e9c\u00e9dent (en donn\u00e9es corrig\u00e9es des variations saisonni\u00e8res et des effets de calendrier). Ce chiffre r\u00e9sulte d\u2019une \u00e9volution positive du nombre d\u2019heures prest\u00e9es [&hellip;]\" \/>\n<meta property=\"og:url\" content=\"https:\/\/peoplesphere.be\/fr\/un-premier-trimestre-difficile-pour-le-secteur-du-travail-temporaire-confronte-a-linstabilite-geopolitique\/\" \/>\n<meta property=\"og:site_name\" content=\"Peoplesphere\" \/>\n<meta property=\"article:publisher\" content=\"https:\/\/www.facebook.com\/peoplesphere\" \/>\n<meta property=\"article:published_time\" content=\"2025-04-25T13:46:57+00:00\" \/>\n<meta property=\"og:image\" content=\"http:\/\/www.peoplesphere.be\/fr\/wp-content\/uploads\/2016\/07\/facebook-default-posting-1200x628px.jpg\" \/>\n<meta name=\"author\" content=\"Jean-Paul Erhard\" \/>\n<meta name=\"twitter:card\" content=\"summary_large_image\" \/>\n<meta name=\"twitter:creator\" content=\"@PeoplesphereMag\" \/>\n<meta name=\"twitter:site\" content=\"@PeoplesphereMag\" \/>\n<meta name=\"twitter:label1\" content=\"\u00c9crit par\" \/>\n\t<meta name=\"twitter:data1\" content=\"Jean-Paul Erhard\" \/>\n\t<meta name=\"twitter:label2\" content=\"Dur\u00e9e de lecture estim\u00e9e\" \/>\n\t<meta name=\"twitter:data2\" content=\"1 minute\" \/>\n<script type=\"application\/ld+json\" class=\"yoast-schema-graph\">{\"@context\":\"https:\/\/schema.org\",\"@graph\":[{\"@type\":\"Article\",\"@id\":\"https:\/\/peoplesphere.be\/fr\/un-premier-trimestre-difficile-pour-le-secteur-du-travail-temporaire-confronte-a-linstabilite-geopolitique\/#article\",\"isPartOf\":{\"@id\":\"https:\/\/peoplesphere.be\/fr\/un-premier-trimestre-difficile-pour-le-secteur-du-travail-temporaire-confronte-a-linstabilite-geopolitique\/\"},\"author\":{\"name\":\"Jean-Paul Erhard\",\"@id\":\"https:\/\/peoplesphere.be\/fr\/#\/schema\/person\/7976225ff17988604334abb7b3536a7e\"},\"headline\":\"Un premier trimestre difficile pour le secteur du travail temporaire confront\u00e9 \u00e0 l&rsquo;instabilit\u00e9 g\u00e9opolitique.\",\"datePublished\":\"2025-04-25T13:46:57+00:00\",\"dateModified\":\"2025-04-25T13:46:57+00:00\",\"mainEntityOfPage\":{\"@id\":\"https:\/\/peoplesphere.be\/fr\/un-premier-trimestre-difficile-pour-le-secteur-du-travail-temporaire-confronte-a-linstabilite-geopolitique\/\"},\"wordCount\":233,\"publisher\":{\"@id\":\"https:\/\/peoplesphere.be\/fr\/#organization\"},\"keywords\":[\"federgon\",\"incertitude\",\"int\u00e9rim\",\"travail temporaire\"],\"articleSection\":[\"Actualit\u00e9s\",\"Digital\"],\"inLanguage\":\"fr-FR\"},{\"@type\":\"WebPage\",\"@id\":\"https:\/\/peoplesphere.be\/fr\/un-premier-trimestre-difficile-pour-le-secteur-du-travail-temporaire-confronte-a-linstabilite-geopolitique\/\",\"url\":\"https:\/\/peoplesphere.be\/fr\/un-premier-trimestre-difficile-pour-le-secteur-du-travail-temporaire-confronte-a-linstabilite-geopolitique\/\",\"name\":\"Un premier trimestre difficile pour le secteur du travail temporaire confront\u00e9 \u00e0 l'instabilit\u00e9 g\u00e9opolitique. - Peoplesphere\",\"isPartOf\":{\"@id\":\"https:\/\/peoplesphere.be\/fr\/#website\"},\"datePublished\":\"2025-04-25T13:46:57+00:00\",\"dateModified\":\"2025-04-25T13:46:57+00:00\",\"breadcrumb\":{\"@id\":\"https:\/\/peoplesphere.be\/fr\/un-premier-trimestre-difficile-pour-le-secteur-du-travail-temporaire-confronte-a-linstabilite-geopolitique\/#breadcrumb\"},\"inLanguage\":\"fr-FR\",\"potentialAction\":[{\"@type\":\"ReadAction\",\"target\":[\"https:\/\/peoplesphere.be\/fr\/un-premier-trimestre-difficile-pour-le-secteur-du-travail-temporaire-confronte-a-linstabilite-geopolitique\/\"]}]},{\"@type\":\"BreadcrumbList\",\"@id\":\"https:\/\/peoplesphere.be\/fr\/un-premier-trimestre-difficile-pour-le-secteur-du-travail-temporaire-confronte-a-linstabilite-geopolitique\/#breadcrumb\",\"itemListElement\":[{\"@type\":\"ListItem\",\"position\":1,\"name\":\"Accueil\",\"item\":\"https:\/\/peoplesphere.be\/fr\/\"},{\"@type\":\"ListItem\",\"position\":2,\"name\":\"Un premier trimestre difficile pour le secteur du travail temporaire confront\u00e9 \u00e0 l&rsquo;instabilit\u00e9 g\u00e9opolitique.\"}]},{\"@type\":\"WebSite\",\"@id\":\"https:\/\/peoplesphere.be\/fr\/#website\",\"url\":\"https:\/\/peoplesphere.be\/fr\/\",\"name\":\"Peoplesphere\",\"description\":\"The People Managers Magazine\",\"publisher\":{\"@id\":\"https:\/\/peoplesphere.be\/fr\/#organization\"},\"potentialAction\":[{\"@type\":\"SearchAction\",\"target\":{\"@type\":\"EntryPoint\",\"urlTemplate\":\"https:\/\/peoplesphere.be\/fr\/?s={search_term_string}\"},\"query-input\":\"required name=search_term_string\"}],\"inLanguage\":\"fr-FR\"},{\"@type\":\"Organization\",\"@id\":\"https:\/\/peoplesphere.be\/fr\/#organization\",\"name\":\"Peoplesphere Company srl\",\"url\":\"https:\/\/peoplesphere.be\/fr\/\",\"logo\":{\"@type\":\"ImageObject\",\"inLanguage\":\"fr-FR\",\"@id\":\"https:\/\/peoplesphere.be\/fr\/#\/schema\/logo\/image\/\",\"url\":\"https:\/\/peoplesphere.be\/fr\/wp-content\/uploads\/2023\/07\/peoplesphere-lgo-new-generik.jpg\",\"contentUrl\":\"https:\/\/peoplesphere.be\/fr\/wp-content\/uploads\/2023\/07\/peoplesphere-lgo-new-generik.jpg\",\"width\":1031,\"height\":1479,\"caption\":\"Peoplesphere Company srl\"},\"image\":{\"@id\":\"https:\/\/peoplesphere.be\/fr\/#\/schema\/logo\/image\/\"},\"sameAs\":[\"https:\/\/www.facebook.com\/peoplesphere\",\"https:\/\/twitter.com\/PeoplesphereMag\",\"https:\/\/www.linkedin.com\/company\/7587361?trk\",\"http:\/\/youtube.com\/peoplesphere\"]},{\"@type\":\"Person\",\"@id\":\"https:\/\/peoplesphere.be\/fr\/#\/schema\/person\/7976225ff17988604334abb7b3536a7e\",\"name\":\"Jean-Paul Erhard\",\"image\":{\"@type\":\"ImageObject\",\"inLanguage\":\"fr-FR\",\"@id\":\"https:\/\/peoplesphere.be\/fr\/#\/schema\/person\/image\/\",\"url\":\"https:\/\/secure.gravatar.com\/avatar\/f941e681460179738071629a51574930?s=96&d=mm&r=g\",\"contentUrl\":\"https:\/\/secure.gravatar.com\/avatar\/f941e681460179738071629a51574930?s=96&d=mm&r=g\",\"caption\":\"Jean-Paul Erhard\"},\"url\":\"https:\/\/peoplesphere.be\/fr\/author\/jpe\/\"}]}<\/script>\n<!-- \/ Yoast SEO plugin. -->","yoast_head_json":{"title":"Un premier trimestre difficile pour le secteur du travail temporaire confront\u00e9 \u00e0 l'instabilit\u00e9 g\u00e9opolitique. - Peoplesphere","robots":{"index":"index","follow":"follow","max-snippet":"max-snippet:-1","max-image-preview":"max-image-preview:large","max-video-preview":"max-video-preview:-1"},"canonical":"https:\/\/peoplesphere.be\/fr\/un-premier-trimestre-difficile-pour-le-secteur-du-travail-temporaire-confronte-a-linstabilite-geopolitique\/","og_locale":"fr_FR","og_type":"article","og_title":"Un premier trimestre difficile pour le secteur du travail temporaire confront\u00e9 \u00e0 l'instabilit\u00e9 g\u00e9opolitique. - Peoplesphere","og_description":"Au mois de mars 2025, le nombre d\u2019heures d\u2019int\u00e9rim prest\u00e9es a diminu\u00e9 de -0,12% par rapport au mois pr\u00e9c\u00e9dent (en donn\u00e9es corrig\u00e9es des variations saisonni\u00e8res et des effets de calendrier). Ce chiffre r\u00e9sulte d\u2019une \u00e9volution positive du nombre d\u2019heures prest\u00e9es [&hellip;]","og_url":"https:\/\/peoplesphere.be\/fr\/un-premier-trimestre-difficile-pour-le-secteur-du-travail-temporaire-confronte-a-linstabilite-geopolitique\/","og_site_name":"Peoplesphere","article_publisher":"https:\/\/www.facebook.com\/peoplesphere","article_published_time":"2025-04-25T13:46:57+00:00","og_image":[{"url":"http:\/\/www.peoplesphere.be\/fr\/wp-content\/uploads\/2016\/07\/facebook-default-posting-1200x628px.jpg"}],"author":"Jean-Paul Erhard","twitter_card":"summary_large_image","twitter_creator":"@PeoplesphereMag","twitter_site":"@PeoplesphereMag","twitter_misc":{"\u00c9crit par":"Jean-Paul Erhard","Dur\u00e9e de lecture estim\u00e9e":"1 minute"},"schema":{"@context":"https:\/\/schema.org","@graph":[{"@type":"Article","@id":"https:\/\/peoplesphere.be\/fr\/un-premier-trimestre-difficile-pour-le-secteur-du-travail-temporaire-confronte-a-linstabilite-geopolitique\/#article","isPartOf":{"@id":"https:\/\/peoplesphere.be\/fr\/un-premier-trimestre-difficile-pour-le-secteur-du-travail-temporaire-confronte-a-linstabilite-geopolitique\/"},"author":{"name":"Jean-Paul Erhard","@id":"https:\/\/peoplesphere.be\/fr\/#\/schema\/person\/7976225ff17988604334abb7b3536a7e"},"headline":"Un premier trimestre difficile pour le secteur du travail temporaire confront\u00e9 \u00e0 l&rsquo;instabilit\u00e9 g\u00e9opolitique.","datePublished":"2025-04-25T13:46:57+00:00","dateModified":"2025-04-25T13:46:57+00:00","mainEntityOfPage":{"@id":"https:\/\/peoplesphere.be\/fr\/un-premier-trimestre-difficile-pour-le-secteur-du-travail-temporaire-confronte-a-linstabilite-geopolitique\/"},"wordCount":233,"publisher":{"@id":"https:\/\/peoplesphere.be\/fr\/#organization"},"keywords":["federgon","incertitude","int\u00e9rim","travail temporaire"],"articleSection":["Actualit\u00e9s","Digital"],"inLanguage":"fr-FR"},{"@type":"WebPage","@id":"https:\/\/peoplesphere.be\/fr\/un-premier-trimestre-difficile-pour-le-secteur-du-travail-temporaire-confronte-a-linstabilite-geopolitique\/","url":"https:\/\/peoplesphere.be\/fr\/un-premier-trimestre-difficile-pour-le-secteur-du-travail-temporaire-confronte-a-linstabilite-geopolitique\/","name":"Un premier trimestre difficile pour le secteur du travail temporaire confront\u00e9 \u00e0 l'instabilit\u00e9 g\u00e9opolitique. - Peoplesphere","isPartOf":{"@id":"https:\/\/peoplesphere.be\/fr\/#website"},"datePublished":"2025-04-25T13:46:57+00:00","dateModified":"2025-04-25T13:46:57+00:00","breadcrumb":{"@id":"https:\/\/peoplesphere.be\/fr\/un-premier-trimestre-difficile-pour-le-secteur-du-travail-temporaire-confronte-a-linstabilite-geopolitique\/#breadcrumb"},"inLanguage":"fr-FR","potentialAction":[{"@type":"ReadAction","target":["https:\/\/peoplesphere.be\/fr\/un-premier-trimestre-difficile-pour-le-secteur-du-travail-temporaire-confronte-a-linstabilite-geopolitique\/"]}]},{"@type":"BreadcrumbList","@id":"https:\/\/peoplesphere.be\/fr\/un-premier-trimestre-difficile-pour-le-secteur-du-travail-temporaire-confronte-a-linstabilite-geopolitique\/#breadcrumb","itemListElement":[{"@type":"ListItem","position":1,"name":"Accueil","item":"https:\/\/peoplesphere.be\/fr\/"},{"@type":"ListItem","position":2,"name":"Un premier trimestre difficile pour le secteur du travail temporaire confront\u00e9 \u00e0 l&rsquo;instabilit\u00e9 g\u00e9opolitique."}]},{"@type":"WebSite","@id":"https:\/\/peoplesphere.be\/fr\/#website","url":"https:\/\/peoplesphere.be\/fr\/","name":"Peoplesphere","description":"The People Managers Magazine","publisher":{"@id":"https:\/\/peoplesphere.be\/fr\/#organization"},"potentialAction":[{"@type":"SearchAction","target":{"@type":"EntryPoint","urlTemplate":"https:\/\/peoplesphere.be\/fr\/?s={search_term_string}"},"query-input":"required name=search_term_string"}],"inLanguage":"fr-FR"},{"@type":"Organization","@id":"https:\/\/peoplesphere.be\/fr\/#organization","name":"Peoplesphere Company srl","url":"https:\/\/peoplesphere.be\/fr\/","logo":{"@type":"ImageObject","inLanguage":"fr-FR","@id":"https:\/\/peoplesphere.be\/fr\/#\/schema\/logo\/image\/","url":"https:\/\/peoplesphere.be\/fr\/wp-content\/uploads\/2023\/07\/peoplesphere-lgo-new-generik.jpg","contentUrl":"https:\/\/peoplesphere.be\/fr\/wp-content\/uploads\/2023\/07\/peoplesphere-lgo-new-generik.jpg","width":1031,"height":1479,"caption":"Peoplesphere Company srl"},"image":{"@id":"https:\/\/peoplesphere.be\/fr\/#\/schema\/logo\/image\/"},"sameAs":["https:\/\/www.facebook.com\/peoplesphere","https:\/\/twitter.com\/PeoplesphereMag","https:\/\/www.linkedin.com\/company\/7587361?trk","http:\/\/youtube.com\/peoplesphere"]},{"@type":"Person","@id":"https:\/\/peoplesphere.be\/fr\/#\/schema\/person\/7976225ff17988604334abb7b3536a7e","name":"Jean-Paul Erhard","image":{"@type":"ImageObject","inLanguage":"fr-FR","@id":"https:\/\/peoplesphere.be\/fr\/#\/schema\/person\/image\/","url":"https:\/\/secure.gravatar.com\/avatar\/f941e681460179738071629a51574930?s=96&d=mm&r=g","contentUrl":"https:\/\/secure.gravatar.com\/avatar\/f941e681460179738071629a51574930?s=96&d=mm&r=g","caption":"Jean-Paul Erhard"},"url":"https:\/\/peoplesphere.be\/fr\/author\/jpe\/"}]}},"_links":{"self":[{"href":"https:\/\/peoplesphere.be\/fr\/wp-json\/wp\/v2\/posts\/17673"}],"collection":[{"href":"https:\/\/peoplesphere.be\/fr\/wp-json\/wp\/v2\/posts"}],"about":[{"href":"https:\/\/peoplesphere.be\/fr\/wp-json\/wp\/v2\/types\/post"}],"author":[{"embeddable":true,"href":"https:\/\/peoplesphere.be\/fr\/wp-json\/wp\/v2\/users\/2"}],"replies":[{"embeddable":true,"href":"https:\/\/peoplesphere.be\/fr\/wp-json\/wp\/v2\/comments?post=17673"}],"version-history":[{"count":1,"href":"https:\/\/peoplesphere.be\/fr\/wp-json\/wp\/v2\/posts\/17673\/revisions"}],"predecessor-version":[{"id":17674,"href":"https:\/\/peoplesphere.be\/fr\/wp-json\/wp\/v2\/posts\/17673\/revisions\/17674"}],"wp:attachment":[{"href":"https:\/\/peoplesphere.be\/fr\/wp-json\/wp\/v2\/media?parent=17673"}],"wp:term":[{"taxonomy":"category","embeddable":true,"href":"https:\/\/peoplesphere.be\/fr\/wp-json\/wp\/v2\/categories?post=17673"},{"taxonomy":"post_tag","embeddable":true,"href":"https:\/\/peoplesphere.be\/fr\/wp-json\/wp\/v2\/tags?post=17673"}],"curies":[{"name":"wp","href":"https:\/\/api.w.org\/{rel}","templated":true}]}}