









{"id":17707,"date":"2025-05-06T11:37:42","date_gmt":"2025-05-06T09:37:42","guid":{"rendered":"https:\/\/peoplesphere.be\/fr\/?p=17707"},"modified":"2025-05-06T11:37:42","modified_gmt":"2025-05-06T09:37:42","slug":"90-637-demandeurs-demploi-inscrits-en-region-bruxelloise-un-nombre-en-legere-augmentation-par-rapport-a-2024","status":"publish","type":"post","link":"https:\/\/peoplesphere.be\/fr\/90-637-demandeurs-demploi-inscrits-en-region-bruxelloise-un-nombre-en-legere-augmentation-par-rapport-a-2024\/","title":{"rendered":"90.637 demandeurs d&#8217;emploi inscrits en R\u00e9gion bruxelloise, un nombre en l\u00e9g\u00e8re augmentation par rapport \u00e0 2024."},"content":{"rendered":"<p>Fin avril 2025, Actiris compte 90.637 chercheurs d&#8217;emploi inscrits, soit une augmentation (+1,8%) par rapport \u00e0 avril 2024. Le taux de ch\u00f4mage est de 14,4% et est stable (+0,25 point de pourcentage) par rapport \u00e0 avril 2024. Pour rappel, le taux de ch\u00f4mage est le pourcentage des personnes faisant partie de la population active qui sont au ch\u00f4mage.<!--more--><\/p>\n<p>La population active est la population en \u00e2ge de travailler et qui travaille ou est en recherche d&#8217;emploi. Les inactifs, qui ne sont donc pas repris dans le calcul du taux de ch\u00f4mage, sont les personnes \u00e2g\u00e9es de 15 ans ou plus qui ne sont ni en emploi ni au ch\u00f4mage (\u00e9tudiants, retrait\u00e9s, entre autres).<\/p>\n<p>On compte au cours du mois d&rsquo;avril 8.493 entr\u00e9es dans le ch\u00f4mage (6.537 r\u00e9inscriptions et 1.956 nouvelles inscriptions) contre 8.009 sorties, soit une augmentation sur base mensuelle du nombre de chercheurs d&#8217;emploi de +484 personnes (+0,5%). Parmi les 90.637 chercheurs d&#8217;emploi, 48% sont des femmes et 52% sont des hommes.<\/p>\n<h3><strong><em>Caract\u00e9ristiques des chercheurs d&#8217;emploi bruxellois<\/em><\/strong><\/h3>\n<p>Actiris constate une diminution de -3,2% (-1.622 personnes) du nombre de chercheurs d\u2019emploi b\u00e9n\u00e9ficiaires d&rsquo;une allocation et une diminution du nombre de jeunes en stage d\u2019insertion professionnelle (-74 personnes, -1,2%). Le nombre des autres chercheurs d\u2019emploi a augment\u00e9 de +10,1% (+3.288 personnes).<\/p>\n<p>Sur les 90.637 chercheurs d&#8217;emploi totaux, 18.129 personnes (20,0%) sont inscrites au CPAS soit une l\u00e9g\u00e8re augmentation de +1,7% sur base annuelle.<\/p>\n<p>Le nombre de chercheurs d&#8217;emploi depuis moins d&rsquo;un an diminue de -0,7% (-237 personnes). Les personnes en recherche d&#8217;emploi depuis 1 \u00e0 2 ans sont en augmentation de +3,3% (+ 470 personnes). Les chercheurs d&#8217;emploi de longue dur\u00e9e (+2 ans) augmentent de +3,4%, soit +1.359 personnes.<\/p>\n<p>Le nombre de chercheurs d&#8217;emploi de moins de 25 ans est en diminution de -0,8% (-80 personnes). La cat\u00e9gorie des 25-49 ans augmente de +3,2% soit +1.786 personnes. La cat\u00e9gorie des 50 ans et + est en diminution (-0,5%, -114 personnes).<\/p>\n<p>&nbsp;<\/p>\n<p><em>Source &amp; data: Actiris &#8211; <a href=\"http:\/\/www.viewstat.actiris.brussels\">www.viewstat.actiris.brussels<\/a>.<\/em><\/p>\n","protected":false},"excerpt":{"rendered":"<p>Fin avril 2025, Actiris compte 90.637 chercheurs d&#8217;emploi inscrits, soit une augmentation (+1,8%) par rapport \u00e0 avril 2024. Le taux de ch\u00f4mage est de 14,4% et est stable (+0,25 point de pourcentage) par rapport \u00e0 avril 2024. Pour rappel, le [&hellip;]<\/p>\n","protected":false},"author":2,"featured_media":0,"comment_status":"closed","ping_status":"open","sticky":false,"template":"","format":"standard","meta":[],"categories":[65,10],"tags":[226,93,653,11],"yoast_head":"<!-- This site is optimized with the Yoast SEO plugin v21.0 - https:\/\/yoast.com\/wordpress\/plugins\/seo\/ -->\n<title>90.637 demandeurs d&#039;emploi inscrits en R\u00e9gion bruxelloise, un nombre en l\u00e9g\u00e8re augmentation par rapport \u00e0 2024. - Peoplesphere<\/title>\n<meta name=\"robots\" content=\"index, follow, max-snippet:-1, max-image-preview:large, max-video-preview:-1\" \/>\n<link rel=\"canonical\" href=\"https:\/\/peoplesphere.be\/fr\/90-637-demandeurs-demploi-inscrits-en-region-bruxelloise-un-nombre-en-legere-augmentation-par-rapport-a-2024\/\" \/>\n<meta property=\"og:locale\" content=\"fr_FR\" \/>\n<meta property=\"og:type\" content=\"article\" \/>\n<meta property=\"og:title\" content=\"90.637 demandeurs d&#039;emploi inscrits en R\u00e9gion bruxelloise, un nombre en l\u00e9g\u00e8re augmentation par rapport \u00e0 2024. - Peoplesphere\" \/>\n<meta property=\"og:description\" content=\"Fin avril 2025, Actiris compte 90.637 chercheurs d&#8217;emploi inscrits, soit une augmentation (+1,8%) par rapport \u00e0 avril 2024. Le taux de ch\u00f4mage est de 14,4% et est stable (+0,25 point de pourcentage) par rapport \u00e0 avril 2024. Pour rappel, le [&hellip;]\" \/>\n<meta property=\"og:url\" content=\"https:\/\/peoplesphere.be\/fr\/90-637-demandeurs-demploi-inscrits-en-region-bruxelloise-un-nombre-en-legere-augmentation-par-rapport-a-2024\/\" \/>\n<meta property=\"og:site_name\" content=\"Peoplesphere\" \/>\n<meta property=\"article:publisher\" content=\"https:\/\/www.facebook.com\/peoplesphere\" \/>\n<meta property=\"article:published_time\" content=\"2025-05-06T09:37:42+00:00\" \/>\n<meta property=\"og:image\" content=\"http:\/\/www.peoplesphere.be\/fr\/wp-content\/uploads\/2016\/07\/facebook-default-posting-1200x628px.jpg\" \/>\n<meta name=\"author\" content=\"Jean-Paul Erhard\" \/>\n<meta name=\"twitter:card\" content=\"summary_large_image\" \/>\n<meta name=\"twitter:creator\" content=\"@PeoplesphereMag\" \/>\n<meta name=\"twitter:site\" content=\"@PeoplesphereMag\" \/>\n<meta name=\"twitter:label1\" content=\"\u00c9crit par\" \/>\n\t<meta name=\"twitter:data1\" content=\"Jean-Paul Erhard\" \/>\n\t<meta name=\"twitter:label2\" content=\"Dur\u00e9e de lecture estim\u00e9e\" \/>\n\t<meta name=\"twitter:data2\" content=\"2 minutes\" \/>\n<script type=\"application\/ld+json\" class=\"yoast-schema-graph\">{\"@context\":\"https:\/\/schema.org\",\"@graph\":[{\"@type\":\"Article\",\"@id\":\"https:\/\/peoplesphere.be\/fr\/90-637-demandeurs-demploi-inscrits-en-region-bruxelloise-un-nombre-en-legere-augmentation-par-rapport-a-2024\/#article\",\"isPartOf\":{\"@id\":\"https:\/\/peoplesphere.be\/fr\/90-637-demandeurs-demploi-inscrits-en-region-bruxelloise-un-nombre-en-legere-augmentation-par-rapport-a-2024\/\"},\"author\":{\"name\":\"Jean-Paul Erhard\",\"@id\":\"https:\/\/peoplesphere.be\/fr\/#\/schema\/person\/7976225ff17988604334abb7b3536a7e\"},\"headline\":\"90.637 demandeurs d&#8217;emploi inscrits en R\u00e9gion bruxelloise, un nombre en l\u00e9g\u00e8re augmentation par rapport \u00e0 2024.\",\"datePublished\":\"2025-05-06T09:37:42+00:00\",\"dateModified\":\"2025-05-06T09:37:42+00:00\",\"mainEntityOfPage\":{\"@id\":\"https:\/\/peoplesphere.be\/fr\/90-637-demandeurs-demploi-inscrits-en-region-bruxelloise-un-nombre-en-legere-augmentation-par-rapport-a-2024\/\"},\"wordCount\":327,\"publisher\":{\"@id\":\"https:\/\/peoplesphere.be\/fr\/#organization\"},\"keywords\":[\"actiris\",\"bruxelles\",\"demandeurs d'emploi\",\"emploi\"],\"articleSection\":[\"Actualit\u00e9s\",\"Digital\"],\"inLanguage\":\"fr-FR\"},{\"@type\":\"WebPage\",\"@id\":\"https:\/\/peoplesphere.be\/fr\/90-637-demandeurs-demploi-inscrits-en-region-bruxelloise-un-nombre-en-legere-augmentation-par-rapport-a-2024\/\",\"url\":\"https:\/\/peoplesphere.be\/fr\/90-637-demandeurs-demploi-inscrits-en-region-bruxelloise-un-nombre-en-legere-augmentation-par-rapport-a-2024\/\",\"name\":\"90.637 demandeurs d'emploi inscrits en R\u00e9gion bruxelloise, un nombre en l\u00e9g\u00e8re augmentation par rapport \u00e0 2024. - Peoplesphere\",\"isPartOf\":{\"@id\":\"https:\/\/peoplesphere.be\/fr\/#website\"},\"datePublished\":\"2025-05-06T09:37:42+00:00\",\"dateModified\":\"2025-05-06T09:37:42+00:00\",\"breadcrumb\":{\"@id\":\"https:\/\/peoplesphere.be\/fr\/90-637-demandeurs-demploi-inscrits-en-region-bruxelloise-un-nombre-en-legere-augmentation-par-rapport-a-2024\/#breadcrumb\"},\"inLanguage\":\"fr-FR\",\"potentialAction\":[{\"@type\":\"ReadAction\",\"target\":[\"https:\/\/peoplesphere.be\/fr\/90-637-demandeurs-demploi-inscrits-en-region-bruxelloise-un-nombre-en-legere-augmentation-par-rapport-a-2024\/\"]}]},{\"@type\":\"BreadcrumbList\",\"@id\":\"https:\/\/peoplesphere.be\/fr\/90-637-demandeurs-demploi-inscrits-en-region-bruxelloise-un-nombre-en-legere-augmentation-par-rapport-a-2024\/#breadcrumb\",\"itemListElement\":[{\"@type\":\"ListItem\",\"position\":1,\"name\":\"Accueil\",\"item\":\"https:\/\/peoplesphere.be\/fr\/\"},{\"@type\":\"ListItem\",\"position\":2,\"name\":\"90.637 demandeurs d&#8217;emploi inscrits en R\u00e9gion bruxelloise, un nombre en l\u00e9g\u00e8re augmentation par rapport \u00e0 2024.\"}]},{\"@type\":\"WebSite\",\"@id\":\"https:\/\/peoplesphere.be\/fr\/#website\",\"url\":\"https:\/\/peoplesphere.be\/fr\/\",\"name\":\"Peoplesphere\",\"description\":\"The People Managers Magazine\",\"publisher\":{\"@id\":\"https:\/\/peoplesphere.be\/fr\/#organization\"},\"potentialAction\":[{\"@type\":\"SearchAction\",\"target\":{\"@type\":\"EntryPoint\",\"urlTemplate\":\"https:\/\/peoplesphere.be\/fr\/?s={search_term_string}\"},\"query-input\":\"required name=search_term_string\"}],\"inLanguage\":\"fr-FR\"},{\"@type\":\"Organization\",\"@id\":\"https:\/\/peoplesphere.be\/fr\/#organization\",\"name\":\"Peoplesphere Company srl\",\"url\":\"https:\/\/peoplesphere.be\/fr\/\",\"logo\":{\"@type\":\"ImageObject\",\"inLanguage\":\"fr-FR\",\"@id\":\"https:\/\/peoplesphere.be\/fr\/#\/schema\/logo\/image\/\",\"url\":\"https:\/\/peoplesphere.be\/fr\/wp-content\/uploads\/2023\/07\/peoplesphere-lgo-new-generik.jpg\",\"contentUrl\":\"https:\/\/peoplesphere.be\/fr\/wp-content\/uploads\/2023\/07\/peoplesphere-lgo-new-generik.jpg\",\"width\":1031,\"height\":1479,\"caption\":\"Peoplesphere Company srl\"},\"image\":{\"@id\":\"https:\/\/peoplesphere.be\/fr\/#\/schema\/logo\/image\/\"},\"sameAs\":[\"https:\/\/www.facebook.com\/peoplesphere\",\"https:\/\/twitter.com\/PeoplesphereMag\",\"https:\/\/www.linkedin.com\/company\/7587361?trk\",\"http:\/\/youtube.com\/peoplesphere\"]},{\"@type\":\"Person\",\"@id\":\"https:\/\/peoplesphere.be\/fr\/#\/schema\/person\/7976225ff17988604334abb7b3536a7e\",\"name\":\"Jean-Paul Erhard\",\"image\":{\"@type\":\"ImageObject\",\"inLanguage\":\"fr-FR\",\"@id\":\"https:\/\/peoplesphere.be\/fr\/#\/schema\/person\/image\/\",\"url\":\"https:\/\/secure.gravatar.com\/avatar\/f941e681460179738071629a51574930?s=96&d=mm&r=g\",\"contentUrl\":\"https:\/\/secure.gravatar.com\/avatar\/f941e681460179738071629a51574930?s=96&d=mm&r=g\",\"caption\":\"Jean-Paul Erhard\"},\"url\":\"https:\/\/peoplesphere.be\/fr\/author\/jpe\/\"}]}<\/script>\n<!-- \/ Yoast SEO plugin. -->","yoast_head_json":{"title":"90.637 demandeurs d'emploi inscrits en R\u00e9gion bruxelloise, un nombre en l\u00e9g\u00e8re augmentation par rapport \u00e0 2024. - Peoplesphere","robots":{"index":"index","follow":"follow","max-snippet":"max-snippet:-1","max-image-preview":"max-image-preview:large","max-video-preview":"max-video-preview:-1"},"canonical":"https:\/\/peoplesphere.be\/fr\/90-637-demandeurs-demploi-inscrits-en-region-bruxelloise-un-nombre-en-legere-augmentation-par-rapport-a-2024\/","og_locale":"fr_FR","og_type":"article","og_title":"90.637 demandeurs d'emploi inscrits en R\u00e9gion bruxelloise, un nombre en l\u00e9g\u00e8re augmentation par rapport \u00e0 2024. - Peoplesphere","og_description":"Fin avril 2025, Actiris compte 90.637 chercheurs d&#8217;emploi inscrits, soit une augmentation (+1,8%) par rapport \u00e0 avril 2024. Le taux de ch\u00f4mage est de 14,4% et est stable (+0,25 point de pourcentage) par rapport \u00e0 avril 2024. Pour rappel, le [&hellip;]","og_url":"https:\/\/peoplesphere.be\/fr\/90-637-demandeurs-demploi-inscrits-en-region-bruxelloise-un-nombre-en-legere-augmentation-par-rapport-a-2024\/","og_site_name":"Peoplesphere","article_publisher":"https:\/\/www.facebook.com\/peoplesphere","article_published_time":"2025-05-06T09:37:42+00:00","og_image":[{"url":"http:\/\/www.peoplesphere.be\/fr\/wp-content\/uploads\/2016\/07\/facebook-default-posting-1200x628px.jpg"}],"author":"Jean-Paul Erhard","twitter_card":"summary_large_image","twitter_creator":"@PeoplesphereMag","twitter_site":"@PeoplesphereMag","twitter_misc":{"\u00c9crit par":"Jean-Paul Erhard","Dur\u00e9e de lecture estim\u00e9e":"2 minutes"},"schema":{"@context":"https:\/\/schema.org","@graph":[{"@type":"Article","@id":"https:\/\/peoplesphere.be\/fr\/90-637-demandeurs-demploi-inscrits-en-region-bruxelloise-un-nombre-en-legere-augmentation-par-rapport-a-2024\/#article","isPartOf":{"@id":"https:\/\/peoplesphere.be\/fr\/90-637-demandeurs-demploi-inscrits-en-region-bruxelloise-un-nombre-en-legere-augmentation-par-rapport-a-2024\/"},"author":{"name":"Jean-Paul Erhard","@id":"https:\/\/peoplesphere.be\/fr\/#\/schema\/person\/7976225ff17988604334abb7b3536a7e"},"headline":"90.637 demandeurs d&#8217;emploi inscrits en R\u00e9gion bruxelloise, un nombre en l\u00e9g\u00e8re augmentation par rapport \u00e0 2024.","datePublished":"2025-05-06T09:37:42+00:00","dateModified":"2025-05-06T09:37:42+00:00","mainEntityOfPage":{"@id":"https:\/\/peoplesphere.be\/fr\/90-637-demandeurs-demploi-inscrits-en-region-bruxelloise-un-nombre-en-legere-augmentation-par-rapport-a-2024\/"},"wordCount":327,"publisher":{"@id":"https:\/\/peoplesphere.be\/fr\/#organization"},"keywords":["actiris","bruxelles","demandeurs d'emploi","emploi"],"articleSection":["Actualit\u00e9s","Digital"],"inLanguage":"fr-FR"},{"@type":"WebPage","@id":"https:\/\/peoplesphere.be\/fr\/90-637-demandeurs-demploi-inscrits-en-region-bruxelloise-un-nombre-en-legere-augmentation-par-rapport-a-2024\/","url":"https:\/\/peoplesphere.be\/fr\/90-637-demandeurs-demploi-inscrits-en-region-bruxelloise-un-nombre-en-legere-augmentation-par-rapport-a-2024\/","name":"90.637 demandeurs d'emploi inscrits en R\u00e9gion bruxelloise, un nombre en l\u00e9g\u00e8re augmentation par rapport \u00e0 2024. - Peoplesphere","isPartOf":{"@id":"https:\/\/peoplesphere.be\/fr\/#website"},"datePublished":"2025-05-06T09:37:42+00:00","dateModified":"2025-05-06T09:37:42+00:00","breadcrumb":{"@id":"https:\/\/peoplesphere.be\/fr\/90-637-demandeurs-demploi-inscrits-en-region-bruxelloise-un-nombre-en-legere-augmentation-par-rapport-a-2024\/#breadcrumb"},"inLanguage":"fr-FR","potentialAction":[{"@type":"ReadAction","target":["https:\/\/peoplesphere.be\/fr\/90-637-demandeurs-demploi-inscrits-en-region-bruxelloise-un-nombre-en-legere-augmentation-par-rapport-a-2024\/"]}]},{"@type":"BreadcrumbList","@id":"https:\/\/peoplesphere.be\/fr\/90-637-demandeurs-demploi-inscrits-en-region-bruxelloise-un-nombre-en-legere-augmentation-par-rapport-a-2024\/#breadcrumb","itemListElement":[{"@type":"ListItem","position":1,"name":"Accueil","item":"https:\/\/peoplesphere.be\/fr\/"},{"@type":"ListItem","position":2,"name":"90.637 demandeurs d&#8217;emploi inscrits en R\u00e9gion bruxelloise, un nombre en l\u00e9g\u00e8re augmentation par rapport \u00e0 2024."}]},{"@type":"WebSite","@id":"https:\/\/peoplesphere.be\/fr\/#website","url":"https:\/\/peoplesphere.be\/fr\/","name":"Peoplesphere","description":"The People Managers Magazine","publisher":{"@id":"https:\/\/peoplesphere.be\/fr\/#organization"},"potentialAction":[{"@type":"SearchAction","target":{"@type":"EntryPoint","urlTemplate":"https:\/\/peoplesphere.be\/fr\/?s={search_term_string}"},"query-input":"required name=search_term_string"}],"inLanguage":"fr-FR"},{"@type":"Organization","@id":"https:\/\/peoplesphere.be\/fr\/#organization","name":"Peoplesphere Company srl","url":"https:\/\/peoplesphere.be\/fr\/","logo":{"@type":"ImageObject","inLanguage":"fr-FR","@id":"https:\/\/peoplesphere.be\/fr\/#\/schema\/logo\/image\/","url":"https:\/\/peoplesphere.be\/fr\/wp-content\/uploads\/2023\/07\/peoplesphere-lgo-new-generik.jpg","contentUrl":"https:\/\/peoplesphere.be\/fr\/wp-content\/uploads\/2023\/07\/peoplesphere-lgo-new-generik.jpg","width":1031,"height":1479,"caption":"Peoplesphere Company srl"},"image":{"@id":"https:\/\/peoplesphere.be\/fr\/#\/schema\/logo\/image\/"},"sameAs":["https:\/\/www.facebook.com\/peoplesphere","https:\/\/twitter.com\/PeoplesphereMag","https:\/\/www.linkedin.com\/company\/7587361?trk","http:\/\/youtube.com\/peoplesphere"]},{"@type":"Person","@id":"https:\/\/peoplesphere.be\/fr\/#\/schema\/person\/7976225ff17988604334abb7b3536a7e","name":"Jean-Paul Erhard","image":{"@type":"ImageObject","inLanguage":"fr-FR","@id":"https:\/\/peoplesphere.be\/fr\/#\/schema\/person\/image\/","url":"https:\/\/secure.gravatar.com\/avatar\/f941e681460179738071629a51574930?s=96&d=mm&r=g","contentUrl":"https:\/\/secure.gravatar.com\/avatar\/f941e681460179738071629a51574930?s=96&d=mm&r=g","caption":"Jean-Paul Erhard"},"url":"https:\/\/peoplesphere.be\/fr\/author\/jpe\/"}]}},"_links":{"self":[{"href":"https:\/\/peoplesphere.be\/fr\/wp-json\/wp\/v2\/posts\/17707"}],"collection":[{"href":"https:\/\/peoplesphere.be\/fr\/wp-json\/wp\/v2\/posts"}],"about":[{"href":"https:\/\/peoplesphere.be\/fr\/wp-json\/wp\/v2\/types\/post"}],"author":[{"embeddable":true,"href":"https:\/\/peoplesphere.be\/fr\/wp-json\/wp\/v2\/users\/2"}],"replies":[{"embeddable":true,"href":"https:\/\/peoplesphere.be\/fr\/wp-json\/wp\/v2\/comments?post=17707"}],"version-history":[{"count":1,"href":"https:\/\/peoplesphere.be\/fr\/wp-json\/wp\/v2\/posts\/17707\/revisions"}],"predecessor-version":[{"id":17708,"href":"https:\/\/peoplesphere.be\/fr\/wp-json\/wp\/v2\/posts\/17707\/revisions\/17708"}],"wp:attachment":[{"href":"https:\/\/peoplesphere.be\/fr\/wp-json\/wp\/v2\/media?parent=17707"}],"wp:term":[{"taxonomy":"category","embeddable":true,"href":"https:\/\/peoplesphere.be\/fr\/wp-json\/wp\/v2\/categories?post=17707"},{"taxonomy":"post_tag","embeddable":true,"href":"https:\/\/peoplesphere.be\/fr\/wp-json\/wp\/v2\/tags?post=17707"}],"curies":[{"name":"wp","href":"https:\/\/api.w.org\/{rel}","templated":true}]}}