









{"id":17725,"date":"2025-05-08T08:16:57","date_gmt":"2025-05-08T06:16:57","guid":{"rendered":"https:\/\/peoplesphere.be\/fr\/?p=17725"},"modified":"2025-05-08T08:16:57","modified_gmt":"2025-05-08T06:16:57","slug":"position-des-jeunes-sur-le-marche-du-travail-le-taux-demploi-a-son-plus-bas-niveau-depuis-8-ans","status":"publish","type":"post","link":"https:\/\/peoplesphere.be\/fr\/position-des-jeunes-sur-le-marche-du-travail-le-taux-demploi-a-son-plus-bas-niveau-depuis-8-ans\/","title":{"rendered":"Position des jeunes sur le march\u00e9 du travail: le taux d&#8217;emploi \u00e0 son plus bas niveau depuis 8 ans."},"content":{"rendered":"<p>Moins des trois quarts des jeunes (72,6%) \u00e2g\u00e9s de 15 \u00e0 34 ans sont actifs sur le march\u00e9 de l\u2019emploi dans notre pays. Le taux d\u2019emploi des jeunes dipl\u00f4m\u00e9s n\u2019a jamais \u00e9t\u00e9 aussi bas depuis huit ans. De tous nos voisins, seule la France fait moins bien. Toutefois, il en ressort \u00e9galement de bonnes nouvelles : seuls 7% de tous les jeunes de notre pays sont des \u00ab\u00a0jeunes NEET\u00a0\u00bb, c\u2019est-\u00e0-dire qu\u2019ils n\u2019ont pas d\u2019emploi et ne suivent ni \u00e9tudes ni formation. Notre pays se situe donc bien en dessous de la moyenne europ\u00e9enne de 9,1%.<!--more--><\/p>\n<p>\u00ab\u00a0<em>Pour que le taux d\u2019emploi global atteigne 80% dans notre pays, il est important de s\u2019attaquer \u00e9galement \u00e0 la position affaiblie des jeunes sur le march\u00e9 de l\u2019emploi\u00a0\u00bb<\/em>, ont d\u00e9clar\u00e9 les experts d\u2019Acerta Consult. \u200b<\/p>\n<p>Pour que le taux d\u2019emploi de tous les Belges en \u00e2ge de travailler atteigne 80%, comme l\u2019envisage le gouvernement De Wever, un autre d\u00e9fi se pose pour les jeunes. Actuellement, le taux d\u2019emploi des jeunes (en particulier des 15-34 ans qui ont obtenu leur dipl\u00f4me il y a moins de trois ans) est de 72,6%. Il s\u2019agit du niveau le plus bas depuis huit ans et d\u2019une baisse notable par rapport au pic de 80% atteint en 2023. La Belgique se situe donc en dessous de la moyenne europ\u00e9enne de 75,3%. De tous nos voisins, seule la France (68,8%) est encore en retard sur notre pays. Nos voisins, l\u2019Allemagne (84,9%) et les Pays-Bas (88,6%), sont loin devant, bien qu\u2019ils aient \u00e9galement connu un l\u00e9ger d\u00e9clin ces derni\u00e8res ann\u00e9es. N\u00e9anmoins, la Belgique connait la baisse la plus forte de tous nos voisins, avec 9,3%.<\/p>\n<p>Olivier Marcq, expert juridique senior chez Acerta, indique : \u00ab\u00a0<em>Le d\u00e9clin de l\u2019emploi des jeunes n\u2019est pas un ph\u00e9nom\u00e8ne purement belge. Dans toute l\u2019Europe, nous constatons que le ralentissement \u00e9conomique, l\u2019allongement des \u00e9tudes et l\u2019inad\u00e9quation entre l\u2019\u00e9ducation et le march\u00e9 de l\u2019emploi ralentissent l\u2019afflux de jeunes. Les jeunes sont souvent les premiers \u00e0 ressentir les cons\u00e9quences d\u2019un march\u00e9 de l\u2019emploi incertain. Cependant, avec une baisse de 9,3% par rapport \u00e0 2023, notre pays connait la plus forte baisse de l\u2019occupation des jeunes parmi tous nos pays voisins. Compte tenu du refroidissement du march\u00e9 de l\u2019emploi, cela n\u2019est pas surprenant. L\u2019arr\u00eat des embauches dans de nombreuses entreprises r\u00e9duit les chances des jeunes de commencer leur carri\u00e8re. Aujourd\u2019hui, les entreprises s\u2019efforcent principalement d\u2019utiliser au mieux leurs talents existants. Des pays comme l\u2019Allemagne et les Pays-Bas montrent qu\u2019il est possible d\u2019agir diff\u00e9remment : leur succ\u00e8s n\u2019est pas une co\u00efncidence, mais le r\u00e9sultat d\u2019ann\u00e9es d\u2019investissement dans la formation en alternance, d\u2019une coop\u00e9ration \u00e9troite entre l\u2019enseignement et les entreprises, et d\u2019un accompagnement actif des jeunes vers le monde du travail.\u00a0\u00bb<\/em><\/p>\n<h3><strong><em>Le taux de ch\u00f4mage chez les jeunes augmente de 8,1% dans notre pays<\/em><\/strong><\/h3>\n<p>Le taux de ch\u00f4mage chez les jeunes augmente \u00e9galement dans notre pays. Il est pass\u00e9 de 16,1% en 2023 \u00e0 17,4% en 2024, soit une augmentation de 8,1%. Notre pays reste ainsi au-dessus de la moyenne europ\u00e9enne de 14,9%, m\u00eame s\u2019il reste plus performant que des pays voisins, comme la France (18,7%) et le Luxembourg (21,6%). L\u2019Allemagne (6,6%) et les Pays-Bas (8,7%) restent de loin les pays les plus performants \u00e0 cet \u00e9gard. Il est int\u00e9ressant de noter que presque tous les pays voisins ont \u00e9t\u00e9 touch\u00e9s par l\u2019augmentation du ch\u00f4mage chez les jeunes au cours des derni\u00e8res ann\u00e9es.<\/p>\n<p>Olivier Marcq conclut :<em> \u00ab\u00a0L\u2019augmentation du taux de ch\u00f4mage chez les jeunes en Belgique est le r\u00e9sultat d\u2019une combinaison d\u2019incertitudes \u00e9conomiques et de probl\u00e8mes structurels. Les jeunes se heurtent \u00e0 des contrats temporaires, \u00e0 une inad\u00e9quation entre les \u00e9tudes qu\u2019ils ont suivies et les offres d\u2019emploi disponibles, ainsi qu\u2019\u00e0 des in\u00e9galit\u00e9s r\u00e9gionales qui limitent consid\u00e9rablement leurs perspectives d\u2019emploi. Des actions cibl\u00e9es sont n\u00e9cessaires pour veiller \u00e0 ce que nos jeunes ne restent pas \u00e0 la tra\u00eene. Surtout si nous voulons atteindre un taux d\u2019emploi global de 80% d\u2019ici 2029, comme l\u2019envisage le nouveau gouvernement.\u00a0\u00bb<\/em><\/p>\n<h3><strong><em>Les jeunes trouvent plus facilement un emploi \u00e0 temps plein et \u00e0 dur\u00e9e ind\u00e9termin\u00e9e<\/em><\/strong><\/h3>\n<p>L\u2019analyse d\u2019Acerta Consult montre \u00e9galement qu\u2019en 2024, seuls 10,8% des jeunes actifs n\u2019ont pas trouv\u00e9 d\u2019emploi \u00e0 temps plein ou \u00e0 dur\u00e9e ind\u00e9termin\u00e9e. C\u2019est une bonne nouvelle, car il s\u2019agit d\u2019une forte baisse (-55%) par rapport \u00e0 la situation d\u2019il y a 10 ans, o\u00f9 ce chiffre \u00e9tait de plus de 24%. Ainsi, de plus en plus de jeunes travailleurs trouvent plus facilement des emplois \u00e0 temps plein ou des contrats \u00e0 dur\u00e9e ind\u00e9termin\u00e9e.<\/p>\n<h3><strong><em>Les jeunes NEET en dessous de l\u2019objectif de l\u2019UE<\/em><\/strong><\/h3>\n<p>Le nombre de jeunes NEET (Not in Education, Employment or Training) est \u00e9galement en baisse structurelle. Il s\u2019agit de jeunes \u00e2g\u00e9s de 15 \u00e0 24 ans qui ne suivent pas d\u2019\u00e9tudes, d\u2019enseignement ou de formation et qui n\u2019ont pas d\u2019emploi. . Actuellement, 7,3% des jeunes sont des \u00ab\u00a0NEET\u00a0\u00bb. La moyenne europ\u00e9enne est de 9,1%.<\/p>\n<p>Olivier Marcq conclut : \u00ab\u00a0<em>Avec 7,3% de jeunes NEET, notre pays est un bon \u00e9l\u00e8ve de la classe. En effet, l\u2019objectif de l\u2019UE, tous pays confondus, est de ramener la proportion de jeunes NEET en dessous de 9% d\u2019ici 2030. Aujourd\u2019hui, la moyenne de l\u2019UE est toujours de 9,1%. Ce pourcentage favorable refl\u00e8te les efforts de la Belgique en mati\u00e8re d\u2019\u00e9ducation, de politique relative au march\u00e9 de l\u2019emploi et d\u2019accompagnement des jeunes. Afin de maintenir cette tendance positive, nous devons poursuivre nos efforts pour pr\u00e9venir les d\u00e9parts non qualifi\u00e9s, fournir un accompagnement cibl\u00e9 aux jeunes vuln\u00e9rables et renforcer la coop\u00e9ration entre l\u2019\u00e9ducation et le march\u00e9 de l\u2019emploi. C\u2019est le seul moyen de r\u00e9duire davantage le nombre de jeunes sans emploi ni formation.\u00a0\u00bb<\/em><\/p>\n<p><em>Source: l\u2019analyse s\u2019appuie sur les donn\u00e9es de la base de donn\u00e9es publique Eurostat, l\u2019office statistique de l\u2019Union europ\u00e9enne. Les donn\u00e9es ont \u00e9t\u00e9 collect\u00e9es par l\u2019interm\u00e9diaire de l\u2019enqu\u00eate sur les forces de travail (EFT), une enqu\u00eate par sondage aupr\u00e8s des m\u00e9nages men\u00e9e par les \u00c9tats membres de l\u2019UE et coordonn\u00e9e par Eurostat. L\u2019EFT a pour objectif d\u2019obtenir des informations comparables au niveau europ\u00e9en, notamment en mati\u00e8re d\u2019emploi et de ch\u00f4mage, comme d\u00e9fini par l\u2019Organisation internationale du travail (OIT).<\/em><\/p>\n","protected":false},"excerpt":{"rendered":"<p>Moins des trois quarts des jeunes (72,6%) \u00e2g\u00e9s de 15 \u00e0 34 ans sont actifs sur le march\u00e9 de l\u2019emploi dans notre pays. Le taux d\u2019emploi des jeunes dipl\u00f4m\u00e9s n\u2019a jamais \u00e9t\u00e9 aussi bas depuis huit ans. De tous nos [&hellip;]<\/p>\n","protected":false},"author":2,"featured_media":0,"comment_status":"closed","ping_status":"open","sticky":false,"template":"","format":"standard","meta":[],"categories":[65,10],"tags":[1316,48,966],"yoast_head":"<!-- This site is optimized with the Yoast SEO plugin v21.0 - https:\/\/yoast.com\/wordpress\/plugins\/seo\/ -->\n<title>Position des jeunes sur le march\u00e9 du travail: le taux d&#039;emploi \u00e0 son plus bas niveau depuis 8 ans. - Peoplesphere<\/title>\n<meta name=\"robots\" content=\"index, follow, max-snippet:-1, max-image-preview:large, max-video-preview:-1\" \/>\n<link rel=\"canonical\" href=\"https:\/\/peoplesphere.be\/fr\/position-des-jeunes-sur-le-marche-du-travail-le-taux-demploi-a-son-plus-bas-niveau-depuis-8-ans\/\" \/>\n<meta property=\"og:locale\" content=\"fr_FR\" \/>\n<meta property=\"og:type\" content=\"article\" \/>\n<meta property=\"og:title\" content=\"Position des jeunes sur le march\u00e9 du travail: le taux d&#039;emploi \u00e0 son plus bas niveau depuis 8 ans. - Peoplesphere\" \/>\n<meta property=\"og:description\" content=\"Moins des trois quarts des jeunes (72,6%) \u00e2g\u00e9s de 15 \u00e0 34 ans sont actifs sur le march\u00e9 de l\u2019emploi dans notre pays. Le taux d\u2019emploi des jeunes dipl\u00f4m\u00e9s n\u2019a jamais \u00e9t\u00e9 aussi bas depuis huit ans. De tous nos [&hellip;]\" \/>\n<meta property=\"og:url\" content=\"https:\/\/peoplesphere.be\/fr\/position-des-jeunes-sur-le-marche-du-travail-le-taux-demploi-a-son-plus-bas-niveau-depuis-8-ans\/\" \/>\n<meta property=\"og:site_name\" content=\"Peoplesphere\" \/>\n<meta property=\"article:publisher\" content=\"https:\/\/www.facebook.com\/peoplesphere\" \/>\n<meta property=\"article:published_time\" content=\"2025-05-08T06:16:57+00:00\" \/>\n<meta property=\"og:image\" content=\"http:\/\/www.peoplesphere.be\/fr\/wp-content\/uploads\/2016\/07\/facebook-default-posting-1200x628px.jpg\" \/>\n<meta name=\"author\" content=\"Jean-Paul Erhard\" \/>\n<meta name=\"twitter:card\" content=\"summary_large_image\" \/>\n<meta name=\"twitter:creator\" content=\"@PeoplesphereMag\" \/>\n<meta name=\"twitter:site\" content=\"@PeoplesphereMag\" \/>\n<meta name=\"twitter:label1\" content=\"\u00c9crit par\" \/>\n\t<meta name=\"twitter:data1\" content=\"Jean-Paul Erhard\" \/>\n\t<meta name=\"twitter:label2\" content=\"Dur\u00e9e de lecture estim\u00e9e\" \/>\n\t<meta name=\"twitter:data2\" content=\"6 minutes\" \/>\n<script type=\"application\/ld+json\" class=\"yoast-schema-graph\">{\"@context\":\"https:\/\/schema.org\",\"@graph\":[{\"@type\":\"Article\",\"@id\":\"https:\/\/peoplesphere.be\/fr\/position-des-jeunes-sur-le-marche-du-travail-le-taux-demploi-a-son-plus-bas-niveau-depuis-8-ans\/#article\",\"isPartOf\":{\"@id\":\"https:\/\/peoplesphere.be\/fr\/position-des-jeunes-sur-le-marche-du-travail-le-taux-demploi-a-son-plus-bas-niveau-depuis-8-ans\/\"},\"author\":{\"name\":\"Jean-Paul Erhard\",\"@id\":\"https:\/\/peoplesphere.be\/fr\/#\/schema\/person\/7976225ff17988604334abb7b3536a7e\"},\"headline\":\"Position des jeunes sur le march\u00e9 du travail: le taux d&#8217;emploi \u00e0 son plus bas niveau depuis 8 ans.\",\"datePublished\":\"2025-05-08T06:16:57+00:00\",\"dateModified\":\"2025-05-08T06:16:57+00:00\",\"mainEntityOfPage\":{\"@id\":\"https:\/\/peoplesphere.be\/fr\/position-des-jeunes-sur-le-marche-du-travail-le-taux-demploi-a-son-plus-bas-niveau-depuis-8-ans\/\"},\"wordCount\":1132,\"publisher\":{\"@id\":\"https:\/\/peoplesphere.be\/fr\/#organization\"},\"keywords\":[\"emploi des jeunes\",\"Formation\",\"NEET\"],\"articleSection\":[\"Actualit\u00e9s\",\"Digital\"],\"inLanguage\":\"fr-FR\"},{\"@type\":\"WebPage\",\"@id\":\"https:\/\/peoplesphere.be\/fr\/position-des-jeunes-sur-le-marche-du-travail-le-taux-demploi-a-son-plus-bas-niveau-depuis-8-ans\/\",\"url\":\"https:\/\/peoplesphere.be\/fr\/position-des-jeunes-sur-le-marche-du-travail-le-taux-demploi-a-son-plus-bas-niveau-depuis-8-ans\/\",\"name\":\"Position des jeunes sur le march\u00e9 du travail: le taux d'emploi \u00e0 son plus bas niveau depuis 8 ans. - Peoplesphere\",\"isPartOf\":{\"@id\":\"https:\/\/peoplesphere.be\/fr\/#website\"},\"datePublished\":\"2025-05-08T06:16:57+00:00\",\"dateModified\":\"2025-05-08T06:16:57+00:00\",\"breadcrumb\":{\"@id\":\"https:\/\/peoplesphere.be\/fr\/position-des-jeunes-sur-le-marche-du-travail-le-taux-demploi-a-son-plus-bas-niveau-depuis-8-ans\/#breadcrumb\"},\"inLanguage\":\"fr-FR\",\"potentialAction\":[{\"@type\":\"ReadAction\",\"target\":[\"https:\/\/peoplesphere.be\/fr\/position-des-jeunes-sur-le-marche-du-travail-le-taux-demploi-a-son-plus-bas-niveau-depuis-8-ans\/\"]}]},{\"@type\":\"BreadcrumbList\",\"@id\":\"https:\/\/peoplesphere.be\/fr\/position-des-jeunes-sur-le-marche-du-travail-le-taux-demploi-a-son-plus-bas-niveau-depuis-8-ans\/#breadcrumb\",\"itemListElement\":[{\"@type\":\"ListItem\",\"position\":1,\"name\":\"Accueil\",\"item\":\"https:\/\/peoplesphere.be\/fr\/\"},{\"@type\":\"ListItem\",\"position\":2,\"name\":\"Position des jeunes sur le march\u00e9 du travail: le taux d&#8217;emploi \u00e0 son plus bas niveau depuis 8 ans.\"}]},{\"@type\":\"WebSite\",\"@id\":\"https:\/\/peoplesphere.be\/fr\/#website\",\"url\":\"https:\/\/peoplesphere.be\/fr\/\",\"name\":\"Peoplesphere\",\"description\":\"The People Managers Magazine\",\"publisher\":{\"@id\":\"https:\/\/peoplesphere.be\/fr\/#organization\"},\"potentialAction\":[{\"@type\":\"SearchAction\",\"target\":{\"@type\":\"EntryPoint\",\"urlTemplate\":\"https:\/\/peoplesphere.be\/fr\/?s={search_term_string}\"},\"query-input\":\"required name=search_term_string\"}],\"inLanguage\":\"fr-FR\"},{\"@type\":\"Organization\",\"@id\":\"https:\/\/peoplesphere.be\/fr\/#organization\",\"name\":\"Peoplesphere Company srl\",\"url\":\"https:\/\/peoplesphere.be\/fr\/\",\"logo\":{\"@type\":\"ImageObject\",\"inLanguage\":\"fr-FR\",\"@id\":\"https:\/\/peoplesphere.be\/fr\/#\/schema\/logo\/image\/\",\"url\":\"https:\/\/peoplesphere.be\/fr\/wp-content\/uploads\/2023\/07\/peoplesphere-lgo-new-generik.jpg\",\"contentUrl\":\"https:\/\/peoplesphere.be\/fr\/wp-content\/uploads\/2023\/07\/peoplesphere-lgo-new-generik.jpg\",\"width\":1031,\"height\":1479,\"caption\":\"Peoplesphere Company srl\"},\"image\":{\"@id\":\"https:\/\/peoplesphere.be\/fr\/#\/schema\/logo\/image\/\"},\"sameAs\":[\"https:\/\/www.facebook.com\/peoplesphere\",\"https:\/\/twitter.com\/PeoplesphereMag\",\"https:\/\/www.linkedin.com\/company\/7587361?trk\",\"http:\/\/youtube.com\/peoplesphere\"]},{\"@type\":\"Person\",\"@id\":\"https:\/\/peoplesphere.be\/fr\/#\/schema\/person\/7976225ff17988604334abb7b3536a7e\",\"name\":\"Jean-Paul Erhard\",\"image\":{\"@type\":\"ImageObject\",\"inLanguage\":\"fr-FR\",\"@id\":\"https:\/\/peoplesphere.be\/fr\/#\/schema\/person\/image\/\",\"url\":\"https:\/\/secure.gravatar.com\/avatar\/f941e681460179738071629a51574930?s=96&d=mm&r=g\",\"contentUrl\":\"https:\/\/secure.gravatar.com\/avatar\/f941e681460179738071629a51574930?s=96&d=mm&r=g\",\"caption\":\"Jean-Paul Erhard\"},\"url\":\"https:\/\/peoplesphere.be\/fr\/author\/jpe\/\"}]}<\/script>\n<!-- \/ Yoast SEO plugin. -->","yoast_head_json":{"title":"Position des jeunes sur le march\u00e9 du travail: le taux d'emploi \u00e0 son plus bas niveau depuis 8 ans. - Peoplesphere","robots":{"index":"index","follow":"follow","max-snippet":"max-snippet:-1","max-image-preview":"max-image-preview:large","max-video-preview":"max-video-preview:-1"},"canonical":"https:\/\/peoplesphere.be\/fr\/position-des-jeunes-sur-le-marche-du-travail-le-taux-demploi-a-son-plus-bas-niveau-depuis-8-ans\/","og_locale":"fr_FR","og_type":"article","og_title":"Position des jeunes sur le march\u00e9 du travail: le taux d'emploi \u00e0 son plus bas niveau depuis 8 ans. - Peoplesphere","og_description":"Moins des trois quarts des jeunes (72,6%) \u00e2g\u00e9s de 15 \u00e0 34 ans sont actifs sur le march\u00e9 de l\u2019emploi dans notre pays. Le taux d\u2019emploi des jeunes dipl\u00f4m\u00e9s n\u2019a jamais \u00e9t\u00e9 aussi bas depuis huit ans. De tous nos [&hellip;]","og_url":"https:\/\/peoplesphere.be\/fr\/position-des-jeunes-sur-le-marche-du-travail-le-taux-demploi-a-son-plus-bas-niveau-depuis-8-ans\/","og_site_name":"Peoplesphere","article_publisher":"https:\/\/www.facebook.com\/peoplesphere","article_published_time":"2025-05-08T06:16:57+00:00","og_image":[{"url":"http:\/\/www.peoplesphere.be\/fr\/wp-content\/uploads\/2016\/07\/facebook-default-posting-1200x628px.jpg"}],"author":"Jean-Paul Erhard","twitter_card":"summary_large_image","twitter_creator":"@PeoplesphereMag","twitter_site":"@PeoplesphereMag","twitter_misc":{"\u00c9crit par":"Jean-Paul Erhard","Dur\u00e9e de lecture estim\u00e9e":"6 minutes"},"schema":{"@context":"https:\/\/schema.org","@graph":[{"@type":"Article","@id":"https:\/\/peoplesphere.be\/fr\/position-des-jeunes-sur-le-marche-du-travail-le-taux-demploi-a-son-plus-bas-niveau-depuis-8-ans\/#article","isPartOf":{"@id":"https:\/\/peoplesphere.be\/fr\/position-des-jeunes-sur-le-marche-du-travail-le-taux-demploi-a-son-plus-bas-niveau-depuis-8-ans\/"},"author":{"name":"Jean-Paul Erhard","@id":"https:\/\/peoplesphere.be\/fr\/#\/schema\/person\/7976225ff17988604334abb7b3536a7e"},"headline":"Position des jeunes sur le march\u00e9 du travail: le taux d&#8217;emploi \u00e0 son plus bas niveau depuis 8 ans.","datePublished":"2025-05-08T06:16:57+00:00","dateModified":"2025-05-08T06:16:57+00:00","mainEntityOfPage":{"@id":"https:\/\/peoplesphere.be\/fr\/position-des-jeunes-sur-le-marche-du-travail-le-taux-demploi-a-son-plus-bas-niveau-depuis-8-ans\/"},"wordCount":1132,"publisher":{"@id":"https:\/\/peoplesphere.be\/fr\/#organization"},"keywords":["emploi des jeunes","Formation","NEET"],"articleSection":["Actualit\u00e9s","Digital"],"inLanguage":"fr-FR"},{"@type":"WebPage","@id":"https:\/\/peoplesphere.be\/fr\/position-des-jeunes-sur-le-marche-du-travail-le-taux-demploi-a-son-plus-bas-niveau-depuis-8-ans\/","url":"https:\/\/peoplesphere.be\/fr\/position-des-jeunes-sur-le-marche-du-travail-le-taux-demploi-a-son-plus-bas-niveau-depuis-8-ans\/","name":"Position des jeunes sur le march\u00e9 du travail: le taux d'emploi \u00e0 son plus bas niveau depuis 8 ans. - Peoplesphere","isPartOf":{"@id":"https:\/\/peoplesphere.be\/fr\/#website"},"datePublished":"2025-05-08T06:16:57+00:00","dateModified":"2025-05-08T06:16:57+00:00","breadcrumb":{"@id":"https:\/\/peoplesphere.be\/fr\/position-des-jeunes-sur-le-marche-du-travail-le-taux-demploi-a-son-plus-bas-niveau-depuis-8-ans\/#breadcrumb"},"inLanguage":"fr-FR","potentialAction":[{"@type":"ReadAction","target":["https:\/\/peoplesphere.be\/fr\/position-des-jeunes-sur-le-marche-du-travail-le-taux-demploi-a-son-plus-bas-niveau-depuis-8-ans\/"]}]},{"@type":"BreadcrumbList","@id":"https:\/\/peoplesphere.be\/fr\/position-des-jeunes-sur-le-marche-du-travail-le-taux-demploi-a-son-plus-bas-niveau-depuis-8-ans\/#breadcrumb","itemListElement":[{"@type":"ListItem","position":1,"name":"Accueil","item":"https:\/\/peoplesphere.be\/fr\/"},{"@type":"ListItem","position":2,"name":"Position des jeunes sur le march\u00e9 du travail: le taux d&#8217;emploi \u00e0 son plus bas niveau depuis 8 ans."}]},{"@type":"WebSite","@id":"https:\/\/peoplesphere.be\/fr\/#website","url":"https:\/\/peoplesphere.be\/fr\/","name":"Peoplesphere","description":"The People Managers Magazine","publisher":{"@id":"https:\/\/peoplesphere.be\/fr\/#organization"},"potentialAction":[{"@type":"SearchAction","target":{"@type":"EntryPoint","urlTemplate":"https:\/\/peoplesphere.be\/fr\/?s={search_term_string}"},"query-input":"required name=search_term_string"}],"inLanguage":"fr-FR"},{"@type":"Organization","@id":"https:\/\/peoplesphere.be\/fr\/#organization","name":"Peoplesphere Company srl","url":"https:\/\/peoplesphere.be\/fr\/","logo":{"@type":"ImageObject","inLanguage":"fr-FR","@id":"https:\/\/peoplesphere.be\/fr\/#\/schema\/logo\/image\/","url":"https:\/\/peoplesphere.be\/fr\/wp-content\/uploads\/2023\/07\/peoplesphere-lgo-new-generik.jpg","contentUrl":"https:\/\/peoplesphere.be\/fr\/wp-content\/uploads\/2023\/07\/peoplesphere-lgo-new-generik.jpg","width":1031,"height":1479,"caption":"Peoplesphere Company srl"},"image":{"@id":"https:\/\/peoplesphere.be\/fr\/#\/schema\/logo\/image\/"},"sameAs":["https:\/\/www.facebook.com\/peoplesphere","https:\/\/twitter.com\/PeoplesphereMag","https:\/\/www.linkedin.com\/company\/7587361?trk","http:\/\/youtube.com\/peoplesphere"]},{"@type":"Person","@id":"https:\/\/peoplesphere.be\/fr\/#\/schema\/person\/7976225ff17988604334abb7b3536a7e","name":"Jean-Paul Erhard","image":{"@type":"ImageObject","inLanguage":"fr-FR","@id":"https:\/\/peoplesphere.be\/fr\/#\/schema\/person\/image\/","url":"https:\/\/secure.gravatar.com\/avatar\/f941e681460179738071629a51574930?s=96&d=mm&r=g","contentUrl":"https:\/\/secure.gravatar.com\/avatar\/f941e681460179738071629a51574930?s=96&d=mm&r=g","caption":"Jean-Paul Erhard"},"url":"https:\/\/peoplesphere.be\/fr\/author\/jpe\/"}]}},"_links":{"self":[{"href":"https:\/\/peoplesphere.be\/fr\/wp-json\/wp\/v2\/posts\/17725"}],"collection":[{"href":"https:\/\/peoplesphere.be\/fr\/wp-json\/wp\/v2\/posts"}],"about":[{"href":"https:\/\/peoplesphere.be\/fr\/wp-json\/wp\/v2\/types\/post"}],"author":[{"embeddable":true,"href":"https:\/\/peoplesphere.be\/fr\/wp-json\/wp\/v2\/users\/2"}],"replies":[{"embeddable":true,"href":"https:\/\/peoplesphere.be\/fr\/wp-json\/wp\/v2\/comments?post=17725"}],"version-history":[{"count":1,"href":"https:\/\/peoplesphere.be\/fr\/wp-json\/wp\/v2\/posts\/17725\/revisions"}],"predecessor-version":[{"id":17726,"href":"https:\/\/peoplesphere.be\/fr\/wp-json\/wp\/v2\/posts\/17725\/revisions\/17726"}],"wp:attachment":[{"href":"https:\/\/peoplesphere.be\/fr\/wp-json\/wp\/v2\/media?parent=17725"}],"wp:term":[{"taxonomy":"category","embeddable":true,"href":"https:\/\/peoplesphere.be\/fr\/wp-json\/wp\/v2\/categories?post=17725"},{"taxonomy":"post_tag","embeddable":true,"href":"https:\/\/peoplesphere.be\/fr\/wp-json\/wp\/v2\/tags?post=17725"}],"curies":[{"name":"wp","href":"https:\/\/api.w.org\/{rel}","templated":true}]}}