









{"id":17732,"date":"2025-05-13T06:32:21","date_gmt":"2025-05-13T04:32:21","guid":{"rendered":"https:\/\/peoplesphere.be\/fr\/?p=17732"},"modified":"2025-05-13T06:32:21","modified_gmt":"2025-05-13T04:32:21","slug":"surpoids-manque-dactivite-physique-tabagisme-la-sante-des-travailleurs-reste-problematique","status":"publish","type":"post","link":"https:\/\/peoplesphere.be\/fr\/surpoids-manque-dactivite-physique-tabagisme-la-sante-des-travailleurs-reste-problematique\/","title":{"rendered":"Surpoids, manque d&rsquo;activit\u00e9 physique, tabagisme&#8230; La sant\u00e9 des travailleurs reste probl\u00e9matique."},"content":{"rendered":"<p>6 travailleurs belges sur 10 (59%) ont un IMC trop \u00e9lev\u00e9, un chiffre en l\u00e9g\u00e8re augmentation par rapport \u00e0 l\u2019ann\u00e9e pr\u00e9c\u00e9dente (58%). Voil\u00e0 ce qu\u2019il ressort de donn\u00e9es collect\u00e9es aupr\u00e8s de 273.824 travailleurs dans le cadre du nouveau rapport de sant\u00e9 du Groupe IDEWE, le service externe pour la pr\u00e9vention et la protection au travail. 68% des travailleurs font \u00e9galement trop peu d\u2019activit\u00e9 physique, 25% d\u2019entre eux fument et 24% de la population active pr\u00e9sente une tension art\u00e9rielle trop \u00e9lev\u00e9e. Les r\u00e9sultats indiquent o\u00f9 des progr\u00e8s sont encore possibles et sur quels points des actions cibl\u00e9es peuvent faire la diff\u00e9rence. <!--more--><\/p>\n<p>Les hommes semblent particuli\u00e8rement expos\u00e9s au surpoids : 64% d\u2019entre eux pr\u00e9sentent un IMC sup\u00e9rieur \u00e0 25 (la norme pour le surpoids), contre 52% des femmes. Lorsqu\u2019on se concentre sur les secteurs, on observe une pr\u00e9valence du surpoids dans les transports (70%) et la construction (65%). C\u2019est d\u2019ailleurs \u00e9tonnant qu\u2019un secteur physiquement exigeant comme la construction (71%) soit un des secteurs qui respecte aussi mal la norme en mati\u00e8re d\u2019activit\u00e9 physique de minimum 150 minutes d\u2019activit\u00e9 d\u2019intensit\u00e9 mod\u00e9r\u00e9e par semaine. \u00ab\u00a0<em>Cela confirme le paradoxe de l\u2019activit\u00e9 physique : ce n\u2019est pas parce que l\u2019on r\u00e9alise des travaux lourds que l\u2019on est forc\u00e9ment en meilleure sant\u00e9 ou plus en forme\u00a0\u00bb<\/em>, explique Sofie Vandenbroeck, responsable du d\u00e9partement Knowledge Information and Research chez IDEWE. <em>\u00ab\u00a0L\u2019effort physique au travail ne remplace pas l\u2019activit\u00e9 physique r\u00e9cr\u00e9ative. Les personnes qui ont un travail lourd doivent aussi s\u2019assurer d\u2019avoir une activit\u00e9 physique suffisante et vari\u00e9e en dehors des heures de travail.\u00a0\u00bb<\/em><\/p>\n<p>Les jeunes n\u2019\u00e9chappent pas non plus \u00e0 cette tendance. Parmi les travailleurs de moins de 25 ans, 61% n\u2019atteignent pas la norme d\u2019activit\u00e9 physique, contre 68% pour l\u2019ensemble de la population active (69% en 2021 et 70% en 2022). \u00ab\u00a0<em>Nous observons une l\u00e9g\u00e8re diminution de 1% par rapport \u00e0 l\u2019ann\u00e9e pr\u00e9c\u00e9dente, mais il est encore t\u00f4t pour parler d\u2019un vrai basculement, m\u00eame s\u2019il est n\u00e9cessaire. Il est donc important, m\u00eame pour les employeurs, de continuer \u00e0 sensibiliser et \u00e0 prendre des initiatives pour encourager l\u2019activit\u00e9 physique.\u00a0\u00bb<\/em><\/p>\n<h3><strong><em>Le tabagisme et l\u2019hypertension stagnent : toujours des points d\u2019attention<\/em><\/strong><\/h3>\n<p>Le pourcentage de fumeurs parmi les travailleurs reste stable \u00e0 25%. \u00ab C\u2019est \u00e9tonnant : malgr\u00e9 le changement de mentalit\u00e9 au niveau de la soci\u00e9t\u00e9, nous observons que le nombre de fumeurs ne diminue que tr\u00e8s peu depuis des ann\u00e9es. L\u2019accompagnement dans le cadre de l\u2019arr\u00eat du tabac reste donc un point d\u2019attention important, surtout dans les secteurs o\u00f9 le tabagisme est bien ancr\u00e9. \u00bb<\/p>\n<p>Sur le plan de la sant\u00e9 cardiaque et art\u00e9rielle, une attention particuli\u00e8re est \u00e9galement requise. 24% des travailleurs pr\u00e9sentent une tension art\u00e9rielle \u00e9lev\u00e9e, un chiffre qui s\u2019\u00e9carte \u00e0 peine de celui de l\u2019ann\u00e9e pr\u00e9c\u00e9dente (diminution n\u00e9gligeable de 0,2%), une statistique qui stagne donc depuis 2021 \u00e0 ce niveau \u00e9lev\u00e9.<\/p>\n<h3><strong><em>Davantage de traitements et d\u2019absent\u00e9isme pour maladie<\/em><\/strong><\/h3>\n<p>Le rapport indique \u00e9galement que le nombre de personnes qui suivent un traitement (kin\u00e9sith\u00e9rapie, psychoth\u00e9rapie, etc.) augmente : de 49% en 2014 \u00e0 58% en 2023. Avec plus de la moiti\u00e9 (56%) des travailleurs qui signalent au moins un jour de maladie, l\u2019absent\u00e9isme appara\u00eet structurellement plus important qu\u2019auparavant, et ce, depuis la p\u00e9riode du coronavirus.<\/p>\n<p>La pr\u00e9vention reste la cl\u00e9 pour un environnement de travail sain<br \/>\nIDEWE insiste sur le fait que la pr\u00e9vention et une culture de travail saine sont essentielles pour am\u00e9liorer ces chiffres de sant\u00e9 sur le long terme.<\/p>\n","protected":false},"excerpt":{"rendered":"<p>6 travailleurs belges sur 10 (59%) ont un IMC trop \u00e9lev\u00e9, un chiffre en l\u00e9g\u00e8re augmentation par rapport \u00e0 l\u2019ann\u00e9e pr\u00e9c\u00e9dente (58%). Voil\u00e0 ce qu\u2019il ressort de donn\u00e9es collect\u00e9es aupr\u00e8s de 273.824 travailleurs dans le cadre du nouveau rapport de [&hellip;]<\/p>\n","protected":false},"author":2,"featured_media":17733,"comment_status":"closed","ping_status":"open","sticky":false,"template":"","format":"standard","meta":[],"categories":[65,10],"tags":[667,42,17,2233],"yoast_head":"<!-- This site is optimized with the Yoast SEO plugin v21.0 - https:\/\/yoast.com\/wordpress\/plugins\/seo\/ -->\n<title>Surpoids, manque d&#039;activit\u00e9 physique, tabagisme... La sant\u00e9 des travailleurs reste probl\u00e9matique. - Peoplesphere<\/title>\n<meta name=\"robots\" content=\"index, follow, max-snippet:-1, max-image-preview:large, max-video-preview:-1\" \/>\n<link rel=\"canonical\" href=\"https:\/\/peoplesphere.be\/fr\/surpoids-manque-dactivite-physique-tabagisme-la-sante-des-travailleurs-reste-problematique\/\" \/>\n<meta property=\"og:locale\" content=\"fr_FR\" \/>\n<meta property=\"og:type\" content=\"article\" \/>\n<meta property=\"og:title\" content=\"Surpoids, manque d&#039;activit\u00e9 physique, tabagisme... La sant\u00e9 des travailleurs reste probl\u00e9matique. - Peoplesphere\" \/>\n<meta property=\"og:description\" content=\"6 travailleurs belges sur 10 (59%) ont un IMC trop \u00e9lev\u00e9, un chiffre en l\u00e9g\u00e8re augmentation par rapport \u00e0 l\u2019ann\u00e9e pr\u00e9c\u00e9dente (58%). Voil\u00e0 ce qu\u2019il ressort de donn\u00e9es collect\u00e9es aupr\u00e8s de 273.824 travailleurs dans le cadre du nouveau rapport de [&hellip;]\" \/>\n<meta property=\"og:url\" content=\"https:\/\/peoplesphere.be\/fr\/surpoids-manque-dactivite-physique-tabagisme-la-sante-des-travailleurs-reste-problematique\/\" \/>\n<meta property=\"og:site_name\" content=\"Peoplesphere\" \/>\n<meta property=\"article:publisher\" content=\"https:\/\/www.facebook.com\/peoplesphere\" \/>\n<meta property=\"article:published_time\" content=\"2025-05-13T04:32:21+00:00\" \/>\n<meta property=\"og:image\" content=\"https:\/\/peoplesphere.be\/fr\/wp-content\/uploads\/2025\/05\/20250513thuiswerkergoidewe.jpg\" \/>\n\t<meta property=\"og:image:width\" content=\"1000\" \/>\n\t<meta property=\"og:image:height\" content=\"483\" \/>\n\t<meta property=\"og:image:type\" content=\"image\/jpeg\" \/>\n<meta name=\"author\" content=\"Jean-Paul Erhard\" \/>\n<meta name=\"twitter:card\" content=\"summary_large_image\" \/>\n<meta name=\"twitter:creator\" content=\"@PeoplesphereMag\" \/>\n<meta name=\"twitter:site\" content=\"@PeoplesphereMag\" \/>\n<meta name=\"twitter:label1\" content=\"\u00c9crit par\" \/>\n\t<meta name=\"twitter:data1\" content=\"Jean-Paul Erhard\" \/>\n\t<meta name=\"twitter:label2\" content=\"Dur\u00e9e de lecture estim\u00e9e\" \/>\n\t<meta name=\"twitter:data2\" content=\"3 minutes\" \/>\n<script type=\"application\/ld+json\" class=\"yoast-schema-graph\">{\"@context\":\"https:\/\/schema.org\",\"@graph\":[{\"@type\":\"Article\",\"@id\":\"https:\/\/peoplesphere.be\/fr\/surpoids-manque-dactivite-physique-tabagisme-la-sante-des-travailleurs-reste-problematique\/#article\",\"isPartOf\":{\"@id\":\"https:\/\/peoplesphere.be\/fr\/surpoids-manque-dactivite-physique-tabagisme-la-sante-des-travailleurs-reste-problematique\/\"},\"author\":{\"name\":\"Jean-Paul Erhard\",\"@id\":\"https:\/\/peoplesphere.be\/fr\/#\/schema\/person\/7976225ff17988604334abb7b3536a7e\"},\"headline\":\"Surpoids, manque d&rsquo;activit\u00e9 physique, tabagisme&#8230; La sant\u00e9 des travailleurs reste probl\u00e9matique.\",\"datePublished\":\"2025-05-13T04:32:21+00:00\",\"dateModified\":\"2025-05-13T04:32:21+00:00\",\"mainEntityOfPage\":{\"@id\":\"https:\/\/peoplesphere.be\/fr\/surpoids-manque-dactivite-physique-tabagisme-la-sante-des-travailleurs-reste-problematique\/\"},\"wordCount\":627,\"publisher\":{\"@id\":\"https:\/\/peoplesphere.be\/fr\/#organization\"},\"keywords\":[\"activit\u00e9 physique\",\"Pr\u00e9vention\",\"Sant\u00e9\",\"surpoids\"],\"articleSection\":[\"Actualit\u00e9s\",\"Digital\"],\"inLanguage\":\"fr-FR\"},{\"@type\":\"WebPage\",\"@id\":\"https:\/\/peoplesphere.be\/fr\/surpoids-manque-dactivite-physique-tabagisme-la-sante-des-travailleurs-reste-problematique\/\",\"url\":\"https:\/\/peoplesphere.be\/fr\/surpoids-manque-dactivite-physique-tabagisme-la-sante-des-travailleurs-reste-problematique\/\",\"name\":\"Surpoids, manque d'activit\u00e9 physique, tabagisme... La sant\u00e9 des travailleurs reste probl\u00e9matique. - Peoplesphere\",\"isPartOf\":{\"@id\":\"https:\/\/peoplesphere.be\/fr\/#website\"},\"datePublished\":\"2025-05-13T04:32:21+00:00\",\"dateModified\":\"2025-05-13T04:32:21+00:00\",\"breadcrumb\":{\"@id\":\"https:\/\/peoplesphere.be\/fr\/surpoids-manque-dactivite-physique-tabagisme-la-sante-des-travailleurs-reste-problematique\/#breadcrumb\"},\"inLanguage\":\"fr-FR\",\"potentialAction\":[{\"@type\":\"ReadAction\",\"target\":[\"https:\/\/peoplesphere.be\/fr\/surpoids-manque-dactivite-physique-tabagisme-la-sante-des-travailleurs-reste-problematique\/\"]}]},{\"@type\":\"BreadcrumbList\",\"@id\":\"https:\/\/peoplesphere.be\/fr\/surpoids-manque-dactivite-physique-tabagisme-la-sante-des-travailleurs-reste-problematique\/#breadcrumb\",\"itemListElement\":[{\"@type\":\"ListItem\",\"position\":1,\"name\":\"Accueil\",\"item\":\"https:\/\/peoplesphere.be\/fr\/\"},{\"@type\":\"ListItem\",\"position\":2,\"name\":\"Surpoids, manque d&rsquo;activit\u00e9 physique, tabagisme&#8230; La sant\u00e9 des travailleurs reste probl\u00e9matique.\"}]},{\"@type\":\"WebSite\",\"@id\":\"https:\/\/peoplesphere.be\/fr\/#website\",\"url\":\"https:\/\/peoplesphere.be\/fr\/\",\"name\":\"Peoplesphere\",\"description\":\"The People Managers Magazine\",\"publisher\":{\"@id\":\"https:\/\/peoplesphere.be\/fr\/#organization\"},\"potentialAction\":[{\"@type\":\"SearchAction\",\"target\":{\"@type\":\"EntryPoint\",\"urlTemplate\":\"https:\/\/peoplesphere.be\/fr\/?s={search_term_string}\"},\"query-input\":\"required name=search_term_string\"}],\"inLanguage\":\"fr-FR\"},{\"@type\":\"Organization\",\"@id\":\"https:\/\/peoplesphere.be\/fr\/#organization\",\"name\":\"Peoplesphere Company srl\",\"url\":\"https:\/\/peoplesphere.be\/fr\/\",\"logo\":{\"@type\":\"ImageObject\",\"inLanguage\":\"fr-FR\",\"@id\":\"https:\/\/peoplesphere.be\/fr\/#\/schema\/logo\/image\/\",\"url\":\"https:\/\/peoplesphere.be\/fr\/wp-content\/uploads\/2023\/07\/peoplesphere-lgo-new-generik.jpg\",\"contentUrl\":\"https:\/\/peoplesphere.be\/fr\/wp-content\/uploads\/2023\/07\/peoplesphere-lgo-new-generik.jpg\",\"width\":1031,\"height\":1479,\"caption\":\"Peoplesphere Company srl\"},\"image\":{\"@id\":\"https:\/\/peoplesphere.be\/fr\/#\/schema\/logo\/image\/\"},\"sameAs\":[\"https:\/\/www.facebook.com\/peoplesphere\",\"https:\/\/twitter.com\/PeoplesphereMag\",\"https:\/\/www.linkedin.com\/company\/7587361?trk\",\"http:\/\/youtube.com\/peoplesphere\"]},{\"@type\":\"Person\",\"@id\":\"https:\/\/peoplesphere.be\/fr\/#\/schema\/person\/7976225ff17988604334abb7b3536a7e\",\"name\":\"Jean-Paul Erhard\",\"image\":{\"@type\":\"ImageObject\",\"inLanguage\":\"fr-FR\",\"@id\":\"https:\/\/peoplesphere.be\/fr\/#\/schema\/person\/image\/\",\"url\":\"https:\/\/secure.gravatar.com\/avatar\/f941e681460179738071629a51574930?s=96&d=mm&r=g\",\"contentUrl\":\"https:\/\/secure.gravatar.com\/avatar\/f941e681460179738071629a51574930?s=96&d=mm&r=g\",\"caption\":\"Jean-Paul Erhard\"},\"url\":\"https:\/\/peoplesphere.be\/fr\/author\/jpe\/\"}]}<\/script>\n<!-- \/ Yoast SEO plugin. -->","yoast_head_json":{"title":"Surpoids, manque d'activit\u00e9 physique, tabagisme... La sant\u00e9 des travailleurs reste probl\u00e9matique. - Peoplesphere","robots":{"index":"index","follow":"follow","max-snippet":"max-snippet:-1","max-image-preview":"max-image-preview:large","max-video-preview":"max-video-preview:-1"},"canonical":"https:\/\/peoplesphere.be\/fr\/surpoids-manque-dactivite-physique-tabagisme-la-sante-des-travailleurs-reste-problematique\/","og_locale":"fr_FR","og_type":"article","og_title":"Surpoids, manque d'activit\u00e9 physique, tabagisme... La sant\u00e9 des travailleurs reste probl\u00e9matique. - Peoplesphere","og_description":"6 travailleurs belges sur 10 (59%) ont un IMC trop \u00e9lev\u00e9, un chiffre en l\u00e9g\u00e8re augmentation par rapport \u00e0 l\u2019ann\u00e9e pr\u00e9c\u00e9dente (58%). Voil\u00e0 ce qu\u2019il ressort de donn\u00e9es collect\u00e9es aupr\u00e8s de 273.824 travailleurs dans le cadre du nouveau rapport de [&hellip;]","og_url":"https:\/\/peoplesphere.be\/fr\/surpoids-manque-dactivite-physique-tabagisme-la-sante-des-travailleurs-reste-problematique\/","og_site_name":"Peoplesphere","article_publisher":"https:\/\/www.facebook.com\/peoplesphere","article_published_time":"2025-05-13T04:32:21+00:00","og_image":[{"width":1000,"height":483,"url":"https:\/\/peoplesphere.be\/fr\/wp-content\/uploads\/2025\/05\/20250513thuiswerkergoidewe.jpg","type":"image\/jpeg"}],"author":"Jean-Paul Erhard","twitter_card":"summary_large_image","twitter_creator":"@PeoplesphereMag","twitter_site":"@PeoplesphereMag","twitter_misc":{"\u00c9crit par":"Jean-Paul Erhard","Dur\u00e9e de lecture estim\u00e9e":"3 minutes"},"schema":{"@context":"https:\/\/schema.org","@graph":[{"@type":"Article","@id":"https:\/\/peoplesphere.be\/fr\/surpoids-manque-dactivite-physique-tabagisme-la-sante-des-travailleurs-reste-problematique\/#article","isPartOf":{"@id":"https:\/\/peoplesphere.be\/fr\/surpoids-manque-dactivite-physique-tabagisme-la-sante-des-travailleurs-reste-problematique\/"},"author":{"name":"Jean-Paul Erhard","@id":"https:\/\/peoplesphere.be\/fr\/#\/schema\/person\/7976225ff17988604334abb7b3536a7e"},"headline":"Surpoids, manque d&rsquo;activit\u00e9 physique, tabagisme&#8230; La sant\u00e9 des travailleurs reste probl\u00e9matique.","datePublished":"2025-05-13T04:32:21+00:00","dateModified":"2025-05-13T04:32:21+00:00","mainEntityOfPage":{"@id":"https:\/\/peoplesphere.be\/fr\/surpoids-manque-dactivite-physique-tabagisme-la-sante-des-travailleurs-reste-problematique\/"},"wordCount":627,"publisher":{"@id":"https:\/\/peoplesphere.be\/fr\/#organization"},"keywords":["activit\u00e9 physique","Pr\u00e9vention","Sant\u00e9","surpoids"],"articleSection":["Actualit\u00e9s","Digital"],"inLanguage":"fr-FR"},{"@type":"WebPage","@id":"https:\/\/peoplesphere.be\/fr\/surpoids-manque-dactivite-physique-tabagisme-la-sante-des-travailleurs-reste-problematique\/","url":"https:\/\/peoplesphere.be\/fr\/surpoids-manque-dactivite-physique-tabagisme-la-sante-des-travailleurs-reste-problematique\/","name":"Surpoids, manque d'activit\u00e9 physique, tabagisme... La sant\u00e9 des travailleurs reste probl\u00e9matique. - Peoplesphere","isPartOf":{"@id":"https:\/\/peoplesphere.be\/fr\/#website"},"datePublished":"2025-05-13T04:32:21+00:00","dateModified":"2025-05-13T04:32:21+00:00","breadcrumb":{"@id":"https:\/\/peoplesphere.be\/fr\/surpoids-manque-dactivite-physique-tabagisme-la-sante-des-travailleurs-reste-problematique\/#breadcrumb"},"inLanguage":"fr-FR","potentialAction":[{"@type":"ReadAction","target":["https:\/\/peoplesphere.be\/fr\/surpoids-manque-dactivite-physique-tabagisme-la-sante-des-travailleurs-reste-problematique\/"]}]},{"@type":"BreadcrumbList","@id":"https:\/\/peoplesphere.be\/fr\/surpoids-manque-dactivite-physique-tabagisme-la-sante-des-travailleurs-reste-problematique\/#breadcrumb","itemListElement":[{"@type":"ListItem","position":1,"name":"Accueil","item":"https:\/\/peoplesphere.be\/fr\/"},{"@type":"ListItem","position":2,"name":"Surpoids, manque d&rsquo;activit\u00e9 physique, tabagisme&#8230; La sant\u00e9 des travailleurs reste probl\u00e9matique."}]},{"@type":"WebSite","@id":"https:\/\/peoplesphere.be\/fr\/#website","url":"https:\/\/peoplesphere.be\/fr\/","name":"Peoplesphere","description":"The People Managers Magazine","publisher":{"@id":"https:\/\/peoplesphere.be\/fr\/#organization"},"potentialAction":[{"@type":"SearchAction","target":{"@type":"EntryPoint","urlTemplate":"https:\/\/peoplesphere.be\/fr\/?s={search_term_string}"},"query-input":"required name=search_term_string"}],"inLanguage":"fr-FR"},{"@type":"Organization","@id":"https:\/\/peoplesphere.be\/fr\/#organization","name":"Peoplesphere Company srl","url":"https:\/\/peoplesphere.be\/fr\/","logo":{"@type":"ImageObject","inLanguage":"fr-FR","@id":"https:\/\/peoplesphere.be\/fr\/#\/schema\/logo\/image\/","url":"https:\/\/peoplesphere.be\/fr\/wp-content\/uploads\/2023\/07\/peoplesphere-lgo-new-generik.jpg","contentUrl":"https:\/\/peoplesphere.be\/fr\/wp-content\/uploads\/2023\/07\/peoplesphere-lgo-new-generik.jpg","width":1031,"height":1479,"caption":"Peoplesphere Company srl"},"image":{"@id":"https:\/\/peoplesphere.be\/fr\/#\/schema\/logo\/image\/"},"sameAs":["https:\/\/www.facebook.com\/peoplesphere","https:\/\/twitter.com\/PeoplesphereMag","https:\/\/www.linkedin.com\/company\/7587361?trk","http:\/\/youtube.com\/peoplesphere"]},{"@type":"Person","@id":"https:\/\/peoplesphere.be\/fr\/#\/schema\/person\/7976225ff17988604334abb7b3536a7e","name":"Jean-Paul Erhard","image":{"@type":"ImageObject","inLanguage":"fr-FR","@id":"https:\/\/peoplesphere.be\/fr\/#\/schema\/person\/image\/","url":"https:\/\/secure.gravatar.com\/avatar\/f941e681460179738071629a51574930?s=96&d=mm&r=g","contentUrl":"https:\/\/secure.gravatar.com\/avatar\/f941e681460179738071629a51574930?s=96&d=mm&r=g","caption":"Jean-Paul Erhard"},"url":"https:\/\/peoplesphere.be\/fr\/author\/jpe\/"}]}},"_links":{"self":[{"href":"https:\/\/peoplesphere.be\/fr\/wp-json\/wp\/v2\/posts\/17732"}],"collection":[{"href":"https:\/\/peoplesphere.be\/fr\/wp-json\/wp\/v2\/posts"}],"about":[{"href":"https:\/\/peoplesphere.be\/fr\/wp-json\/wp\/v2\/types\/post"}],"author":[{"embeddable":true,"href":"https:\/\/peoplesphere.be\/fr\/wp-json\/wp\/v2\/users\/2"}],"replies":[{"embeddable":true,"href":"https:\/\/peoplesphere.be\/fr\/wp-json\/wp\/v2\/comments?post=17732"}],"version-history":[{"count":1,"href":"https:\/\/peoplesphere.be\/fr\/wp-json\/wp\/v2\/posts\/17732\/revisions"}],"predecessor-version":[{"id":17734,"href":"https:\/\/peoplesphere.be\/fr\/wp-json\/wp\/v2\/posts\/17732\/revisions\/17734"}],"wp:featuredmedia":[{"embeddable":true,"href":"https:\/\/peoplesphere.be\/fr\/wp-json\/wp\/v2\/media\/17733"}],"wp:attachment":[{"href":"https:\/\/peoplesphere.be\/fr\/wp-json\/wp\/v2\/media?parent=17732"}],"wp:term":[{"taxonomy":"category","embeddable":true,"href":"https:\/\/peoplesphere.be\/fr\/wp-json\/wp\/v2\/categories?post=17732"},{"taxonomy":"post_tag","embeddable":true,"href":"https:\/\/peoplesphere.be\/fr\/wp-json\/wp\/v2\/tags?post=17732"}],"curies":[{"name":"wp","href":"https:\/\/api.w.org\/{rel}","templated":true}]}}