









{"id":17740,"date":"2025-05-13T19:34:29","date_gmt":"2025-05-13T17:34:29","guid":{"rendered":"https:\/\/peoplesphere.be\/fr\/?p=17740"},"modified":"2025-05-13T19:34:29","modified_gmt":"2025-05-13T17:34:29","slug":"le-secteur-chimique-et-pharmaceutique-subit-sa-premiere-perte-demplois-en-dix-ans-et-voit-ses-exportations-et-ses-investissements-diminuer","status":"publish","type":"post","link":"https:\/\/peoplesphere.be\/fr\/le-secteur-chimique-et-pharmaceutique-subit-sa-premiere-perte-demplois-en-dix-ans-et-voit-ses-exportations-et-ses-investissements-diminuer\/","title":{"rendered":"Le secteur chimique et pharmaceutique subit sa premi\u00e8re perte d&#8217;emplois en dix ans et voit ses exportations et ses investissements diminuer."},"content":{"rendered":"<p>Apr\u00e8s une d\u00e9cennie de croissance continue de l&#8217;emploi, plus de 1 150 emplois ont \u00e9t\u00e9 perdus dans le secteur de la chimie et des sciences de la vie l&rsquo;ann\u00e9e derni\u00e8re. Le chiffre d&rsquo;affaires, les exportations et les investissements sont \u00e9galement en baisse. Les conflits commerciaux imminents et les tarifs d&rsquo;importation (le secteur pharmaceutique et chimique repr\u00e9sente jusqu&rsquo;\u00e0 66% du total des exportations belges vers les \u00c9tats-Unis) exercent une pression suppl\u00e9mentaire sur la position concurrentielle affaiblie.<!--more--><\/p>\n<p>La f\u00e9d\u00e9ration sectorielle essenscia appelle \u00e0 l&rsquo;urgence politique et demande des mesures concr\u00e8tes pour r\u00e9duire les co\u00fbts \u00e9nerg\u00e9tiques, un nouvel \u00e9tat d&rsquo;esprit en mati\u00e8re de r\u00e9glementation et une strat\u00e9gie industrielle offensive pour attirer davantage d&rsquo;investissements : \u00ab\u00a0<em>Il faut agir maintenant\u00a0\u00bb.<\/em><\/p>\n<p>Le taux d&rsquo;utilisation de la capacit\u00e9 de production dans le secteur belge de la chimie et des sciences de la vie est d\u00e9j\u00e0 inf\u00e9rieur \u00e0 la moyenne d\u00e9cennale pour le 11e trimestre cons\u00e9cutif. Cette crise dure donc beaucoup plus longtemps que les pr\u00e9c\u00e9dentes. Cela se traduit \u00e9galement dans les chiffres. Le chiffre d&rsquo;affaires du secteur a d\u00e9j\u00e0 subi une forte baisse de 14% en 2023 et continue de baisser de 0,5% pour atteindre 74,9 milliards d&rsquo;euros. Sur 10 ans, le chiffre d&rsquo;affaires du secteur a augment\u00e9 de 17% en termes nominaux, mais apr\u00e8s correction de l&rsquo;inflation il est en fait en baisse de 11% en termes r\u00e9els.<\/p>\n<h3><strong><em>Tr\u00e8s vuln\u00e9rable aux conflits commerciaux<\/em><\/strong><\/h3>\n<p>Le commerce international est \u00e9galement en perte de vitesse. Au cours des deux derni\u00e8res ann\u00e9es, tant les exportations que les importations ont diminu\u00e9 d&rsquo;environ 20%. Malgr\u00e9 cela, le secteur chimique et pharmaceutique reste le champion des exportations belges, repr\u00e9sentant un tiers du total des exportations belges et une balance commerciale positive de 36 milliards d&rsquo;euros, structurellement sup\u00e9rieure \u00e0 la balance commerciale totale de la Belgique. L&rsquo;Allemagne reste le principal partenaire commercial, mais perd du terrain, avec des exportations en baisse de 8% l&rsquo;ann\u00e9e derni\u00e8re. Les exportations vers les \u00c9tats-Unis ont augment\u00e9 de moiti\u00e9 au cours des cinq derni\u00e8res ann\u00e9es, principalement gr\u00e2ce au secteur pharmaceutique. Le secteur est donc particuli\u00e8rement vuln\u00e9rable aux barri\u00e8res tarifaires et \u00e0 une \u00e9ventuelle escalade du commerce mondial.<\/p>\n<h3><strong><em>Premi\u00e8re perte d&#8217;emploi depuis dix ans<\/em><\/strong><\/h3>\n<p>Apr\u00e8s une d\u00e9cennie de croissance continue de l&#8217;emploi, plus de 1.150 emplois ont \u00e9t\u00e9 perdus en 2024, ramenant le nombre d&#8217;emplois du secteur \u00e0 un total de 99.009 emplois directs. Les emplois ont \u00e9t\u00e9 perdus principalement dans les secteurs de la chimie et des mati\u00e8res plastiques, \u00e0 forte consommation d&rsquo;\u00e9nergie. Les entreprises pharmaceutiques ont tout de m\u00eame enregistr\u00e9 une modeste cr\u00e9ation de 83 emplois suppl\u00e9mentaires. Malgr\u00e9 les pertes d&#8217;emplois, la part du secteur dans l&#8217;emploi industriel total s&rsquo;\u00e9l\u00e8ve \u00e0 plus de 20%. Au cours de la derni\u00e8re d\u00e9cennie, pr\u00e8s de 11.000 emplois ont \u00e9t\u00e9 cr\u00e9\u00e9s, principalement gr\u00e2ce \u00e0 la forte croissance du secteur pharmaceutique. Au cours de la m\u00eame p\u00e9riode, l&#8217;emploi dans le reste du secteur manufacturier a diminu\u00e9 de pr\u00e8s de 10.000 emplois.<\/p>\n<h3><strong><em>Les investissements stagnent, les d\u00e9penses de R&amp;D continuent d&rsquo;augmenter<\/em><\/strong><\/h3>\n<p>Les investissements ont \u00e9galement stagn\u00e9 pour la premi\u00e8re fois depuis longtemps, avec une baisse annualis\u00e9e de pr\u00e8s de 2% pour atteindre 3,8 milliards d&rsquo;euros. Cela repr\u00e9sente 36,5% de l&rsquo;ensemble des investissements industriels en Belgique, mais rompt nettement avec le taux de croissance annuel de pr\u00e8s de 8% enregistr\u00e9 au cours de la derni\u00e8re d\u00e9cennie. Il y a aussi des nouvelles positives : sous l&rsquo;impulsion des secteurs pharmaceutique et biotechnologique, les d\u00e9penses en R&amp;D augmentent pour atteindre le chiffre record de 6,8 milliards d&rsquo;euros. Cela plaide en faveur de la poursuite du renforcement des mesures de soutien \u00e0 l&rsquo;innovation \u00e0 diff\u00e9rents niveaux politiques.<\/p>\n<h3><strong><em>La confiance des entreprises reste particuli\u00e8rement faible<\/em><\/strong><\/h3>\n<p>Cependant, la confiance des entreprises dans le secteur reste historiquement basse. Les co\u00fbts de l&rsquo;\u00e9nergie constituent le plus grand casse-t\u00eate. Les prix du gaz en Europe sont encore 3,5 fois plus \u00e9lev\u00e9s qu&rsquo;aux \u00c9tats-Unis, ce qui repr\u00e9sente un surco\u00fbt annuel de plusieurs dizaines de millions d&rsquo;euros en fonction du profil de consommation. Il faut \u00e9galement tenir compte de la domination croissante de la Chine dans l&rsquo;industrie chimique. La capacit\u00e9 de production chinoise de six composants essentiels, tels que l&rsquo;\u00e9thyl\u00e8ne ou le propyl\u00e8ne, a augment\u00e9 de 72% depuis 2020. Par rapport \u00e0 2000, elle est m\u00eame multipli\u00e9e par un facteur de 14. Les conflits commerciaux en cours menacent \u00e9galement de d\u00e9t\u00e9riorer davantage l&rsquo;environnement \u00e9conomique et de remodeler fondamentalement le commerce mondial globalis\u00e9.<\/p>\n<p>Jan Remeysen, pr\u00e9sident essenscia et CEO BASF Anvers : \u00ab\u00a0<em>Ces chiffres \u00e9conomiques annuels n&rsquo;incitent certainement pas \u00e0 l&rsquo;optimisme, mais ils ne doivent pas non plus nous plonger dans la pessimisme. Nous devons surtout les utiliser comme un levier pour cr\u00e9er une urgence politique. Il est temps de passer de l&rsquo;\u00e9laboration de plans d&rsquo;action remplis de bonnes intentions \u00e0 des mesures politiques efficaces ayant un impact direct sur l&rsquo;am\u00e9lioration de la comp\u00e9titivit\u00e9. L&rsquo;accent doit \u00eatre mis sur la r\u00e9duction des co\u00fbts de l&rsquo;\u00e9nergie, un changement de mentalit\u00e9 en mati\u00e8re de r\u00e9glementation et un climat d&rsquo;investissement plus favorable. Les probl\u00e8mes li\u00e9s aux permis et la forte augmentation des co\u00fbts salariaux et \u00e9nerg\u00e9tiques mettent \u00e0 mal notre r\u00e9putation internationale en tant que lieu d&rsquo;investissement privil\u00e9gi\u00e9 pour la chimie et les sciences de la vie. Les investisseurs ont besoin d&rsquo;un signal montrant que notre pays joue pleinement la carte de l&rsquo;industrie \u00e0 tous les niveaux politiques.\u00a0\u00bb<\/em><\/p>\n<p>Yves Verschueren, administrateur d\u00e9l\u00e9gu\u00e9 d\u2019essenscia: <em>\u00ab\u00a0La position concurrentielle de l&rsquo;industrie europ\u00e9enne est soumise \u00e0 de fortes pressions et l&rsquo;industrie belge de la chimie et des sciences de la vie en subit \u00e9galement les coups. Pourtant, d&rsquo;un point de vue relatif, nous r\u00e9sistons un peu mieux que la plupart de nos pays voisins. L&rsquo;industrie pharmaceutique, en particulier, reste forte, mais elle est confront\u00e9e \u00e0 une incertitude croissante en raison des tensions g\u00e9opolitiques dans le commerce mondial. Une acc\u00e9l\u00e9ration et une concr\u00e9tisation de la politique industrielle sont n\u00e9cessaires, car entre-temps, plus de 40 % de la valeur ajout\u00e9e du secteur est consacr\u00e9e \u00e0 des co\u00fbts \u00e9nerg\u00e9tiques \u00e9lev\u00e9s et \u00e0 un alourdissement du co\u00fbt de la r\u00e9glementation. La ma\u00eetrise de ces co\u00fbts devrait \u00eatre la premi\u00e8re priorit\u00e9 politique, par exemple par une r\u00e9duction imm\u00e9diate des tarifs de transmission pour l&rsquo;industrie.\u00a0\u00bb<\/em><\/p>\n<p>&nbsp;<\/p>\n<p><em>Source: Essenscia<\/em><\/p>\n","protected":false},"excerpt":{"rendered":"<p>Apr\u00e8s une d\u00e9cennie de croissance continue de l&#8217;emploi, plus de 1 150 emplois ont \u00e9t\u00e9 perdus dans le secteur de la chimie et des sciences de la vie l&rsquo;ann\u00e9e derni\u00e8re. Le chiffre d&rsquo;affaires, les exportations et les investissements sont \u00e9galement [&hellip;]<\/p>\n","protected":false},"author":2,"featured_media":0,"comment_status":"closed","ping_status":"open","sticky":false,"template":"","format":"standard","meta":[],"categories":[65,10],"tags":[152,11,1275,3492],"yoast_head":"<!-- This site is optimized with the Yoast SEO plugin v21.0 - https:\/\/yoast.com\/wordpress\/plugins\/seo\/ -->\n<title>Le secteur chimique et pharmaceutique subit sa premi\u00e8re perte d&#039;emplois en dix ans et voit ses exportations et ses investissements diminuer. - Peoplesphere<\/title>\n<meta name=\"robots\" content=\"index, follow, max-snippet:-1, max-image-preview:large, max-video-preview:-1\" \/>\n<link rel=\"canonical\" href=\"https:\/\/peoplesphere.be\/fr\/le-secteur-chimique-et-pharmaceutique-subit-sa-premiere-perte-demplois-en-dix-ans-et-voit-ses-exportations-et-ses-investissements-diminuer\/\" \/>\n<meta property=\"og:locale\" content=\"fr_FR\" \/>\n<meta property=\"og:type\" content=\"article\" \/>\n<meta property=\"og:title\" content=\"Le secteur chimique et pharmaceutique subit sa premi\u00e8re perte d&#039;emplois en dix ans et voit ses exportations et ses investissements diminuer. - Peoplesphere\" \/>\n<meta property=\"og:description\" content=\"Apr\u00e8s une d\u00e9cennie de croissance continue de l&#8217;emploi, plus de 1 150 emplois ont \u00e9t\u00e9 perdus dans le secteur de la chimie et des sciences de la vie l&rsquo;ann\u00e9e derni\u00e8re. Le chiffre d&rsquo;affaires, les exportations et les investissements sont \u00e9galement [&hellip;]\" \/>\n<meta property=\"og:url\" content=\"https:\/\/peoplesphere.be\/fr\/le-secteur-chimique-et-pharmaceutique-subit-sa-premiere-perte-demplois-en-dix-ans-et-voit-ses-exportations-et-ses-investissements-diminuer\/\" \/>\n<meta property=\"og:site_name\" content=\"Peoplesphere\" \/>\n<meta property=\"article:publisher\" content=\"https:\/\/www.facebook.com\/peoplesphere\" \/>\n<meta property=\"article:published_time\" content=\"2025-05-13T17:34:29+00:00\" \/>\n<meta property=\"og:image\" content=\"http:\/\/www.peoplesphere.be\/fr\/wp-content\/uploads\/2016\/07\/facebook-default-posting-1200x628px.jpg\" \/>\n<meta name=\"author\" content=\"Jean-Paul Erhard\" \/>\n<meta name=\"twitter:card\" content=\"summary_large_image\" \/>\n<meta name=\"twitter:creator\" content=\"@PeoplesphereMag\" \/>\n<meta name=\"twitter:site\" content=\"@PeoplesphereMag\" \/>\n<meta name=\"twitter:label1\" content=\"\u00c9crit par\" \/>\n\t<meta name=\"twitter:data1\" content=\"Jean-Paul Erhard\" \/>\n\t<meta name=\"twitter:label2\" content=\"Dur\u00e9e de lecture estim\u00e9e\" \/>\n\t<meta name=\"twitter:data2\" content=\"6 minutes\" \/>\n<script type=\"application\/ld+json\" class=\"yoast-schema-graph\">{\"@context\":\"https:\/\/schema.org\",\"@graph\":[{\"@type\":\"Article\",\"@id\":\"https:\/\/peoplesphere.be\/fr\/le-secteur-chimique-et-pharmaceutique-subit-sa-premiere-perte-demplois-en-dix-ans-et-voit-ses-exportations-et-ses-investissements-diminuer\/#article\",\"isPartOf\":{\"@id\":\"https:\/\/peoplesphere.be\/fr\/le-secteur-chimique-et-pharmaceutique-subit-sa-premiere-perte-demplois-en-dix-ans-et-voit-ses-exportations-et-ses-investissements-diminuer\/\"},\"author\":{\"name\":\"Jean-Paul Erhard\",\"@id\":\"https:\/\/peoplesphere.be\/fr\/#\/schema\/person\/7976225ff17988604334abb7b3536a7e\"},\"headline\":\"Le secteur chimique et pharmaceutique subit sa premi\u00e8re perte d&#8217;emplois en dix ans et voit ses exportations et ses investissements diminuer.\",\"datePublished\":\"2025-05-13T17:34:29+00:00\",\"dateModified\":\"2025-05-13T17:34:29+00:00\",\"mainEntityOfPage\":{\"@id\":\"https:\/\/peoplesphere.be\/fr\/le-secteur-chimique-et-pharmaceutique-subit-sa-premiere-perte-demplois-en-dix-ans-et-voit-ses-exportations-et-ses-investissements-diminuer\/\"},\"wordCount\":1100,\"publisher\":{\"@id\":\"https:\/\/peoplesphere.be\/fr\/#organization\"},\"keywords\":[\"croissance\",\"emploi\",\"pharma\",\"secteur chimique\"],\"articleSection\":[\"Actualit\u00e9s\",\"Digital\"],\"inLanguage\":\"fr-FR\"},{\"@type\":\"WebPage\",\"@id\":\"https:\/\/peoplesphere.be\/fr\/le-secteur-chimique-et-pharmaceutique-subit-sa-premiere-perte-demplois-en-dix-ans-et-voit-ses-exportations-et-ses-investissements-diminuer\/\",\"url\":\"https:\/\/peoplesphere.be\/fr\/le-secteur-chimique-et-pharmaceutique-subit-sa-premiere-perte-demplois-en-dix-ans-et-voit-ses-exportations-et-ses-investissements-diminuer\/\",\"name\":\"Le secteur chimique et pharmaceutique subit sa premi\u00e8re perte d'emplois en dix ans et voit ses exportations et ses investissements diminuer. - Peoplesphere\",\"isPartOf\":{\"@id\":\"https:\/\/peoplesphere.be\/fr\/#website\"},\"datePublished\":\"2025-05-13T17:34:29+00:00\",\"dateModified\":\"2025-05-13T17:34:29+00:00\",\"breadcrumb\":{\"@id\":\"https:\/\/peoplesphere.be\/fr\/le-secteur-chimique-et-pharmaceutique-subit-sa-premiere-perte-demplois-en-dix-ans-et-voit-ses-exportations-et-ses-investissements-diminuer\/#breadcrumb\"},\"inLanguage\":\"fr-FR\",\"potentialAction\":[{\"@type\":\"ReadAction\",\"target\":[\"https:\/\/peoplesphere.be\/fr\/le-secteur-chimique-et-pharmaceutique-subit-sa-premiere-perte-demplois-en-dix-ans-et-voit-ses-exportations-et-ses-investissements-diminuer\/\"]}]},{\"@type\":\"BreadcrumbList\",\"@id\":\"https:\/\/peoplesphere.be\/fr\/le-secteur-chimique-et-pharmaceutique-subit-sa-premiere-perte-demplois-en-dix-ans-et-voit-ses-exportations-et-ses-investissements-diminuer\/#breadcrumb\",\"itemListElement\":[{\"@type\":\"ListItem\",\"position\":1,\"name\":\"Accueil\",\"item\":\"https:\/\/peoplesphere.be\/fr\/\"},{\"@type\":\"ListItem\",\"position\":2,\"name\":\"Le secteur chimique et pharmaceutique subit sa premi\u00e8re perte d&#8217;emplois en dix ans et voit ses exportations et ses investissements diminuer.\"}]},{\"@type\":\"WebSite\",\"@id\":\"https:\/\/peoplesphere.be\/fr\/#website\",\"url\":\"https:\/\/peoplesphere.be\/fr\/\",\"name\":\"Peoplesphere\",\"description\":\"The People Managers Magazine\",\"publisher\":{\"@id\":\"https:\/\/peoplesphere.be\/fr\/#organization\"},\"potentialAction\":[{\"@type\":\"SearchAction\",\"target\":{\"@type\":\"EntryPoint\",\"urlTemplate\":\"https:\/\/peoplesphere.be\/fr\/?s={search_term_string}\"},\"query-input\":\"required name=search_term_string\"}],\"inLanguage\":\"fr-FR\"},{\"@type\":\"Organization\",\"@id\":\"https:\/\/peoplesphere.be\/fr\/#organization\",\"name\":\"Peoplesphere Company srl\",\"url\":\"https:\/\/peoplesphere.be\/fr\/\",\"logo\":{\"@type\":\"ImageObject\",\"inLanguage\":\"fr-FR\",\"@id\":\"https:\/\/peoplesphere.be\/fr\/#\/schema\/logo\/image\/\",\"url\":\"https:\/\/peoplesphere.be\/fr\/wp-content\/uploads\/2023\/07\/peoplesphere-lgo-new-generik.jpg\",\"contentUrl\":\"https:\/\/peoplesphere.be\/fr\/wp-content\/uploads\/2023\/07\/peoplesphere-lgo-new-generik.jpg\",\"width\":1031,\"height\":1479,\"caption\":\"Peoplesphere Company srl\"},\"image\":{\"@id\":\"https:\/\/peoplesphere.be\/fr\/#\/schema\/logo\/image\/\"},\"sameAs\":[\"https:\/\/www.facebook.com\/peoplesphere\",\"https:\/\/twitter.com\/PeoplesphereMag\",\"https:\/\/www.linkedin.com\/company\/7587361?trk\",\"http:\/\/youtube.com\/peoplesphere\"]},{\"@type\":\"Person\",\"@id\":\"https:\/\/peoplesphere.be\/fr\/#\/schema\/person\/7976225ff17988604334abb7b3536a7e\",\"name\":\"Jean-Paul Erhard\",\"image\":{\"@type\":\"ImageObject\",\"inLanguage\":\"fr-FR\",\"@id\":\"https:\/\/peoplesphere.be\/fr\/#\/schema\/person\/image\/\",\"url\":\"https:\/\/secure.gravatar.com\/avatar\/f941e681460179738071629a51574930?s=96&d=mm&r=g\",\"contentUrl\":\"https:\/\/secure.gravatar.com\/avatar\/f941e681460179738071629a51574930?s=96&d=mm&r=g\",\"caption\":\"Jean-Paul Erhard\"},\"url\":\"https:\/\/peoplesphere.be\/fr\/author\/jpe\/\"}]}<\/script>\n<!-- \/ Yoast SEO plugin. -->","yoast_head_json":{"title":"Le secteur chimique et pharmaceutique subit sa premi\u00e8re perte d'emplois en dix ans et voit ses exportations et ses investissements diminuer. - Peoplesphere","robots":{"index":"index","follow":"follow","max-snippet":"max-snippet:-1","max-image-preview":"max-image-preview:large","max-video-preview":"max-video-preview:-1"},"canonical":"https:\/\/peoplesphere.be\/fr\/le-secteur-chimique-et-pharmaceutique-subit-sa-premiere-perte-demplois-en-dix-ans-et-voit-ses-exportations-et-ses-investissements-diminuer\/","og_locale":"fr_FR","og_type":"article","og_title":"Le secteur chimique et pharmaceutique subit sa premi\u00e8re perte d'emplois en dix ans et voit ses exportations et ses investissements diminuer. - Peoplesphere","og_description":"Apr\u00e8s une d\u00e9cennie de croissance continue de l&#8217;emploi, plus de 1 150 emplois ont \u00e9t\u00e9 perdus dans le secteur de la chimie et des sciences de la vie l&rsquo;ann\u00e9e derni\u00e8re. Le chiffre d&rsquo;affaires, les exportations et les investissements sont \u00e9galement [&hellip;]","og_url":"https:\/\/peoplesphere.be\/fr\/le-secteur-chimique-et-pharmaceutique-subit-sa-premiere-perte-demplois-en-dix-ans-et-voit-ses-exportations-et-ses-investissements-diminuer\/","og_site_name":"Peoplesphere","article_publisher":"https:\/\/www.facebook.com\/peoplesphere","article_published_time":"2025-05-13T17:34:29+00:00","og_image":[{"url":"http:\/\/www.peoplesphere.be\/fr\/wp-content\/uploads\/2016\/07\/facebook-default-posting-1200x628px.jpg"}],"author":"Jean-Paul Erhard","twitter_card":"summary_large_image","twitter_creator":"@PeoplesphereMag","twitter_site":"@PeoplesphereMag","twitter_misc":{"\u00c9crit par":"Jean-Paul Erhard","Dur\u00e9e de lecture estim\u00e9e":"6 minutes"},"schema":{"@context":"https:\/\/schema.org","@graph":[{"@type":"Article","@id":"https:\/\/peoplesphere.be\/fr\/le-secteur-chimique-et-pharmaceutique-subit-sa-premiere-perte-demplois-en-dix-ans-et-voit-ses-exportations-et-ses-investissements-diminuer\/#article","isPartOf":{"@id":"https:\/\/peoplesphere.be\/fr\/le-secteur-chimique-et-pharmaceutique-subit-sa-premiere-perte-demplois-en-dix-ans-et-voit-ses-exportations-et-ses-investissements-diminuer\/"},"author":{"name":"Jean-Paul Erhard","@id":"https:\/\/peoplesphere.be\/fr\/#\/schema\/person\/7976225ff17988604334abb7b3536a7e"},"headline":"Le secteur chimique et pharmaceutique subit sa premi\u00e8re perte d&#8217;emplois en dix ans et voit ses exportations et ses investissements diminuer.","datePublished":"2025-05-13T17:34:29+00:00","dateModified":"2025-05-13T17:34:29+00:00","mainEntityOfPage":{"@id":"https:\/\/peoplesphere.be\/fr\/le-secteur-chimique-et-pharmaceutique-subit-sa-premiere-perte-demplois-en-dix-ans-et-voit-ses-exportations-et-ses-investissements-diminuer\/"},"wordCount":1100,"publisher":{"@id":"https:\/\/peoplesphere.be\/fr\/#organization"},"keywords":["croissance","emploi","pharma","secteur chimique"],"articleSection":["Actualit\u00e9s","Digital"],"inLanguage":"fr-FR"},{"@type":"WebPage","@id":"https:\/\/peoplesphere.be\/fr\/le-secteur-chimique-et-pharmaceutique-subit-sa-premiere-perte-demplois-en-dix-ans-et-voit-ses-exportations-et-ses-investissements-diminuer\/","url":"https:\/\/peoplesphere.be\/fr\/le-secteur-chimique-et-pharmaceutique-subit-sa-premiere-perte-demplois-en-dix-ans-et-voit-ses-exportations-et-ses-investissements-diminuer\/","name":"Le secteur chimique et pharmaceutique subit sa premi\u00e8re perte d'emplois en dix ans et voit ses exportations et ses investissements diminuer. - Peoplesphere","isPartOf":{"@id":"https:\/\/peoplesphere.be\/fr\/#website"},"datePublished":"2025-05-13T17:34:29+00:00","dateModified":"2025-05-13T17:34:29+00:00","breadcrumb":{"@id":"https:\/\/peoplesphere.be\/fr\/le-secteur-chimique-et-pharmaceutique-subit-sa-premiere-perte-demplois-en-dix-ans-et-voit-ses-exportations-et-ses-investissements-diminuer\/#breadcrumb"},"inLanguage":"fr-FR","potentialAction":[{"@type":"ReadAction","target":["https:\/\/peoplesphere.be\/fr\/le-secteur-chimique-et-pharmaceutique-subit-sa-premiere-perte-demplois-en-dix-ans-et-voit-ses-exportations-et-ses-investissements-diminuer\/"]}]},{"@type":"BreadcrumbList","@id":"https:\/\/peoplesphere.be\/fr\/le-secteur-chimique-et-pharmaceutique-subit-sa-premiere-perte-demplois-en-dix-ans-et-voit-ses-exportations-et-ses-investissements-diminuer\/#breadcrumb","itemListElement":[{"@type":"ListItem","position":1,"name":"Accueil","item":"https:\/\/peoplesphere.be\/fr\/"},{"@type":"ListItem","position":2,"name":"Le secteur chimique et pharmaceutique subit sa premi\u00e8re perte d&#8217;emplois en dix ans et voit ses exportations et ses investissements diminuer."}]},{"@type":"WebSite","@id":"https:\/\/peoplesphere.be\/fr\/#website","url":"https:\/\/peoplesphere.be\/fr\/","name":"Peoplesphere","description":"The People Managers Magazine","publisher":{"@id":"https:\/\/peoplesphere.be\/fr\/#organization"},"potentialAction":[{"@type":"SearchAction","target":{"@type":"EntryPoint","urlTemplate":"https:\/\/peoplesphere.be\/fr\/?s={search_term_string}"},"query-input":"required name=search_term_string"}],"inLanguage":"fr-FR"},{"@type":"Organization","@id":"https:\/\/peoplesphere.be\/fr\/#organization","name":"Peoplesphere Company srl","url":"https:\/\/peoplesphere.be\/fr\/","logo":{"@type":"ImageObject","inLanguage":"fr-FR","@id":"https:\/\/peoplesphere.be\/fr\/#\/schema\/logo\/image\/","url":"https:\/\/peoplesphere.be\/fr\/wp-content\/uploads\/2023\/07\/peoplesphere-lgo-new-generik.jpg","contentUrl":"https:\/\/peoplesphere.be\/fr\/wp-content\/uploads\/2023\/07\/peoplesphere-lgo-new-generik.jpg","width":1031,"height":1479,"caption":"Peoplesphere Company srl"},"image":{"@id":"https:\/\/peoplesphere.be\/fr\/#\/schema\/logo\/image\/"},"sameAs":["https:\/\/www.facebook.com\/peoplesphere","https:\/\/twitter.com\/PeoplesphereMag","https:\/\/www.linkedin.com\/company\/7587361?trk","http:\/\/youtube.com\/peoplesphere"]},{"@type":"Person","@id":"https:\/\/peoplesphere.be\/fr\/#\/schema\/person\/7976225ff17988604334abb7b3536a7e","name":"Jean-Paul Erhard","image":{"@type":"ImageObject","inLanguage":"fr-FR","@id":"https:\/\/peoplesphere.be\/fr\/#\/schema\/person\/image\/","url":"https:\/\/secure.gravatar.com\/avatar\/f941e681460179738071629a51574930?s=96&d=mm&r=g","contentUrl":"https:\/\/secure.gravatar.com\/avatar\/f941e681460179738071629a51574930?s=96&d=mm&r=g","caption":"Jean-Paul Erhard"},"url":"https:\/\/peoplesphere.be\/fr\/author\/jpe\/"}]}},"_links":{"self":[{"href":"https:\/\/peoplesphere.be\/fr\/wp-json\/wp\/v2\/posts\/17740"}],"collection":[{"href":"https:\/\/peoplesphere.be\/fr\/wp-json\/wp\/v2\/posts"}],"about":[{"href":"https:\/\/peoplesphere.be\/fr\/wp-json\/wp\/v2\/types\/post"}],"author":[{"embeddable":true,"href":"https:\/\/peoplesphere.be\/fr\/wp-json\/wp\/v2\/users\/2"}],"replies":[{"embeddable":true,"href":"https:\/\/peoplesphere.be\/fr\/wp-json\/wp\/v2\/comments?post=17740"}],"version-history":[{"count":1,"href":"https:\/\/peoplesphere.be\/fr\/wp-json\/wp\/v2\/posts\/17740\/revisions"}],"predecessor-version":[{"id":17741,"href":"https:\/\/peoplesphere.be\/fr\/wp-json\/wp\/v2\/posts\/17740\/revisions\/17741"}],"wp:attachment":[{"href":"https:\/\/peoplesphere.be\/fr\/wp-json\/wp\/v2\/media?parent=17740"}],"wp:term":[{"taxonomy":"category","embeddable":true,"href":"https:\/\/peoplesphere.be\/fr\/wp-json\/wp\/v2\/categories?post=17740"},{"taxonomy":"post_tag","embeddable":true,"href":"https:\/\/peoplesphere.be\/fr\/wp-json\/wp\/v2\/tags?post=17740"}],"curies":[{"name":"wp","href":"https:\/\/api.w.org\/{rel}","templated":true}]}}