









{"id":17771,"date":"2025-05-20T07:27:39","date_gmt":"2025-05-20T05:27:39","guid":{"rendered":"https:\/\/peoplesphere.be\/fr\/?p=17771"},"modified":"2025-05-20T07:27:39","modified_gmt":"2025-05-20T05:27:39","slug":"7-des-dirigeants-belges-se-sentent-prets-pour-la-revolution-de-lia-il-ny-a-pas-de-strategie-en-matiere-de-talent-management","status":"publish","type":"post","link":"https:\/\/peoplesphere.be\/fr\/7-des-dirigeants-belges-se-sentent-prets-pour-la-revolution-de-lia-il-ny-a-pas-de-strategie-en-matiere-de-talent-management\/","title":{"rendered":"7% des dirigeants belges se sentent pr\u00eats pour la r\u00e9volution de l\u2019IA: il n&rsquo;y a pas de strat\u00e9gie en mati\u00e8re de talent management&#8230;"},"content":{"rendered":"<p>L\u2019enqu\u00eate Business Leaders 2025 du Groupe Adecco, partag\u00e9e par la sp\u00e9cialiste de la consultance en informatique et en ing\u00e9nierie Akkodis, a interrog\u00e9 2.000 dirigeants dans 13 pays et 17 secteurs (dont 100 en Belgique) pour conna\u00eetre leurs points de vue sur l\u2019avenir du travail. \u00c0 l\u2019instar du reste du monde, les dirigeants belges identifient les strat\u00e9gies relatives au personnel peu adapt\u00e9es au rythme de l\u2019innovation comme le principal risque pour la croissance des entreprises.<!--more--><\/p>\n<p>Une nouvelle \u00e9tude mondiale r\u00e9v\u00e8le que la majorit\u00e9 des entreprises ne disposent pas encore d\u2019une strat\u00e9gie de gestion des talents adapt\u00e9e pour faire face \u00e0 la transformation rapide induite par l\u2019intelligence artificielle. Bien que de plus en plus de dirigeants investissent dans l\u2019IA, l\u2019enqu\u00eate d\u00e9voile que seuls 7% des entreprises belges (pour une moyenne de 10% \u00e0 l\u2019\u00e9chelle mondiale) se consid\u00e8rent comme \u00ab\u00a0pr\u00eates pour l\u2019avenir\u00a0\u00bb, car elles disposent de plans structur\u00e9s pour soutenir leurs collaborateurs, am\u00e9liorer les comp\u00e9tences et jouer un r\u00f4le majeur dans l\u2019innovation amen\u00e9e par l\u2019IA.<\/p>\n<p>Selon les personnes interrog\u00e9es dans le cadre du rapport Business Leaders, <em>\u00ab\u00a0Leading in the age of AI: Expectations versus reality\u00a0\u00bb<\/em>, les trois grandes tendances technologiques qui devraient fa\u00e7onner le monde de l\u2019entreprise d\u2019ici 2030 sont la transformation digitale, l\u2019IA g\u00e9n\u00e9rative et l\u2019IA. Bien que les dirigeants soient conscients de l\u2019ampleur des changements \u00e0 venir, les entreprises manquent encore de plans solides pour soutenir leur personnel et les travailleurs se retrouvent seuls face \u00e0 l\u2019IA.<\/p>\n<p><em>\u00ab\u00a0L\u2019IA se d\u00e9veloppe si vite que la plupart des entreprises ne parviennent pas \u00e0 suivre. Les travailleurs ont besoin de soutien pour surmonter cette transition,\u00a0\u00bb<\/em> affirme Robert van der Eijk, CEO d\u2019Akkodis Benelux. <em>\u00ab\u00a0La transformation caus\u00e9e par l\u2019IA doit \u00eatre centr\u00e9e sur l\u2019humain et exige une strat\u00e9gie unifi\u00e9e. Pour rester comp\u00e9titifs, les dirigeants doivent adopter une vision commune et commencer \u00e0 combler le foss\u00e9 entre talent et technologie.\u00a0\u00bb<\/em><\/p>\n<h3><strong><em>Conclusions principales<\/em><\/strong><\/h3>\n<ul>\n<li>Les entreprises belges attendent des collaborateurs qu\u2019ils s\u2019adaptent sans encadrement. 58% des dirigeants belges (contre 60% \u00e0 l\u2019\u00e9chelle mondiale) attendent de leurs employ\u00e9s qu\u2019ils se forment \u00e0 l\u2019IA, bien que 34% des entreprises n\u2019aient pas de r\u00e8glement concernant son utilisation au travail. La majeure partie des dirigeants ne montre pas l\u2019exemple non plus : en Europe, seul un tiers d\u2019entre eux a cherch\u00e9 \u00e0 am\u00e9liorer ses comp\u00e9tences en IA ces 12 derniers mois.<\/li>\n<li>Les \u00e9quipes de direction ont du mal \u00e0 s\u2019aligner. En Belgique, un nombre bien plus grand de CEO et de cadres sup\u00e9rieurs (52%, contre 46% dans le monde) affirme que les \u00e9quipes de direction ne parviennent pas \u00e0 s\u2019aligner sur les strat\u00e9gies \u00e0 temps, et seule la moiti\u00e9 d\u2019entre eux (50%, contre 58 \u00a0\u00e0 l\u2019\u00e9chelle mondiale) croit en la strat\u00e9gie d\u2019impl\u00e9mentation de l\u2019IA de son entreprise.<\/li>\n<li>Les donn\u00e9es sont le pilier manquant de la strat\u00e9gie en mati\u00e8re de personnel. \u00c0 peine 28 % des entreprises belges interrog\u00e9es (contre 33% dans le monde) investissent dans les donn\u00e9es pour identifier et combler les lacunes en mati\u00e8re de comp\u00e9tences, malgr\u00e9 le fait que la p\u00e9nurie en comp\u00e9tences num\u00e9riques et technologiques soit le premier frein \u00e0 la transformation digitale en 2025.<\/li>\n<\/ul>\n<h3><strong><em>Un nouveau groupe d\u2019entreprises \u00ab pr\u00eates pour l\u2019avenir \u00bb donne le ton<\/em><\/strong><\/h3>\n<p>Le rapport a observ\u00e9 l\u2019\u00e9mergence et les excellentes performances d\u2019un petit groupe d\u2019entreprises \u00ab\u00a0pr\u00eates pour l\u2019avenir\u00a0\u00bb. Celles-ci sont centr\u00e9es sur l\u2019humain, ont embrass\u00e9 la technologie et sont par\u00e9es pour les bouleversements \u00e0 venir, parce qu\u2019elles ont donn\u00e9 la priorit\u00e9 \u00e0 quatre crit\u00e8res cl\u00e9s pour leur d\u00e9veloppement. Ces quatre dimensions sont : aborder l\u2019IA d\u2019une mani\u00e8re structur\u00e9e et responsable, favoriser l\u2019adaptabilit\u00e9 et la mobilit\u00e9 professionnelle, \u0153uvrer au perfectionnement des comp\u00e9tences du personnel et pr\u00e9parer les cadres \u00e0 un avenir marqu\u00e9 par une \u00e9volution rapide.<\/p>\n<p><strong><em>Parmi les entreprises interrog\u00e9es en Belgique :<\/em><\/strong><\/p>\n<ul>\n<li>En g\u00e9n\u00e9ral, 46% des dirigeants belges indiquent que l\u2019utilisation de l\u2019IA par leur \u00e9quipe de direction permet de prendre de meilleures d\u00e9cisions, contre 64% d\u2019entreprises \u00ab\u00a0pr\u00eates pour l\u2019avenir\u00a0\u00bb \u00e0 l\u2019\u00e9chelle mondiale.<\/li>\n<li>Au niveau mondial, 71% des dirigeants d\u2019entreprises \u00ab\u00a0pr\u00eates pour l\u2019avenir\u00a0\u00bb ont pleine confiance en la strat\u00e9gie d\u2019impl\u00e9mentation de l\u2019IA de leur soci\u00e9t\u00e9, contre seulement 50% de tous les dirigeants belges interrog\u00e9s.<\/li>\n<li>53% des dirigeants belges indiquent que leur entreprise d\u00e9laisse la planification du personnel bas\u00e9e sur les postes au profit d\u2019une approche ax\u00e9e sur les comp\u00e9tences, contre 65 % d\u2019entreprises \u00ab pr\u00eates pour l\u2019avenir \u00bb \u00e0 l\u2019\u00e9chelle mondiale.<\/li>\n<\/ul>\n<p><em>\u00ab\u00a0Ce qui fait la diff\u00e9rence, c\u2019est la fa\u00e7on de voir les choses\u00a0\u00bb<\/em>, ajoute Robert van der Eijk. <em>\u00ab\u00a0Les entreprises pr\u00eates pour l\u2019avenir ne se contentent pas d\u2019int\u00e9grer l\u2019IA. Elles repensent leur mode de fonctionnement, leur trajectoire d\u2019\u00e9volution des talents et leurs prises de d\u00e9cisions. En investissant dans le d\u00e9veloppement du leadership comme \u00e9l\u00e9ment d\u2019une strat\u00e9gie du personnel robuste, les dirigeants peuvent exploiter le potentiel de la technologie pour engendrer un vrai impact sur leur entreprise et cr\u00e9er de la valeur.\u00a0\u00bb<\/em><\/p>\n<p>&nbsp;<\/p>\n<p><em>Source: Akkodis &#8211; rapport Business Leaders, \u00ab\u00a0Leading in the age of AI: Expectations versus reality\u00a0\u00bb<\/em><\/p>\n","protected":false},"excerpt":{"rendered":"<p>L\u2019enqu\u00eate Business Leaders 2025 du Groupe Adecco, partag\u00e9e par la sp\u00e9cialiste de la consultance en informatique et en ing\u00e9nierie Akkodis, a interrog\u00e9 2.000 dirigeants dans 13 pays et 17 secteurs (dont 100 en Belgique) pour conna\u00eetre leurs points de vue [&hellip;]<\/p>\n","protected":false},"author":2,"featured_media":0,"comment_status":"closed","ping_status":"open","sticky":false,"template":"","format":"standard","meta":[],"categories":[65,10],"tags":[48,1551,25,245,1052],"yoast_head":"<!-- This site is optimized with the Yoast SEO plugin v21.0 - https:\/\/yoast.com\/wordpress\/plugins\/seo\/ -->\n<title>7% des dirigeants belges se sentent pr\u00eats pour la r\u00e9volution de l\u2019IA: il n&#039;y a pas de strat\u00e9gie en mati\u00e8re de talent management... - Peoplesphere<\/title>\n<meta name=\"robots\" content=\"index, follow, max-snippet:-1, max-image-preview:large, max-video-preview:-1\" \/>\n<link rel=\"canonical\" href=\"https:\/\/peoplesphere.be\/fr\/7-des-dirigeants-belges-se-sentent-prets-pour-la-revolution-de-lia-il-ny-a-pas-de-strategie-en-matiere-de-talent-management\/\" \/>\n<meta property=\"og:locale\" content=\"fr_FR\" \/>\n<meta property=\"og:type\" content=\"article\" \/>\n<meta property=\"og:title\" content=\"7% des dirigeants belges se sentent pr\u00eats pour la r\u00e9volution de l\u2019IA: il n&#039;y a pas de strat\u00e9gie en mati\u00e8re de talent management... - Peoplesphere\" \/>\n<meta property=\"og:description\" content=\"L\u2019enqu\u00eate Business Leaders 2025 du Groupe Adecco, partag\u00e9e par la sp\u00e9cialiste de la consultance en informatique et en ing\u00e9nierie Akkodis, a interrog\u00e9 2.000 dirigeants dans 13 pays et 17 secteurs (dont 100 en Belgique) pour conna\u00eetre leurs points de vue [&hellip;]\" \/>\n<meta property=\"og:url\" content=\"https:\/\/peoplesphere.be\/fr\/7-des-dirigeants-belges-se-sentent-prets-pour-la-revolution-de-lia-il-ny-a-pas-de-strategie-en-matiere-de-talent-management\/\" \/>\n<meta property=\"og:site_name\" content=\"Peoplesphere\" \/>\n<meta property=\"article:publisher\" content=\"https:\/\/www.facebook.com\/peoplesphere\" \/>\n<meta property=\"article:published_time\" content=\"2025-05-20T05:27:39+00:00\" \/>\n<meta property=\"og:image\" content=\"http:\/\/www.peoplesphere.be\/fr\/wp-content\/uploads\/2016\/07\/facebook-default-posting-1200x628px.jpg\" \/>\n<meta name=\"author\" content=\"Jean-Paul Erhard\" \/>\n<meta name=\"twitter:card\" content=\"summary_large_image\" \/>\n<meta name=\"twitter:creator\" content=\"@PeoplesphereMag\" \/>\n<meta name=\"twitter:site\" content=\"@PeoplesphereMag\" \/>\n<meta name=\"twitter:label1\" content=\"\u00c9crit par\" \/>\n\t<meta name=\"twitter:data1\" content=\"Jean-Paul Erhard\" \/>\n\t<meta name=\"twitter:label2\" content=\"Dur\u00e9e de lecture estim\u00e9e\" \/>\n\t<meta name=\"twitter:data2\" content=\"5 minutes\" \/>\n<script type=\"application\/ld+json\" class=\"yoast-schema-graph\">{\"@context\":\"https:\/\/schema.org\",\"@graph\":[{\"@type\":\"Article\",\"@id\":\"https:\/\/peoplesphere.be\/fr\/7-des-dirigeants-belges-se-sentent-prets-pour-la-revolution-de-lia-il-ny-a-pas-de-strategie-en-matiere-de-talent-management\/#article\",\"isPartOf\":{\"@id\":\"https:\/\/peoplesphere.be\/fr\/7-des-dirigeants-belges-se-sentent-prets-pour-la-revolution-de-lia-il-ny-a-pas-de-strategie-en-matiere-de-talent-management\/\"},\"author\":{\"name\":\"Jean-Paul Erhard\",\"@id\":\"https:\/\/peoplesphere.be\/fr\/#\/schema\/person\/7976225ff17988604334abb7b3536a7e\"},\"headline\":\"7% des dirigeants belges se sentent pr\u00eats pour la r\u00e9volution de l\u2019IA: il n&rsquo;y a pas de strat\u00e9gie en mati\u00e8re de talent management&#8230;\",\"datePublished\":\"2025-05-20T05:27:39+00:00\",\"dateModified\":\"2025-05-20T05:27:39+00:00\",\"mainEntityOfPage\":{\"@id\":\"https:\/\/peoplesphere.be\/fr\/7-des-dirigeants-belges-se-sentent-prets-pour-la-revolution-de-lia-il-ny-a-pas-de-strategie-en-matiere-de-talent-management\/\"},\"wordCount\":924,\"publisher\":{\"@id\":\"https:\/\/peoplesphere.be\/fr\/#organization\"},\"keywords\":[\"Formation\",\"IA\",\"Innovation\",\"technologie\",\"transformation num\u00e9rique\"],\"articleSection\":[\"Actualit\u00e9s\",\"Digital\"],\"inLanguage\":\"fr-FR\"},{\"@type\":\"WebPage\",\"@id\":\"https:\/\/peoplesphere.be\/fr\/7-des-dirigeants-belges-se-sentent-prets-pour-la-revolution-de-lia-il-ny-a-pas-de-strategie-en-matiere-de-talent-management\/\",\"url\":\"https:\/\/peoplesphere.be\/fr\/7-des-dirigeants-belges-se-sentent-prets-pour-la-revolution-de-lia-il-ny-a-pas-de-strategie-en-matiere-de-talent-management\/\",\"name\":\"7% des dirigeants belges se sentent pr\u00eats pour la r\u00e9volution de l\u2019IA: il n'y a pas de strat\u00e9gie en mati\u00e8re de talent management... - Peoplesphere\",\"isPartOf\":{\"@id\":\"https:\/\/peoplesphere.be\/fr\/#website\"},\"datePublished\":\"2025-05-20T05:27:39+00:00\",\"dateModified\":\"2025-05-20T05:27:39+00:00\",\"breadcrumb\":{\"@id\":\"https:\/\/peoplesphere.be\/fr\/7-des-dirigeants-belges-se-sentent-prets-pour-la-revolution-de-lia-il-ny-a-pas-de-strategie-en-matiere-de-talent-management\/#breadcrumb\"},\"inLanguage\":\"fr-FR\",\"potentialAction\":[{\"@type\":\"ReadAction\",\"target\":[\"https:\/\/peoplesphere.be\/fr\/7-des-dirigeants-belges-se-sentent-prets-pour-la-revolution-de-lia-il-ny-a-pas-de-strategie-en-matiere-de-talent-management\/\"]}]},{\"@type\":\"BreadcrumbList\",\"@id\":\"https:\/\/peoplesphere.be\/fr\/7-des-dirigeants-belges-se-sentent-prets-pour-la-revolution-de-lia-il-ny-a-pas-de-strategie-en-matiere-de-talent-management\/#breadcrumb\",\"itemListElement\":[{\"@type\":\"ListItem\",\"position\":1,\"name\":\"Accueil\",\"item\":\"https:\/\/peoplesphere.be\/fr\/\"},{\"@type\":\"ListItem\",\"position\":2,\"name\":\"7% des dirigeants belges se sentent pr\u00eats pour la r\u00e9volution de l\u2019IA: il n&rsquo;y a pas de strat\u00e9gie en mati\u00e8re de talent management&#8230;\"}]},{\"@type\":\"WebSite\",\"@id\":\"https:\/\/peoplesphere.be\/fr\/#website\",\"url\":\"https:\/\/peoplesphere.be\/fr\/\",\"name\":\"Peoplesphere\",\"description\":\"The People Managers Magazine\",\"publisher\":{\"@id\":\"https:\/\/peoplesphere.be\/fr\/#organization\"},\"potentialAction\":[{\"@type\":\"SearchAction\",\"target\":{\"@type\":\"EntryPoint\",\"urlTemplate\":\"https:\/\/peoplesphere.be\/fr\/?s={search_term_string}\"},\"query-input\":\"required name=search_term_string\"}],\"inLanguage\":\"fr-FR\"},{\"@type\":\"Organization\",\"@id\":\"https:\/\/peoplesphere.be\/fr\/#organization\",\"name\":\"Peoplesphere Company srl\",\"url\":\"https:\/\/peoplesphere.be\/fr\/\",\"logo\":{\"@type\":\"ImageObject\",\"inLanguage\":\"fr-FR\",\"@id\":\"https:\/\/peoplesphere.be\/fr\/#\/schema\/logo\/image\/\",\"url\":\"https:\/\/peoplesphere.be\/fr\/wp-content\/uploads\/2023\/07\/peoplesphere-lgo-new-generik.jpg\",\"contentUrl\":\"https:\/\/peoplesphere.be\/fr\/wp-content\/uploads\/2023\/07\/peoplesphere-lgo-new-generik.jpg\",\"width\":1031,\"height\":1479,\"caption\":\"Peoplesphere Company srl\"},\"image\":{\"@id\":\"https:\/\/peoplesphere.be\/fr\/#\/schema\/logo\/image\/\"},\"sameAs\":[\"https:\/\/www.facebook.com\/peoplesphere\",\"https:\/\/twitter.com\/PeoplesphereMag\",\"https:\/\/www.linkedin.com\/company\/7587361?trk\",\"http:\/\/youtube.com\/peoplesphere\"]},{\"@type\":\"Person\",\"@id\":\"https:\/\/peoplesphere.be\/fr\/#\/schema\/person\/7976225ff17988604334abb7b3536a7e\",\"name\":\"Jean-Paul Erhard\",\"image\":{\"@type\":\"ImageObject\",\"inLanguage\":\"fr-FR\",\"@id\":\"https:\/\/peoplesphere.be\/fr\/#\/schema\/person\/image\/\",\"url\":\"https:\/\/secure.gravatar.com\/avatar\/f941e681460179738071629a51574930?s=96&d=mm&r=g\",\"contentUrl\":\"https:\/\/secure.gravatar.com\/avatar\/f941e681460179738071629a51574930?s=96&d=mm&r=g\",\"caption\":\"Jean-Paul Erhard\"},\"url\":\"https:\/\/peoplesphere.be\/fr\/author\/jpe\/\"}]}<\/script>\n<!-- \/ Yoast SEO plugin. -->","yoast_head_json":{"title":"7% des dirigeants belges se sentent pr\u00eats pour la r\u00e9volution de l\u2019IA: il n'y a pas de strat\u00e9gie en mati\u00e8re de talent management... - Peoplesphere","robots":{"index":"index","follow":"follow","max-snippet":"max-snippet:-1","max-image-preview":"max-image-preview:large","max-video-preview":"max-video-preview:-1"},"canonical":"https:\/\/peoplesphere.be\/fr\/7-des-dirigeants-belges-se-sentent-prets-pour-la-revolution-de-lia-il-ny-a-pas-de-strategie-en-matiere-de-talent-management\/","og_locale":"fr_FR","og_type":"article","og_title":"7% des dirigeants belges se sentent pr\u00eats pour la r\u00e9volution de l\u2019IA: il n'y a pas de strat\u00e9gie en mati\u00e8re de talent management... - Peoplesphere","og_description":"L\u2019enqu\u00eate Business Leaders 2025 du Groupe Adecco, partag\u00e9e par la sp\u00e9cialiste de la consultance en informatique et en ing\u00e9nierie Akkodis, a interrog\u00e9 2.000 dirigeants dans 13 pays et 17 secteurs (dont 100 en Belgique) pour conna\u00eetre leurs points de vue [&hellip;]","og_url":"https:\/\/peoplesphere.be\/fr\/7-des-dirigeants-belges-se-sentent-prets-pour-la-revolution-de-lia-il-ny-a-pas-de-strategie-en-matiere-de-talent-management\/","og_site_name":"Peoplesphere","article_publisher":"https:\/\/www.facebook.com\/peoplesphere","article_published_time":"2025-05-20T05:27:39+00:00","og_image":[{"url":"http:\/\/www.peoplesphere.be\/fr\/wp-content\/uploads\/2016\/07\/facebook-default-posting-1200x628px.jpg"}],"author":"Jean-Paul Erhard","twitter_card":"summary_large_image","twitter_creator":"@PeoplesphereMag","twitter_site":"@PeoplesphereMag","twitter_misc":{"\u00c9crit par":"Jean-Paul Erhard","Dur\u00e9e de lecture estim\u00e9e":"5 minutes"},"schema":{"@context":"https:\/\/schema.org","@graph":[{"@type":"Article","@id":"https:\/\/peoplesphere.be\/fr\/7-des-dirigeants-belges-se-sentent-prets-pour-la-revolution-de-lia-il-ny-a-pas-de-strategie-en-matiere-de-talent-management\/#article","isPartOf":{"@id":"https:\/\/peoplesphere.be\/fr\/7-des-dirigeants-belges-se-sentent-prets-pour-la-revolution-de-lia-il-ny-a-pas-de-strategie-en-matiere-de-talent-management\/"},"author":{"name":"Jean-Paul Erhard","@id":"https:\/\/peoplesphere.be\/fr\/#\/schema\/person\/7976225ff17988604334abb7b3536a7e"},"headline":"7% des dirigeants belges se sentent pr\u00eats pour la r\u00e9volution de l\u2019IA: il n&rsquo;y a pas de strat\u00e9gie en mati\u00e8re de talent management&#8230;","datePublished":"2025-05-20T05:27:39+00:00","dateModified":"2025-05-20T05:27:39+00:00","mainEntityOfPage":{"@id":"https:\/\/peoplesphere.be\/fr\/7-des-dirigeants-belges-se-sentent-prets-pour-la-revolution-de-lia-il-ny-a-pas-de-strategie-en-matiere-de-talent-management\/"},"wordCount":924,"publisher":{"@id":"https:\/\/peoplesphere.be\/fr\/#organization"},"keywords":["Formation","IA","Innovation","technologie","transformation num\u00e9rique"],"articleSection":["Actualit\u00e9s","Digital"],"inLanguage":"fr-FR"},{"@type":"WebPage","@id":"https:\/\/peoplesphere.be\/fr\/7-des-dirigeants-belges-se-sentent-prets-pour-la-revolution-de-lia-il-ny-a-pas-de-strategie-en-matiere-de-talent-management\/","url":"https:\/\/peoplesphere.be\/fr\/7-des-dirigeants-belges-se-sentent-prets-pour-la-revolution-de-lia-il-ny-a-pas-de-strategie-en-matiere-de-talent-management\/","name":"7% des dirigeants belges se sentent pr\u00eats pour la r\u00e9volution de l\u2019IA: il n'y a pas de strat\u00e9gie en mati\u00e8re de talent management... - Peoplesphere","isPartOf":{"@id":"https:\/\/peoplesphere.be\/fr\/#website"},"datePublished":"2025-05-20T05:27:39+00:00","dateModified":"2025-05-20T05:27:39+00:00","breadcrumb":{"@id":"https:\/\/peoplesphere.be\/fr\/7-des-dirigeants-belges-se-sentent-prets-pour-la-revolution-de-lia-il-ny-a-pas-de-strategie-en-matiere-de-talent-management\/#breadcrumb"},"inLanguage":"fr-FR","potentialAction":[{"@type":"ReadAction","target":["https:\/\/peoplesphere.be\/fr\/7-des-dirigeants-belges-se-sentent-prets-pour-la-revolution-de-lia-il-ny-a-pas-de-strategie-en-matiere-de-talent-management\/"]}]},{"@type":"BreadcrumbList","@id":"https:\/\/peoplesphere.be\/fr\/7-des-dirigeants-belges-se-sentent-prets-pour-la-revolution-de-lia-il-ny-a-pas-de-strategie-en-matiere-de-talent-management\/#breadcrumb","itemListElement":[{"@type":"ListItem","position":1,"name":"Accueil","item":"https:\/\/peoplesphere.be\/fr\/"},{"@type":"ListItem","position":2,"name":"7% des dirigeants belges se sentent pr\u00eats pour la r\u00e9volution de l\u2019IA: il n&rsquo;y a pas de strat\u00e9gie en mati\u00e8re de talent management&#8230;"}]},{"@type":"WebSite","@id":"https:\/\/peoplesphere.be\/fr\/#website","url":"https:\/\/peoplesphere.be\/fr\/","name":"Peoplesphere","description":"The People Managers Magazine","publisher":{"@id":"https:\/\/peoplesphere.be\/fr\/#organization"},"potentialAction":[{"@type":"SearchAction","target":{"@type":"EntryPoint","urlTemplate":"https:\/\/peoplesphere.be\/fr\/?s={search_term_string}"},"query-input":"required name=search_term_string"}],"inLanguage":"fr-FR"},{"@type":"Organization","@id":"https:\/\/peoplesphere.be\/fr\/#organization","name":"Peoplesphere Company srl","url":"https:\/\/peoplesphere.be\/fr\/","logo":{"@type":"ImageObject","inLanguage":"fr-FR","@id":"https:\/\/peoplesphere.be\/fr\/#\/schema\/logo\/image\/","url":"https:\/\/peoplesphere.be\/fr\/wp-content\/uploads\/2023\/07\/peoplesphere-lgo-new-generik.jpg","contentUrl":"https:\/\/peoplesphere.be\/fr\/wp-content\/uploads\/2023\/07\/peoplesphere-lgo-new-generik.jpg","width":1031,"height":1479,"caption":"Peoplesphere Company srl"},"image":{"@id":"https:\/\/peoplesphere.be\/fr\/#\/schema\/logo\/image\/"},"sameAs":["https:\/\/www.facebook.com\/peoplesphere","https:\/\/twitter.com\/PeoplesphereMag","https:\/\/www.linkedin.com\/company\/7587361?trk","http:\/\/youtube.com\/peoplesphere"]},{"@type":"Person","@id":"https:\/\/peoplesphere.be\/fr\/#\/schema\/person\/7976225ff17988604334abb7b3536a7e","name":"Jean-Paul Erhard","image":{"@type":"ImageObject","inLanguage":"fr-FR","@id":"https:\/\/peoplesphere.be\/fr\/#\/schema\/person\/image\/","url":"https:\/\/secure.gravatar.com\/avatar\/f941e681460179738071629a51574930?s=96&d=mm&r=g","contentUrl":"https:\/\/secure.gravatar.com\/avatar\/f941e681460179738071629a51574930?s=96&d=mm&r=g","caption":"Jean-Paul Erhard"},"url":"https:\/\/peoplesphere.be\/fr\/author\/jpe\/"}]}},"_links":{"self":[{"href":"https:\/\/peoplesphere.be\/fr\/wp-json\/wp\/v2\/posts\/17771"}],"collection":[{"href":"https:\/\/peoplesphere.be\/fr\/wp-json\/wp\/v2\/posts"}],"about":[{"href":"https:\/\/peoplesphere.be\/fr\/wp-json\/wp\/v2\/types\/post"}],"author":[{"embeddable":true,"href":"https:\/\/peoplesphere.be\/fr\/wp-json\/wp\/v2\/users\/2"}],"replies":[{"embeddable":true,"href":"https:\/\/peoplesphere.be\/fr\/wp-json\/wp\/v2\/comments?post=17771"}],"version-history":[{"count":1,"href":"https:\/\/peoplesphere.be\/fr\/wp-json\/wp\/v2\/posts\/17771\/revisions"}],"predecessor-version":[{"id":17772,"href":"https:\/\/peoplesphere.be\/fr\/wp-json\/wp\/v2\/posts\/17771\/revisions\/17772"}],"wp:attachment":[{"href":"https:\/\/peoplesphere.be\/fr\/wp-json\/wp\/v2\/media?parent=17771"}],"wp:term":[{"taxonomy":"category","embeddable":true,"href":"https:\/\/peoplesphere.be\/fr\/wp-json\/wp\/v2\/categories?post=17771"},{"taxonomy":"post_tag","embeddable":true,"href":"https:\/\/peoplesphere.be\/fr\/wp-json\/wp\/v2\/tags?post=17771"}],"curies":[{"name":"wp","href":"https:\/\/api.w.org\/{rel}","templated":true}]}}