









{"id":17773,"date":"2025-05-20T09:25:53","date_gmt":"2025-05-20T07:25:53","guid":{"rendered":"https:\/\/peoplesphere.be\/fr\/?p=17773"},"modified":"2025-05-20T09:25:53","modified_gmt":"2025-05-20T07:25:53","slug":"les-entreprises-belges-et-leurs-dirigeants-preoccupes-par-la-penurie-de-competences-le-numerique-et-le-leadership-en-tete-de-liste-des-aptitudes-recherchees","status":"publish","type":"post","link":"https:\/\/peoplesphere.be\/fr\/les-entreprises-belges-et-leurs-dirigeants-preoccupes-par-la-penurie-de-competences-le-numerique-et-le-leadership-en-tete-de-liste-des-aptitudes-recherchees\/","title":{"rendered":"Les entreprises belges et leurs dirigeants pr\u00e9occup\u00e9s par la p\u00e9nurie de comp\u00e9tences: le num\u00e9rique et le leadership en t\u00eate de liste des aptitudes recherch\u00e9es."},"content":{"rendered":"<p>Workday, Inc., la plateforme IA de gestion des collaborateurs et de la finance, publie les r\u00e9sultats de son \u00e9tude internationale <strong><em>\u2018The Global State of Skills<\/em><\/strong>\u2019, \u00e0 laquelle la Belgique a \u00e9galement particip\u00e9. Cette enqu\u00eate r\u00e9v\u00e8le un d\u00e9fi majeur rencontr\u00e9 par les dirigeants d&rsquo;entreprise : en Belgique comme dans le reste du monde, un sur deux s&rsquo;inqui\u00e8te des futures p\u00e9nuries de talents, et seuls environ 30% d\u2019entre eux croient fermement que leur entreprise dispose des comp\u00e9tences n\u00e9cessaires pour r\u00e9ussir sur le long terme.<!--more--><\/p>\n<p>96% des entreprises belges (contre 81% au niveau mondial) reconnaissent par ailleurs qu\u2019une strat\u00e9gie bas\u00e9e sur les comp\u00e9tences stimule le potentiel de croissance \u00e9conomique. En outre, les dirigeants belges indiquent que les comp\u00e9tences sociales (85% contre 72% au niveau mondial) sont les plus importantes aujourd&rsquo;hui, tandis que l&rsquo;expertise num\u00e9rique (73% contre 65% au niveau mondial) deviendra cruciale \u00e0 l&rsquo;avenir. Pourtant, plus de la moiti\u00e9 d&rsquo;entre eux (54% contre 31% au niveau mondial) ont du mal \u00e0 identifier ces comp\u00e9tences num\u00e9riques au sein de l&rsquo;organisation.<\/p>\n<p>54% des chefs d&rsquo;entreprise belges citent les comp\u00e9tences num\u00e9riques, telles que la connaissance des logiciels et de l&rsquo;IA, comme les comp\u00e9tences les plus impactantes qui manquent actuellement au sein de leur organisation, suivies par un manque de comp\u00e9tences en leadership cruciales telles que l&#8217;empathie et le coaching (42%). En raison des inqui\u00e9tudes li\u00e9es aux futures p\u00e9nuries de comp\u00e9tences, de plus en plus d&rsquo;entreprises optent pour des strat\u00e9gies bas\u00e9es sur les comp\u00e9tences (skills-based), qui leur permettent d&rsquo;adopter une approche plus flexible et ax\u00e9e sur les donn\u00e9es pour recruter, d\u00e9velopper et d\u00e9ployer des talents. 84% des organisations belges ont d\u00e9j\u00e0 pris des mesures en faveur d&rsquo;un mod\u00e8le de talents bas\u00e9 sur les comp\u00e9tences ou pr\u00e9voient de le mettre en \u0153uvre dans les 12 mois.<\/p>\n<h3><strong><em>L&rsquo;IA \u00e9volue rapidement, mais les comp\u00e9tences humaines restent essentielles<\/em><\/strong><\/h3>\n<p>Si les comp\u00e9tences num\u00e9riques telles que la ma\u00eetrise des logiciels et de l&rsquo;IA sont tr\u00e8s demand\u00e9es, l&rsquo;enqu\u00eate montre que le besoin de comp\u00e9tences humaines uniques est \u00e9galement \u00e9lev\u00e9. Les comp\u00e9tences en leadership telles que l&#8217;empathie et le coaching (42%), les comp\u00e9tences individuelles telles que la r\u00e9silience et la cr\u00e9ativit\u00e9 (35%) et les comp\u00e9tences sociales telles que la collaboration et la communication (27%), sont actuellement identifi\u00e9es par les dirigeants belges comme l&rsquo;une des p\u00e9nuries de comp\u00e9tences les plus impactantes dans les organisations.<\/p>\n<p>Ces r\u00e9sultats font \u00e9cho \u00e0 l\u2019\u00e9tude <strong><em>Elevating Human Potential: The AI Skills Revolution<\/em><\/strong> de Workday, qui souligne que des comp\u00e9tences comme la capacit\u00e9 \u00e0 tisser des liens, \u00e0 faire preuve d\u2019empathie, \u00e0 r\u00e9soudre des conflits et \u00e0 prendre des d\u00e9cisions de fa\u00e7on \u00e9thique seront cruciales pour r\u00e9ussir dans une \u00e9conomie fa\u00e7onn\u00e9e par l\u2019IA.<\/p>\n<p>\u00ab L\u2019IA red\u00e9finit le monde du travail, mais l\u2019humain n\u2019a jamais eu autant sa place \u00bb, explique Chris Ernst, Chief Learning Officer chez Workday. \u00ab\u00a0<em>Les entreprises qui adoptent une approche centr\u00e9e sur les comp\u00e9tences ne se contenteront pas de lib\u00e9rer tout le potentiel de l\u2019IA, elles exploiteront aussi l\u2019ing\u00e9niosit\u00e9 humaine de mani\u00e8re in\u00e9dite et transformative.\u00a0\u00bb<\/em><\/p>\n<h3><strong><em>L\u2019IA acc\u00e9l\u00e8re la transition vers un management bas\u00e9 sur les comp\u00e9tences<\/em><\/strong><\/h3>\n<p>L&rsquo;essor de l&rsquo;IA transforme radicalement le march\u00e9 du travail et impose de nouvelles exigences aux comp\u00e9tences des employ\u00e9s. Cependant, les organisations manquent souvent de visibilit\u00e9 sur les comp\u00e9tences existantes au sein de leurs collaborateurs &#8211; seuls 50 % des dirigeants belges d\u00e9clarent en avoir une vision claire. Par cons\u00e9quent, de plus en plus d&rsquo;entreprises adoptent une approche du management des talents bas\u00e9e sur les comp\u00e9tences, en donnant la priorit\u00e9 aux capacit\u00e9s plut\u00f4t qu&rsquo;aux qualifications traditionnelles. Cela permet de recruter, de d\u00e9velopper et de d\u00e9ployer les talents d&rsquo;une mani\u00e8re plus souple et davantage ax\u00e9e sur les donn\u00e9es.<\/p>\n<p><strong><em>Principaux enseignements :<\/em><\/strong><\/p>\n<ul>\n<li>Les strat\u00e9gies bas\u00e9es sur les comp\u00e9tences ne se r\u00e9duisent pas \u00e0 une vision du \u00ab\u00a0futur du travail\u00a0\u00bb, mais constituent un v\u00e9ritable avantage concurrentiel : 96 % des dirigeants belges (contre 81 % des dirigeants mondiaux) s\u2019accordent \u00e0 dire que cette approche favorise la croissance \u00e9conomique en am\u00e9liorant la productivit\u00e9, l\u2019innovation et l\u2019agilit\u00e9 organisationnelle.<\/li>\n<li>Le mouvement vers un mod\u00e8le de gestion des talents bas\u00e9 sur les comp\u00e9tences est d\u00e9j\u00e0 en marche. Au niveau mondial, plus de la moiti\u00e9 (55%) des organisations ont d\u00e9j\u00e0 commenc\u00e9 cette transition, tandis que 23% d\u00e9clarent qu&rsquo;elles le feront dans le courant de l&rsquo;ann\u00e9e. En Belgique, ces chiffres sont respectivement de 53% et 31%.<\/li>\n<li>L&rsquo;efficacit\u00e9 des strat\u00e9gies bas\u00e9es sur les comp\u00e9tences suscite beaucoup d&rsquo;enthousiasme chez les dirigeants belges qui les ont d\u00e9j\u00e0 impl\u00e9ment\u00e9es: 43% les consid\u00e8rent comme tr\u00e8s efficaces, tandis que 57% les jugent plut\u00f4t efficaces.<\/li>\n<li>Les principales motivations pour passer \u00e0 une organisation bas\u00e9e sur les comp\u00e9tences sont la transition des autres organisations du secteur (62%), l&rsquo;am\u00e9lioration des processus de recrutement et de r\u00e9tention (54%) et l&rsquo;augmentation attendue de la productivit\u00e9 et de la croissance de l&rsquo;entreprise (46%).<\/li>\n<li>Outre les avantages \u00e9conomiques, les strat\u00e9gies fond\u00e9es sur les comp\u00e9tences contribuent \u00e0 une plus grande \u00e9galit\u00e9 des opportunit\u00e9s pour les salari\u00e9s (88%). Selon les dirigeants, cette approche permet \u00e9galement de r\u00e9duire les \u00e9carts de productivit\u00e9 (96%) et de promouvoir la diversit\u00e9 et l&rsquo;inclusion au sein des organisations (84%).<\/li>\n<\/ul>\n<p>L&rsquo;IA est un catalyseur de la transition vers des strat\u00e9gies fond\u00e9es sur les comp\u00e9tences. Si l&rsquo;IA modifie les emplois, elle offre aux organisations la possibilit\u00e9 de constituer une main-d&rsquo;\u0153uvre plus flexible et plus ax\u00e9e sur les comp\u00e9tences. Les dirigeants belges reconnaissent l&rsquo;impact de l&rsquo;IA dans cette transition, les principaux avantages \u00e9tant :<\/p>\n<ul>\n<li>Am\u00e9lioration de la prise de d\u00e9cision gr\u00e2ce \u00e0 des insights bas\u00e9s sur des donn\u00e9es (54%).<\/li>\n<li>Augmentation de la productivit\u00e9 gr\u00e2ce \u00e0 la simplification des t\u00e2ches routini\u00e8res (54%)<\/li>\n<li>Am\u00e9lioration de la r\u00e9tention de talents de haut niveau gr\u00e2ce \u00e0 un d\u00e9veloppement cibl\u00e9 (50 %)<\/li>\n<li>Augmentation des opportunit\u00e9s de carri\u00e8re pour les employ\u00e9s (42%).<\/li>\n<\/ul>\n<h3><strong><em>Les d\u00e9fis \u00e0 surmonter \u2013 et la voie \u00e0 suivre<\/em><\/strong><\/h3>\n<p>Malgr\u00e9 l\u2019\u00e9lan en faveur de la mise en place d\u2019une strat\u00e9gie bas\u00e9e sur les comp\u00e9tences, plusieurs obstacles freinent encore son adoption. Les dirigeants belges identifient notamment :<\/p>\n<ul>\n<li>Le manque d&rsquo;engagement \u00e0 long terme des dirigeants (50%)<\/li>\n<li>Le manque d&rsquo;expertise technique pour faire les premiers pas (46%)<\/li>\n<li>Les d\u00e9fis li\u00e9s \u00e0 l&rsquo;alignement de la strat\u00e9gie en mati\u00e8re de comp\u00e9tences avec les objectifs de l&rsquo;entreprise (46%)<\/li>\n<li>La r\u00e9sistance au changement (42%).<\/li>\n<\/ul>\n<p>Selon l\u2019\u00e9tude, la technologie seule ne suffit pas \u00e0 relever ces d\u00e9fis. Un changement de mentalit\u00e9 est n\u00e9cessaire, avec une gestion efficace du changement (50%) et une communication claire sur les avantages de cette approche (42%) pour favoriser son adoption \u00e0 grande \u00e9chelle.<br \/>\nL\u2019avenir des talents repose sur une approche centr\u00e9e sur les comp\u00e9tences<\/p>\n<p>Longtemps consid\u00e9r\u00e9es comme un enjeu lointain, les strat\u00e9gies bas\u00e9es sur les comp\u00e9tences sont aujourd\u2019hui devenues un imp\u00e9ratif \u00e9conomique, gr\u00e2ce aux avanc\u00e9es de l\u2019IA et aux analyses fond\u00e9es sur les donn\u00e9es. Les entreprises qui adoptent ce changement ne se contenteront pas de devancer leurs concurrents, mais \u200b assureront aussi la fid\u00e9lisation de leurs talents dans un monde en constante mutation. \u00c0 mesure que la relation entre l\u2019IA et les talents humains se d\u00e9veloppe, la transition vers un management bas\u00e9 sur les comp\u00e9tences s\u2019acc\u00e9l\u00e8re, ouvrant la voie \u00e0 un monde du travail plus intelligent, plus r\u00e9silient et plus inclusif.<\/p>\n<p>&nbsp;<\/p>\n<p><em>Source: Workday<\/em><\/p>\n","protected":false},"excerpt":{"rendered":"<p>Workday, Inc., la plateforme IA de gestion des collaborateurs et de la finance, publie les r\u00e9sultats de son \u00e9tude internationale \u2018The Global State of Skills\u2019, \u00e0 laquelle la Belgique a \u00e9galement particip\u00e9. Cette enqu\u00eate r\u00e9v\u00e8le un d\u00e9fi majeur rencontr\u00e9 par [&hellip;]<\/p>\n","protected":false},"author":2,"featured_media":0,"comment_status":"closed","ping_status":"open","sticky":false,"template":"","format":"standard","meta":[],"categories":[65,10],"tags":[116,1551,1171,574],"yoast_head":"<!-- This site is optimized with the Yoast SEO plugin v21.0 - https:\/\/yoast.com\/wordpress\/plugins\/seo\/ -->\n<title>Les entreprises belges et leurs dirigeants pr\u00e9occup\u00e9s par la p\u00e9nurie de comp\u00e9tences: le num\u00e9rique et le leadership en t\u00eate de liste des aptitudes recherch\u00e9es. - Peoplesphere<\/title>\n<meta name=\"robots\" content=\"index, follow, max-snippet:-1, max-image-preview:large, max-video-preview:-1\" \/>\n<link rel=\"canonical\" href=\"https:\/\/peoplesphere.be\/fr\/les-entreprises-belges-et-leurs-dirigeants-preoccupes-par-la-penurie-de-competences-le-numerique-et-le-leadership-en-tete-de-liste-des-aptitudes-recherchees\/\" \/>\n<meta property=\"og:locale\" content=\"fr_FR\" \/>\n<meta property=\"og:type\" content=\"article\" \/>\n<meta property=\"og:title\" content=\"Les entreprises belges et leurs dirigeants pr\u00e9occup\u00e9s par la p\u00e9nurie de comp\u00e9tences: le num\u00e9rique et le leadership en t\u00eate de liste des aptitudes recherch\u00e9es. - Peoplesphere\" \/>\n<meta property=\"og:description\" content=\"Workday, Inc., la plateforme IA de gestion des collaborateurs et de la finance, publie les r\u00e9sultats de son \u00e9tude internationale \u2018The Global State of Skills\u2019, \u00e0 laquelle la Belgique a \u00e9galement particip\u00e9. Cette enqu\u00eate r\u00e9v\u00e8le un d\u00e9fi majeur rencontr\u00e9 par [&hellip;]\" \/>\n<meta property=\"og:url\" content=\"https:\/\/peoplesphere.be\/fr\/les-entreprises-belges-et-leurs-dirigeants-preoccupes-par-la-penurie-de-competences-le-numerique-et-le-leadership-en-tete-de-liste-des-aptitudes-recherchees\/\" \/>\n<meta property=\"og:site_name\" content=\"Peoplesphere\" \/>\n<meta property=\"article:publisher\" content=\"https:\/\/www.facebook.com\/peoplesphere\" \/>\n<meta property=\"article:published_time\" content=\"2025-05-20T07:25:53+00:00\" \/>\n<meta property=\"og:image\" content=\"http:\/\/www.peoplesphere.be\/fr\/wp-content\/uploads\/2016\/07\/facebook-default-posting-1200x628px.jpg\" \/>\n<meta name=\"author\" content=\"Jean-Paul Erhard\" \/>\n<meta name=\"twitter:card\" content=\"summary_large_image\" \/>\n<meta name=\"twitter:creator\" content=\"@PeoplesphereMag\" \/>\n<meta name=\"twitter:site\" content=\"@PeoplesphereMag\" \/>\n<meta name=\"twitter:label1\" content=\"\u00c9crit par\" \/>\n\t<meta name=\"twitter:data1\" content=\"Jean-Paul Erhard\" \/>\n\t<meta name=\"twitter:label2\" content=\"Dur\u00e9e de lecture estim\u00e9e\" \/>\n\t<meta name=\"twitter:data2\" content=\"6 minutes\" \/>\n<script type=\"application\/ld+json\" class=\"yoast-schema-graph\">{\"@context\":\"https:\/\/schema.org\",\"@graph\":[{\"@type\":\"Article\",\"@id\":\"https:\/\/peoplesphere.be\/fr\/les-entreprises-belges-et-leurs-dirigeants-preoccupes-par-la-penurie-de-competences-le-numerique-et-le-leadership-en-tete-de-liste-des-aptitudes-recherchees\/#article\",\"isPartOf\":{\"@id\":\"https:\/\/peoplesphere.be\/fr\/les-entreprises-belges-et-leurs-dirigeants-preoccupes-par-la-penurie-de-competences-le-numerique-et-le-leadership-en-tete-de-liste-des-aptitudes-recherchees\/\"},\"author\":{\"name\":\"Jean-Paul Erhard\",\"@id\":\"https:\/\/peoplesphere.be\/fr\/#\/schema\/person\/7976225ff17988604334abb7b3536a7e\"},\"headline\":\"Les entreprises belges et leurs dirigeants pr\u00e9occup\u00e9s par la p\u00e9nurie de comp\u00e9tences: le num\u00e9rique et le leadership en t\u00eate de liste des aptitudes recherch\u00e9es.\",\"datePublished\":\"2025-05-20T07:25:53+00:00\",\"dateModified\":\"2025-05-20T07:25:53+00:00\",\"mainEntityOfPage\":{\"@id\":\"https:\/\/peoplesphere.be\/fr\/les-entreprises-belges-et-leurs-dirigeants-preoccupes-par-la-penurie-de-competences-le-numerique-et-le-leadership-en-tete-de-liste-des-aptitudes-recherchees\/\"},\"wordCount\":1305,\"publisher\":{\"@id\":\"https:\/\/peoplesphere.be\/fr\/#organization\"},\"keywords\":[\"comp\u00e9tences\",\"IA\",\"intelligence artificielle\",\"num\u00e9rique\"],\"articleSection\":[\"Actualit\u00e9s\",\"Digital\"],\"inLanguage\":\"fr-FR\"},{\"@type\":\"WebPage\",\"@id\":\"https:\/\/peoplesphere.be\/fr\/les-entreprises-belges-et-leurs-dirigeants-preoccupes-par-la-penurie-de-competences-le-numerique-et-le-leadership-en-tete-de-liste-des-aptitudes-recherchees\/\",\"url\":\"https:\/\/peoplesphere.be\/fr\/les-entreprises-belges-et-leurs-dirigeants-preoccupes-par-la-penurie-de-competences-le-numerique-et-le-leadership-en-tete-de-liste-des-aptitudes-recherchees\/\",\"name\":\"Les entreprises belges et leurs dirigeants pr\u00e9occup\u00e9s par la p\u00e9nurie de comp\u00e9tences: le num\u00e9rique et le leadership en t\u00eate de liste des aptitudes recherch\u00e9es. - Peoplesphere\",\"isPartOf\":{\"@id\":\"https:\/\/peoplesphere.be\/fr\/#website\"},\"datePublished\":\"2025-05-20T07:25:53+00:00\",\"dateModified\":\"2025-05-20T07:25:53+00:00\",\"breadcrumb\":{\"@id\":\"https:\/\/peoplesphere.be\/fr\/les-entreprises-belges-et-leurs-dirigeants-preoccupes-par-la-penurie-de-competences-le-numerique-et-le-leadership-en-tete-de-liste-des-aptitudes-recherchees\/#breadcrumb\"},\"inLanguage\":\"fr-FR\",\"potentialAction\":[{\"@type\":\"ReadAction\",\"target\":[\"https:\/\/peoplesphere.be\/fr\/les-entreprises-belges-et-leurs-dirigeants-preoccupes-par-la-penurie-de-competences-le-numerique-et-le-leadership-en-tete-de-liste-des-aptitudes-recherchees\/\"]}]},{\"@type\":\"BreadcrumbList\",\"@id\":\"https:\/\/peoplesphere.be\/fr\/les-entreprises-belges-et-leurs-dirigeants-preoccupes-par-la-penurie-de-competences-le-numerique-et-le-leadership-en-tete-de-liste-des-aptitudes-recherchees\/#breadcrumb\",\"itemListElement\":[{\"@type\":\"ListItem\",\"position\":1,\"name\":\"Accueil\",\"item\":\"https:\/\/peoplesphere.be\/fr\/\"},{\"@type\":\"ListItem\",\"position\":2,\"name\":\"Les entreprises belges et leurs dirigeants pr\u00e9occup\u00e9s par la p\u00e9nurie de comp\u00e9tences: le num\u00e9rique et le leadership en t\u00eate de liste des aptitudes recherch\u00e9es.\"}]},{\"@type\":\"WebSite\",\"@id\":\"https:\/\/peoplesphere.be\/fr\/#website\",\"url\":\"https:\/\/peoplesphere.be\/fr\/\",\"name\":\"Peoplesphere\",\"description\":\"The People Managers Magazine\",\"publisher\":{\"@id\":\"https:\/\/peoplesphere.be\/fr\/#organization\"},\"potentialAction\":[{\"@type\":\"SearchAction\",\"target\":{\"@type\":\"EntryPoint\",\"urlTemplate\":\"https:\/\/peoplesphere.be\/fr\/?s={search_term_string}\"},\"query-input\":\"required name=search_term_string\"}],\"inLanguage\":\"fr-FR\"},{\"@type\":\"Organization\",\"@id\":\"https:\/\/peoplesphere.be\/fr\/#organization\",\"name\":\"Peoplesphere Company srl\",\"url\":\"https:\/\/peoplesphere.be\/fr\/\",\"logo\":{\"@type\":\"ImageObject\",\"inLanguage\":\"fr-FR\",\"@id\":\"https:\/\/peoplesphere.be\/fr\/#\/schema\/logo\/image\/\",\"url\":\"https:\/\/peoplesphere.be\/fr\/wp-content\/uploads\/2023\/07\/peoplesphere-lgo-new-generik.jpg\",\"contentUrl\":\"https:\/\/peoplesphere.be\/fr\/wp-content\/uploads\/2023\/07\/peoplesphere-lgo-new-generik.jpg\",\"width\":1031,\"height\":1479,\"caption\":\"Peoplesphere Company srl\"},\"image\":{\"@id\":\"https:\/\/peoplesphere.be\/fr\/#\/schema\/logo\/image\/\"},\"sameAs\":[\"https:\/\/www.facebook.com\/peoplesphere\",\"https:\/\/twitter.com\/PeoplesphereMag\",\"https:\/\/www.linkedin.com\/company\/7587361?trk\",\"http:\/\/youtube.com\/peoplesphere\"]},{\"@type\":\"Person\",\"@id\":\"https:\/\/peoplesphere.be\/fr\/#\/schema\/person\/7976225ff17988604334abb7b3536a7e\",\"name\":\"Jean-Paul Erhard\",\"image\":{\"@type\":\"ImageObject\",\"inLanguage\":\"fr-FR\",\"@id\":\"https:\/\/peoplesphere.be\/fr\/#\/schema\/person\/image\/\",\"url\":\"https:\/\/secure.gravatar.com\/avatar\/f941e681460179738071629a51574930?s=96&d=mm&r=g\",\"contentUrl\":\"https:\/\/secure.gravatar.com\/avatar\/f941e681460179738071629a51574930?s=96&d=mm&r=g\",\"caption\":\"Jean-Paul Erhard\"},\"url\":\"https:\/\/peoplesphere.be\/fr\/author\/jpe\/\"}]}<\/script>\n<!-- \/ Yoast SEO plugin. -->","yoast_head_json":{"title":"Les entreprises belges et leurs dirigeants pr\u00e9occup\u00e9s par la p\u00e9nurie de comp\u00e9tences: le num\u00e9rique et le leadership en t\u00eate de liste des aptitudes recherch\u00e9es. - Peoplesphere","robots":{"index":"index","follow":"follow","max-snippet":"max-snippet:-1","max-image-preview":"max-image-preview:large","max-video-preview":"max-video-preview:-1"},"canonical":"https:\/\/peoplesphere.be\/fr\/les-entreprises-belges-et-leurs-dirigeants-preoccupes-par-la-penurie-de-competences-le-numerique-et-le-leadership-en-tete-de-liste-des-aptitudes-recherchees\/","og_locale":"fr_FR","og_type":"article","og_title":"Les entreprises belges et leurs dirigeants pr\u00e9occup\u00e9s par la p\u00e9nurie de comp\u00e9tences: le num\u00e9rique et le leadership en t\u00eate de liste des aptitudes recherch\u00e9es. - Peoplesphere","og_description":"Workday, Inc., la plateforme IA de gestion des collaborateurs et de la finance, publie les r\u00e9sultats de son \u00e9tude internationale \u2018The Global State of Skills\u2019, \u00e0 laquelle la Belgique a \u00e9galement particip\u00e9. Cette enqu\u00eate r\u00e9v\u00e8le un d\u00e9fi majeur rencontr\u00e9 par [&hellip;]","og_url":"https:\/\/peoplesphere.be\/fr\/les-entreprises-belges-et-leurs-dirigeants-preoccupes-par-la-penurie-de-competences-le-numerique-et-le-leadership-en-tete-de-liste-des-aptitudes-recherchees\/","og_site_name":"Peoplesphere","article_publisher":"https:\/\/www.facebook.com\/peoplesphere","article_published_time":"2025-05-20T07:25:53+00:00","og_image":[{"url":"http:\/\/www.peoplesphere.be\/fr\/wp-content\/uploads\/2016\/07\/facebook-default-posting-1200x628px.jpg"}],"author":"Jean-Paul Erhard","twitter_card":"summary_large_image","twitter_creator":"@PeoplesphereMag","twitter_site":"@PeoplesphereMag","twitter_misc":{"\u00c9crit par":"Jean-Paul Erhard","Dur\u00e9e de lecture estim\u00e9e":"6 minutes"},"schema":{"@context":"https:\/\/schema.org","@graph":[{"@type":"Article","@id":"https:\/\/peoplesphere.be\/fr\/les-entreprises-belges-et-leurs-dirigeants-preoccupes-par-la-penurie-de-competences-le-numerique-et-le-leadership-en-tete-de-liste-des-aptitudes-recherchees\/#article","isPartOf":{"@id":"https:\/\/peoplesphere.be\/fr\/les-entreprises-belges-et-leurs-dirigeants-preoccupes-par-la-penurie-de-competences-le-numerique-et-le-leadership-en-tete-de-liste-des-aptitudes-recherchees\/"},"author":{"name":"Jean-Paul Erhard","@id":"https:\/\/peoplesphere.be\/fr\/#\/schema\/person\/7976225ff17988604334abb7b3536a7e"},"headline":"Les entreprises belges et leurs dirigeants pr\u00e9occup\u00e9s par la p\u00e9nurie de comp\u00e9tences: le num\u00e9rique et le leadership en t\u00eate de liste des aptitudes recherch\u00e9es.","datePublished":"2025-05-20T07:25:53+00:00","dateModified":"2025-05-20T07:25:53+00:00","mainEntityOfPage":{"@id":"https:\/\/peoplesphere.be\/fr\/les-entreprises-belges-et-leurs-dirigeants-preoccupes-par-la-penurie-de-competences-le-numerique-et-le-leadership-en-tete-de-liste-des-aptitudes-recherchees\/"},"wordCount":1305,"publisher":{"@id":"https:\/\/peoplesphere.be\/fr\/#organization"},"keywords":["comp\u00e9tences","IA","intelligence artificielle","num\u00e9rique"],"articleSection":["Actualit\u00e9s","Digital"],"inLanguage":"fr-FR"},{"@type":"WebPage","@id":"https:\/\/peoplesphere.be\/fr\/les-entreprises-belges-et-leurs-dirigeants-preoccupes-par-la-penurie-de-competences-le-numerique-et-le-leadership-en-tete-de-liste-des-aptitudes-recherchees\/","url":"https:\/\/peoplesphere.be\/fr\/les-entreprises-belges-et-leurs-dirigeants-preoccupes-par-la-penurie-de-competences-le-numerique-et-le-leadership-en-tete-de-liste-des-aptitudes-recherchees\/","name":"Les entreprises belges et leurs dirigeants pr\u00e9occup\u00e9s par la p\u00e9nurie de comp\u00e9tences: le num\u00e9rique et le leadership en t\u00eate de liste des aptitudes recherch\u00e9es. - Peoplesphere","isPartOf":{"@id":"https:\/\/peoplesphere.be\/fr\/#website"},"datePublished":"2025-05-20T07:25:53+00:00","dateModified":"2025-05-20T07:25:53+00:00","breadcrumb":{"@id":"https:\/\/peoplesphere.be\/fr\/les-entreprises-belges-et-leurs-dirigeants-preoccupes-par-la-penurie-de-competences-le-numerique-et-le-leadership-en-tete-de-liste-des-aptitudes-recherchees\/#breadcrumb"},"inLanguage":"fr-FR","potentialAction":[{"@type":"ReadAction","target":["https:\/\/peoplesphere.be\/fr\/les-entreprises-belges-et-leurs-dirigeants-preoccupes-par-la-penurie-de-competences-le-numerique-et-le-leadership-en-tete-de-liste-des-aptitudes-recherchees\/"]}]},{"@type":"BreadcrumbList","@id":"https:\/\/peoplesphere.be\/fr\/les-entreprises-belges-et-leurs-dirigeants-preoccupes-par-la-penurie-de-competences-le-numerique-et-le-leadership-en-tete-de-liste-des-aptitudes-recherchees\/#breadcrumb","itemListElement":[{"@type":"ListItem","position":1,"name":"Accueil","item":"https:\/\/peoplesphere.be\/fr\/"},{"@type":"ListItem","position":2,"name":"Les entreprises belges et leurs dirigeants pr\u00e9occup\u00e9s par la p\u00e9nurie de comp\u00e9tences: le num\u00e9rique et le leadership en t\u00eate de liste des aptitudes recherch\u00e9es."}]},{"@type":"WebSite","@id":"https:\/\/peoplesphere.be\/fr\/#website","url":"https:\/\/peoplesphere.be\/fr\/","name":"Peoplesphere","description":"The People Managers Magazine","publisher":{"@id":"https:\/\/peoplesphere.be\/fr\/#organization"},"potentialAction":[{"@type":"SearchAction","target":{"@type":"EntryPoint","urlTemplate":"https:\/\/peoplesphere.be\/fr\/?s={search_term_string}"},"query-input":"required name=search_term_string"}],"inLanguage":"fr-FR"},{"@type":"Organization","@id":"https:\/\/peoplesphere.be\/fr\/#organization","name":"Peoplesphere Company srl","url":"https:\/\/peoplesphere.be\/fr\/","logo":{"@type":"ImageObject","inLanguage":"fr-FR","@id":"https:\/\/peoplesphere.be\/fr\/#\/schema\/logo\/image\/","url":"https:\/\/peoplesphere.be\/fr\/wp-content\/uploads\/2023\/07\/peoplesphere-lgo-new-generik.jpg","contentUrl":"https:\/\/peoplesphere.be\/fr\/wp-content\/uploads\/2023\/07\/peoplesphere-lgo-new-generik.jpg","width":1031,"height":1479,"caption":"Peoplesphere Company srl"},"image":{"@id":"https:\/\/peoplesphere.be\/fr\/#\/schema\/logo\/image\/"},"sameAs":["https:\/\/www.facebook.com\/peoplesphere","https:\/\/twitter.com\/PeoplesphereMag","https:\/\/www.linkedin.com\/company\/7587361?trk","http:\/\/youtube.com\/peoplesphere"]},{"@type":"Person","@id":"https:\/\/peoplesphere.be\/fr\/#\/schema\/person\/7976225ff17988604334abb7b3536a7e","name":"Jean-Paul Erhard","image":{"@type":"ImageObject","inLanguage":"fr-FR","@id":"https:\/\/peoplesphere.be\/fr\/#\/schema\/person\/image\/","url":"https:\/\/secure.gravatar.com\/avatar\/f941e681460179738071629a51574930?s=96&d=mm&r=g","contentUrl":"https:\/\/secure.gravatar.com\/avatar\/f941e681460179738071629a51574930?s=96&d=mm&r=g","caption":"Jean-Paul Erhard"},"url":"https:\/\/peoplesphere.be\/fr\/author\/jpe\/"}]}},"_links":{"self":[{"href":"https:\/\/peoplesphere.be\/fr\/wp-json\/wp\/v2\/posts\/17773"}],"collection":[{"href":"https:\/\/peoplesphere.be\/fr\/wp-json\/wp\/v2\/posts"}],"about":[{"href":"https:\/\/peoplesphere.be\/fr\/wp-json\/wp\/v2\/types\/post"}],"author":[{"embeddable":true,"href":"https:\/\/peoplesphere.be\/fr\/wp-json\/wp\/v2\/users\/2"}],"replies":[{"embeddable":true,"href":"https:\/\/peoplesphere.be\/fr\/wp-json\/wp\/v2\/comments?post=17773"}],"version-history":[{"count":1,"href":"https:\/\/peoplesphere.be\/fr\/wp-json\/wp\/v2\/posts\/17773\/revisions"}],"predecessor-version":[{"id":17774,"href":"https:\/\/peoplesphere.be\/fr\/wp-json\/wp\/v2\/posts\/17773\/revisions\/17774"}],"wp:attachment":[{"href":"https:\/\/peoplesphere.be\/fr\/wp-json\/wp\/v2\/media?parent=17773"}],"wp:term":[{"taxonomy":"category","embeddable":true,"href":"https:\/\/peoplesphere.be\/fr\/wp-json\/wp\/v2\/categories?post=17773"},{"taxonomy":"post_tag","embeddable":true,"href":"https:\/\/peoplesphere.be\/fr\/wp-json\/wp\/v2\/tags?post=17773"}],"curies":[{"name":"wp","href":"https:\/\/api.w.org\/{rel}","templated":true}]}}