









{"id":17784,"date":"2025-05-23T05:24:28","date_gmt":"2025-05-23T03:24:28","guid":{"rendered":"https:\/\/peoplesphere.be\/fr\/?p=17784"},"modified":"2025-05-23T05:24:28","modified_gmt":"2025-05-23T03:24:28","slug":"explosion-de-labsenteisme-le-nombre-dabsences-dun-jour-a-augmente-de-62-dans-les-grandes-entreprises-depuis-la-suppression-du-certificat-medical-pour-une-journee","status":"publish","type":"post","link":"https:\/\/peoplesphere.be\/fr\/explosion-de-labsenteisme-le-nombre-dabsences-dun-jour-a-augmente-de-62-dans-les-grandes-entreprises-depuis-la-suppression-du-certificat-medical-pour-une-journee\/","title":{"rendered":"Explosion de l&rsquo;absent\u00e9\u00efsme? Le nombre d&rsquo;absences d&rsquo;un jour a augment\u00e9 de 62% dans les grandes entreprises depuis la suppression du certificat m\u00e9dical pour une journ\u00e9e."},"content":{"rendered":"<p>Plus de la moiti\u00e9 (53,2 %) des travailleurs en Belgique se sont d\u00e9clar\u00e9s absents au moins une fois en 2024. Depuis 2023, le prestataire de services RH Securex constate une forte augmentation de l&rsquo;absent\u00e9isme fr\u00e9quent (min. 3 fois) et du nombre de travailleurs absents pendant une journ\u00e9e, en particulier dans les grandes entreprises.<!--more--><\/p>\n<p>Moins de la moiti\u00e9 (46,8%) des travailleurs en Belgique ne se sont jamais d\u00e9clar\u00e9s malades en 2024. En 2024, les travailleurs ont \u00e9t\u00e9 absents 1,36 fois en moyenne, soit une augmentation de 20% par rapport \u00e0 la p\u00e9riode pr\u00e9-Covid.<\/p>\n<p>En outre, l&rsquo;\u00e9tude de Securex r\u00e9v\u00e8le une augmentation notable du nombre de travailleurs ayant fr\u00e9quemment d\u00e9clar\u00e9 \u00eatre absents. En 2024, un nombre record de travailleurs (17,4%) ont d\u00e9clar\u00e9 avoir \u00e9t\u00e9 absents trois fois ou plus. Il s&rsquo;agit d&rsquo;une augmentation de 8,55% par rapport \u00e0 2023 et de 36% par rapport \u00e0 la p\u00e9riode pr\u00e9c\u00e9dant le Covid.<\/p>\n<p>Stephanie Heurterre, Senior HR consultant chez Securex, explique : <em>\u00ab\u00a0Nous constatons une forte augmentation des absences de moyenne et longue dur\u00e9e, mais ces derni\u00e8res ann\u00e9es, nous observons \u00e9galement une augmentation des absences courtes et plus fr\u00e9quentes. Tout comme pour les absences de longue dur\u00e9e, il est important que les entreprises mettent en place une politique d&rsquo;absent\u00e9isme structurelle qui mise avant tout sur la pr\u00e9vention et sur un dialogue constructif et positif. En outre, il est important que les entreprises \u00e9tablissent un cadre clair avec des accords pr\u00e9cis en mati\u00e8re de d\u00e9claration de maladie, de certificats m\u00e9dicaux et de suivi. Il est \u00e9galement important de d\u00e9finir et de communiquer de mani\u00e8re cibl\u00e9e la place et la valeur ajout\u00e9e d&rsquo;autres actions compl\u00e9mentaires, telles que le contr\u00f4le m\u00e9dical.\u00a0\u00bb<\/em><\/p>\n<h3><strong><em>La suppression du certificat m\u00e9dical entra\u00eene une augmentation des absences d&rsquo;un jour, en particulier dans les grandes entreprises<\/em><\/strong><\/h3>\n<p>Depuis la suppression du certificat m\u00e9dical en novembre 2022, les travailleurs ne sont plus tenus de fournir un certificat m\u00e9dical en cas d&rsquo;absence d&rsquo;un jour, ou pour leur premier jour de maladie, et ce jusqu\u2019 \u00e0 trois fois par an1. Cette mesure semble \u00e9galement avoir un impact direct sur la fr\u00e9quence des absences : le nombre d&rsquo;absences d&rsquo;un jour a augment\u00e9 de 44% (passant de 6,12% \u00e0 8,82%). \u200b<\/p>\n<p>Dans les grandes entreprises (\u00e0 partir de 50 travailleurs), un travailleur sur dix a \u00e9t\u00e9 absent pour maladie pendant une journ\u00e9e en 2024, soit une augmentation de 62% par rapport \u00e0 2022. Cependant, m\u00eame dans les petites entreprises, o\u00f9 la suppression du certificat m\u00e9dical n&rsquo;\u00e9tait pas obligatoire, ce chiffre a augment\u00e9 de pr\u00e8s de 30% en deux ans.<\/p>\n<p>Stephanie Heurterre : <em>\u00ab\u00a0Avec la suppression du certificat m\u00e9dical, il est plus facile pour les travailleurs de d\u00e9cider eux-m\u00eames lorsqu&rsquo;ils ne sont pas en mesure de travailler une journ\u00e9e. Cela se traduit par un nombre accru d&rsquo;absences de courte dur\u00e9e. Les entreprises sont donc plus souvent confront\u00e9es \u00e0 des arr\u00eats maladie inattendus, ce qui a naturellement un impact sur la planification du personnel et met la pression sur les coll\u00e8gues qui doivent reprendre le travail.\u00a0\u00bb<\/em><\/p>\n<p>Prof. Philip Verwimp, directeur de recherche \u00e0 l&rsquo;HIVA &#8211; KU Leuven : <em>\u00ab\u00a0Nous observons effectivement une augmentation du nombre d&rsquo;absences d&rsquo;un jour dans les grandes entreprises depuis la suppression du certificat m\u00e9dical pour une journ\u00e9e. Nous devons maintenant analyser s\u2019il y a une diminution des absences de deux, trois jours ou plus.\u00a0\u00bb<\/em><\/p>\n<h3><strong><em>Pr\u00e9venir les absences gr\u00e2ce \u00e0 une politique \u00e9labor\u00e9e \u200b<\/em><\/strong><\/h3>\n<p>Comme \u00e9galement indiqu\u00e9 dans l\u2019accord de gouvernement, la pr\u00e9vention des absences de longue dur\u00e9e est cruciale. Cependant, il est \u00e9galement important que les initiatives relatives \u00e0 l&rsquo;absent\u00e9isme fr\u00e9quent (de courte dur\u00e9e) soient consid\u00e9r\u00e9es comme faisant partie de ce cadre. En r\u00e9ponse \u00e0 la hausse des chiffres, outre des accords clairs sur des actions compl\u00e9mentaires telles que le suivi m\u00e9dical, il est essentiel de d\u00e9velopper une politique proactive de bien-\u00eatre et de pr\u00e9vention au sein des organisations. Investir dans le leadership et dans une culture ouverte centr\u00e9e sur le bien-\u00eatre des travailleurs contribue \u00e0 r\u00e9duire l&rsquo;absent\u00e9isme. \u200b<\/p>\n<p><em>\u00ab\u00a0Il est essentiel que les managers, gr\u00e2ce \u00e0 une formation ad\u00e9quate, apprennent \u00e0 engager des conversations constructives sur ce sujet avec leurs collaborateurs\u00a0\u00bb<\/em>, souligne Stephanie Heurterre. \u00ab\u00a0<em>En encourageant les dialogues constructifs et en abordant l&rsquo;absent\u00e9isme de mani\u00e8re objective et sans jugement pendant les moments de concertation, les organisations peuvent \u00e9laborer des plans d&rsquo;action sur mesure. Une politique int\u00e9gr\u00e9e qui surveille les absences fr\u00e9quentes leur permet de prendre des mesures appropri\u00e9es qui soutiennent \u00e0 la fois les travailleurs et les \u00e9quipes. Cela favorise une organisation plus saine et plus productive\u00a0\u00bb.<\/em><\/p>\n<p>&nbsp;<\/p>\n<p><em>Source: Securex<\/em><\/p>\n","protected":false},"excerpt":{"rendered":"<p>Plus de la moiti\u00e9 (53,2 %) des travailleurs en Belgique se sont d\u00e9clar\u00e9s absents au moins une fois en 2024. Depuis 2023, le prestataire de services RH Securex constate une forte augmentation de l&rsquo;absent\u00e9isme fr\u00e9quent (min. 3 fois) et du [&hellip;]<\/p>\n","protected":false},"author":2,"featured_media":17785,"comment_status":"closed","ping_status":"open","sticky":false,"template":"","format":"standard","meta":[],"categories":[65,10],"tags":[145,96,239,16,17],"yoast_head":"<!-- This site is optimized with the Yoast SEO plugin v21.0 - https:\/\/yoast.com\/wordpress\/plugins\/seo\/ -->\n<title>Explosion de l&#039;absent\u00e9\u00efsme? Le nombre d&#039;absences d&#039;un jour a augment\u00e9 de 62% dans les grandes entreprises depuis la suppression du certificat m\u00e9dical pour une journ\u00e9e. - Peoplesphere<\/title>\n<meta name=\"robots\" content=\"index, follow, max-snippet:-1, max-image-preview:large, max-video-preview:-1\" \/>\n<link rel=\"canonical\" href=\"https:\/\/peoplesphere.be\/fr\/explosion-de-labsenteisme-le-nombre-dabsences-dun-jour-a-augmente-de-62-dans-les-grandes-entreprises-depuis-la-suppression-du-certificat-medical-pour-une-journee\/\" \/>\n<meta property=\"og:locale\" content=\"fr_FR\" \/>\n<meta property=\"og:type\" content=\"article\" \/>\n<meta property=\"og:title\" content=\"Explosion de l&#039;absent\u00e9\u00efsme? Le nombre d&#039;absences d&#039;un jour a augment\u00e9 de 62% dans les grandes entreprises depuis la suppression du certificat m\u00e9dical pour une journ\u00e9e. - Peoplesphere\" \/>\n<meta property=\"og:description\" content=\"Plus de la moiti\u00e9 (53,2 %) des travailleurs en Belgique se sont d\u00e9clar\u00e9s absents au moins une fois en 2024. Depuis 2023, le prestataire de services RH Securex constate une forte augmentation de l&rsquo;absent\u00e9isme fr\u00e9quent (min. 3 fois) et du [&hellip;]\" \/>\n<meta property=\"og:url\" content=\"https:\/\/peoplesphere.be\/fr\/explosion-de-labsenteisme-le-nombre-dabsences-dun-jour-a-augmente-de-62-dans-les-grandes-entreprises-depuis-la-suppression-du-certificat-medical-pour-une-journee\/\" \/>\n<meta property=\"og:site_name\" content=\"Peoplesphere\" \/>\n<meta property=\"article:publisher\" content=\"https:\/\/www.facebook.com\/peoplesphere\" \/>\n<meta property=\"article:published_time\" content=\"2025-05-23T03:24:28+00:00\" \/>\n<meta property=\"og:image\" content=\"https:\/\/peoplesphere.be\/fr\/wp-content\/uploads\/2025\/05\/20250523securexabsenteisme.jpg\" \/>\n\t<meta property=\"og:image:width\" content=\"1114\" \/>\n\t<meta property=\"og:image:height\" content=\"611\" \/>\n\t<meta property=\"og:image:type\" content=\"image\/jpeg\" \/>\n<meta name=\"author\" content=\"Jean-Paul Erhard\" \/>\n<meta name=\"twitter:card\" content=\"summary_large_image\" \/>\n<meta name=\"twitter:creator\" content=\"@PeoplesphereMag\" \/>\n<meta name=\"twitter:site\" content=\"@PeoplesphereMag\" \/>\n<meta name=\"twitter:label1\" content=\"\u00c9crit par\" \/>\n\t<meta name=\"twitter:data1\" content=\"Jean-Paul Erhard\" \/>\n\t<meta name=\"twitter:label2\" content=\"Dur\u00e9e de lecture estim\u00e9e\" \/>\n\t<meta name=\"twitter:data2\" content=\"4 minutes\" \/>\n<script type=\"application\/ld+json\" class=\"yoast-schema-graph\">{\"@context\":\"https:\/\/schema.org\",\"@graph\":[{\"@type\":\"Article\",\"@id\":\"https:\/\/peoplesphere.be\/fr\/explosion-de-labsenteisme-le-nombre-dabsences-dun-jour-a-augmente-de-62-dans-les-grandes-entreprises-depuis-la-suppression-du-certificat-medical-pour-une-journee\/#article\",\"isPartOf\":{\"@id\":\"https:\/\/peoplesphere.be\/fr\/explosion-de-labsenteisme-le-nombre-dabsences-dun-jour-a-augmente-de-62-dans-les-grandes-entreprises-depuis-la-suppression-du-certificat-medical-pour-une-journee\/\"},\"author\":{\"name\":\"Jean-Paul Erhard\",\"@id\":\"https:\/\/peoplesphere.be\/fr\/#\/schema\/person\/7976225ff17988604334abb7b3536a7e\"},\"headline\":\"Explosion de l&rsquo;absent\u00e9\u00efsme? Le nombre d&rsquo;absences d&rsquo;un jour a augment\u00e9 de 62% dans les grandes entreprises depuis la suppression du certificat m\u00e9dical pour une journ\u00e9e.\",\"datePublished\":\"2025-05-23T03:24:28+00:00\",\"dateModified\":\"2025-05-23T03:24:28+00:00\",\"mainEntityOfPage\":{\"@id\":\"https:\/\/peoplesphere.be\/fr\/explosion-de-labsenteisme-le-nombre-dabsences-dun-jour-a-augmente-de-62-dans-les-grandes-entreprises-depuis-la-suppression-du-certificat-medical-pour-une-journee\/\"},\"wordCount\":808,\"publisher\":{\"@id\":\"https:\/\/peoplesphere.be\/fr\/#organization\"},\"keywords\":[\"absent\u00e9isme\",\"bien-\u00eatre\",\"certificat m\u00e9dical\",\"Maladie\",\"Sant\u00e9\"],\"articleSection\":[\"Actualit\u00e9s\",\"Digital\"],\"inLanguage\":\"fr-FR\"},{\"@type\":\"WebPage\",\"@id\":\"https:\/\/peoplesphere.be\/fr\/explosion-de-labsenteisme-le-nombre-dabsences-dun-jour-a-augmente-de-62-dans-les-grandes-entreprises-depuis-la-suppression-du-certificat-medical-pour-une-journee\/\",\"url\":\"https:\/\/peoplesphere.be\/fr\/explosion-de-labsenteisme-le-nombre-dabsences-dun-jour-a-augmente-de-62-dans-les-grandes-entreprises-depuis-la-suppression-du-certificat-medical-pour-une-journee\/\",\"name\":\"Explosion de l'absent\u00e9\u00efsme? Le nombre d'absences d'un jour a augment\u00e9 de 62% dans les grandes entreprises depuis la suppression du certificat m\u00e9dical pour une journ\u00e9e. - Peoplesphere\",\"isPartOf\":{\"@id\":\"https:\/\/peoplesphere.be\/fr\/#website\"},\"datePublished\":\"2025-05-23T03:24:28+00:00\",\"dateModified\":\"2025-05-23T03:24:28+00:00\",\"breadcrumb\":{\"@id\":\"https:\/\/peoplesphere.be\/fr\/explosion-de-labsenteisme-le-nombre-dabsences-dun-jour-a-augmente-de-62-dans-les-grandes-entreprises-depuis-la-suppression-du-certificat-medical-pour-une-journee\/#breadcrumb\"},\"inLanguage\":\"fr-FR\",\"potentialAction\":[{\"@type\":\"ReadAction\",\"target\":[\"https:\/\/peoplesphere.be\/fr\/explosion-de-labsenteisme-le-nombre-dabsences-dun-jour-a-augmente-de-62-dans-les-grandes-entreprises-depuis-la-suppression-du-certificat-medical-pour-une-journee\/\"]}]},{\"@type\":\"BreadcrumbList\",\"@id\":\"https:\/\/peoplesphere.be\/fr\/explosion-de-labsenteisme-le-nombre-dabsences-dun-jour-a-augmente-de-62-dans-les-grandes-entreprises-depuis-la-suppression-du-certificat-medical-pour-une-journee\/#breadcrumb\",\"itemListElement\":[{\"@type\":\"ListItem\",\"position\":1,\"name\":\"Accueil\",\"item\":\"https:\/\/peoplesphere.be\/fr\/\"},{\"@type\":\"ListItem\",\"position\":2,\"name\":\"Explosion de l&rsquo;absent\u00e9\u00efsme? Le nombre d&rsquo;absences d&rsquo;un jour a augment\u00e9 de 62% dans les grandes entreprises depuis la suppression du certificat m\u00e9dical pour une journ\u00e9e.\"}]},{\"@type\":\"WebSite\",\"@id\":\"https:\/\/peoplesphere.be\/fr\/#website\",\"url\":\"https:\/\/peoplesphere.be\/fr\/\",\"name\":\"Peoplesphere\",\"description\":\"The People Managers Magazine\",\"publisher\":{\"@id\":\"https:\/\/peoplesphere.be\/fr\/#organization\"},\"potentialAction\":[{\"@type\":\"SearchAction\",\"target\":{\"@type\":\"EntryPoint\",\"urlTemplate\":\"https:\/\/peoplesphere.be\/fr\/?s={search_term_string}\"},\"query-input\":\"required name=search_term_string\"}],\"inLanguage\":\"fr-FR\"},{\"@type\":\"Organization\",\"@id\":\"https:\/\/peoplesphere.be\/fr\/#organization\",\"name\":\"Peoplesphere Company srl\",\"url\":\"https:\/\/peoplesphere.be\/fr\/\",\"logo\":{\"@type\":\"ImageObject\",\"inLanguage\":\"fr-FR\",\"@id\":\"https:\/\/peoplesphere.be\/fr\/#\/schema\/logo\/image\/\",\"url\":\"https:\/\/peoplesphere.be\/fr\/wp-content\/uploads\/2023\/07\/peoplesphere-lgo-new-generik.jpg\",\"contentUrl\":\"https:\/\/peoplesphere.be\/fr\/wp-content\/uploads\/2023\/07\/peoplesphere-lgo-new-generik.jpg\",\"width\":1031,\"height\":1479,\"caption\":\"Peoplesphere Company srl\"},\"image\":{\"@id\":\"https:\/\/peoplesphere.be\/fr\/#\/schema\/logo\/image\/\"},\"sameAs\":[\"https:\/\/www.facebook.com\/peoplesphere\",\"https:\/\/twitter.com\/PeoplesphereMag\",\"https:\/\/www.linkedin.com\/company\/7587361?trk\",\"http:\/\/youtube.com\/peoplesphere\"]},{\"@type\":\"Person\",\"@id\":\"https:\/\/peoplesphere.be\/fr\/#\/schema\/person\/7976225ff17988604334abb7b3536a7e\",\"name\":\"Jean-Paul Erhard\",\"image\":{\"@type\":\"ImageObject\",\"inLanguage\":\"fr-FR\",\"@id\":\"https:\/\/peoplesphere.be\/fr\/#\/schema\/person\/image\/\",\"url\":\"https:\/\/secure.gravatar.com\/avatar\/f941e681460179738071629a51574930?s=96&d=mm&r=g\",\"contentUrl\":\"https:\/\/secure.gravatar.com\/avatar\/f941e681460179738071629a51574930?s=96&d=mm&r=g\",\"caption\":\"Jean-Paul Erhard\"},\"url\":\"https:\/\/peoplesphere.be\/fr\/author\/jpe\/\"}]}<\/script>\n<!-- \/ Yoast SEO plugin. -->","yoast_head_json":{"title":"Explosion de l'absent\u00e9\u00efsme? Le nombre d'absences d'un jour a augment\u00e9 de 62% dans les grandes entreprises depuis la suppression du certificat m\u00e9dical pour une journ\u00e9e. - Peoplesphere","robots":{"index":"index","follow":"follow","max-snippet":"max-snippet:-1","max-image-preview":"max-image-preview:large","max-video-preview":"max-video-preview:-1"},"canonical":"https:\/\/peoplesphere.be\/fr\/explosion-de-labsenteisme-le-nombre-dabsences-dun-jour-a-augmente-de-62-dans-les-grandes-entreprises-depuis-la-suppression-du-certificat-medical-pour-une-journee\/","og_locale":"fr_FR","og_type":"article","og_title":"Explosion de l'absent\u00e9\u00efsme? Le nombre d'absences d'un jour a augment\u00e9 de 62% dans les grandes entreprises depuis la suppression du certificat m\u00e9dical pour une journ\u00e9e. - Peoplesphere","og_description":"Plus de la moiti\u00e9 (53,2 %) des travailleurs en Belgique se sont d\u00e9clar\u00e9s absents au moins une fois en 2024. Depuis 2023, le prestataire de services RH Securex constate une forte augmentation de l&rsquo;absent\u00e9isme fr\u00e9quent (min. 3 fois) et du [&hellip;]","og_url":"https:\/\/peoplesphere.be\/fr\/explosion-de-labsenteisme-le-nombre-dabsences-dun-jour-a-augmente-de-62-dans-les-grandes-entreprises-depuis-la-suppression-du-certificat-medical-pour-une-journee\/","og_site_name":"Peoplesphere","article_publisher":"https:\/\/www.facebook.com\/peoplesphere","article_published_time":"2025-05-23T03:24:28+00:00","og_image":[{"width":1114,"height":611,"url":"https:\/\/peoplesphere.be\/fr\/wp-content\/uploads\/2025\/05\/20250523securexabsenteisme.jpg","type":"image\/jpeg"}],"author":"Jean-Paul Erhard","twitter_card":"summary_large_image","twitter_creator":"@PeoplesphereMag","twitter_site":"@PeoplesphereMag","twitter_misc":{"\u00c9crit par":"Jean-Paul Erhard","Dur\u00e9e de lecture estim\u00e9e":"4 minutes"},"schema":{"@context":"https:\/\/schema.org","@graph":[{"@type":"Article","@id":"https:\/\/peoplesphere.be\/fr\/explosion-de-labsenteisme-le-nombre-dabsences-dun-jour-a-augmente-de-62-dans-les-grandes-entreprises-depuis-la-suppression-du-certificat-medical-pour-une-journee\/#article","isPartOf":{"@id":"https:\/\/peoplesphere.be\/fr\/explosion-de-labsenteisme-le-nombre-dabsences-dun-jour-a-augmente-de-62-dans-les-grandes-entreprises-depuis-la-suppression-du-certificat-medical-pour-une-journee\/"},"author":{"name":"Jean-Paul Erhard","@id":"https:\/\/peoplesphere.be\/fr\/#\/schema\/person\/7976225ff17988604334abb7b3536a7e"},"headline":"Explosion de l&rsquo;absent\u00e9\u00efsme? Le nombre d&rsquo;absences d&rsquo;un jour a augment\u00e9 de 62% dans les grandes entreprises depuis la suppression du certificat m\u00e9dical pour une journ\u00e9e.","datePublished":"2025-05-23T03:24:28+00:00","dateModified":"2025-05-23T03:24:28+00:00","mainEntityOfPage":{"@id":"https:\/\/peoplesphere.be\/fr\/explosion-de-labsenteisme-le-nombre-dabsences-dun-jour-a-augmente-de-62-dans-les-grandes-entreprises-depuis-la-suppression-du-certificat-medical-pour-une-journee\/"},"wordCount":808,"publisher":{"@id":"https:\/\/peoplesphere.be\/fr\/#organization"},"keywords":["absent\u00e9isme","bien-\u00eatre","certificat m\u00e9dical","Maladie","Sant\u00e9"],"articleSection":["Actualit\u00e9s","Digital"],"inLanguage":"fr-FR"},{"@type":"WebPage","@id":"https:\/\/peoplesphere.be\/fr\/explosion-de-labsenteisme-le-nombre-dabsences-dun-jour-a-augmente-de-62-dans-les-grandes-entreprises-depuis-la-suppression-du-certificat-medical-pour-une-journee\/","url":"https:\/\/peoplesphere.be\/fr\/explosion-de-labsenteisme-le-nombre-dabsences-dun-jour-a-augmente-de-62-dans-les-grandes-entreprises-depuis-la-suppression-du-certificat-medical-pour-une-journee\/","name":"Explosion de l'absent\u00e9\u00efsme? Le nombre d'absences d'un jour a augment\u00e9 de 62% dans les grandes entreprises depuis la suppression du certificat m\u00e9dical pour une journ\u00e9e. - Peoplesphere","isPartOf":{"@id":"https:\/\/peoplesphere.be\/fr\/#website"},"datePublished":"2025-05-23T03:24:28+00:00","dateModified":"2025-05-23T03:24:28+00:00","breadcrumb":{"@id":"https:\/\/peoplesphere.be\/fr\/explosion-de-labsenteisme-le-nombre-dabsences-dun-jour-a-augmente-de-62-dans-les-grandes-entreprises-depuis-la-suppression-du-certificat-medical-pour-une-journee\/#breadcrumb"},"inLanguage":"fr-FR","potentialAction":[{"@type":"ReadAction","target":["https:\/\/peoplesphere.be\/fr\/explosion-de-labsenteisme-le-nombre-dabsences-dun-jour-a-augmente-de-62-dans-les-grandes-entreprises-depuis-la-suppression-du-certificat-medical-pour-une-journee\/"]}]},{"@type":"BreadcrumbList","@id":"https:\/\/peoplesphere.be\/fr\/explosion-de-labsenteisme-le-nombre-dabsences-dun-jour-a-augmente-de-62-dans-les-grandes-entreprises-depuis-la-suppression-du-certificat-medical-pour-une-journee\/#breadcrumb","itemListElement":[{"@type":"ListItem","position":1,"name":"Accueil","item":"https:\/\/peoplesphere.be\/fr\/"},{"@type":"ListItem","position":2,"name":"Explosion de l&rsquo;absent\u00e9\u00efsme? Le nombre d&rsquo;absences d&rsquo;un jour a augment\u00e9 de 62% dans les grandes entreprises depuis la suppression du certificat m\u00e9dical pour une journ\u00e9e."}]},{"@type":"WebSite","@id":"https:\/\/peoplesphere.be\/fr\/#website","url":"https:\/\/peoplesphere.be\/fr\/","name":"Peoplesphere","description":"The People Managers Magazine","publisher":{"@id":"https:\/\/peoplesphere.be\/fr\/#organization"},"potentialAction":[{"@type":"SearchAction","target":{"@type":"EntryPoint","urlTemplate":"https:\/\/peoplesphere.be\/fr\/?s={search_term_string}"},"query-input":"required name=search_term_string"}],"inLanguage":"fr-FR"},{"@type":"Organization","@id":"https:\/\/peoplesphere.be\/fr\/#organization","name":"Peoplesphere Company srl","url":"https:\/\/peoplesphere.be\/fr\/","logo":{"@type":"ImageObject","inLanguage":"fr-FR","@id":"https:\/\/peoplesphere.be\/fr\/#\/schema\/logo\/image\/","url":"https:\/\/peoplesphere.be\/fr\/wp-content\/uploads\/2023\/07\/peoplesphere-lgo-new-generik.jpg","contentUrl":"https:\/\/peoplesphere.be\/fr\/wp-content\/uploads\/2023\/07\/peoplesphere-lgo-new-generik.jpg","width":1031,"height":1479,"caption":"Peoplesphere Company srl"},"image":{"@id":"https:\/\/peoplesphere.be\/fr\/#\/schema\/logo\/image\/"},"sameAs":["https:\/\/www.facebook.com\/peoplesphere","https:\/\/twitter.com\/PeoplesphereMag","https:\/\/www.linkedin.com\/company\/7587361?trk","http:\/\/youtube.com\/peoplesphere"]},{"@type":"Person","@id":"https:\/\/peoplesphere.be\/fr\/#\/schema\/person\/7976225ff17988604334abb7b3536a7e","name":"Jean-Paul Erhard","image":{"@type":"ImageObject","inLanguage":"fr-FR","@id":"https:\/\/peoplesphere.be\/fr\/#\/schema\/person\/image\/","url":"https:\/\/secure.gravatar.com\/avatar\/f941e681460179738071629a51574930?s=96&d=mm&r=g","contentUrl":"https:\/\/secure.gravatar.com\/avatar\/f941e681460179738071629a51574930?s=96&d=mm&r=g","caption":"Jean-Paul Erhard"},"url":"https:\/\/peoplesphere.be\/fr\/author\/jpe\/"}]}},"_links":{"self":[{"href":"https:\/\/peoplesphere.be\/fr\/wp-json\/wp\/v2\/posts\/17784"}],"collection":[{"href":"https:\/\/peoplesphere.be\/fr\/wp-json\/wp\/v2\/posts"}],"about":[{"href":"https:\/\/peoplesphere.be\/fr\/wp-json\/wp\/v2\/types\/post"}],"author":[{"embeddable":true,"href":"https:\/\/peoplesphere.be\/fr\/wp-json\/wp\/v2\/users\/2"}],"replies":[{"embeddable":true,"href":"https:\/\/peoplesphere.be\/fr\/wp-json\/wp\/v2\/comments?post=17784"}],"version-history":[{"count":1,"href":"https:\/\/peoplesphere.be\/fr\/wp-json\/wp\/v2\/posts\/17784\/revisions"}],"predecessor-version":[{"id":17786,"href":"https:\/\/peoplesphere.be\/fr\/wp-json\/wp\/v2\/posts\/17784\/revisions\/17786"}],"wp:featuredmedia":[{"embeddable":true,"href":"https:\/\/peoplesphere.be\/fr\/wp-json\/wp\/v2\/media\/17785"}],"wp:attachment":[{"href":"https:\/\/peoplesphere.be\/fr\/wp-json\/wp\/v2\/media?parent=17784"}],"wp:term":[{"taxonomy":"category","embeddable":true,"href":"https:\/\/peoplesphere.be\/fr\/wp-json\/wp\/v2\/categories?post=17784"},{"taxonomy":"post_tag","embeddable":true,"href":"https:\/\/peoplesphere.be\/fr\/wp-json\/wp\/v2\/tags?post=17784"}],"curies":[{"name":"wp","href":"https:\/\/api.w.org\/{rel}","templated":true}]}}