









{"id":17791,"date":"2025-05-26T08:05:28","date_gmt":"2025-05-26T06:05:28","guid":{"rendered":"https:\/\/peoplesphere.be\/fr\/?p=17791"},"modified":"2025-05-26T08:05:28","modified_gmt":"2025-05-26T06:05:28","slug":"le-declin-des-grandes-villes-belges-a-commencer-par-bruxelles-est-renforce-par-lexil-des-entreprises-en-region","status":"publish","type":"post","link":"https:\/\/peoplesphere.be\/fr\/le-declin-des-grandes-villes-belges-a-commencer-par-bruxelles-est-renforce-par-lexil-des-entreprises-en-region\/","title":{"rendered":"Le d\u00e9clin des grandes villes belges, \u00e0 commencer par Bruxelles, est renforc\u00e9 par l&rsquo;exil des entreprises en r\u00e9gion."},"content":{"rendered":"<p>Depuis les ann\u00e9es 1970, les grandes villes belges \u2013 historiquement centres de richesse et de dynamisme \u2013 connaissent un appauvrissement relatif au profit de leurs p\u00e9riph\u00e9ries. Cette tendance concerne toutes les plus grandes villes du pays : Bruxelles, Anvers, Li\u00e8ge, Charleroi, Gand, Bruges, Louvain et Namur.<!--more--><\/p>\n<p>Alors qu\u2019en 1977, ces villes repr\u00e9sentaient encore 30% du revenu taxable national, leur part est tomb\u00e9e \u00e0 20,4% en 2021. Le revenu moyen par habitant dans les villes (le c\u0153ur) est d\u00e9sormais inf\u00e9rieur \u00e0 celui de leurs couronnes p\u00e9riurbaines. \u00c0 Bruxelles, par exemple, le revenu des habitants du \u00abc\u0153ur\u00bb est en moyenne inf\u00e9rieur de 25% \u00e0 celui de la p\u00e9riph\u00e9rie.<\/p>\n<p>Ce ph\u00e9nom\u00e8ne s\u2019accompagne d\u2019un taux d\u2019emploi plus faible dans les villes, malgr\u00e9 une population plus jeune, ainsi qu\u2019une forte concentration de personnes issues de l\u2019immigration. Cette dynamique contraste nettement avec celle observ\u00e9e dans la plupart des pays europ\u00e9ens et aux \u00c9tats-Unis, o\u00f9 les grandes villes restent g\u00e9n\u00e9ralement plus prosp\u00e8res que leur p\u00e9riph\u00e9rie. Bruxelles est d\u2019ailleurs la seule capitale analys\u00e9e o\u00f9 le \u00ab\u00a0coeur\u00a0\u00bb est significativement moins riche que les communes environnantes.<\/p>\n<h3><strong><em>Suburbanisation, politiques urbaines et h\u00e9ritage industriel en cause<\/em><\/strong><\/h3>\n<p>Ce d\u00e9clin relatif des grandes villes belges s\u2019explique principalement par un ph\u00e9nom\u00e8ne ancien mais persistant : la suburbanisation. D\u00e8s les ann\u00e9es 1960, les classes moyennes et ais\u00e9es ont progressivement quitt\u00e9 les centres pour s\u2019installer en p\u00e9riph\u00e9rie, laissant place \u00e0 une population plus pr\u00e9caire. Cette dynamique a \u00e9t\u00e9 renforc\u00e9e plus r\u00e9cemment par la d\u00e9localisation d\u2019entreprises hors des centres.<\/p>\n<p>Plusieurs facteurs sp\u00e9cifiques \u00e0 la Belgique y ont accentu\u00e9 ce mouvement :<\/p>\n<ul>\n<li>Une politique d\u2019am\u00e9nagement du territoire permissive en p\u00e9riph\u00e9rie ;<br \/>\nL\u2019absence de dispositifs contraignants de type \u00abgreen belt\u00bb pour limiter l\u2019\u00e9talement urbain ;<\/li>\n<li>Des politiques fiscales favorables \u00e0 l\u2019usage de la voiture et aux navetteurs ;<\/li>\n<li>Une absence de strat\u00e9gie de r\u00e9partition des populations migrantes, favorisant leur concentration dans les centres ;<\/li>\n<li>Et, pour Bruxelles, un affaiblissement du r\u00f4le \u00e9conomique et politique de la capitale dans le contexte de la f\u00e9d\u00e9ralisation du pays.<\/li>\n<\/ul>\n<p>\u00c0 cela s\u2019ajoute un lourd h\u00e9ritage industriel pour nombre de grandes villes belges. Les anciennes zones et quartiers industriels, situ\u00e9s en c\u0153ur urbain, souvent en bord de canal\/rivi\u00e8re, sont rest\u00e9s d\u00e9grad\u00e9s et peu attractifs. La transition post-industrielle y reste inachev\u00e9e, frein\u00e9e notamment par la fragmentation de la propri\u00e9t\u00e9 fonci\u00e8re, compliquant les projets de r\u00e9novation d\u2019envergure.<\/p>\n<h3><strong><em>Deux orientations pour inverser la tendance<\/em><\/strong><\/h3>\n<p>Face \u00e0 cette situation, deux grandes orientations strat\u00e9giques sont possibles :<\/p>\n<p><strong><em>1. Renforcer les solidarit\u00e9s territoriales :<\/em><\/strong> via des transferts financiers, le renforcement des fonds d\u00e9di\u00e9s, ou encore une extension de l\u2019assiette fiscale des grandes villes \u00e0 leur p\u00e9riph\u00e9rie via des fusions.<br \/>\n<strong><em>2. Redynamiser les grands centres urbains :<\/em><\/strong> en attirant de nouveaux habitants et entreprises, et en am\u00e9liorant les conditions de vie et de revenu des r\u00e9sidents actuels. Cela suppose, entre autres, des politiques cibl\u00e9es en mati\u00e8re d\u2019\u00e9ducation, d\u2019emploi, ainsi que des investissements massifs dans les \u00abamenities\u00bb urbaines (transports, espaces verts, infrastructures culturelles et num\u00e9riques&#8230;).<\/p>\n<p>Dans un contexte de suburbanisation toujours active, il est urgent de mettre en place une politique urbaine ambitieuse, coh\u00e9rente et int\u00e9gr\u00e9e. \u00c0 d\u00e9faut, les in\u00e9galit\u00e9s territoriales et les d\u00e9s\u00e9quilibres socio-\u00e9conomiques continueront vraisemblablement \u00e0 s\u2019accentuer.<\/p>\n<p><em>Source: Regards \u00e9conomiques &#8211; RE188<\/em><\/p>\n","protected":false},"excerpt":{"rendered":"<p>Depuis les ann\u00e9es 1970, les grandes villes belges \u2013 historiquement centres de richesse et de dynamisme \u2013 connaissent un appauvrissement relatif au profit de leurs p\u00e9riph\u00e9ries. Cette tendance concerne toutes les plus grandes villes du pays : Bruxelles, Anvers, Li\u00e8ge, [&hellip;]<\/p>\n","protected":false},"author":2,"featured_media":17792,"comment_status":"closed","ping_status":"open","sticky":false,"template":"","format":"standard","meta":[],"categories":[65,10],"tags":[4291,4293,1133,4292],"yoast_head":"<!-- This site is optimized with the Yoast SEO plugin v21.0 - https:\/\/yoast.com\/wordpress\/plugins\/seo\/ -->\n<title>Le d\u00e9clin des grandes villes belges, \u00e0 commencer par Bruxelles, est renforc\u00e9 par l&#039;exil des entreprises en r\u00e9gion. - Peoplesphere<\/title>\n<meta name=\"robots\" content=\"index, follow, max-snippet:-1, max-image-preview:large, max-video-preview:-1\" \/>\n<link rel=\"canonical\" href=\"https:\/\/peoplesphere.be\/fr\/le-declin-des-grandes-villes-belges-a-commencer-par-bruxelles-est-renforce-par-lexil-des-entreprises-en-region\/\" \/>\n<meta property=\"og:locale\" content=\"fr_FR\" \/>\n<meta property=\"og:type\" content=\"article\" \/>\n<meta property=\"og:title\" content=\"Le d\u00e9clin des grandes villes belges, \u00e0 commencer par Bruxelles, est renforc\u00e9 par l&#039;exil des entreprises en r\u00e9gion. - Peoplesphere\" \/>\n<meta property=\"og:description\" content=\"Depuis les ann\u00e9es 1970, les grandes villes belges \u2013 historiquement centres de richesse et de dynamisme \u2013 connaissent un appauvrissement relatif au profit de leurs p\u00e9riph\u00e9ries. Cette tendance concerne toutes les plus grandes villes du pays : Bruxelles, Anvers, Li\u00e8ge, [&hellip;]\" \/>\n<meta property=\"og:url\" content=\"https:\/\/peoplesphere.be\/fr\/le-declin-des-grandes-villes-belges-a-commencer-par-bruxelles-est-renforce-par-lexil-des-entreprises-en-region\/\" \/>\n<meta property=\"og:site_name\" content=\"Peoplesphere\" \/>\n<meta property=\"article:publisher\" content=\"https:\/\/www.facebook.com\/peoplesphere\" \/>\n<meta property=\"article:published_time\" content=\"2025-05-26T06:05:28+00:00\" \/>\n<meta property=\"og:image\" content=\"https:\/\/peoplesphere.be\/fr\/wp-content\/uploads\/2025\/05\/20250526citydecline.jpg\" \/>\n\t<meta property=\"og:image:width\" content=\"800\" \/>\n\t<meta property=\"og:image:height\" content=\"328\" \/>\n\t<meta property=\"og:image:type\" content=\"image\/jpeg\" \/>\n<meta name=\"author\" content=\"Jean-Paul Erhard\" \/>\n<meta name=\"twitter:card\" content=\"summary_large_image\" \/>\n<meta name=\"twitter:creator\" content=\"@PeoplesphereMag\" \/>\n<meta name=\"twitter:site\" content=\"@PeoplesphereMag\" \/>\n<meta name=\"twitter:label1\" content=\"\u00c9crit par\" \/>\n\t<meta name=\"twitter:data1\" content=\"Jean-Paul Erhard\" \/>\n\t<meta name=\"twitter:label2\" content=\"Dur\u00e9e de lecture estim\u00e9e\" \/>\n\t<meta name=\"twitter:data2\" content=\"3 minutes\" \/>\n<script type=\"application\/ld+json\" class=\"yoast-schema-graph\">{\"@context\":\"https:\/\/schema.org\",\"@graph\":[{\"@type\":\"Article\",\"@id\":\"https:\/\/peoplesphere.be\/fr\/le-declin-des-grandes-villes-belges-a-commencer-par-bruxelles-est-renforce-par-lexil-des-entreprises-en-region\/#article\",\"isPartOf\":{\"@id\":\"https:\/\/peoplesphere.be\/fr\/le-declin-des-grandes-villes-belges-a-commencer-par-bruxelles-est-renforce-par-lexil-des-entreprises-en-region\/\"},\"author\":{\"name\":\"Jean-Paul Erhard\",\"@id\":\"https:\/\/peoplesphere.be\/fr\/#\/schema\/person\/7976225ff17988604334abb7b3536a7e\"},\"headline\":\"Le d\u00e9clin des grandes villes belges, \u00e0 commencer par Bruxelles, est renforc\u00e9 par l&rsquo;exil des entreprises en r\u00e9gion.\",\"datePublished\":\"2025-05-26T06:05:28+00:00\",\"dateModified\":\"2025-05-26T06:05:28+00:00\",\"mainEntityOfPage\":{\"@id\":\"https:\/\/peoplesphere.be\/fr\/le-declin-des-grandes-villes-belges-a-commencer-par-bruxelles-est-renforce-par-lexil-des-entreprises-en-region\/\"},\"wordCount\":606,\"publisher\":{\"@id\":\"https:\/\/peoplesphere.be\/fr\/#organization\"},\"keywords\":[\"appauvrissement\",\"d\u00e9localisation\",\"in\u00e9galit\u00e9s\",\"suburbanisation\"],\"articleSection\":[\"Actualit\u00e9s\",\"Digital\"],\"inLanguage\":\"fr-FR\"},{\"@type\":\"WebPage\",\"@id\":\"https:\/\/peoplesphere.be\/fr\/le-declin-des-grandes-villes-belges-a-commencer-par-bruxelles-est-renforce-par-lexil-des-entreprises-en-region\/\",\"url\":\"https:\/\/peoplesphere.be\/fr\/le-declin-des-grandes-villes-belges-a-commencer-par-bruxelles-est-renforce-par-lexil-des-entreprises-en-region\/\",\"name\":\"Le d\u00e9clin des grandes villes belges, \u00e0 commencer par Bruxelles, est renforc\u00e9 par l'exil des entreprises en r\u00e9gion. - Peoplesphere\",\"isPartOf\":{\"@id\":\"https:\/\/peoplesphere.be\/fr\/#website\"},\"datePublished\":\"2025-05-26T06:05:28+00:00\",\"dateModified\":\"2025-05-26T06:05:28+00:00\",\"breadcrumb\":{\"@id\":\"https:\/\/peoplesphere.be\/fr\/le-declin-des-grandes-villes-belges-a-commencer-par-bruxelles-est-renforce-par-lexil-des-entreprises-en-region\/#breadcrumb\"},\"inLanguage\":\"fr-FR\",\"potentialAction\":[{\"@type\":\"ReadAction\",\"target\":[\"https:\/\/peoplesphere.be\/fr\/le-declin-des-grandes-villes-belges-a-commencer-par-bruxelles-est-renforce-par-lexil-des-entreprises-en-region\/\"]}]},{\"@type\":\"BreadcrumbList\",\"@id\":\"https:\/\/peoplesphere.be\/fr\/le-declin-des-grandes-villes-belges-a-commencer-par-bruxelles-est-renforce-par-lexil-des-entreprises-en-region\/#breadcrumb\",\"itemListElement\":[{\"@type\":\"ListItem\",\"position\":1,\"name\":\"Accueil\",\"item\":\"https:\/\/peoplesphere.be\/fr\/\"},{\"@type\":\"ListItem\",\"position\":2,\"name\":\"Le d\u00e9clin des grandes villes belges, \u00e0 commencer par Bruxelles, est renforc\u00e9 par l&rsquo;exil des entreprises en r\u00e9gion.\"}]},{\"@type\":\"WebSite\",\"@id\":\"https:\/\/peoplesphere.be\/fr\/#website\",\"url\":\"https:\/\/peoplesphere.be\/fr\/\",\"name\":\"Peoplesphere\",\"description\":\"The People Managers Magazine\",\"publisher\":{\"@id\":\"https:\/\/peoplesphere.be\/fr\/#organization\"},\"potentialAction\":[{\"@type\":\"SearchAction\",\"target\":{\"@type\":\"EntryPoint\",\"urlTemplate\":\"https:\/\/peoplesphere.be\/fr\/?s={search_term_string}\"},\"query-input\":\"required name=search_term_string\"}],\"inLanguage\":\"fr-FR\"},{\"@type\":\"Organization\",\"@id\":\"https:\/\/peoplesphere.be\/fr\/#organization\",\"name\":\"Peoplesphere Company srl\",\"url\":\"https:\/\/peoplesphere.be\/fr\/\",\"logo\":{\"@type\":\"ImageObject\",\"inLanguage\":\"fr-FR\",\"@id\":\"https:\/\/peoplesphere.be\/fr\/#\/schema\/logo\/image\/\",\"url\":\"https:\/\/peoplesphere.be\/fr\/wp-content\/uploads\/2023\/07\/peoplesphere-lgo-new-generik.jpg\",\"contentUrl\":\"https:\/\/peoplesphere.be\/fr\/wp-content\/uploads\/2023\/07\/peoplesphere-lgo-new-generik.jpg\",\"width\":1031,\"height\":1479,\"caption\":\"Peoplesphere Company srl\"},\"image\":{\"@id\":\"https:\/\/peoplesphere.be\/fr\/#\/schema\/logo\/image\/\"},\"sameAs\":[\"https:\/\/www.facebook.com\/peoplesphere\",\"https:\/\/twitter.com\/PeoplesphereMag\",\"https:\/\/www.linkedin.com\/company\/7587361?trk\",\"http:\/\/youtube.com\/peoplesphere\"]},{\"@type\":\"Person\",\"@id\":\"https:\/\/peoplesphere.be\/fr\/#\/schema\/person\/7976225ff17988604334abb7b3536a7e\",\"name\":\"Jean-Paul Erhard\",\"image\":{\"@type\":\"ImageObject\",\"inLanguage\":\"fr-FR\",\"@id\":\"https:\/\/peoplesphere.be\/fr\/#\/schema\/person\/image\/\",\"url\":\"https:\/\/secure.gravatar.com\/avatar\/f941e681460179738071629a51574930?s=96&d=mm&r=g\",\"contentUrl\":\"https:\/\/secure.gravatar.com\/avatar\/f941e681460179738071629a51574930?s=96&d=mm&r=g\",\"caption\":\"Jean-Paul Erhard\"},\"url\":\"https:\/\/peoplesphere.be\/fr\/author\/jpe\/\"}]}<\/script>\n<!-- \/ Yoast SEO plugin. -->","yoast_head_json":{"title":"Le d\u00e9clin des grandes villes belges, \u00e0 commencer par Bruxelles, est renforc\u00e9 par l'exil des entreprises en r\u00e9gion. - Peoplesphere","robots":{"index":"index","follow":"follow","max-snippet":"max-snippet:-1","max-image-preview":"max-image-preview:large","max-video-preview":"max-video-preview:-1"},"canonical":"https:\/\/peoplesphere.be\/fr\/le-declin-des-grandes-villes-belges-a-commencer-par-bruxelles-est-renforce-par-lexil-des-entreprises-en-region\/","og_locale":"fr_FR","og_type":"article","og_title":"Le d\u00e9clin des grandes villes belges, \u00e0 commencer par Bruxelles, est renforc\u00e9 par l'exil des entreprises en r\u00e9gion. - Peoplesphere","og_description":"Depuis les ann\u00e9es 1970, les grandes villes belges \u2013 historiquement centres de richesse et de dynamisme \u2013 connaissent un appauvrissement relatif au profit de leurs p\u00e9riph\u00e9ries. Cette tendance concerne toutes les plus grandes villes du pays : Bruxelles, Anvers, Li\u00e8ge, [&hellip;]","og_url":"https:\/\/peoplesphere.be\/fr\/le-declin-des-grandes-villes-belges-a-commencer-par-bruxelles-est-renforce-par-lexil-des-entreprises-en-region\/","og_site_name":"Peoplesphere","article_publisher":"https:\/\/www.facebook.com\/peoplesphere","article_published_time":"2025-05-26T06:05:28+00:00","og_image":[{"width":800,"height":328,"url":"https:\/\/peoplesphere.be\/fr\/wp-content\/uploads\/2025\/05\/20250526citydecline.jpg","type":"image\/jpeg"}],"author":"Jean-Paul Erhard","twitter_card":"summary_large_image","twitter_creator":"@PeoplesphereMag","twitter_site":"@PeoplesphereMag","twitter_misc":{"\u00c9crit par":"Jean-Paul Erhard","Dur\u00e9e de lecture estim\u00e9e":"3 minutes"},"schema":{"@context":"https:\/\/schema.org","@graph":[{"@type":"Article","@id":"https:\/\/peoplesphere.be\/fr\/le-declin-des-grandes-villes-belges-a-commencer-par-bruxelles-est-renforce-par-lexil-des-entreprises-en-region\/#article","isPartOf":{"@id":"https:\/\/peoplesphere.be\/fr\/le-declin-des-grandes-villes-belges-a-commencer-par-bruxelles-est-renforce-par-lexil-des-entreprises-en-region\/"},"author":{"name":"Jean-Paul Erhard","@id":"https:\/\/peoplesphere.be\/fr\/#\/schema\/person\/7976225ff17988604334abb7b3536a7e"},"headline":"Le d\u00e9clin des grandes villes belges, \u00e0 commencer par Bruxelles, est renforc\u00e9 par l&rsquo;exil des entreprises en r\u00e9gion.","datePublished":"2025-05-26T06:05:28+00:00","dateModified":"2025-05-26T06:05:28+00:00","mainEntityOfPage":{"@id":"https:\/\/peoplesphere.be\/fr\/le-declin-des-grandes-villes-belges-a-commencer-par-bruxelles-est-renforce-par-lexil-des-entreprises-en-region\/"},"wordCount":606,"publisher":{"@id":"https:\/\/peoplesphere.be\/fr\/#organization"},"keywords":["appauvrissement","d\u00e9localisation","in\u00e9galit\u00e9s","suburbanisation"],"articleSection":["Actualit\u00e9s","Digital"],"inLanguage":"fr-FR"},{"@type":"WebPage","@id":"https:\/\/peoplesphere.be\/fr\/le-declin-des-grandes-villes-belges-a-commencer-par-bruxelles-est-renforce-par-lexil-des-entreprises-en-region\/","url":"https:\/\/peoplesphere.be\/fr\/le-declin-des-grandes-villes-belges-a-commencer-par-bruxelles-est-renforce-par-lexil-des-entreprises-en-region\/","name":"Le d\u00e9clin des grandes villes belges, \u00e0 commencer par Bruxelles, est renforc\u00e9 par l'exil des entreprises en r\u00e9gion. - Peoplesphere","isPartOf":{"@id":"https:\/\/peoplesphere.be\/fr\/#website"},"datePublished":"2025-05-26T06:05:28+00:00","dateModified":"2025-05-26T06:05:28+00:00","breadcrumb":{"@id":"https:\/\/peoplesphere.be\/fr\/le-declin-des-grandes-villes-belges-a-commencer-par-bruxelles-est-renforce-par-lexil-des-entreprises-en-region\/#breadcrumb"},"inLanguage":"fr-FR","potentialAction":[{"@type":"ReadAction","target":["https:\/\/peoplesphere.be\/fr\/le-declin-des-grandes-villes-belges-a-commencer-par-bruxelles-est-renforce-par-lexil-des-entreprises-en-region\/"]}]},{"@type":"BreadcrumbList","@id":"https:\/\/peoplesphere.be\/fr\/le-declin-des-grandes-villes-belges-a-commencer-par-bruxelles-est-renforce-par-lexil-des-entreprises-en-region\/#breadcrumb","itemListElement":[{"@type":"ListItem","position":1,"name":"Accueil","item":"https:\/\/peoplesphere.be\/fr\/"},{"@type":"ListItem","position":2,"name":"Le d\u00e9clin des grandes villes belges, \u00e0 commencer par Bruxelles, est renforc\u00e9 par l&rsquo;exil des entreprises en r\u00e9gion."}]},{"@type":"WebSite","@id":"https:\/\/peoplesphere.be\/fr\/#website","url":"https:\/\/peoplesphere.be\/fr\/","name":"Peoplesphere","description":"The People Managers Magazine","publisher":{"@id":"https:\/\/peoplesphere.be\/fr\/#organization"},"potentialAction":[{"@type":"SearchAction","target":{"@type":"EntryPoint","urlTemplate":"https:\/\/peoplesphere.be\/fr\/?s={search_term_string}"},"query-input":"required name=search_term_string"}],"inLanguage":"fr-FR"},{"@type":"Organization","@id":"https:\/\/peoplesphere.be\/fr\/#organization","name":"Peoplesphere Company srl","url":"https:\/\/peoplesphere.be\/fr\/","logo":{"@type":"ImageObject","inLanguage":"fr-FR","@id":"https:\/\/peoplesphere.be\/fr\/#\/schema\/logo\/image\/","url":"https:\/\/peoplesphere.be\/fr\/wp-content\/uploads\/2023\/07\/peoplesphere-lgo-new-generik.jpg","contentUrl":"https:\/\/peoplesphere.be\/fr\/wp-content\/uploads\/2023\/07\/peoplesphere-lgo-new-generik.jpg","width":1031,"height":1479,"caption":"Peoplesphere Company srl"},"image":{"@id":"https:\/\/peoplesphere.be\/fr\/#\/schema\/logo\/image\/"},"sameAs":["https:\/\/www.facebook.com\/peoplesphere","https:\/\/twitter.com\/PeoplesphereMag","https:\/\/www.linkedin.com\/company\/7587361?trk","http:\/\/youtube.com\/peoplesphere"]},{"@type":"Person","@id":"https:\/\/peoplesphere.be\/fr\/#\/schema\/person\/7976225ff17988604334abb7b3536a7e","name":"Jean-Paul Erhard","image":{"@type":"ImageObject","inLanguage":"fr-FR","@id":"https:\/\/peoplesphere.be\/fr\/#\/schema\/person\/image\/","url":"https:\/\/secure.gravatar.com\/avatar\/f941e681460179738071629a51574930?s=96&d=mm&r=g","contentUrl":"https:\/\/secure.gravatar.com\/avatar\/f941e681460179738071629a51574930?s=96&d=mm&r=g","caption":"Jean-Paul Erhard"},"url":"https:\/\/peoplesphere.be\/fr\/author\/jpe\/"}]}},"_links":{"self":[{"href":"https:\/\/peoplesphere.be\/fr\/wp-json\/wp\/v2\/posts\/17791"}],"collection":[{"href":"https:\/\/peoplesphere.be\/fr\/wp-json\/wp\/v2\/posts"}],"about":[{"href":"https:\/\/peoplesphere.be\/fr\/wp-json\/wp\/v2\/types\/post"}],"author":[{"embeddable":true,"href":"https:\/\/peoplesphere.be\/fr\/wp-json\/wp\/v2\/users\/2"}],"replies":[{"embeddable":true,"href":"https:\/\/peoplesphere.be\/fr\/wp-json\/wp\/v2\/comments?post=17791"}],"version-history":[{"count":1,"href":"https:\/\/peoplesphere.be\/fr\/wp-json\/wp\/v2\/posts\/17791\/revisions"}],"predecessor-version":[{"id":17793,"href":"https:\/\/peoplesphere.be\/fr\/wp-json\/wp\/v2\/posts\/17791\/revisions\/17793"}],"wp:featuredmedia":[{"embeddable":true,"href":"https:\/\/peoplesphere.be\/fr\/wp-json\/wp\/v2\/media\/17792"}],"wp:attachment":[{"href":"https:\/\/peoplesphere.be\/fr\/wp-json\/wp\/v2\/media?parent=17791"}],"wp:term":[{"taxonomy":"category","embeddable":true,"href":"https:\/\/peoplesphere.be\/fr\/wp-json\/wp\/v2\/categories?post=17791"},{"taxonomy":"post_tag","embeddable":true,"href":"https:\/\/peoplesphere.be\/fr\/wp-json\/wp\/v2\/tags?post=17791"}],"curies":[{"name":"wp","href":"https:\/\/api.w.org\/{rel}","templated":true}]}}