









{"id":17796,"date":"2025-05-26T16:25:45","date_gmt":"2025-05-26T14:25:45","guid":{"rendered":"https:\/\/peoplesphere.be\/fr\/?p=17796"},"modified":"2025-05-26T16:25:45","modified_gmt":"2025-05-26T14:25:45","slug":"linterim-confronte-a-lincertitude-economique-le-marche-du-travail-est-en-berne","status":"publish","type":"post","link":"https:\/\/peoplesphere.be\/fr\/linterim-confronte-a-lincertitude-economique-le-marche-du-travail-est-en-berne\/","title":{"rendered":"L&rsquo;int\u00e9rim confront\u00e9 \u00e0 l&rsquo;incertitude \u00e9conomique: le march\u00e9 du travail est en berne."},"content":{"rendered":"<p>L&rsquo;activit\u00e9 int\u00e9rimaire reste confront\u00e9e \u00e0 des conditions de march\u00e9 difficiles. Au mois d\u2018avril 2025, le nombre d\u2019heures d\u2019int\u00e9rim prest\u00e9es a diminu\u00e9 de -1,84% par rapport au mois pr\u00e9c\u00e9dent (en donn\u00e9es corrig\u00e9es des variations saisonni\u00e8res et des effets de calendrier). Ce chiffre r\u00e9sulte d\u2019une \u00e9volution n\u00e9gative dans les deux segments: le nombre d\u2019heures prest\u00e9es a diminu\u00e9 de\u202f-2,90%\u202fdu c\u00f4t\u00e9 des employ\u00e9s et de\u202f-0,79%\u202fdu c\u00f4t\u00e9 des ouvriers.<!--more--><\/p>\n<p>Par rapport au mois d\u2019avril de l\u2019ann\u00e9e pr\u00e9c\u00e9dente, le secteur de l\u2019int\u00e9rim affiche une baisse de -4,54%. Ce chiffre r\u00e9sulte d\u2019une diminution de -7,83% dans le segment des employ\u00e9s, et de -2,00% dans le segment des ouvriers.<\/p>\n<p>L\u2019indice Federgon a atteint 85,77 points en avril 2025 contre 87,38 points le mois pr\u00e9c\u00e9dent. Cet indice rend compte du niveau de l\u2019activit\u00e9 au cours du mois \u00e9tudi\u00e9 par rapport au mois de janvier 2007 (base 100), en chiffres d\u00e9saisonnalis\u00e9s.<\/p>\n<p>\u00ab\u00a0L&rsquo;activit\u00e9 int\u00e9rimaire a \u00e9galement enregistr\u00e9 des r\u00e9sultats moroses en avril. Tant sur une base mensuelle qu&rsquo;annuelle, on note une baisse de l\u2019activit\u00e9en raison de l&rsquo;incertitude \u00e9conomique \u00e9lev\u00e9e sur un march\u00e9 du travail en berne.\u00a0\u00bb d\u00e9clare Paul Verschueren (Federgon).<\/p>\n","protected":false},"excerpt":{"rendered":"<p>L&rsquo;activit\u00e9 int\u00e9rimaire reste confront\u00e9e \u00e0 des conditions de march\u00e9 difficiles. Au mois d\u2018avril 2025, le nombre d\u2019heures d\u2019int\u00e9rim prest\u00e9es a diminu\u00e9 de -1,84% par rapport au mois pr\u00e9c\u00e9dent (en donn\u00e9es corrig\u00e9es des variations saisonni\u00e8res et des effets de calendrier). Ce [&hellip;]<\/p>\n","protected":false},"author":2,"featured_media":0,"comment_status":"closed","ping_status":"open","sticky":false,"template":"","format":"standard","meta":[],"categories":[65,10],"tags":[198,4170,12],"yoast_head":"<!-- This site is optimized with the Yoast SEO plugin v21.0 - https:\/\/yoast.com\/wordpress\/plugins\/seo\/ -->\n<title>L&#039;int\u00e9rim confront\u00e9 \u00e0 l&#039;incertitude \u00e9conomique: le march\u00e9 du travail est en berne. - Peoplesphere<\/title>\n<meta name=\"robots\" content=\"index, follow, max-snippet:-1, max-image-preview:large, max-video-preview:-1\" \/>\n<link rel=\"canonical\" href=\"https:\/\/peoplesphere.be\/fr\/linterim-confronte-a-lincertitude-economique-le-marche-du-travail-est-en-berne\/\" \/>\n<meta property=\"og:locale\" content=\"fr_FR\" \/>\n<meta property=\"og:type\" content=\"article\" \/>\n<meta property=\"og:title\" content=\"L&#039;int\u00e9rim confront\u00e9 \u00e0 l&#039;incertitude \u00e9conomique: le march\u00e9 du travail est en berne. - Peoplesphere\" \/>\n<meta property=\"og:description\" content=\"L&rsquo;activit\u00e9 int\u00e9rimaire reste confront\u00e9e \u00e0 des conditions de march\u00e9 difficiles. Au mois d\u2018avril 2025, le nombre d\u2019heures d\u2019int\u00e9rim prest\u00e9es a diminu\u00e9 de -1,84% par rapport au mois pr\u00e9c\u00e9dent (en donn\u00e9es corrig\u00e9es des variations saisonni\u00e8res et des effets de calendrier). Ce [&hellip;]\" \/>\n<meta property=\"og:url\" content=\"https:\/\/peoplesphere.be\/fr\/linterim-confronte-a-lincertitude-economique-le-marche-du-travail-est-en-berne\/\" \/>\n<meta property=\"og:site_name\" content=\"Peoplesphere\" \/>\n<meta property=\"article:publisher\" content=\"https:\/\/www.facebook.com\/peoplesphere\" \/>\n<meta property=\"article:published_time\" content=\"2025-05-26T14:25:45+00:00\" \/>\n<meta property=\"og:image\" content=\"http:\/\/www.peoplesphere.be\/fr\/wp-content\/uploads\/2016\/07\/facebook-default-posting-1200x628px.jpg\" \/>\n<meta name=\"author\" content=\"Jean-Paul Erhard\" \/>\n<meta name=\"twitter:card\" content=\"summary_large_image\" \/>\n<meta name=\"twitter:creator\" content=\"@PeoplesphereMag\" \/>\n<meta name=\"twitter:site\" content=\"@PeoplesphereMag\" \/>\n<meta name=\"twitter:label1\" content=\"\u00c9crit par\" \/>\n\t<meta name=\"twitter:data1\" content=\"Jean-Paul Erhard\" \/>\n\t<meta name=\"twitter:label2\" content=\"Dur\u00e9e de lecture estim\u00e9e\" \/>\n\t<meta name=\"twitter:data2\" content=\"1 minute\" \/>\n<script type=\"application\/ld+json\" class=\"yoast-schema-graph\">{\"@context\":\"https:\/\/schema.org\",\"@graph\":[{\"@type\":\"Article\",\"@id\":\"https:\/\/peoplesphere.be\/fr\/linterim-confronte-a-lincertitude-economique-le-marche-du-travail-est-en-berne\/#article\",\"isPartOf\":{\"@id\":\"https:\/\/peoplesphere.be\/fr\/linterim-confronte-a-lincertitude-economique-le-marche-du-travail-est-en-berne\/\"},\"author\":{\"name\":\"Jean-Paul Erhard\",\"@id\":\"https:\/\/peoplesphere.be\/fr\/#\/schema\/person\/7976225ff17988604334abb7b3536a7e\"},\"headline\":\"L&rsquo;int\u00e9rim confront\u00e9 \u00e0 l&rsquo;incertitude \u00e9conomique: le march\u00e9 du travail est en berne.\",\"datePublished\":\"2025-05-26T14:25:45+00:00\",\"dateModified\":\"2025-05-26T14:25:45+00:00\",\"mainEntityOfPage\":{\"@id\":\"https:\/\/peoplesphere.be\/fr\/linterim-confronte-a-lincertitude-economique-le-marche-du-travail-est-en-berne\/\"},\"wordCount\":230,\"publisher\":{\"@id\":\"https:\/\/peoplesphere.be\/fr\/#organization\"},\"keywords\":[\"federgon\",\"incertitude \u00e9conomique\",\"int\u00e9rim\"],\"articleSection\":[\"Actualit\u00e9s\",\"Digital\"],\"inLanguage\":\"fr-FR\"},{\"@type\":\"WebPage\",\"@id\":\"https:\/\/peoplesphere.be\/fr\/linterim-confronte-a-lincertitude-economique-le-marche-du-travail-est-en-berne\/\",\"url\":\"https:\/\/peoplesphere.be\/fr\/linterim-confronte-a-lincertitude-economique-le-marche-du-travail-est-en-berne\/\",\"name\":\"L'int\u00e9rim confront\u00e9 \u00e0 l'incertitude \u00e9conomique: le march\u00e9 du travail est en berne. - Peoplesphere\",\"isPartOf\":{\"@id\":\"https:\/\/peoplesphere.be\/fr\/#website\"},\"datePublished\":\"2025-05-26T14:25:45+00:00\",\"dateModified\":\"2025-05-26T14:25:45+00:00\",\"breadcrumb\":{\"@id\":\"https:\/\/peoplesphere.be\/fr\/linterim-confronte-a-lincertitude-economique-le-marche-du-travail-est-en-berne\/#breadcrumb\"},\"inLanguage\":\"fr-FR\",\"potentialAction\":[{\"@type\":\"ReadAction\",\"target\":[\"https:\/\/peoplesphere.be\/fr\/linterim-confronte-a-lincertitude-economique-le-marche-du-travail-est-en-berne\/\"]}]},{\"@type\":\"BreadcrumbList\",\"@id\":\"https:\/\/peoplesphere.be\/fr\/linterim-confronte-a-lincertitude-economique-le-marche-du-travail-est-en-berne\/#breadcrumb\",\"itemListElement\":[{\"@type\":\"ListItem\",\"position\":1,\"name\":\"Accueil\",\"item\":\"https:\/\/peoplesphere.be\/fr\/\"},{\"@type\":\"ListItem\",\"position\":2,\"name\":\"L&rsquo;int\u00e9rim confront\u00e9 \u00e0 l&rsquo;incertitude \u00e9conomique: le march\u00e9 du travail est en berne.\"}]},{\"@type\":\"WebSite\",\"@id\":\"https:\/\/peoplesphere.be\/fr\/#website\",\"url\":\"https:\/\/peoplesphere.be\/fr\/\",\"name\":\"Peoplesphere\",\"description\":\"The People Managers Magazine\",\"publisher\":{\"@id\":\"https:\/\/peoplesphere.be\/fr\/#organization\"},\"potentialAction\":[{\"@type\":\"SearchAction\",\"target\":{\"@type\":\"EntryPoint\",\"urlTemplate\":\"https:\/\/peoplesphere.be\/fr\/?s={search_term_string}\"},\"query-input\":\"required name=search_term_string\"}],\"inLanguage\":\"fr-FR\"},{\"@type\":\"Organization\",\"@id\":\"https:\/\/peoplesphere.be\/fr\/#organization\",\"name\":\"Peoplesphere Company srl\",\"url\":\"https:\/\/peoplesphere.be\/fr\/\",\"logo\":{\"@type\":\"ImageObject\",\"inLanguage\":\"fr-FR\",\"@id\":\"https:\/\/peoplesphere.be\/fr\/#\/schema\/logo\/image\/\",\"url\":\"https:\/\/peoplesphere.be\/fr\/wp-content\/uploads\/2023\/07\/peoplesphere-lgo-new-generik.jpg\",\"contentUrl\":\"https:\/\/peoplesphere.be\/fr\/wp-content\/uploads\/2023\/07\/peoplesphere-lgo-new-generik.jpg\",\"width\":1031,\"height\":1479,\"caption\":\"Peoplesphere Company srl\"},\"image\":{\"@id\":\"https:\/\/peoplesphere.be\/fr\/#\/schema\/logo\/image\/\"},\"sameAs\":[\"https:\/\/www.facebook.com\/peoplesphere\",\"https:\/\/twitter.com\/PeoplesphereMag\",\"https:\/\/www.linkedin.com\/company\/7587361?trk\",\"http:\/\/youtube.com\/peoplesphere\"]},{\"@type\":\"Person\",\"@id\":\"https:\/\/peoplesphere.be\/fr\/#\/schema\/person\/7976225ff17988604334abb7b3536a7e\",\"name\":\"Jean-Paul Erhard\",\"image\":{\"@type\":\"ImageObject\",\"inLanguage\":\"fr-FR\",\"@id\":\"https:\/\/peoplesphere.be\/fr\/#\/schema\/person\/image\/\",\"url\":\"https:\/\/secure.gravatar.com\/avatar\/f941e681460179738071629a51574930?s=96&d=mm&r=g\",\"contentUrl\":\"https:\/\/secure.gravatar.com\/avatar\/f941e681460179738071629a51574930?s=96&d=mm&r=g\",\"caption\":\"Jean-Paul Erhard\"},\"url\":\"https:\/\/peoplesphere.be\/fr\/author\/jpe\/\"}]}<\/script>\n<!-- \/ Yoast SEO plugin. -->","yoast_head_json":{"title":"L'int\u00e9rim confront\u00e9 \u00e0 l'incertitude \u00e9conomique: le march\u00e9 du travail est en berne. - Peoplesphere","robots":{"index":"index","follow":"follow","max-snippet":"max-snippet:-1","max-image-preview":"max-image-preview:large","max-video-preview":"max-video-preview:-1"},"canonical":"https:\/\/peoplesphere.be\/fr\/linterim-confronte-a-lincertitude-economique-le-marche-du-travail-est-en-berne\/","og_locale":"fr_FR","og_type":"article","og_title":"L'int\u00e9rim confront\u00e9 \u00e0 l'incertitude \u00e9conomique: le march\u00e9 du travail est en berne. - Peoplesphere","og_description":"L&rsquo;activit\u00e9 int\u00e9rimaire reste confront\u00e9e \u00e0 des conditions de march\u00e9 difficiles. Au mois d\u2018avril 2025, le nombre d\u2019heures d\u2019int\u00e9rim prest\u00e9es a diminu\u00e9 de -1,84% par rapport au mois pr\u00e9c\u00e9dent (en donn\u00e9es corrig\u00e9es des variations saisonni\u00e8res et des effets de calendrier). Ce [&hellip;]","og_url":"https:\/\/peoplesphere.be\/fr\/linterim-confronte-a-lincertitude-economique-le-marche-du-travail-est-en-berne\/","og_site_name":"Peoplesphere","article_publisher":"https:\/\/www.facebook.com\/peoplesphere","article_published_time":"2025-05-26T14:25:45+00:00","og_image":[{"url":"http:\/\/www.peoplesphere.be\/fr\/wp-content\/uploads\/2016\/07\/facebook-default-posting-1200x628px.jpg"}],"author":"Jean-Paul Erhard","twitter_card":"summary_large_image","twitter_creator":"@PeoplesphereMag","twitter_site":"@PeoplesphereMag","twitter_misc":{"\u00c9crit par":"Jean-Paul Erhard","Dur\u00e9e de lecture estim\u00e9e":"1 minute"},"schema":{"@context":"https:\/\/schema.org","@graph":[{"@type":"Article","@id":"https:\/\/peoplesphere.be\/fr\/linterim-confronte-a-lincertitude-economique-le-marche-du-travail-est-en-berne\/#article","isPartOf":{"@id":"https:\/\/peoplesphere.be\/fr\/linterim-confronte-a-lincertitude-economique-le-marche-du-travail-est-en-berne\/"},"author":{"name":"Jean-Paul Erhard","@id":"https:\/\/peoplesphere.be\/fr\/#\/schema\/person\/7976225ff17988604334abb7b3536a7e"},"headline":"L&rsquo;int\u00e9rim confront\u00e9 \u00e0 l&rsquo;incertitude \u00e9conomique: le march\u00e9 du travail est en berne.","datePublished":"2025-05-26T14:25:45+00:00","dateModified":"2025-05-26T14:25:45+00:00","mainEntityOfPage":{"@id":"https:\/\/peoplesphere.be\/fr\/linterim-confronte-a-lincertitude-economique-le-marche-du-travail-est-en-berne\/"},"wordCount":230,"publisher":{"@id":"https:\/\/peoplesphere.be\/fr\/#organization"},"keywords":["federgon","incertitude \u00e9conomique","int\u00e9rim"],"articleSection":["Actualit\u00e9s","Digital"],"inLanguage":"fr-FR"},{"@type":"WebPage","@id":"https:\/\/peoplesphere.be\/fr\/linterim-confronte-a-lincertitude-economique-le-marche-du-travail-est-en-berne\/","url":"https:\/\/peoplesphere.be\/fr\/linterim-confronte-a-lincertitude-economique-le-marche-du-travail-est-en-berne\/","name":"L'int\u00e9rim confront\u00e9 \u00e0 l'incertitude \u00e9conomique: le march\u00e9 du travail est en berne. - Peoplesphere","isPartOf":{"@id":"https:\/\/peoplesphere.be\/fr\/#website"},"datePublished":"2025-05-26T14:25:45+00:00","dateModified":"2025-05-26T14:25:45+00:00","breadcrumb":{"@id":"https:\/\/peoplesphere.be\/fr\/linterim-confronte-a-lincertitude-economique-le-marche-du-travail-est-en-berne\/#breadcrumb"},"inLanguage":"fr-FR","potentialAction":[{"@type":"ReadAction","target":["https:\/\/peoplesphere.be\/fr\/linterim-confronte-a-lincertitude-economique-le-marche-du-travail-est-en-berne\/"]}]},{"@type":"BreadcrumbList","@id":"https:\/\/peoplesphere.be\/fr\/linterim-confronte-a-lincertitude-economique-le-marche-du-travail-est-en-berne\/#breadcrumb","itemListElement":[{"@type":"ListItem","position":1,"name":"Accueil","item":"https:\/\/peoplesphere.be\/fr\/"},{"@type":"ListItem","position":2,"name":"L&rsquo;int\u00e9rim confront\u00e9 \u00e0 l&rsquo;incertitude \u00e9conomique: le march\u00e9 du travail est en berne."}]},{"@type":"WebSite","@id":"https:\/\/peoplesphere.be\/fr\/#website","url":"https:\/\/peoplesphere.be\/fr\/","name":"Peoplesphere","description":"The People Managers Magazine","publisher":{"@id":"https:\/\/peoplesphere.be\/fr\/#organization"},"potentialAction":[{"@type":"SearchAction","target":{"@type":"EntryPoint","urlTemplate":"https:\/\/peoplesphere.be\/fr\/?s={search_term_string}"},"query-input":"required name=search_term_string"}],"inLanguage":"fr-FR"},{"@type":"Organization","@id":"https:\/\/peoplesphere.be\/fr\/#organization","name":"Peoplesphere Company srl","url":"https:\/\/peoplesphere.be\/fr\/","logo":{"@type":"ImageObject","inLanguage":"fr-FR","@id":"https:\/\/peoplesphere.be\/fr\/#\/schema\/logo\/image\/","url":"https:\/\/peoplesphere.be\/fr\/wp-content\/uploads\/2023\/07\/peoplesphere-lgo-new-generik.jpg","contentUrl":"https:\/\/peoplesphere.be\/fr\/wp-content\/uploads\/2023\/07\/peoplesphere-lgo-new-generik.jpg","width":1031,"height":1479,"caption":"Peoplesphere Company srl"},"image":{"@id":"https:\/\/peoplesphere.be\/fr\/#\/schema\/logo\/image\/"},"sameAs":["https:\/\/www.facebook.com\/peoplesphere","https:\/\/twitter.com\/PeoplesphereMag","https:\/\/www.linkedin.com\/company\/7587361?trk","http:\/\/youtube.com\/peoplesphere"]},{"@type":"Person","@id":"https:\/\/peoplesphere.be\/fr\/#\/schema\/person\/7976225ff17988604334abb7b3536a7e","name":"Jean-Paul Erhard","image":{"@type":"ImageObject","inLanguage":"fr-FR","@id":"https:\/\/peoplesphere.be\/fr\/#\/schema\/person\/image\/","url":"https:\/\/secure.gravatar.com\/avatar\/f941e681460179738071629a51574930?s=96&d=mm&r=g","contentUrl":"https:\/\/secure.gravatar.com\/avatar\/f941e681460179738071629a51574930?s=96&d=mm&r=g","caption":"Jean-Paul Erhard"},"url":"https:\/\/peoplesphere.be\/fr\/author\/jpe\/"}]}},"_links":{"self":[{"href":"https:\/\/peoplesphere.be\/fr\/wp-json\/wp\/v2\/posts\/17796"}],"collection":[{"href":"https:\/\/peoplesphere.be\/fr\/wp-json\/wp\/v2\/posts"}],"about":[{"href":"https:\/\/peoplesphere.be\/fr\/wp-json\/wp\/v2\/types\/post"}],"author":[{"embeddable":true,"href":"https:\/\/peoplesphere.be\/fr\/wp-json\/wp\/v2\/users\/2"}],"replies":[{"embeddable":true,"href":"https:\/\/peoplesphere.be\/fr\/wp-json\/wp\/v2\/comments?post=17796"}],"version-history":[{"count":1,"href":"https:\/\/peoplesphere.be\/fr\/wp-json\/wp\/v2\/posts\/17796\/revisions"}],"predecessor-version":[{"id":17797,"href":"https:\/\/peoplesphere.be\/fr\/wp-json\/wp\/v2\/posts\/17796\/revisions\/17797"}],"wp:attachment":[{"href":"https:\/\/peoplesphere.be\/fr\/wp-json\/wp\/v2\/media?parent=17796"}],"wp:term":[{"taxonomy":"category","embeddable":true,"href":"https:\/\/peoplesphere.be\/fr\/wp-json\/wp\/v2\/categories?post=17796"},{"taxonomy":"post_tag","embeddable":true,"href":"https:\/\/peoplesphere.be\/fr\/wp-json\/wp\/v2\/tags?post=17796"}],"curies":[{"name":"wp","href":"https:\/\/api.w.org\/{rel}","templated":true}]}}