









{"id":17813,"date":"2025-06-01T14:03:28","date_gmt":"2025-06-01T12:03:28","guid":{"rendered":"https:\/\/peoplesphere.be\/fr\/?p=17813"},"modified":"2025-06-01T14:03:28","modified_gmt":"2025-06-01T12:03:28","slug":"croissance-economique-au-ralenti-ce-sont-7-millions-demplois-qui-ne-seront-pas-crees-en-2025-en-comparaison-aux-previsions-initiales","status":"publish","type":"post","link":"https:\/\/peoplesphere.be\/fr\/croissance-economique-au-ralenti-ce-sont-7-millions-demplois-qui-ne-seront-pas-crees-en-2025-en-comparaison-aux-previsions-initiales\/","title":{"rendered":"Croissance \u00e9conomique au ralenti: ce sont 7 millions d&#8217;emplois qui ne seront pas cr\u00e9\u00e9s en 2025 en comparaison aux pr\u00e9visions initiales."},"content":{"rendered":"<p>Les pr\u00e9visions mondiales d\u2019emploi pour 2025 ont \u00e9t\u00e9 revues \u00e0 la baisse de 7\u202fmillions, sur fond d\u2019incertitude \u00e9conomique grandissante. L&rsquo;Organisation internationale du Travail (OIT) a donc r\u00e9vis\u00e9 ses pr\u00e9visions d&#8217;emploi mondial pour 2025, pr\u00e9voyant la cr\u00e9ation de 53 millions d&#8217;emplois au lieu des 60 millions pr\u00e9c\u00e9demment estim\u00e9s. Cela se traduit par une r\u00e9duction de la croissance de l&#8217;emploi mondial de 1,7 pour cent \u00e0 1,5 pour cent cette ann\u00e9e.<!--more--><\/p>\n<p>Cette baisse \u2013 qui \u00e9quivaut \u00e0 environ sept millions d&#8217;emplois suppl\u00e9mentaires en moins \u2013 refl\u00e8te une r\u00e9vision \u00e0 la baisse des perspectives \u00e9conomiques mondiales, la croissance du PIB \u00e9tant attendue \u00e0 2,8 pour cent, contre une projection pr\u00e9c\u00e9dente de 3,2 pour cent.<\/p>\n<p>Les derni\u00e8res estimations de l&rsquo;OIT en mati\u00e8re d&#8217;emploi, publi\u00e9es dans sa nouvelle mise \u00e0 jour des Perspectives sociales et de l&#8217;emploi dans le monde (WESO), sont bas\u00e9es sur les projections de croissance \u00e9conomique des Perspectives \u00e9conomiques mondiales (World Employment and Social Outlook (WESO) Update), d&rsquo;avril 2025 du Fonds mon\u00e9taire international (FMI), r\u00e9cemment publi\u00e9es.<\/p>\n<p>En outre, l&rsquo;OIT estime que pr\u00e8s de 84 millions d&#8217;emplois dans 71 pays sont directement ou indirectement li\u00e9s \u00e0 la demande des consommateurs am\u00e9ricains. Ces emplois \u2013 et les revenus qu&rsquo;ils g\u00e9n\u00e8rent \u2013 risquent de plus en plus d&rsquo;\u00eatre perturb\u00e9s par l&rsquo;aggravation des tensions commerciales. La r\u00e9gion Asie-Pacifique concentre la plupart de ces emplois (56 millions). Toutefois, c&rsquo;est au Canada et au Mexique que la proportion d&#8217;emplois expos\u00e9s est la plus \u00e9lev\u00e9e (17,1%).<\/p>\n<p>La r\u00e9gion Europe et Asie centrale reste tr\u00e8s affect\u00e9e par les perturbations g\u00e9o\u00e9conomiques, avec une croissance qui devrait rester faible (1,5% en 2025) et un moral des consommateurs en baisse, refl\u00e9tant l&rsquo;incertitude politique et les d\u00e9fis associ\u00e9s \u00e0 la r\u00e9duction de la d\u00e9pendance vis-\u00e0-vis des sources d&rsquo;\u00e9nergie ext\u00e9rieures et \u00e0 la progression de la transition vers l&rsquo;\u00e9nergie verte.<\/p>\n<p><em>\u00ab\u00a0Nous savons que l&rsquo;\u00e9conomie mondiale cro\u00eet \u00e0 un rythme plus lent que pr\u00e9vu. Notre rapport nous dit maintenant que si les tensions g\u00e9opolitiques et les perturbations commerciales se poursuivent, et si nous n&rsquo;abordons pas les questions fondamentales qui remod\u00e8lent le monde du travail, elles auront tr\u00e8s certainement des r\u00e9percussions n\u00e9gatives sur les march\u00e9s du travail dans le monde entier\u00a0\u00bb<\/em>, a d\u00e9clar\u00e9 le Directeur g\u00e9n\u00e9ral de l&rsquo;OIT, Gilbert F. Houngbo.<\/p>\n<p>Le rapport met \u00e9galement en \u00e9vidence des tendances inqui\u00e9tantes dans la r\u00e9partition des revenus. La part du revenu du travail \u2013 qui est la proportion du PIB allant aux travailleurs \u2013 a chut\u00e9 au niveau mondial de 53,0 pour cent en 2014 \u00e0 52,4 pour cent en 2024. L&rsquo;Afrique et les Am\u00e9riques ont connu les baisses les plus importantes, suivies par l\u2019Europe et l\u2019Asie centrale. Si cette part \u00e9tait rest\u00e9e inchang\u00e9e, le revenu du travail au niveau mondial aurait \u00e9t\u00e9 sup\u00e9rieur de 1 000 milliards de dollars en 2024, soit 290 dollars de plus par travailleur en termes de pouvoir d&rsquo;achat constant. Cette \u00e9rosion de la part du revenu mondial revenant aux travailleurs exerce une pression \u00e0 la hausse sur les in\u00e9galit\u00e9s et met en \u00e9vidence un d\u00e9calage entre la croissance \u00e9conomique et la r\u00e9mun\u00e9ration des travailleurs.<\/p>\n<p>Le rapport fait \u00e9tat d&rsquo;une \u00e9volution de l&#8217;emploi vers des emplois hautement qualifi\u00e9s. Les femmes sont \u00e0 la t\u00eate de cette tendance. Entre 2013 et 2023, la proportion de femmes occupant des emplois hautement qualifi\u00e9s est pass\u00e9e de 21,2 \u00e0 23,2 %, alors que la proportion d&rsquo;hommes occupant des emplois hautement qualifi\u00e9s \u00e9tait d&rsquo;environ 18 % en 2023. Pourtant, la s\u00e9gr\u00e9gation professionnelle persiste, les femmes \u00e9tant sous-repr\u00e9sent\u00e9es dans des secteurs tels que la construction et surrepr\u00e9sent\u00e9es dans les emplois de bureau et de soins.<\/p>\n<p>Alors que le niveau d&rsquo;\u00e9ducation continue d&rsquo;augmenter dans le monde entier, le march\u00e9 du travail reste caract\u00e9ris\u00e9 par d&rsquo;importantes inad\u00e9quations entre les niveaux d&rsquo;\u00e9ducation. En 2022, seuls 47,7 % des travailleurs poss\u00e9daient des qualifications correspondant aux exigences de leur emploi. La proportion de travailleurs sous-\u00e9duqu\u00e9s a diminu\u00e9 au cours de la derni\u00e8re d\u00e9cennie, mais la proportion de travailleurs sur\u00e9duqu\u00e9s a augment\u00e9.<\/p>\n<p>Le rapport constate que pr\u00e8s d&rsquo;un travailleur sur quatre pourrait voir son emploi transform\u00e9 par l&rsquo;IA g\u00e9n\u00e9rative. Une plus grande proportion d&#8217;emplois dans les professions moyennement qualifi\u00e9es sont plus ou moins expos\u00e9s, mais un plus grand pourcentage d&#8217;emplois dans les professions hautement qualifi\u00e9es sont tr\u00e8s expos\u00e9s, les t\u00e2ches existantes pouvant potentiellement \u00eatre automatis\u00e9es par l&rsquo;IA.<\/p>\n<p><em>\u00ab\u00a0Les conclusions de ce rapport sur le paysage de l&#8217;emploi donnent \u00e0 r\u00e9fl\u00e9chir, mais elles peuvent aussi servir de feuille de route pour la cr\u00e9ation d&#8217;emplois d\u00e9cents. Nous pouvons faire la diff\u00e9rence, et ce en renfor\u00e7ant la protection sociale, en investissant dans le d\u00e9veloppement des comp\u00e9tences, en promouvant le dialogue social et en construisant des march\u00e9s du travail inclusifs afin de garantir que les changements technologiques profitent \u00e0 tous. Et nous devons le faire avec urgence, ambition et solidarit\u00e9\u00a0\u00bb<\/em>, a expliqu\u00e9 le Directeur g\u00e9n\u00e9ral.<\/p>\n<p>&nbsp;<\/p>\n<p><em>Source: OIT &#8211; Organisation Internationale du Travail<\/em><\/p>\n","protected":false},"excerpt":{"rendered":"<p>Les pr\u00e9visions mondiales d\u2019emploi pour 2025 ont \u00e9t\u00e9 revues \u00e0 la baisse de 7\u202fmillions, sur fond d\u2019incertitude \u00e9conomique grandissante. L&rsquo;Organisation internationale du Travail (OIT) a donc r\u00e9vis\u00e9 ses pr\u00e9visions d&#8217;emploi mondial pour 2025, pr\u00e9voyant la cr\u00e9ation de 53 millions d&#8217;emplois [&hellip;]<\/p>\n","protected":false},"author":2,"featured_media":0,"comment_status":"closed","ping_status":"open","sticky":false,"template":"","format":"standard","meta":[],"categories":[65,10],"tags":[325,1707,584,4002],"yoast_head":"<!-- This site is optimized with the Yoast SEO plugin v21.0 - https:\/\/yoast.com\/wordpress\/plugins\/seo\/ -->\n<title>Croissance \u00e9conomique au ralenti: ce sont 7 millions d&#039;emplois qui ne seront pas cr\u00e9\u00e9s en 2025 en comparaison aux pr\u00e9visions initiales. - Peoplesphere<\/title>\n<meta name=\"robots\" content=\"index, follow, max-snippet:-1, max-image-preview:large, max-video-preview:-1\" \/>\n<link rel=\"canonical\" href=\"https:\/\/peoplesphere.be\/fr\/croissance-economique-au-ralenti-ce-sont-7-millions-demplois-qui-ne-seront-pas-crees-en-2025-en-comparaison-aux-previsions-initiales\/\" \/>\n<meta property=\"og:locale\" content=\"fr_FR\" \/>\n<meta property=\"og:type\" content=\"article\" \/>\n<meta property=\"og:title\" content=\"Croissance \u00e9conomique au ralenti: ce sont 7 millions d&#039;emplois qui ne seront pas cr\u00e9\u00e9s en 2025 en comparaison aux pr\u00e9visions initiales. - Peoplesphere\" \/>\n<meta property=\"og:description\" content=\"Les pr\u00e9visions mondiales d\u2019emploi pour 2025 ont \u00e9t\u00e9 revues \u00e0 la baisse de 7\u202fmillions, sur fond d\u2019incertitude \u00e9conomique grandissante. L&rsquo;Organisation internationale du Travail (OIT) a donc r\u00e9vis\u00e9 ses pr\u00e9visions d&#8217;emploi mondial pour 2025, pr\u00e9voyant la cr\u00e9ation de 53 millions d&#8217;emplois [&hellip;]\" \/>\n<meta property=\"og:url\" content=\"https:\/\/peoplesphere.be\/fr\/croissance-economique-au-ralenti-ce-sont-7-millions-demplois-qui-ne-seront-pas-crees-en-2025-en-comparaison-aux-previsions-initiales\/\" \/>\n<meta property=\"og:site_name\" content=\"Peoplesphere\" \/>\n<meta property=\"article:publisher\" content=\"https:\/\/www.facebook.com\/peoplesphere\" \/>\n<meta property=\"article:published_time\" content=\"2025-06-01T12:03:28+00:00\" \/>\n<meta property=\"og:image\" content=\"http:\/\/www.peoplesphere.be\/fr\/wp-content\/uploads\/2016\/07\/facebook-default-posting-1200x628px.jpg\" \/>\n<meta name=\"author\" content=\"Jean-Paul Erhard\" \/>\n<meta name=\"twitter:card\" content=\"summary_large_image\" \/>\n<meta name=\"twitter:creator\" content=\"@PeoplesphereMag\" \/>\n<meta name=\"twitter:site\" content=\"@PeoplesphereMag\" \/>\n<meta name=\"twitter:label1\" content=\"\u00c9crit par\" \/>\n\t<meta name=\"twitter:data1\" content=\"Jean-Paul Erhard\" \/>\n\t<meta name=\"twitter:label2\" content=\"Dur\u00e9e de lecture estim\u00e9e\" \/>\n\t<meta name=\"twitter:data2\" content=\"5 minutes\" \/>\n<script type=\"application\/ld+json\" class=\"yoast-schema-graph\">{\"@context\":\"https:\/\/schema.org\",\"@graph\":[{\"@type\":\"Article\",\"@id\":\"https:\/\/peoplesphere.be\/fr\/croissance-economique-au-ralenti-ce-sont-7-millions-demplois-qui-ne-seront-pas-crees-en-2025-en-comparaison-aux-previsions-initiales\/#article\",\"isPartOf\":{\"@id\":\"https:\/\/peoplesphere.be\/fr\/croissance-economique-au-ralenti-ce-sont-7-millions-demplois-qui-ne-seront-pas-crees-en-2025-en-comparaison-aux-previsions-initiales\/\"},\"author\":{\"name\":\"Jean-Paul Erhard\",\"@id\":\"https:\/\/peoplesphere.be\/fr\/#\/schema\/person\/7976225ff17988604334abb7b3536a7e\"},\"headline\":\"Croissance \u00e9conomique au ralenti: ce sont 7 millions d&#8217;emplois qui ne seront pas cr\u00e9\u00e9s en 2025 en comparaison aux pr\u00e9visions initiales.\",\"datePublished\":\"2025-06-01T12:03:28+00:00\",\"dateModified\":\"2025-06-01T12:03:28+00:00\",\"mainEntityOfPage\":{\"@id\":\"https:\/\/peoplesphere.be\/fr\/croissance-economique-au-ralenti-ce-sont-7-millions-demplois-qui-ne-seront-pas-crees-en-2025-en-comparaison-aux-previsions-initiales\/\"},\"wordCount\":874,\"publisher\":{\"@id\":\"https:\/\/peoplesphere.be\/fr\/#organization\"},\"keywords\":[\"cr\u00e9ation d'emplois\",\"croissance \u00e9conomique\",\"OIT\",\"ralentissement\"],\"articleSection\":[\"Actualit\u00e9s\",\"Digital\"],\"inLanguage\":\"fr-FR\"},{\"@type\":\"WebPage\",\"@id\":\"https:\/\/peoplesphere.be\/fr\/croissance-economique-au-ralenti-ce-sont-7-millions-demplois-qui-ne-seront-pas-crees-en-2025-en-comparaison-aux-previsions-initiales\/\",\"url\":\"https:\/\/peoplesphere.be\/fr\/croissance-economique-au-ralenti-ce-sont-7-millions-demplois-qui-ne-seront-pas-crees-en-2025-en-comparaison-aux-previsions-initiales\/\",\"name\":\"Croissance \u00e9conomique au ralenti: ce sont 7 millions d'emplois qui ne seront pas cr\u00e9\u00e9s en 2025 en comparaison aux pr\u00e9visions initiales. - Peoplesphere\",\"isPartOf\":{\"@id\":\"https:\/\/peoplesphere.be\/fr\/#website\"},\"datePublished\":\"2025-06-01T12:03:28+00:00\",\"dateModified\":\"2025-06-01T12:03:28+00:00\",\"breadcrumb\":{\"@id\":\"https:\/\/peoplesphere.be\/fr\/croissance-economique-au-ralenti-ce-sont-7-millions-demplois-qui-ne-seront-pas-crees-en-2025-en-comparaison-aux-previsions-initiales\/#breadcrumb\"},\"inLanguage\":\"fr-FR\",\"potentialAction\":[{\"@type\":\"ReadAction\",\"target\":[\"https:\/\/peoplesphere.be\/fr\/croissance-economique-au-ralenti-ce-sont-7-millions-demplois-qui-ne-seront-pas-crees-en-2025-en-comparaison-aux-previsions-initiales\/\"]}]},{\"@type\":\"BreadcrumbList\",\"@id\":\"https:\/\/peoplesphere.be\/fr\/croissance-economique-au-ralenti-ce-sont-7-millions-demplois-qui-ne-seront-pas-crees-en-2025-en-comparaison-aux-previsions-initiales\/#breadcrumb\",\"itemListElement\":[{\"@type\":\"ListItem\",\"position\":1,\"name\":\"Accueil\",\"item\":\"https:\/\/peoplesphere.be\/fr\/\"},{\"@type\":\"ListItem\",\"position\":2,\"name\":\"Croissance \u00e9conomique au ralenti: ce sont 7 millions d&#8217;emplois qui ne seront pas cr\u00e9\u00e9s en 2025 en comparaison aux pr\u00e9visions initiales.\"}]},{\"@type\":\"WebSite\",\"@id\":\"https:\/\/peoplesphere.be\/fr\/#website\",\"url\":\"https:\/\/peoplesphere.be\/fr\/\",\"name\":\"Peoplesphere\",\"description\":\"The People Managers Magazine\",\"publisher\":{\"@id\":\"https:\/\/peoplesphere.be\/fr\/#organization\"},\"potentialAction\":[{\"@type\":\"SearchAction\",\"target\":{\"@type\":\"EntryPoint\",\"urlTemplate\":\"https:\/\/peoplesphere.be\/fr\/?s={search_term_string}\"},\"query-input\":\"required name=search_term_string\"}],\"inLanguage\":\"fr-FR\"},{\"@type\":\"Organization\",\"@id\":\"https:\/\/peoplesphere.be\/fr\/#organization\",\"name\":\"Peoplesphere Company srl\",\"url\":\"https:\/\/peoplesphere.be\/fr\/\",\"logo\":{\"@type\":\"ImageObject\",\"inLanguage\":\"fr-FR\",\"@id\":\"https:\/\/peoplesphere.be\/fr\/#\/schema\/logo\/image\/\",\"url\":\"https:\/\/peoplesphere.be\/fr\/wp-content\/uploads\/2023\/07\/peoplesphere-lgo-new-generik.jpg\",\"contentUrl\":\"https:\/\/peoplesphere.be\/fr\/wp-content\/uploads\/2023\/07\/peoplesphere-lgo-new-generik.jpg\",\"width\":1031,\"height\":1479,\"caption\":\"Peoplesphere Company srl\"},\"image\":{\"@id\":\"https:\/\/peoplesphere.be\/fr\/#\/schema\/logo\/image\/\"},\"sameAs\":[\"https:\/\/www.facebook.com\/peoplesphere\",\"https:\/\/twitter.com\/PeoplesphereMag\",\"https:\/\/www.linkedin.com\/company\/7587361?trk\",\"http:\/\/youtube.com\/peoplesphere\"]},{\"@type\":\"Person\",\"@id\":\"https:\/\/peoplesphere.be\/fr\/#\/schema\/person\/7976225ff17988604334abb7b3536a7e\",\"name\":\"Jean-Paul Erhard\",\"image\":{\"@type\":\"ImageObject\",\"inLanguage\":\"fr-FR\",\"@id\":\"https:\/\/peoplesphere.be\/fr\/#\/schema\/person\/image\/\",\"url\":\"https:\/\/secure.gravatar.com\/avatar\/f941e681460179738071629a51574930?s=96&d=mm&r=g\",\"contentUrl\":\"https:\/\/secure.gravatar.com\/avatar\/f941e681460179738071629a51574930?s=96&d=mm&r=g\",\"caption\":\"Jean-Paul Erhard\"},\"url\":\"https:\/\/peoplesphere.be\/fr\/author\/jpe\/\"}]}<\/script>\n<!-- \/ Yoast SEO plugin. -->","yoast_head_json":{"title":"Croissance \u00e9conomique au ralenti: ce sont 7 millions d'emplois qui ne seront pas cr\u00e9\u00e9s en 2025 en comparaison aux pr\u00e9visions initiales. - Peoplesphere","robots":{"index":"index","follow":"follow","max-snippet":"max-snippet:-1","max-image-preview":"max-image-preview:large","max-video-preview":"max-video-preview:-1"},"canonical":"https:\/\/peoplesphere.be\/fr\/croissance-economique-au-ralenti-ce-sont-7-millions-demplois-qui-ne-seront-pas-crees-en-2025-en-comparaison-aux-previsions-initiales\/","og_locale":"fr_FR","og_type":"article","og_title":"Croissance \u00e9conomique au ralenti: ce sont 7 millions d'emplois qui ne seront pas cr\u00e9\u00e9s en 2025 en comparaison aux pr\u00e9visions initiales. - Peoplesphere","og_description":"Les pr\u00e9visions mondiales d\u2019emploi pour 2025 ont \u00e9t\u00e9 revues \u00e0 la baisse de 7\u202fmillions, sur fond d\u2019incertitude \u00e9conomique grandissante. L&rsquo;Organisation internationale du Travail (OIT) a donc r\u00e9vis\u00e9 ses pr\u00e9visions d&#8217;emploi mondial pour 2025, pr\u00e9voyant la cr\u00e9ation de 53 millions d&#8217;emplois [&hellip;]","og_url":"https:\/\/peoplesphere.be\/fr\/croissance-economique-au-ralenti-ce-sont-7-millions-demplois-qui-ne-seront-pas-crees-en-2025-en-comparaison-aux-previsions-initiales\/","og_site_name":"Peoplesphere","article_publisher":"https:\/\/www.facebook.com\/peoplesphere","article_published_time":"2025-06-01T12:03:28+00:00","og_image":[{"url":"http:\/\/www.peoplesphere.be\/fr\/wp-content\/uploads\/2016\/07\/facebook-default-posting-1200x628px.jpg"}],"author":"Jean-Paul Erhard","twitter_card":"summary_large_image","twitter_creator":"@PeoplesphereMag","twitter_site":"@PeoplesphereMag","twitter_misc":{"\u00c9crit par":"Jean-Paul Erhard","Dur\u00e9e de lecture estim\u00e9e":"5 minutes"},"schema":{"@context":"https:\/\/schema.org","@graph":[{"@type":"Article","@id":"https:\/\/peoplesphere.be\/fr\/croissance-economique-au-ralenti-ce-sont-7-millions-demplois-qui-ne-seront-pas-crees-en-2025-en-comparaison-aux-previsions-initiales\/#article","isPartOf":{"@id":"https:\/\/peoplesphere.be\/fr\/croissance-economique-au-ralenti-ce-sont-7-millions-demplois-qui-ne-seront-pas-crees-en-2025-en-comparaison-aux-previsions-initiales\/"},"author":{"name":"Jean-Paul Erhard","@id":"https:\/\/peoplesphere.be\/fr\/#\/schema\/person\/7976225ff17988604334abb7b3536a7e"},"headline":"Croissance \u00e9conomique au ralenti: ce sont 7 millions d&#8217;emplois qui ne seront pas cr\u00e9\u00e9s en 2025 en comparaison aux pr\u00e9visions initiales.","datePublished":"2025-06-01T12:03:28+00:00","dateModified":"2025-06-01T12:03:28+00:00","mainEntityOfPage":{"@id":"https:\/\/peoplesphere.be\/fr\/croissance-economique-au-ralenti-ce-sont-7-millions-demplois-qui-ne-seront-pas-crees-en-2025-en-comparaison-aux-previsions-initiales\/"},"wordCount":874,"publisher":{"@id":"https:\/\/peoplesphere.be\/fr\/#organization"},"keywords":["cr\u00e9ation d'emplois","croissance \u00e9conomique","OIT","ralentissement"],"articleSection":["Actualit\u00e9s","Digital"],"inLanguage":"fr-FR"},{"@type":"WebPage","@id":"https:\/\/peoplesphere.be\/fr\/croissance-economique-au-ralenti-ce-sont-7-millions-demplois-qui-ne-seront-pas-crees-en-2025-en-comparaison-aux-previsions-initiales\/","url":"https:\/\/peoplesphere.be\/fr\/croissance-economique-au-ralenti-ce-sont-7-millions-demplois-qui-ne-seront-pas-crees-en-2025-en-comparaison-aux-previsions-initiales\/","name":"Croissance \u00e9conomique au ralenti: ce sont 7 millions d'emplois qui ne seront pas cr\u00e9\u00e9s en 2025 en comparaison aux pr\u00e9visions initiales. - Peoplesphere","isPartOf":{"@id":"https:\/\/peoplesphere.be\/fr\/#website"},"datePublished":"2025-06-01T12:03:28+00:00","dateModified":"2025-06-01T12:03:28+00:00","breadcrumb":{"@id":"https:\/\/peoplesphere.be\/fr\/croissance-economique-au-ralenti-ce-sont-7-millions-demplois-qui-ne-seront-pas-crees-en-2025-en-comparaison-aux-previsions-initiales\/#breadcrumb"},"inLanguage":"fr-FR","potentialAction":[{"@type":"ReadAction","target":["https:\/\/peoplesphere.be\/fr\/croissance-economique-au-ralenti-ce-sont-7-millions-demplois-qui-ne-seront-pas-crees-en-2025-en-comparaison-aux-previsions-initiales\/"]}]},{"@type":"BreadcrumbList","@id":"https:\/\/peoplesphere.be\/fr\/croissance-economique-au-ralenti-ce-sont-7-millions-demplois-qui-ne-seront-pas-crees-en-2025-en-comparaison-aux-previsions-initiales\/#breadcrumb","itemListElement":[{"@type":"ListItem","position":1,"name":"Accueil","item":"https:\/\/peoplesphere.be\/fr\/"},{"@type":"ListItem","position":2,"name":"Croissance \u00e9conomique au ralenti: ce sont 7 millions d&#8217;emplois qui ne seront pas cr\u00e9\u00e9s en 2025 en comparaison aux pr\u00e9visions initiales."}]},{"@type":"WebSite","@id":"https:\/\/peoplesphere.be\/fr\/#website","url":"https:\/\/peoplesphere.be\/fr\/","name":"Peoplesphere","description":"The People Managers Magazine","publisher":{"@id":"https:\/\/peoplesphere.be\/fr\/#organization"},"potentialAction":[{"@type":"SearchAction","target":{"@type":"EntryPoint","urlTemplate":"https:\/\/peoplesphere.be\/fr\/?s={search_term_string}"},"query-input":"required name=search_term_string"}],"inLanguage":"fr-FR"},{"@type":"Organization","@id":"https:\/\/peoplesphere.be\/fr\/#organization","name":"Peoplesphere Company srl","url":"https:\/\/peoplesphere.be\/fr\/","logo":{"@type":"ImageObject","inLanguage":"fr-FR","@id":"https:\/\/peoplesphere.be\/fr\/#\/schema\/logo\/image\/","url":"https:\/\/peoplesphere.be\/fr\/wp-content\/uploads\/2023\/07\/peoplesphere-lgo-new-generik.jpg","contentUrl":"https:\/\/peoplesphere.be\/fr\/wp-content\/uploads\/2023\/07\/peoplesphere-lgo-new-generik.jpg","width":1031,"height":1479,"caption":"Peoplesphere Company srl"},"image":{"@id":"https:\/\/peoplesphere.be\/fr\/#\/schema\/logo\/image\/"},"sameAs":["https:\/\/www.facebook.com\/peoplesphere","https:\/\/twitter.com\/PeoplesphereMag","https:\/\/www.linkedin.com\/company\/7587361?trk","http:\/\/youtube.com\/peoplesphere"]},{"@type":"Person","@id":"https:\/\/peoplesphere.be\/fr\/#\/schema\/person\/7976225ff17988604334abb7b3536a7e","name":"Jean-Paul Erhard","image":{"@type":"ImageObject","inLanguage":"fr-FR","@id":"https:\/\/peoplesphere.be\/fr\/#\/schema\/person\/image\/","url":"https:\/\/secure.gravatar.com\/avatar\/f941e681460179738071629a51574930?s=96&d=mm&r=g","contentUrl":"https:\/\/secure.gravatar.com\/avatar\/f941e681460179738071629a51574930?s=96&d=mm&r=g","caption":"Jean-Paul Erhard"},"url":"https:\/\/peoplesphere.be\/fr\/author\/jpe\/"}]}},"_links":{"self":[{"href":"https:\/\/peoplesphere.be\/fr\/wp-json\/wp\/v2\/posts\/17813"}],"collection":[{"href":"https:\/\/peoplesphere.be\/fr\/wp-json\/wp\/v2\/posts"}],"about":[{"href":"https:\/\/peoplesphere.be\/fr\/wp-json\/wp\/v2\/types\/post"}],"author":[{"embeddable":true,"href":"https:\/\/peoplesphere.be\/fr\/wp-json\/wp\/v2\/users\/2"}],"replies":[{"embeddable":true,"href":"https:\/\/peoplesphere.be\/fr\/wp-json\/wp\/v2\/comments?post=17813"}],"version-history":[{"count":1,"href":"https:\/\/peoplesphere.be\/fr\/wp-json\/wp\/v2\/posts\/17813\/revisions"}],"predecessor-version":[{"id":17814,"href":"https:\/\/peoplesphere.be\/fr\/wp-json\/wp\/v2\/posts\/17813\/revisions\/17814"}],"wp:attachment":[{"href":"https:\/\/peoplesphere.be\/fr\/wp-json\/wp\/v2\/media?parent=17813"}],"wp:term":[{"taxonomy":"category","embeddable":true,"href":"https:\/\/peoplesphere.be\/fr\/wp-json\/wp\/v2\/categories?post=17813"},{"taxonomy":"post_tag","embeddable":true,"href":"https:\/\/peoplesphere.be\/fr\/wp-json\/wp\/v2\/tags?post=17813"}],"curies":[{"name":"wp","href":"https:\/\/api.w.org\/{rel}","templated":true}]}}