









{"id":17815,"date":"2025-05-31T08:11:15","date_gmt":"2025-05-31T06:11:15","guid":{"rendered":"https:\/\/peoplesphere.be\/fr\/?p=17815"},"modified":"2025-06-03T08:15:08","modified_gmt":"2025-06-03T06:15:08","slug":"suppression-de-ladaptation-au-bien-etre-jusquen-2030-pour-les-pensions-les-plus-anciennes-les-syndicats-lancent-une-bataille-juridique","status":"publish","type":"post","link":"https:\/\/peoplesphere.be\/fr\/suppression-de-ladaptation-au-bien-etre-jusquen-2030-pour-les-pensions-les-plus-anciennes-les-syndicats-lancent-une-bataille-juridique\/","title":{"rendered":"Suppression de l&rsquo;adaptation au Bien-\u00eatre jusqu&rsquo;en 2030 pour les pensions les plus anciennes: les syndicats lancent une &lsquo;bataille&rsquo; juridique."},"content":{"rendered":"<p>Le 26 mai dernier, le comit\u00e9 de gestion du Service f\u00e9d\u00e9ral des Pensions \u00e9tait saisi de la proposition du ministre Jambon de suspendre jusqu&rsquo;en 2030 l&rsquo;adaptation au bien-\u00eatre pour les pensions de 5 ou 15 ans. Or, la loi prescrit ces adaptations \u00e0 hauteur de 2%. Les syndicats se sont oppos\u00e9s \u00e0 ce que l&rsquo;on prive les pensionn\u00e9s de quelque 380 millions d&rsquo;euros et ont mis en \u00e9vidence des probl\u00e8mes juridiques sous-jacents.<!--more--><\/p>\n<p>Depuis 2007, un d\u00e9cret royal pr\u00e9voit une augmentation annuelle de 2% de l&rsquo;aide sociale pour les pensions en vigueur depuis exactement 5 ou 15 ans \u00e0 dater du mois de septembre. Les pensions les plus anciennes sont g\u00e9n\u00e9ralement les plus basses, car elles ont \u00e9t\u00e9 calcul\u00e9es sur la base de niveaux de salaires tr\u00e8s anciens aussi. Toutefois, depuis la cr\u00e9ation de l&rsquo;enveloppe Bien-\u00catre en 2009, ces augmentations ont \u00e9t\u00e9 suspendues. Les syndicats et les employeurs ont accept\u00e9 cette suspension car l\u2019enveloppe Bien-\u00catre pr\u00e9voyait une augmentation \u00e9quivalente. Appliquer les deux enveloppes de front aurait repr\u00e9sent\u00e9 un co\u00fbt important. Et ce n\u2019\u00e9tait pas le but.<\/p>\n<p>Mais puisque le gouvernement a supprim\u00e9 l\u2019enveloppe Bien-\u00catre pour 2025-2029, les syndicats demandent au gouvernement de mettre en \u0153uvre le d\u00e9cret royal, en utilisant le pouvoir conf\u00e9r\u00e9 par le l\u00e9gislateur.<\/p>\n<p>Les syndicats estiment qu&rsquo;environ un million de pensionn\u00e9.e.s (depuis 5 ans) seront priv\u00e9.e.s de l&rsquo;augmentation n\u00e9cessaire et que plus de 600.000 pensionn\u00e9.e.s (depuis 15 ans), seront p\u00e9nalis\u00e9s. Pour ces retrait\u00e9.e.s, cela \u00e9quivaut \u00e0 un \u00ab\u00a0saut d&rsquo;index\u00a0\u00bb, dont ils supporteront les cons\u00e9quences financi\u00e8res pendant des ann\u00e9es.<\/p>\n<p>Le ministre Jambon escompte, par ce biais, r\u00e9aliser une \u00e9conomie de 380 millions d&rsquo;euros d&rsquo;ici 2030, soit 338 millions d&rsquo;euros pour le r\u00e9gime des salari\u00e9s et 45 millions d&rsquo;euros pour le r\u00e9gime des ind\u00e9pendants. Cette \u00e9conomie s&rsquo;ajoute \u00e0 une s\u00e9rie d&rsquo;autres mesures affectant les pensions : l&rsquo;indexation diff\u00e9r\u00e9e (d\u00e9sormais 2 mois plus tard), l&rsquo;indexation partielle des pensions \u00e0 partir de 3180 euros nets, le \u00ab\u00a0vidage\u00a0\u00bb de l&rsquo;enveloppe Bien-\u00catre, la suppression de la p\u00e9r\u00e9quation et l&rsquo;\u00e9limination progressive de la r\u00e9duction d&rsquo;imp\u00f4t pour les pensionn\u00e9.e.s.<\/p>\n<p>Le gouvernement suspend \u00e9galement la revalorisation des prestations d&rsquo;invalidit\u00e9 pour les malades de longue dur\u00e9e. Le d\u00e9cret maladie du 3 juillet 1996 pr\u00e9voit une revalorisation de 2% apr\u00e8s 5 ans d&rsquo;incapacit\u00e9 et apr\u00e8s 15 ans d&rsquo;incapacit\u00e9. Le gouvernement suspend cette revalorisation par un arr\u00eat\u00e9 royal. Par cons\u00e9quent, 38.905 malades de longue dur\u00e9e ne recevront pas l&rsquo;augmentation de 2% de leur allocation d&rsquo;invalidit\u00e9 cette ann\u00e9e. Un nombre similaire devrait \u00eatre touch\u00e9 chaque ann\u00e9e \u00e0 l\u2019avenir. Au total, nous estimons \u00e0 237.575 le nombre de malades de longue dur\u00e9e concern\u00e9s.<\/p>\n<p>Les syndicats et les mutuelles ont \u00e9mis un avis n\u00e9gatif \u00e0 ce sujet au sein du comit\u00e9 de gestion de l&rsquo;INAMI.<\/p>\n<p>&nbsp;<\/p>\n<p><em>Source : CSC &#8211; CGSLB &#8211; FGTB<\/em><\/p>\n","protected":false},"excerpt":{"rendered":"<p>Le 26 mai dernier, le comit\u00e9 de gestion du Service f\u00e9d\u00e9ral des Pensions \u00e9tait saisi de la proposition du ministre Jambon de suspendre jusqu&rsquo;en 2030 l&rsquo;adaptation au bien-\u00eatre pour les pensions de 5 ou 15 ans. Or, la loi prescrit [&hellip;]<\/p>\n","protected":false},"author":2,"featured_media":0,"comment_status":"closed","ping_status":"open","sticky":false,"template":"","format":"standard","meta":[],"categories":[65,10],"tags":[96,332,662,508,664,13,110],"yoast_head":"<!-- This site is optimized with the Yoast SEO plugin v21.0 - https:\/\/yoast.com\/wordpress\/plugins\/seo\/ -->\n<title>Suppression de l&#039;adaptation au Bien-\u00eatre jusqu&#039;en 2030 pour les pensions les plus anciennes: les syndicats lancent une &#039;bataille&#039; juridique. - Peoplesphere<\/title>\n<meta name=\"robots\" content=\"index, follow, max-snippet:-1, max-image-preview:large, max-video-preview:-1\" \/>\n<link rel=\"canonical\" href=\"https:\/\/peoplesphere.be\/fr\/suppression-de-ladaptation-au-bien-etre-jusquen-2030-pour-les-pensions-les-plus-anciennes-les-syndicats-lancent-une-bataille-juridique\/\" \/>\n<meta property=\"og:locale\" content=\"fr_FR\" \/>\n<meta property=\"og:type\" content=\"article\" \/>\n<meta property=\"og:title\" content=\"Suppression de l&#039;adaptation au Bien-\u00eatre jusqu&#039;en 2030 pour les pensions les plus anciennes: les syndicats lancent une &#039;bataille&#039; juridique. - Peoplesphere\" \/>\n<meta property=\"og:description\" content=\"Le 26 mai dernier, le comit\u00e9 de gestion du Service f\u00e9d\u00e9ral des Pensions \u00e9tait saisi de la proposition du ministre Jambon de suspendre jusqu&rsquo;en 2030 l&rsquo;adaptation au bien-\u00eatre pour les pensions de 5 ou 15 ans. Or, la loi prescrit [&hellip;]\" \/>\n<meta property=\"og:url\" content=\"https:\/\/peoplesphere.be\/fr\/suppression-de-ladaptation-au-bien-etre-jusquen-2030-pour-les-pensions-les-plus-anciennes-les-syndicats-lancent-une-bataille-juridique\/\" \/>\n<meta property=\"og:site_name\" content=\"Peoplesphere\" \/>\n<meta property=\"article:publisher\" content=\"https:\/\/www.facebook.com\/peoplesphere\" \/>\n<meta property=\"article:published_time\" content=\"2025-05-31T06:11:15+00:00\" \/>\n<meta property=\"article:modified_time\" content=\"2025-06-03T06:15:08+00:00\" \/>\n<meta property=\"og:image\" content=\"http:\/\/www.peoplesphere.be\/fr\/wp-content\/uploads\/2016\/07\/facebook-default-posting-1200x628px.jpg\" \/>\n<meta name=\"author\" content=\"Jean-Paul Erhard\" \/>\n<meta name=\"twitter:card\" content=\"summary_large_image\" \/>\n<meta name=\"twitter:creator\" content=\"@PeoplesphereMag\" \/>\n<meta name=\"twitter:site\" content=\"@PeoplesphereMag\" \/>\n<meta name=\"twitter:label1\" content=\"\u00c9crit par\" \/>\n\t<meta name=\"twitter:data1\" content=\"Jean-Paul Erhard\" \/>\n\t<meta name=\"twitter:label2\" content=\"Dur\u00e9e de lecture estim\u00e9e\" \/>\n\t<meta name=\"twitter:data2\" content=\"3 minutes\" \/>\n<script type=\"application\/ld+json\" class=\"yoast-schema-graph\">{\"@context\":\"https:\/\/schema.org\",\"@graph\":[{\"@type\":\"Article\",\"@id\":\"https:\/\/peoplesphere.be\/fr\/suppression-de-ladaptation-au-bien-etre-jusquen-2030-pour-les-pensions-les-plus-anciennes-les-syndicats-lancent-une-bataille-juridique\/#article\",\"isPartOf\":{\"@id\":\"https:\/\/peoplesphere.be\/fr\/suppression-de-ladaptation-au-bien-etre-jusquen-2030-pour-les-pensions-les-plus-anciennes-les-syndicats-lancent-une-bataille-juridique\/\"},\"author\":{\"name\":\"Jean-Paul Erhard\",\"@id\":\"https:\/\/peoplesphere.be\/fr\/#\/schema\/person\/7976225ff17988604334abb7b3536a7e\"},\"headline\":\"Suppression de l&rsquo;adaptation au Bien-\u00eatre jusqu&rsquo;en 2030 pour les pensions les plus anciennes: les syndicats lancent une &lsquo;bataille&rsquo; juridique.\",\"datePublished\":\"2025-05-31T06:11:15+00:00\",\"dateModified\":\"2025-06-03T06:15:08+00:00\",\"mainEntityOfPage\":{\"@id\":\"https:\/\/peoplesphere.be\/fr\/suppression-de-ladaptation-au-bien-etre-jusquen-2030-pour-les-pensions-les-plus-anciennes-les-syndicats-lancent-une-bataille-juridique\/\"},\"wordCount\":500,\"publisher\":{\"@id\":\"https:\/\/peoplesphere.be\/fr\/#organization\"},\"keywords\":[\"bien-\u00eatre\",\"concertation sociale\",\"incapacit\u00e9\",\"indexation\",\"invalidit\u00e9\",\"Pension\",\"syndicats\"],\"articleSection\":[\"Actualit\u00e9s\",\"Digital\"],\"inLanguage\":\"fr-FR\"},{\"@type\":\"WebPage\",\"@id\":\"https:\/\/peoplesphere.be\/fr\/suppression-de-ladaptation-au-bien-etre-jusquen-2030-pour-les-pensions-les-plus-anciennes-les-syndicats-lancent-une-bataille-juridique\/\",\"url\":\"https:\/\/peoplesphere.be\/fr\/suppression-de-ladaptation-au-bien-etre-jusquen-2030-pour-les-pensions-les-plus-anciennes-les-syndicats-lancent-une-bataille-juridique\/\",\"name\":\"Suppression de l'adaptation au Bien-\u00eatre jusqu'en 2030 pour les pensions les plus anciennes: les syndicats lancent une 'bataille' juridique. - Peoplesphere\",\"isPartOf\":{\"@id\":\"https:\/\/peoplesphere.be\/fr\/#website\"},\"datePublished\":\"2025-05-31T06:11:15+00:00\",\"dateModified\":\"2025-06-03T06:15:08+00:00\",\"breadcrumb\":{\"@id\":\"https:\/\/peoplesphere.be\/fr\/suppression-de-ladaptation-au-bien-etre-jusquen-2030-pour-les-pensions-les-plus-anciennes-les-syndicats-lancent-une-bataille-juridique\/#breadcrumb\"},\"inLanguage\":\"fr-FR\",\"potentialAction\":[{\"@type\":\"ReadAction\",\"target\":[\"https:\/\/peoplesphere.be\/fr\/suppression-de-ladaptation-au-bien-etre-jusquen-2030-pour-les-pensions-les-plus-anciennes-les-syndicats-lancent-une-bataille-juridique\/\"]}]},{\"@type\":\"BreadcrumbList\",\"@id\":\"https:\/\/peoplesphere.be\/fr\/suppression-de-ladaptation-au-bien-etre-jusquen-2030-pour-les-pensions-les-plus-anciennes-les-syndicats-lancent-une-bataille-juridique\/#breadcrumb\",\"itemListElement\":[{\"@type\":\"ListItem\",\"position\":1,\"name\":\"Accueil\",\"item\":\"https:\/\/peoplesphere.be\/fr\/\"},{\"@type\":\"ListItem\",\"position\":2,\"name\":\"Suppression de l&rsquo;adaptation au Bien-\u00eatre jusqu&rsquo;en 2030 pour les pensions les plus anciennes: les syndicats lancent une &lsquo;bataille&rsquo; juridique.\"}]},{\"@type\":\"WebSite\",\"@id\":\"https:\/\/peoplesphere.be\/fr\/#website\",\"url\":\"https:\/\/peoplesphere.be\/fr\/\",\"name\":\"Peoplesphere\",\"description\":\"The People Managers Magazine\",\"publisher\":{\"@id\":\"https:\/\/peoplesphere.be\/fr\/#organization\"},\"potentialAction\":[{\"@type\":\"SearchAction\",\"target\":{\"@type\":\"EntryPoint\",\"urlTemplate\":\"https:\/\/peoplesphere.be\/fr\/?s={search_term_string}\"},\"query-input\":\"required name=search_term_string\"}],\"inLanguage\":\"fr-FR\"},{\"@type\":\"Organization\",\"@id\":\"https:\/\/peoplesphere.be\/fr\/#organization\",\"name\":\"Peoplesphere Company srl\",\"url\":\"https:\/\/peoplesphere.be\/fr\/\",\"logo\":{\"@type\":\"ImageObject\",\"inLanguage\":\"fr-FR\",\"@id\":\"https:\/\/peoplesphere.be\/fr\/#\/schema\/logo\/image\/\",\"url\":\"https:\/\/peoplesphere.be\/fr\/wp-content\/uploads\/2023\/07\/peoplesphere-lgo-new-generik.jpg\",\"contentUrl\":\"https:\/\/peoplesphere.be\/fr\/wp-content\/uploads\/2023\/07\/peoplesphere-lgo-new-generik.jpg\",\"width\":1031,\"height\":1479,\"caption\":\"Peoplesphere Company srl\"},\"image\":{\"@id\":\"https:\/\/peoplesphere.be\/fr\/#\/schema\/logo\/image\/\"},\"sameAs\":[\"https:\/\/www.facebook.com\/peoplesphere\",\"https:\/\/twitter.com\/PeoplesphereMag\",\"https:\/\/www.linkedin.com\/company\/7587361?trk\",\"http:\/\/youtube.com\/peoplesphere\"]},{\"@type\":\"Person\",\"@id\":\"https:\/\/peoplesphere.be\/fr\/#\/schema\/person\/7976225ff17988604334abb7b3536a7e\",\"name\":\"Jean-Paul Erhard\",\"image\":{\"@type\":\"ImageObject\",\"inLanguage\":\"fr-FR\",\"@id\":\"https:\/\/peoplesphere.be\/fr\/#\/schema\/person\/image\/\",\"url\":\"https:\/\/secure.gravatar.com\/avatar\/f941e681460179738071629a51574930?s=96&d=mm&r=g\",\"contentUrl\":\"https:\/\/secure.gravatar.com\/avatar\/f941e681460179738071629a51574930?s=96&d=mm&r=g\",\"caption\":\"Jean-Paul Erhard\"},\"url\":\"https:\/\/peoplesphere.be\/fr\/author\/jpe\/\"}]}<\/script>\n<!-- \/ Yoast SEO plugin. -->","yoast_head_json":{"title":"Suppression de l'adaptation au Bien-\u00eatre jusqu'en 2030 pour les pensions les plus anciennes: les syndicats lancent une 'bataille' juridique. - Peoplesphere","robots":{"index":"index","follow":"follow","max-snippet":"max-snippet:-1","max-image-preview":"max-image-preview:large","max-video-preview":"max-video-preview:-1"},"canonical":"https:\/\/peoplesphere.be\/fr\/suppression-de-ladaptation-au-bien-etre-jusquen-2030-pour-les-pensions-les-plus-anciennes-les-syndicats-lancent-une-bataille-juridique\/","og_locale":"fr_FR","og_type":"article","og_title":"Suppression de l'adaptation au Bien-\u00eatre jusqu'en 2030 pour les pensions les plus anciennes: les syndicats lancent une 'bataille' juridique. - Peoplesphere","og_description":"Le 26 mai dernier, le comit\u00e9 de gestion du Service f\u00e9d\u00e9ral des Pensions \u00e9tait saisi de la proposition du ministre Jambon de suspendre jusqu&rsquo;en 2030 l&rsquo;adaptation au bien-\u00eatre pour les pensions de 5 ou 15 ans. Or, la loi prescrit [&hellip;]","og_url":"https:\/\/peoplesphere.be\/fr\/suppression-de-ladaptation-au-bien-etre-jusquen-2030-pour-les-pensions-les-plus-anciennes-les-syndicats-lancent-une-bataille-juridique\/","og_site_name":"Peoplesphere","article_publisher":"https:\/\/www.facebook.com\/peoplesphere","article_published_time":"2025-05-31T06:11:15+00:00","article_modified_time":"2025-06-03T06:15:08+00:00","og_image":[{"url":"http:\/\/www.peoplesphere.be\/fr\/wp-content\/uploads\/2016\/07\/facebook-default-posting-1200x628px.jpg"}],"author":"Jean-Paul Erhard","twitter_card":"summary_large_image","twitter_creator":"@PeoplesphereMag","twitter_site":"@PeoplesphereMag","twitter_misc":{"\u00c9crit par":"Jean-Paul Erhard","Dur\u00e9e de lecture estim\u00e9e":"3 minutes"},"schema":{"@context":"https:\/\/schema.org","@graph":[{"@type":"Article","@id":"https:\/\/peoplesphere.be\/fr\/suppression-de-ladaptation-au-bien-etre-jusquen-2030-pour-les-pensions-les-plus-anciennes-les-syndicats-lancent-une-bataille-juridique\/#article","isPartOf":{"@id":"https:\/\/peoplesphere.be\/fr\/suppression-de-ladaptation-au-bien-etre-jusquen-2030-pour-les-pensions-les-plus-anciennes-les-syndicats-lancent-une-bataille-juridique\/"},"author":{"name":"Jean-Paul Erhard","@id":"https:\/\/peoplesphere.be\/fr\/#\/schema\/person\/7976225ff17988604334abb7b3536a7e"},"headline":"Suppression de l&rsquo;adaptation au Bien-\u00eatre jusqu&rsquo;en 2030 pour les pensions les plus anciennes: les syndicats lancent une &lsquo;bataille&rsquo; juridique.","datePublished":"2025-05-31T06:11:15+00:00","dateModified":"2025-06-03T06:15:08+00:00","mainEntityOfPage":{"@id":"https:\/\/peoplesphere.be\/fr\/suppression-de-ladaptation-au-bien-etre-jusquen-2030-pour-les-pensions-les-plus-anciennes-les-syndicats-lancent-une-bataille-juridique\/"},"wordCount":500,"publisher":{"@id":"https:\/\/peoplesphere.be\/fr\/#organization"},"keywords":["bien-\u00eatre","concertation sociale","incapacit\u00e9","indexation","invalidit\u00e9","Pension","syndicats"],"articleSection":["Actualit\u00e9s","Digital"],"inLanguage":"fr-FR"},{"@type":"WebPage","@id":"https:\/\/peoplesphere.be\/fr\/suppression-de-ladaptation-au-bien-etre-jusquen-2030-pour-les-pensions-les-plus-anciennes-les-syndicats-lancent-une-bataille-juridique\/","url":"https:\/\/peoplesphere.be\/fr\/suppression-de-ladaptation-au-bien-etre-jusquen-2030-pour-les-pensions-les-plus-anciennes-les-syndicats-lancent-une-bataille-juridique\/","name":"Suppression de l'adaptation au Bien-\u00eatre jusqu'en 2030 pour les pensions les plus anciennes: les syndicats lancent une 'bataille' juridique. - Peoplesphere","isPartOf":{"@id":"https:\/\/peoplesphere.be\/fr\/#website"},"datePublished":"2025-05-31T06:11:15+00:00","dateModified":"2025-06-03T06:15:08+00:00","breadcrumb":{"@id":"https:\/\/peoplesphere.be\/fr\/suppression-de-ladaptation-au-bien-etre-jusquen-2030-pour-les-pensions-les-plus-anciennes-les-syndicats-lancent-une-bataille-juridique\/#breadcrumb"},"inLanguage":"fr-FR","potentialAction":[{"@type":"ReadAction","target":["https:\/\/peoplesphere.be\/fr\/suppression-de-ladaptation-au-bien-etre-jusquen-2030-pour-les-pensions-les-plus-anciennes-les-syndicats-lancent-une-bataille-juridique\/"]}]},{"@type":"BreadcrumbList","@id":"https:\/\/peoplesphere.be\/fr\/suppression-de-ladaptation-au-bien-etre-jusquen-2030-pour-les-pensions-les-plus-anciennes-les-syndicats-lancent-une-bataille-juridique\/#breadcrumb","itemListElement":[{"@type":"ListItem","position":1,"name":"Accueil","item":"https:\/\/peoplesphere.be\/fr\/"},{"@type":"ListItem","position":2,"name":"Suppression de l&rsquo;adaptation au Bien-\u00eatre jusqu&rsquo;en 2030 pour les pensions les plus anciennes: les syndicats lancent une &lsquo;bataille&rsquo; juridique."}]},{"@type":"WebSite","@id":"https:\/\/peoplesphere.be\/fr\/#website","url":"https:\/\/peoplesphere.be\/fr\/","name":"Peoplesphere","description":"The People Managers Magazine","publisher":{"@id":"https:\/\/peoplesphere.be\/fr\/#organization"},"potentialAction":[{"@type":"SearchAction","target":{"@type":"EntryPoint","urlTemplate":"https:\/\/peoplesphere.be\/fr\/?s={search_term_string}"},"query-input":"required name=search_term_string"}],"inLanguage":"fr-FR"},{"@type":"Organization","@id":"https:\/\/peoplesphere.be\/fr\/#organization","name":"Peoplesphere Company srl","url":"https:\/\/peoplesphere.be\/fr\/","logo":{"@type":"ImageObject","inLanguage":"fr-FR","@id":"https:\/\/peoplesphere.be\/fr\/#\/schema\/logo\/image\/","url":"https:\/\/peoplesphere.be\/fr\/wp-content\/uploads\/2023\/07\/peoplesphere-lgo-new-generik.jpg","contentUrl":"https:\/\/peoplesphere.be\/fr\/wp-content\/uploads\/2023\/07\/peoplesphere-lgo-new-generik.jpg","width":1031,"height":1479,"caption":"Peoplesphere Company srl"},"image":{"@id":"https:\/\/peoplesphere.be\/fr\/#\/schema\/logo\/image\/"},"sameAs":["https:\/\/www.facebook.com\/peoplesphere","https:\/\/twitter.com\/PeoplesphereMag","https:\/\/www.linkedin.com\/company\/7587361?trk","http:\/\/youtube.com\/peoplesphere"]},{"@type":"Person","@id":"https:\/\/peoplesphere.be\/fr\/#\/schema\/person\/7976225ff17988604334abb7b3536a7e","name":"Jean-Paul Erhard","image":{"@type":"ImageObject","inLanguage":"fr-FR","@id":"https:\/\/peoplesphere.be\/fr\/#\/schema\/person\/image\/","url":"https:\/\/secure.gravatar.com\/avatar\/f941e681460179738071629a51574930?s=96&d=mm&r=g","contentUrl":"https:\/\/secure.gravatar.com\/avatar\/f941e681460179738071629a51574930?s=96&d=mm&r=g","caption":"Jean-Paul Erhard"},"url":"https:\/\/peoplesphere.be\/fr\/author\/jpe\/"}]}},"_links":{"self":[{"href":"https:\/\/peoplesphere.be\/fr\/wp-json\/wp\/v2\/posts\/17815"}],"collection":[{"href":"https:\/\/peoplesphere.be\/fr\/wp-json\/wp\/v2\/posts"}],"about":[{"href":"https:\/\/peoplesphere.be\/fr\/wp-json\/wp\/v2\/types\/post"}],"author":[{"embeddable":true,"href":"https:\/\/peoplesphere.be\/fr\/wp-json\/wp\/v2\/users\/2"}],"replies":[{"embeddable":true,"href":"https:\/\/peoplesphere.be\/fr\/wp-json\/wp\/v2\/comments?post=17815"}],"version-history":[{"count":1,"href":"https:\/\/peoplesphere.be\/fr\/wp-json\/wp\/v2\/posts\/17815\/revisions"}],"predecessor-version":[{"id":17816,"href":"https:\/\/peoplesphere.be\/fr\/wp-json\/wp\/v2\/posts\/17815\/revisions\/17816"}],"wp:attachment":[{"href":"https:\/\/peoplesphere.be\/fr\/wp-json\/wp\/v2\/media?parent=17815"}],"wp:term":[{"taxonomy":"category","embeddable":true,"href":"https:\/\/peoplesphere.be\/fr\/wp-json\/wp\/v2\/categories?post=17815"},{"taxonomy":"post_tag","embeddable":true,"href":"https:\/\/peoplesphere.be\/fr\/wp-json\/wp\/v2\/tags?post=17815"}],"curies":[{"name":"wp","href":"https:\/\/api.w.org\/{rel}","templated":true}]}}