









{"id":17817,"date":"2025-06-03T09:36:48","date_gmt":"2025-06-03T07:36:48","guid":{"rendered":"https:\/\/peoplesphere.be\/fr\/?p=17817"},"modified":"2025-06-03T09:36:48","modified_gmt":"2025-06-03T07:36:48","slug":"les-reformes-du-gouvernement-de-wever-repondent-elles-aux-attentes-de-la-population-les-femmes-se-montrent-particulierement-inquietes","status":"publish","type":"post","link":"https:\/\/peoplesphere.be\/fr\/les-reformes-du-gouvernement-de-wever-repondent-elles-aux-attentes-de-la-population-les-femmes-se-montrent-particulierement-inquietes\/","title":{"rendered":"Les r\u00e9formes du gouvernement De Wever r\u00e9pondent-elles aux attentes de la population? Les femmes se montrent particuli\u00e8rement inqui\u00e8tes&#8230;"},"content":{"rendered":"<p>Ces derniers mois, les r\u00e9formes des retraites propos\u00e9es par le gouvernement f\u00e9d\u00e9ral ont suscit\u00e9 de nombreuses protestations. Pourtant, selon le Barom\u00e8tre de la S\u00e9r\u00e9nit\u00e9 Financi\u00e8re de l\u2019assureur-vie NN, la population belge se r\u00e9v\u00e8le avant tout tr\u00e8s partag\u00e9e sur ces mesures \u2013 preuve qu\u2019elles comptent aussi des partisans. N\u00e9anmoins, les femmes et les personnes de 35-49 ans se montrent, elles, tr\u00e8s critiques \u00e0 l\u2019\u00e9gard des annonces.<!--more--><\/p>\n<p>Si les critiques se font le plus entendre, les plans du gouvernement De Wever suscitent surtout des r\u00e9actions mitig\u00e9es. Les Belges attribuent en effet au nouvel accord de gouvernement une note moyenne de 5,6 sur 10, d\u2019apr\u00e8s le dernier Barom\u00e8tre de la S\u00e9r\u00e9nit\u00e9 Financi\u00e8re de NN. L\u2019enqu\u00eate men\u00e9e aupr\u00e8s de 1.000 citoyens fait le portrait d\u2019une soci\u00e9t\u00e9 clairement polaris\u00e9e : 44 % des r\u00e9pondants se disent ouvertement insatisfaits, 30 % se d\u00e9clarent (tr\u00e8s) satisfaits et 26 % adoptent une attitude prudente.<\/p>\n<p><strong><em>Des \u00e9carts d\u00e9mographiques clivants :<\/em><\/strong><\/p>\n<ul>\n<li>D\u2019abord entre les genres, avec 40 % de satisfaction chez les hommes contre seulement 21 % chez les femmes.<\/li>\n<li>Ensuite selon le niveau d\u2019\u00e9ducation : 47 % des dipl\u00f4m\u00e9s de l\u2019enseignement sup\u00e9rieur (masters) se disant satisfaits, contre 26 % parmi les personnes peu dipl\u00f4m\u00e9es.<\/li>\n<li>Suivi d\u2019un foss\u00e9 g\u00e9n\u00e9rationnel, les 35-49 ans exprimant le plus fort taux d\u2019insatisfaction (52%), contre 39% chez les 65 ans et plus.<\/li>\n<li>On remarque une attitude plus positive chez les ind\u00e9pendants (38% de satisfaction), alors que les personnes sans emploi se montrent les plus critiques, avec 54% d\u2019insatisfaction.<\/li>\n<\/ul>\n<h3><strong><em>R\u00e9formes des retraites : une lev\u00e9e de boucliers et un besoin de clart\u00e9<\/em><\/strong><\/h3>\n<p>Bien qu\u2019une r\u00e9forme des pensions soit jug\u00e9e necessaire par beaucoup afin de rendre le syst\u00e8me plus durable face \u00e0 la population vieillissante, les plans du gouvernement f\u00e9d\u00e9ral rencontrent une r\u00e9sistance significative. Seuls 21 % de la population estiment que les r\u00e9formes propos\u00e9es sont \u00e9quilibr\u00e9es. En revanche, 44 % jugent les mesures excessives, tandis que 16 % les consid\u00e8rent au contraire insuffisantes pour s\u2019attaquer de mani\u00e8re structurelle au probl\u00e8me de financement.<\/p>\n<p>L\u2019\u00e9valuation des mesures sp\u00e9cifiques r\u00e9v\u00e8le des r\u00e9actions plus nuanc\u00e9es. Ainsi, 44% des Belges se disent favorables au syst\u00e8me de bonus-malus propos\u00e9, contre 31% qui y sont oppos\u00e9s, tandis que 25 % restent ind\u00e9cis. Concernant la r\u00e9vision des p\u00e9riodes assimil\u00e9es \u2013 telles que le ch\u00f4mage, les pr\u00e9pensions (SWT) ou les fins de carri\u00e8re am\u00e9nag\u00e9es \u2013 les opinions sont partag\u00e9es : 30% y sont favorables, 33% d\u00e9favorables et 36% ne se prononcent pas encore. Les personnes qui ont une occupation professionnelle se montrent globalement plus r\u00e9ceptives aux r\u00e9formes que les personnes sans emploi.<\/p>\n<p>La forte proportion d\u2019ind\u00e9cis souligne un besoin \u00e9vident d\u2019une communication claire et transparente sur le contenu et les cons\u00e9quences des r\u00e9formes des pensions.<\/p>\n<p>Une part importante de la population exprime \u00e9galement des inqui\u00e9tudes quant \u00e0 l\u2019impact potentiel sur leurs finances personnelles :<\/p>\n<ul>\n<li>39% des Belges sont contre l\u2019id\u00e9e de travailler plus longtemps.<\/li>\n<li>42% craignent une baisse de leur pension.<\/li>\n<li>La confiance dans la capacit\u00e9 de l\u2019\u00c9tat \u00e0 continuer de verser les pensions est particuli\u00e8rement faible, \u00e0 seulement 21%.<\/li>\n<\/ul>\n<p><em>\u00ab\u00a0Il est interpellant de constater qu\u2019un pensionn\u00e9 sur trois partage ces inqui\u00e9tudes, alors m\u00eame que, \u00e0 l\u2019exception d\u2019un petit groupe, les mesures annonc\u00e9es ne les concernent pas directement. Cela r\u00e9v\u00e8le un important d\u00e9ficit d\u2019information\u00a0\u00bb<\/em>, souligne Colin Sanders, expert en retraite et long\u00e9vit\u00e9. <em>\u00ab\u00a0Les r\u00e9pondants le confirment eux-m\u00eames : 18% estiment ne pas \u00eatre suffisamment inform\u00e9s. Ce probl\u00e8me touche particuli\u00e8rement les personnes qui n\u2019ont pas d\u2019activit\u00e9 professionnelle, ainsi que les jeunes et les femmes. Il est donc urgent de communiquer clairement sur le sujet afin d\u2019apaiser ces pr\u00e9occupations.\u00a0\u00bb<\/em><\/p>\n<h3><strong><em>Les mesures sur le travail et la sant\u00e9 recueillent plus de soutien<\/em><\/strong><\/h3>\n<p>La nouvelle approche dite du \u00ab fit note \u00bb, o\u00f9 les m\u00e9decins se concentrent sur ce que les patients peuvent faire plut\u00f4t que sur leurs incapacit\u00e9s, b\u00e9n\u00e9ficie d\u2019un large soutien (53%). Par ailleurs, l\u2019instauration de sanctions en cas de non-coop\u00e9ration au processus de r\u00e9int\u00e9gration est approuv\u00e9e par une majorit\u00e9 (49%), contre 24% d\u2019opposants.<\/p>\n<h3><strong><em>Les belges soutiennent l\u2019id\u00e9e de mesures suppl\u00e9mentaires<\/em><\/strong><\/h3>\n<p>Enfin, l\u2019enqu\u00eate r\u00e9v\u00e8le que la population belge soutient plusieurs mesures compl\u00e9mentaires en mati\u00e8re de pensions. En effet, dans son m\u00e9moire sur les retraites, NN propose plusieurs mesures concr\u00e8tes visant \u00e0 adapter davantage le syst\u00e8me. Le Barom\u00e8tre de la S\u00e9r\u00e9nit\u00e9 Financi\u00e8re a \u00e9t\u00e9 l\u2019occasion d\u2019en tester la popularit\u00e9 . Il en ressort que :<\/p>\n<ul>\n<li>45 % des Belges soutiennent le mod\u00e8le de long\u00e9vit\u00e9, un syst\u00e8me de carri\u00e8re flexible (mini-retraites, pauses de reconversion\u2026) dans lequel le temps pris est compens\u00e9 par un allongement de la dur\u00e9e de travail en fin de carri\u00e8re.<\/li>\n<li>40 % sont favorables \u00e0 la suppression de l\u2019\u00e2ge l\u00e9gal de la retraite au profit d\u2019un syst\u00e8me bas\u00e9 sur le nombre de jours effectivement travaill\u00e9s, ou jours de carri\u00e8re. Ce mod\u00e8le bas\u00e9 sur les ann\u00e9es ou jours de carri\u00e8re est n\u00e9cessaire pour mettre en \u0153uvre le mod\u00e8le de long\u00e9vit\u00e9.<\/li>\n<li>Un large consensus se d\u00e9gage parmi presque toutes les cat\u00e9gories de la population en faveur d\u2019une politique de pr\u00e9vention renforc\u00e9e. La pr\u00e9vention est consid\u00e9r\u00e9e comme la cl\u00e9 pour rester en bonne sant\u00e9 plus longtemps et actif plus longtemps sur le march\u00e9 du travail.<\/li>\n<\/ul>\n<p><em>\u00ab\u00a0On constate chez la population une r\u00e9elle ouverture \u00e0 une r\u00e9invention compl\u00e8te du syst\u00e8me de carri\u00e8re et de retraite. En particulier, le foss\u00e9 entre emploi et pension est vivement remis en question. Les mesures qui recueillent le plus large soutien sont celles qui tendent \u00e0 r\u00e9duire ce foss\u00e9, comme les pauses de reconversion en cours de carri\u00e8re, voire les mini-retraites, ainsi que la suppression de l\u2019\u00e2ge l\u00e9gal de la retraite\u00a0\u00bb<\/em>, explique Colin Sanders.<\/p>\n","protected":false},"excerpt":{"rendered":"<p>Ces derniers mois, les r\u00e9formes des retraites propos\u00e9es par le gouvernement f\u00e9d\u00e9ral ont suscit\u00e9 de nombreuses protestations. Pourtant, selon le Barom\u00e8tre de la S\u00e9r\u00e9nit\u00e9 Financi\u00e8re de l\u2019assureur-vie NN, la population belge se r\u00e9v\u00e8le avant tout tr\u00e8s partag\u00e9e sur ces mesures [&hellip;]<\/p>\n","protected":false},"author":2,"featured_media":17818,"comment_status":"closed","ping_status":"open","sticky":false,"template":"","format":"standard","meta":[],"categories":[65,10],"tags":[292,1385,473],"yoast_head":"<!-- This site is optimized with the Yoast SEO plugin v21.0 - https:\/\/yoast.com\/wordpress\/plugins\/seo\/ -->\n<title>Les r\u00e9formes du gouvernement De Wever r\u00e9pondent-elles aux attentes de la population? Les femmes se montrent particuli\u00e8rement inqui\u00e8tes... - Peoplesphere<\/title>\n<meta name=\"robots\" content=\"index, follow, max-snippet:-1, max-image-preview:large, max-video-preview:-1\" \/>\n<link rel=\"canonical\" href=\"https:\/\/peoplesphere.be\/fr\/les-reformes-du-gouvernement-de-wever-repondent-elles-aux-attentes-de-la-population-les-femmes-se-montrent-particulierement-inquietes\/\" \/>\n<meta property=\"og:locale\" content=\"fr_FR\" \/>\n<meta property=\"og:type\" content=\"article\" \/>\n<meta property=\"og:title\" content=\"Les r\u00e9formes du gouvernement De Wever r\u00e9pondent-elles aux attentes de la population? Les femmes se montrent particuli\u00e8rement inqui\u00e8tes... - Peoplesphere\" \/>\n<meta property=\"og:description\" content=\"Ces derniers mois, les r\u00e9formes des retraites propos\u00e9es par le gouvernement f\u00e9d\u00e9ral ont suscit\u00e9 de nombreuses protestations. Pourtant, selon le Barom\u00e8tre de la S\u00e9r\u00e9nit\u00e9 Financi\u00e8re de l\u2019assureur-vie NN, la population belge se r\u00e9v\u00e8le avant tout tr\u00e8s partag\u00e9e sur ces mesures [&hellip;]\" \/>\n<meta property=\"og:url\" content=\"https:\/\/peoplesphere.be\/fr\/les-reformes-du-gouvernement-de-wever-repondent-elles-aux-attentes-de-la-population-les-femmes-se-montrent-particulierement-inquietes\/\" \/>\n<meta property=\"og:site_name\" content=\"Peoplesphere\" \/>\n<meta property=\"article:publisher\" content=\"https:\/\/www.facebook.com\/peoplesphere\" \/>\n<meta property=\"article:published_time\" content=\"2025-06-03T07:36:48+00:00\" \/>\n<meta property=\"og:image\" content=\"https:\/\/peoplesphere.be\/fr\/wp-content\/uploads\/2025\/06\/20250603womandewevercontest.jpg\" \/>\n\t<meta property=\"og:image:width\" content=\"1000\" \/>\n\t<meta property=\"og:image:height\" content=\"581\" \/>\n\t<meta property=\"og:image:type\" content=\"image\/jpeg\" \/>\n<meta name=\"author\" content=\"Jean-Paul Erhard\" \/>\n<meta name=\"twitter:card\" content=\"summary_large_image\" \/>\n<meta name=\"twitter:creator\" content=\"@PeoplesphereMag\" \/>\n<meta name=\"twitter:site\" content=\"@PeoplesphereMag\" \/>\n<meta name=\"twitter:label1\" content=\"\u00c9crit par\" \/>\n\t<meta name=\"twitter:data1\" content=\"Jean-Paul Erhard\" \/>\n\t<meta name=\"twitter:label2\" content=\"Dur\u00e9e de lecture estim\u00e9e\" \/>\n\t<meta name=\"twitter:data2\" content=\"5 minutes\" \/>\n<script type=\"application\/ld+json\" class=\"yoast-schema-graph\">{\"@context\":\"https:\/\/schema.org\",\"@graph\":[{\"@type\":\"Article\",\"@id\":\"https:\/\/peoplesphere.be\/fr\/les-reformes-du-gouvernement-de-wever-repondent-elles-aux-attentes-de-la-population-les-femmes-se-montrent-particulierement-inquietes\/#article\",\"isPartOf\":{\"@id\":\"https:\/\/peoplesphere.be\/fr\/les-reformes-du-gouvernement-de-wever-repondent-elles-aux-attentes-de-la-population-les-femmes-se-montrent-particulierement-inquietes\/\"},\"author\":{\"name\":\"Jean-Paul Erhard\",\"@id\":\"https:\/\/peoplesphere.be\/fr\/#\/schema\/person\/7976225ff17988604334abb7b3536a7e\"},\"headline\":\"Les r\u00e9formes du gouvernement De Wever r\u00e9pondent-elles aux attentes de la population? Les femmes se montrent particuli\u00e8rement inqui\u00e8tes&#8230;\",\"datePublished\":\"2025-06-03T07:36:48+00:00\",\"dateModified\":\"2025-06-03T07:36:48+00:00\",\"mainEntityOfPage\":{\"@id\":\"https:\/\/peoplesphere.be\/fr\/les-reformes-du-gouvernement-de-wever-repondent-elles-aux-attentes-de-la-population-les-femmes-se-montrent-particulierement-inquietes\/\"},\"wordCount\":1044,\"publisher\":{\"@id\":\"https:\/\/peoplesphere.be\/fr\/#organization\"},\"keywords\":[\"\u00e9galit\u00e9 des genres\",\"r\u00e9formes\",\"retraites\"],\"articleSection\":[\"Actualit\u00e9s\",\"Digital\"],\"inLanguage\":\"fr-FR\"},{\"@type\":\"WebPage\",\"@id\":\"https:\/\/peoplesphere.be\/fr\/les-reformes-du-gouvernement-de-wever-repondent-elles-aux-attentes-de-la-population-les-femmes-se-montrent-particulierement-inquietes\/\",\"url\":\"https:\/\/peoplesphere.be\/fr\/les-reformes-du-gouvernement-de-wever-repondent-elles-aux-attentes-de-la-population-les-femmes-se-montrent-particulierement-inquietes\/\",\"name\":\"Les r\u00e9formes du gouvernement De Wever r\u00e9pondent-elles aux attentes de la population? Les femmes se montrent particuli\u00e8rement inqui\u00e8tes... - Peoplesphere\",\"isPartOf\":{\"@id\":\"https:\/\/peoplesphere.be\/fr\/#website\"},\"datePublished\":\"2025-06-03T07:36:48+00:00\",\"dateModified\":\"2025-06-03T07:36:48+00:00\",\"breadcrumb\":{\"@id\":\"https:\/\/peoplesphere.be\/fr\/les-reformes-du-gouvernement-de-wever-repondent-elles-aux-attentes-de-la-population-les-femmes-se-montrent-particulierement-inquietes\/#breadcrumb\"},\"inLanguage\":\"fr-FR\",\"potentialAction\":[{\"@type\":\"ReadAction\",\"target\":[\"https:\/\/peoplesphere.be\/fr\/les-reformes-du-gouvernement-de-wever-repondent-elles-aux-attentes-de-la-population-les-femmes-se-montrent-particulierement-inquietes\/\"]}]},{\"@type\":\"BreadcrumbList\",\"@id\":\"https:\/\/peoplesphere.be\/fr\/les-reformes-du-gouvernement-de-wever-repondent-elles-aux-attentes-de-la-population-les-femmes-se-montrent-particulierement-inquietes\/#breadcrumb\",\"itemListElement\":[{\"@type\":\"ListItem\",\"position\":1,\"name\":\"Accueil\",\"item\":\"https:\/\/peoplesphere.be\/fr\/\"},{\"@type\":\"ListItem\",\"position\":2,\"name\":\"Les r\u00e9formes du gouvernement De Wever r\u00e9pondent-elles aux attentes de la population? Les femmes se montrent particuli\u00e8rement inqui\u00e8tes&#8230;\"}]},{\"@type\":\"WebSite\",\"@id\":\"https:\/\/peoplesphere.be\/fr\/#website\",\"url\":\"https:\/\/peoplesphere.be\/fr\/\",\"name\":\"Peoplesphere\",\"description\":\"The People Managers Magazine\",\"publisher\":{\"@id\":\"https:\/\/peoplesphere.be\/fr\/#organization\"},\"potentialAction\":[{\"@type\":\"SearchAction\",\"target\":{\"@type\":\"EntryPoint\",\"urlTemplate\":\"https:\/\/peoplesphere.be\/fr\/?s={search_term_string}\"},\"query-input\":\"required name=search_term_string\"}],\"inLanguage\":\"fr-FR\"},{\"@type\":\"Organization\",\"@id\":\"https:\/\/peoplesphere.be\/fr\/#organization\",\"name\":\"Peoplesphere Company srl\",\"url\":\"https:\/\/peoplesphere.be\/fr\/\",\"logo\":{\"@type\":\"ImageObject\",\"inLanguage\":\"fr-FR\",\"@id\":\"https:\/\/peoplesphere.be\/fr\/#\/schema\/logo\/image\/\",\"url\":\"https:\/\/peoplesphere.be\/fr\/wp-content\/uploads\/2023\/07\/peoplesphere-lgo-new-generik.jpg\",\"contentUrl\":\"https:\/\/peoplesphere.be\/fr\/wp-content\/uploads\/2023\/07\/peoplesphere-lgo-new-generik.jpg\",\"width\":1031,\"height\":1479,\"caption\":\"Peoplesphere Company srl\"},\"image\":{\"@id\":\"https:\/\/peoplesphere.be\/fr\/#\/schema\/logo\/image\/\"},\"sameAs\":[\"https:\/\/www.facebook.com\/peoplesphere\",\"https:\/\/twitter.com\/PeoplesphereMag\",\"https:\/\/www.linkedin.com\/company\/7587361?trk\",\"http:\/\/youtube.com\/peoplesphere\"]},{\"@type\":\"Person\",\"@id\":\"https:\/\/peoplesphere.be\/fr\/#\/schema\/person\/7976225ff17988604334abb7b3536a7e\",\"name\":\"Jean-Paul Erhard\",\"image\":{\"@type\":\"ImageObject\",\"inLanguage\":\"fr-FR\",\"@id\":\"https:\/\/peoplesphere.be\/fr\/#\/schema\/person\/image\/\",\"url\":\"https:\/\/secure.gravatar.com\/avatar\/f941e681460179738071629a51574930?s=96&d=mm&r=g\",\"contentUrl\":\"https:\/\/secure.gravatar.com\/avatar\/f941e681460179738071629a51574930?s=96&d=mm&r=g\",\"caption\":\"Jean-Paul Erhard\"},\"url\":\"https:\/\/peoplesphere.be\/fr\/author\/jpe\/\"}]}<\/script>\n<!-- \/ Yoast SEO plugin. -->","yoast_head_json":{"title":"Les r\u00e9formes du gouvernement De Wever r\u00e9pondent-elles aux attentes de la population? Les femmes se montrent particuli\u00e8rement inqui\u00e8tes... - Peoplesphere","robots":{"index":"index","follow":"follow","max-snippet":"max-snippet:-1","max-image-preview":"max-image-preview:large","max-video-preview":"max-video-preview:-1"},"canonical":"https:\/\/peoplesphere.be\/fr\/les-reformes-du-gouvernement-de-wever-repondent-elles-aux-attentes-de-la-population-les-femmes-se-montrent-particulierement-inquietes\/","og_locale":"fr_FR","og_type":"article","og_title":"Les r\u00e9formes du gouvernement De Wever r\u00e9pondent-elles aux attentes de la population? Les femmes se montrent particuli\u00e8rement inqui\u00e8tes... - Peoplesphere","og_description":"Ces derniers mois, les r\u00e9formes des retraites propos\u00e9es par le gouvernement f\u00e9d\u00e9ral ont suscit\u00e9 de nombreuses protestations. Pourtant, selon le Barom\u00e8tre de la S\u00e9r\u00e9nit\u00e9 Financi\u00e8re de l\u2019assureur-vie NN, la population belge se r\u00e9v\u00e8le avant tout tr\u00e8s partag\u00e9e sur ces mesures [&hellip;]","og_url":"https:\/\/peoplesphere.be\/fr\/les-reformes-du-gouvernement-de-wever-repondent-elles-aux-attentes-de-la-population-les-femmes-se-montrent-particulierement-inquietes\/","og_site_name":"Peoplesphere","article_publisher":"https:\/\/www.facebook.com\/peoplesphere","article_published_time":"2025-06-03T07:36:48+00:00","og_image":[{"width":1000,"height":581,"url":"https:\/\/peoplesphere.be\/fr\/wp-content\/uploads\/2025\/06\/20250603womandewevercontest.jpg","type":"image\/jpeg"}],"author":"Jean-Paul Erhard","twitter_card":"summary_large_image","twitter_creator":"@PeoplesphereMag","twitter_site":"@PeoplesphereMag","twitter_misc":{"\u00c9crit par":"Jean-Paul Erhard","Dur\u00e9e de lecture estim\u00e9e":"5 minutes"},"schema":{"@context":"https:\/\/schema.org","@graph":[{"@type":"Article","@id":"https:\/\/peoplesphere.be\/fr\/les-reformes-du-gouvernement-de-wever-repondent-elles-aux-attentes-de-la-population-les-femmes-se-montrent-particulierement-inquietes\/#article","isPartOf":{"@id":"https:\/\/peoplesphere.be\/fr\/les-reformes-du-gouvernement-de-wever-repondent-elles-aux-attentes-de-la-population-les-femmes-se-montrent-particulierement-inquietes\/"},"author":{"name":"Jean-Paul Erhard","@id":"https:\/\/peoplesphere.be\/fr\/#\/schema\/person\/7976225ff17988604334abb7b3536a7e"},"headline":"Les r\u00e9formes du gouvernement De Wever r\u00e9pondent-elles aux attentes de la population? Les femmes se montrent particuli\u00e8rement inqui\u00e8tes&#8230;","datePublished":"2025-06-03T07:36:48+00:00","dateModified":"2025-06-03T07:36:48+00:00","mainEntityOfPage":{"@id":"https:\/\/peoplesphere.be\/fr\/les-reformes-du-gouvernement-de-wever-repondent-elles-aux-attentes-de-la-population-les-femmes-se-montrent-particulierement-inquietes\/"},"wordCount":1044,"publisher":{"@id":"https:\/\/peoplesphere.be\/fr\/#organization"},"keywords":["\u00e9galit\u00e9 des genres","r\u00e9formes","retraites"],"articleSection":["Actualit\u00e9s","Digital"],"inLanguage":"fr-FR"},{"@type":"WebPage","@id":"https:\/\/peoplesphere.be\/fr\/les-reformes-du-gouvernement-de-wever-repondent-elles-aux-attentes-de-la-population-les-femmes-se-montrent-particulierement-inquietes\/","url":"https:\/\/peoplesphere.be\/fr\/les-reformes-du-gouvernement-de-wever-repondent-elles-aux-attentes-de-la-population-les-femmes-se-montrent-particulierement-inquietes\/","name":"Les r\u00e9formes du gouvernement De Wever r\u00e9pondent-elles aux attentes de la population? Les femmes se montrent particuli\u00e8rement inqui\u00e8tes... - Peoplesphere","isPartOf":{"@id":"https:\/\/peoplesphere.be\/fr\/#website"},"datePublished":"2025-06-03T07:36:48+00:00","dateModified":"2025-06-03T07:36:48+00:00","breadcrumb":{"@id":"https:\/\/peoplesphere.be\/fr\/les-reformes-du-gouvernement-de-wever-repondent-elles-aux-attentes-de-la-population-les-femmes-se-montrent-particulierement-inquietes\/#breadcrumb"},"inLanguage":"fr-FR","potentialAction":[{"@type":"ReadAction","target":["https:\/\/peoplesphere.be\/fr\/les-reformes-du-gouvernement-de-wever-repondent-elles-aux-attentes-de-la-population-les-femmes-se-montrent-particulierement-inquietes\/"]}]},{"@type":"BreadcrumbList","@id":"https:\/\/peoplesphere.be\/fr\/les-reformes-du-gouvernement-de-wever-repondent-elles-aux-attentes-de-la-population-les-femmes-se-montrent-particulierement-inquietes\/#breadcrumb","itemListElement":[{"@type":"ListItem","position":1,"name":"Accueil","item":"https:\/\/peoplesphere.be\/fr\/"},{"@type":"ListItem","position":2,"name":"Les r\u00e9formes du gouvernement De Wever r\u00e9pondent-elles aux attentes de la population? Les femmes se montrent particuli\u00e8rement inqui\u00e8tes&#8230;"}]},{"@type":"WebSite","@id":"https:\/\/peoplesphere.be\/fr\/#website","url":"https:\/\/peoplesphere.be\/fr\/","name":"Peoplesphere","description":"The People Managers Magazine","publisher":{"@id":"https:\/\/peoplesphere.be\/fr\/#organization"},"potentialAction":[{"@type":"SearchAction","target":{"@type":"EntryPoint","urlTemplate":"https:\/\/peoplesphere.be\/fr\/?s={search_term_string}"},"query-input":"required name=search_term_string"}],"inLanguage":"fr-FR"},{"@type":"Organization","@id":"https:\/\/peoplesphere.be\/fr\/#organization","name":"Peoplesphere Company srl","url":"https:\/\/peoplesphere.be\/fr\/","logo":{"@type":"ImageObject","inLanguage":"fr-FR","@id":"https:\/\/peoplesphere.be\/fr\/#\/schema\/logo\/image\/","url":"https:\/\/peoplesphere.be\/fr\/wp-content\/uploads\/2023\/07\/peoplesphere-lgo-new-generik.jpg","contentUrl":"https:\/\/peoplesphere.be\/fr\/wp-content\/uploads\/2023\/07\/peoplesphere-lgo-new-generik.jpg","width":1031,"height":1479,"caption":"Peoplesphere Company srl"},"image":{"@id":"https:\/\/peoplesphere.be\/fr\/#\/schema\/logo\/image\/"},"sameAs":["https:\/\/www.facebook.com\/peoplesphere","https:\/\/twitter.com\/PeoplesphereMag","https:\/\/www.linkedin.com\/company\/7587361?trk","http:\/\/youtube.com\/peoplesphere"]},{"@type":"Person","@id":"https:\/\/peoplesphere.be\/fr\/#\/schema\/person\/7976225ff17988604334abb7b3536a7e","name":"Jean-Paul Erhard","image":{"@type":"ImageObject","inLanguage":"fr-FR","@id":"https:\/\/peoplesphere.be\/fr\/#\/schema\/person\/image\/","url":"https:\/\/secure.gravatar.com\/avatar\/f941e681460179738071629a51574930?s=96&d=mm&r=g","contentUrl":"https:\/\/secure.gravatar.com\/avatar\/f941e681460179738071629a51574930?s=96&d=mm&r=g","caption":"Jean-Paul Erhard"},"url":"https:\/\/peoplesphere.be\/fr\/author\/jpe\/"}]}},"_links":{"self":[{"href":"https:\/\/peoplesphere.be\/fr\/wp-json\/wp\/v2\/posts\/17817"}],"collection":[{"href":"https:\/\/peoplesphere.be\/fr\/wp-json\/wp\/v2\/posts"}],"about":[{"href":"https:\/\/peoplesphere.be\/fr\/wp-json\/wp\/v2\/types\/post"}],"author":[{"embeddable":true,"href":"https:\/\/peoplesphere.be\/fr\/wp-json\/wp\/v2\/users\/2"}],"replies":[{"embeddable":true,"href":"https:\/\/peoplesphere.be\/fr\/wp-json\/wp\/v2\/comments?post=17817"}],"version-history":[{"count":1,"href":"https:\/\/peoplesphere.be\/fr\/wp-json\/wp\/v2\/posts\/17817\/revisions"}],"predecessor-version":[{"id":17819,"href":"https:\/\/peoplesphere.be\/fr\/wp-json\/wp\/v2\/posts\/17817\/revisions\/17819"}],"wp:featuredmedia":[{"embeddable":true,"href":"https:\/\/peoplesphere.be\/fr\/wp-json\/wp\/v2\/media\/17818"}],"wp:attachment":[{"href":"https:\/\/peoplesphere.be\/fr\/wp-json\/wp\/v2\/media?parent=17817"}],"wp:term":[{"taxonomy":"category","embeddable":true,"href":"https:\/\/peoplesphere.be\/fr\/wp-json\/wp\/v2\/categories?post=17817"},{"taxonomy":"post_tag","embeddable":true,"href":"https:\/\/peoplesphere.be\/fr\/wp-json\/wp\/v2\/tags?post=17817"}],"curies":[{"name":"wp","href":"https:\/\/api.w.org\/{rel}","templated":true}]}}