









{"id":17825,"date":"2025-06-04T09:42:42","date_gmt":"2025-06-04T07:42:42","guid":{"rendered":"https:\/\/peoplesphere.be\/fr\/?p=17825"},"modified":"2025-06-04T09:42:42","modified_gmt":"2025-06-04T07:42:42","slug":"discussions-improductives-entre-partenaires-sociaux-au-sein-du-g10-la-reaction-syndicale","status":"publish","type":"post","link":"https:\/\/peoplesphere.be\/fr\/discussions-improductives-entre-partenaires-sociaux-au-sein-du-g10-la-reaction-syndicale\/","title":{"rendered":"Discussions improductives entre partenaires sociaux au sein du G10, la r\u00e9action syndicale."},"content":{"rendered":"<p><em>\u00ab\u00a0Les employeurs rejettent toutes les avanc\u00e9es sur l\u2019augmentation du pouvoir d\u2019achat.\u00a0\u00bb<\/em> Voici comment les trois organisations syndicales r\u00e9sument le r\u00e9cent tour de concertation intervenu au sein du Groupe des 10 qui s&rsquo;est r\u00e9uni ce mardi 3 juin.<!--more--><\/p>\n<p>En front commun, la CSC, la CGSLB et la FGTB r\u00e9agissent : <em>\u00ab\u00a0Malgr\u00e9 les perspectives rassurantes en mati\u00e8re d\u2019inflation et les g\u00e9n\u00e9reuses r\u00e9ductions de cotisations patronales octroy\u00e9es par le gouvernement, les f\u00e9d\u00e9rations patronales s\u2019agrippent \u00e0 une loi obsol\u00e8te qui bloque les salaires pour les deux ann\u00e9es \u00e0 venir au minimum.<\/em><\/p>\n<p><em>En outre, les employeurs rejettent jusqu\u2019\u00e0 pr\u00e9sent toutes les propositions d\u2019augmentation des salaires, sous quelque forme que ce soit.<\/em><br \/>\n<em>L\u2019accord de gouvernement pr\u00e9voit \u2013 \u00e0 juste titre \u2013 une revalorisation de l\u2019intervention maximale autoris\u00e9e pour les ch\u00e8ques-repas, \u00e0 raison de deux hausses de deux euros chacune. Alors que cette op\u00e9ration doit \u00eatre r\u00e9alis\u00e9e dans les meilleurs d\u00e9lais, comme stipul\u00e9 dans l\u2019accord de gouvernement, aucune initiative n\u2019a \u00e9t\u00e9 prise \u00e0 ce jour, les employeurs voulant la reporter\u2026 sans date pr\u00e9cise. Nous attendons donc du gouvernement qu\u2019il concr\u00e9tise cette mesure d\u00e8s 2025.<\/em><\/p>\n<p><em>Une prime n\u00e9goci\u00e9e au niveau sectoriel repr\u00e9senterait un compromis minimal, une bulle d\u2019oxyg\u00e8ne pour celles et ceux qui travaillent, de m\u00eame que pour les m\u00e9nages en difficult\u00e9. Mais les employeurs refusent \u00e9galement d\u2019en discuter!<\/em><\/p>\n<p><em>Le d\u00e9s\u00e9quilibre est criant entre, d\u2019une part, les cadeaux plantureux aux entreprises et les palabres autour d\u2019une maigre taxation des plus-values, et d\u2019autre part, le d\u00e9mant\u00e8lement des droits et protections des allocataires sociaux pr\u00e9vus dans la loi programme.\u00a0\u00bb<\/em><\/p>\n<p>&nbsp;<\/p>\n<p><em>Source: FGTB &#8211; CSC &#8211; CGSLB<\/em><\/p>\n","protected":false},"excerpt":{"rendered":"<p>\u00ab\u00a0Les employeurs rejettent toutes les avanc\u00e9es sur l\u2019augmentation du pouvoir d\u2019achat.\u00a0\u00bb Voici comment les trois organisations syndicales r\u00e9sument le r\u00e9cent tour de concertation intervenu au sein du Groupe des 10 qui s&rsquo;est r\u00e9uni ce mardi 3 juin.<\/p>\n","protected":false},"author":2,"featured_media":0,"comment_status":"closed","ping_status":"open","sticky":false,"template":"","format":"standard","meta":[],"categories":[65,10],"tags":[332,4294,148,110],"yoast_head":"<!-- This site is optimized with the Yoast SEO plugin v21.0 - https:\/\/yoast.com\/wordpress\/plugins\/seo\/ -->\n<title>Discussions improductives entre partenaires sociaux au sein du G10, la r\u00e9action syndicale. - Peoplesphere<\/title>\n<meta name=\"robots\" content=\"index, follow, max-snippet:-1, max-image-preview:large, max-video-preview:-1\" \/>\n<link rel=\"canonical\" href=\"https:\/\/peoplesphere.be\/fr\/discussions-improductives-entre-partenaires-sociaux-au-sein-du-g10-la-reaction-syndicale\/\" \/>\n<meta property=\"og:locale\" content=\"fr_FR\" \/>\n<meta property=\"og:type\" content=\"article\" \/>\n<meta property=\"og:title\" content=\"Discussions improductives entre partenaires sociaux au sein du G10, la r\u00e9action syndicale. - Peoplesphere\" \/>\n<meta property=\"og:description\" content=\"\u00ab\u00a0Les employeurs rejettent toutes les avanc\u00e9es sur l\u2019augmentation du pouvoir d\u2019achat.\u00a0\u00bb Voici comment les trois organisations syndicales r\u00e9sument le r\u00e9cent tour de concertation intervenu au sein du Groupe des 10 qui s&rsquo;est r\u00e9uni ce mardi 3 juin.\" \/>\n<meta property=\"og:url\" content=\"https:\/\/peoplesphere.be\/fr\/discussions-improductives-entre-partenaires-sociaux-au-sein-du-g10-la-reaction-syndicale\/\" \/>\n<meta property=\"og:site_name\" content=\"Peoplesphere\" \/>\n<meta property=\"article:publisher\" content=\"https:\/\/www.facebook.com\/peoplesphere\" \/>\n<meta property=\"article:published_time\" content=\"2025-06-04T07:42:42+00:00\" \/>\n<meta property=\"og:image\" content=\"http:\/\/www.peoplesphere.be\/fr\/wp-content\/uploads\/2016\/07\/facebook-default-posting-1200x628px.jpg\" \/>\n<meta name=\"author\" content=\"Jean-Paul Erhard\" \/>\n<meta name=\"twitter:card\" content=\"summary_large_image\" \/>\n<meta name=\"twitter:creator\" content=\"@PeoplesphereMag\" \/>\n<meta name=\"twitter:site\" content=\"@PeoplesphereMag\" \/>\n<meta name=\"twitter:label1\" content=\"\u00c9crit par\" \/>\n\t<meta name=\"twitter:data1\" content=\"Jean-Paul Erhard\" \/>\n\t<meta name=\"twitter:label2\" content=\"Dur\u00e9e de lecture estim\u00e9e\" \/>\n\t<meta name=\"twitter:data2\" content=\"2 minutes\" \/>\n<script type=\"application\/ld+json\" class=\"yoast-schema-graph\">{\"@context\":\"https:\/\/schema.org\",\"@graph\":[{\"@type\":\"Article\",\"@id\":\"https:\/\/peoplesphere.be\/fr\/discussions-improductives-entre-partenaires-sociaux-au-sein-du-g10-la-reaction-syndicale\/#article\",\"isPartOf\":{\"@id\":\"https:\/\/peoplesphere.be\/fr\/discussions-improductives-entre-partenaires-sociaux-au-sein-du-g10-la-reaction-syndicale\/\"},\"author\":{\"name\":\"Jean-Paul Erhard\",\"@id\":\"https:\/\/peoplesphere.be\/fr\/#\/schema\/person\/7976225ff17988604334abb7b3536a7e\"},\"headline\":\"Discussions improductives entre partenaires sociaux au sein du G10, la r\u00e9action syndicale.\",\"datePublished\":\"2025-06-04T07:42:42+00:00\",\"dateModified\":\"2025-06-04T07:42:42+00:00\",\"mainEntityOfPage\":{\"@id\":\"https:\/\/peoplesphere.be\/fr\/discussions-improductives-entre-partenaires-sociaux-au-sein-du-g10-la-reaction-syndicale\/\"},\"wordCount\":309,\"publisher\":{\"@id\":\"https:\/\/peoplesphere.be\/fr\/#organization\"},\"keywords\":[\"concertation sociale\",\"G10\",\"pouvoir d'achat\",\"syndicats\"],\"articleSection\":[\"Actualit\u00e9s\",\"Digital\"],\"inLanguage\":\"fr-FR\"},{\"@type\":\"WebPage\",\"@id\":\"https:\/\/peoplesphere.be\/fr\/discussions-improductives-entre-partenaires-sociaux-au-sein-du-g10-la-reaction-syndicale\/\",\"url\":\"https:\/\/peoplesphere.be\/fr\/discussions-improductives-entre-partenaires-sociaux-au-sein-du-g10-la-reaction-syndicale\/\",\"name\":\"Discussions improductives entre partenaires sociaux au sein du G10, la r\u00e9action syndicale. - Peoplesphere\",\"isPartOf\":{\"@id\":\"https:\/\/peoplesphere.be\/fr\/#website\"},\"datePublished\":\"2025-06-04T07:42:42+00:00\",\"dateModified\":\"2025-06-04T07:42:42+00:00\",\"breadcrumb\":{\"@id\":\"https:\/\/peoplesphere.be\/fr\/discussions-improductives-entre-partenaires-sociaux-au-sein-du-g10-la-reaction-syndicale\/#breadcrumb\"},\"inLanguage\":\"fr-FR\",\"potentialAction\":[{\"@type\":\"ReadAction\",\"target\":[\"https:\/\/peoplesphere.be\/fr\/discussions-improductives-entre-partenaires-sociaux-au-sein-du-g10-la-reaction-syndicale\/\"]}]},{\"@type\":\"BreadcrumbList\",\"@id\":\"https:\/\/peoplesphere.be\/fr\/discussions-improductives-entre-partenaires-sociaux-au-sein-du-g10-la-reaction-syndicale\/#breadcrumb\",\"itemListElement\":[{\"@type\":\"ListItem\",\"position\":1,\"name\":\"Accueil\",\"item\":\"https:\/\/peoplesphere.be\/fr\/\"},{\"@type\":\"ListItem\",\"position\":2,\"name\":\"Discussions improductives entre partenaires sociaux au sein du G10, la r\u00e9action syndicale.\"}]},{\"@type\":\"WebSite\",\"@id\":\"https:\/\/peoplesphere.be\/fr\/#website\",\"url\":\"https:\/\/peoplesphere.be\/fr\/\",\"name\":\"Peoplesphere\",\"description\":\"The People Managers Magazine\",\"publisher\":{\"@id\":\"https:\/\/peoplesphere.be\/fr\/#organization\"},\"potentialAction\":[{\"@type\":\"SearchAction\",\"target\":{\"@type\":\"EntryPoint\",\"urlTemplate\":\"https:\/\/peoplesphere.be\/fr\/?s={search_term_string}\"},\"query-input\":\"required name=search_term_string\"}],\"inLanguage\":\"fr-FR\"},{\"@type\":\"Organization\",\"@id\":\"https:\/\/peoplesphere.be\/fr\/#organization\",\"name\":\"Peoplesphere Company srl\",\"url\":\"https:\/\/peoplesphere.be\/fr\/\",\"logo\":{\"@type\":\"ImageObject\",\"inLanguage\":\"fr-FR\",\"@id\":\"https:\/\/peoplesphere.be\/fr\/#\/schema\/logo\/image\/\",\"url\":\"https:\/\/peoplesphere.be\/fr\/wp-content\/uploads\/2023\/07\/peoplesphere-lgo-new-generik.jpg\",\"contentUrl\":\"https:\/\/peoplesphere.be\/fr\/wp-content\/uploads\/2023\/07\/peoplesphere-lgo-new-generik.jpg\",\"width\":1031,\"height\":1479,\"caption\":\"Peoplesphere Company srl\"},\"image\":{\"@id\":\"https:\/\/peoplesphere.be\/fr\/#\/schema\/logo\/image\/\"},\"sameAs\":[\"https:\/\/www.facebook.com\/peoplesphere\",\"https:\/\/twitter.com\/PeoplesphereMag\",\"https:\/\/www.linkedin.com\/company\/7587361?trk\",\"http:\/\/youtube.com\/peoplesphere\"]},{\"@type\":\"Person\",\"@id\":\"https:\/\/peoplesphere.be\/fr\/#\/schema\/person\/7976225ff17988604334abb7b3536a7e\",\"name\":\"Jean-Paul Erhard\",\"image\":{\"@type\":\"ImageObject\",\"inLanguage\":\"fr-FR\",\"@id\":\"https:\/\/peoplesphere.be\/fr\/#\/schema\/person\/image\/\",\"url\":\"https:\/\/secure.gravatar.com\/avatar\/f941e681460179738071629a51574930?s=96&d=mm&r=g\",\"contentUrl\":\"https:\/\/secure.gravatar.com\/avatar\/f941e681460179738071629a51574930?s=96&d=mm&r=g\",\"caption\":\"Jean-Paul Erhard\"},\"url\":\"https:\/\/peoplesphere.be\/fr\/author\/jpe\/\"}]}<\/script>\n<!-- \/ Yoast SEO plugin. -->","yoast_head_json":{"title":"Discussions improductives entre partenaires sociaux au sein du G10, la r\u00e9action syndicale. - Peoplesphere","robots":{"index":"index","follow":"follow","max-snippet":"max-snippet:-1","max-image-preview":"max-image-preview:large","max-video-preview":"max-video-preview:-1"},"canonical":"https:\/\/peoplesphere.be\/fr\/discussions-improductives-entre-partenaires-sociaux-au-sein-du-g10-la-reaction-syndicale\/","og_locale":"fr_FR","og_type":"article","og_title":"Discussions improductives entre partenaires sociaux au sein du G10, la r\u00e9action syndicale. - Peoplesphere","og_description":"\u00ab\u00a0Les employeurs rejettent toutes les avanc\u00e9es sur l\u2019augmentation du pouvoir d\u2019achat.\u00a0\u00bb Voici comment les trois organisations syndicales r\u00e9sument le r\u00e9cent tour de concertation intervenu au sein du Groupe des 10 qui s&rsquo;est r\u00e9uni ce mardi 3 juin.","og_url":"https:\/\/peoplesphere.be\/fr\/discussions-improductives-entre-partenaires-sociaux-au-sein-du-g10-la-reaction-syndicale\/","og_site_name":"Peoplesphere","article_publisher":"https:\/\/www.facebook.com\/peoplesphere","article_published_time":"2025-06-04T07:42:42+00:00","og_image":[{"url":"http:\/\/www.peoplesphere.be\/fr\/wp-content\/uploads\/2016\/07\/facebook-default-posting-1200x628px.jpg"}],"author":"Jean-Paul Erhard","twitter_card":"summary_large_image","twitter_creator":"@PeoplesphereMag","twitter_site":"@PeoplesphereMag","twitter_misc":{"\u00c9crit par":"Jean-Paul Erhard","Dur\u00e9e de lecture estim\u00e9e":"2 minutes"},"schema":{"@context":"https:\/\/schema.org","@graph":[{"@type":"Article","@id":"https:\/\/peoplesphere.be\/fr\/discussions-improductives-entre-partenaires-sociaux-au-sein-du-g10-la-reaction-syndicale\/#article","isPartOf":{"@id":"https:\/\/peoplesphere.be\/fr\/discussions-improductives-entre-partenaires-sociaux-au-sein-du-g10-la-reaction-syndicale\/"},"author":{"name":"Jean-Paul Erhard","@id":"https:\/\/peoplesphere.be\/fr\/#\/schema\/person\/7976225ff17988604334abb7b3536a7e"},"headline":"Discussions improductives entre partenaires sociaux au sein du G10, la r\u00e9action syndicale.","datePublished":"2025-06-04T07:42:42+00:00","dateModified":"2025-06-04T07:42:42+00:00","mainEntityOfPage":{"@id":"https:\/\/peoplesphere.be\/fr\/discussions-improductives-entre-partenaires-sociaux-au-sein-du-g10-la-reaction-syndicale\/"},"wordCount":309,"publisher":{"@id":"https:\/\/peoplesphere.be\/fr\/#organization"},"keywords":["concertation sociale","G10","pouvoir d'achat","syndicats"],"articleSection":["Actualit\u00e9s","Digital"],"inLanguage":"fr-FR"},{"@type":"WebPage","@id":"https:\/\/peoplesphere.be\/fr\/discussions-improductives-entre-partenaires-sociaux-au-sein-du-g10-la-reaction-syndicale\/","url":"https:\/\/peoplesphere.be\/fr\/discussions-improductives-entre-partenaires-sociaux-au-sein-du-g10-la-reaction-syndicale\/","name":"Discussions improductives entre partenaires sociaux au sein du G10, la r\u00e9action syndicale. - Peoplesphere","isPartOf":{"@id":"https:\/\/peoplesphere.be\/fr\/#website"},"datePublished":"2025-06-04T07:42:42+00:00","dateModified":"2025-06-04T07:42:42+00:00","breadcrumb":{"@id":"https:\/\/peoplesphere.be\/fr\/discussions-improductives-entre-partenaires-sociaux-au-sein-du-g10-la-reaction-syndicale\/#breadcrumb"},"inLanguage":"fr-FR","potentialAction":[{"@type":"ReadAction","target":["https:\/\/peoplesphere.be\/fr\/discussions-improductives-entre-partenaires-sociaux-au-sein-du-g10-la-reaction-syndicale\/"]}]},{"@type":"BreadcrumbList","@id":"https:\/\/peoplesphere.be\/fr\/discussions-improductives-entre-partenaires-sociaux-au-sein-du-g10-la-reaction-syndicale\/#breadcrumb","itemListElement":[{"@type":"ListItem","position":1,"name":"Accueil","item":"https:\/\/peoplesphere.be\/fr\/"},{"@type":"ListItem","position":2,"name":"Discussions improductives entre partenaires sociaux au sein du G10, la r\u00e9action syndicale."}]},{"@type":"WebSite","@id":"https:\/\/peoplesphere.be\/fr\/#website","url":"https:\/\/peoplesphere.be\/fr\/","name":"Peoplesphere","description":"The People Managers Magazine","publisher":{"@id":"https:\/\/peoplesphere.be\/fr\/#organization"},"potentialAction":[{"@type":"SearchAction","target":{"@type":"EntryPoint","urlTemplate":"https:\/\/peoplesphere.be\/fr\/?s={search_term_string}"},"query-input":"required name=search_term_string"}],"inLanguage":"fr-FR"},{"@type":"Organization","@id":"https:\/\/peoplesphere.be\/fr\/#organization","name":"Peoplesphere Company srl","url":"https:\/\/peoplesphere.be\/fr\/","logo":{"@type":"ImageObject","inLanguage":"fr-FR","@id":"https:\/\/peoplesphere.be\/fr\/#\/schema\/logo\/image\/","url":"https:\/\/peoplesphere.be\/fr\/wp-content\/uploads\/2023\/07\/peoplesphere-lgo-new-generik.jpg","contentUrl":"https:\/\/peoplesphere.be\/fr\/wp-content\/uploads\/2023\/07\/peoplesphere-lgo-new-generik.jpg","width":1031,"height":1479,"caption":"Peoplesphere Company srl"},"image":{"@id":"https:\/\/peoplesphere.be\/fr\/#\/schema\/logo\/image\/"},"sameAs":["https:\/\/www.facebook.com\/peoplesphere","https:\/\/twitter.com\/PeoplesphereMag","https:\/\/www.linkedin.com\/company\/7587361?trk","http:\/\/youtube.com\/peoplesphere"]},{"@type":"Person","@id":"https:\/\/peoplesphere.be\/fr\/#\/schema\/person\/7976225ff17988604334abb7b3536a7e","name":"Jean-Paul Erhard","image":{"@type":"ImageObject","inLanguage":"fr-FR","@id":"https:\/\/peoplesphere.be\/fr\/#\/schema\/person\/image\/","url":"https:\/\/secure.gravatar.com\/avatar\/f941e681460179738071629a51574930?s=96&d=mm&r=g","contentUrl":"https:\/\/secure.gravatar.com\/avatar\/f941e681460179738071629a51574930?s=96&d=mm&r=g","caption":"Jean-Paul Erhard"},"url":"https:\/\/peoplesphere.be\/fr\/author\/jpe\/"}]}},"_links":{"self":[{"href":"https:\/\/peoplesphere.be\/fr\/wp-json\/wp\/v2\/posts\/17825"}],"collection":[{"href":"https:\/\/peoplesphere.be\/fr\/wp-json\/wp\/v2\/posts"}],"about":[{"href":"https:\/\/peoplesphere.be\/fr\/wp-json\/wp\/v2\/types\/post"}],"author":[{"embeddable":true,"href":"https:\/\/peoplesphere.be\/fr\/wp-json\/wp\/v2\/users\/2"}],"replies":[{"embeddable":true,"href":"https:\/\/peoplesphere.be\/fr\/wp-json\/wp\/v2\/comments?post=17825"}],"version-history":[{"count":1,"href":"https:\/\/peoplesphere.be\/fr\/wp-json\/wp\/v2\/posts\/17825\/revisions"}],"predecessor-version":[{"id":17826,"href":"https:\/\/peoplesphere.be\/fr\/wp-json\/wp\/v2\/posts\/17825\/revisions\/17826"}],"wp:attachment":[{"href":"https:\/\/peoplesphere.be\/fr\/wp-json\/wp\/v2\/media?parent=17825"}],"wp:term":[{"taxonomy":"category","embeddable":true,"href":"https:\/\/peoplesphere.be\/fr\/wp-json\/wp\/v2\/categories?post=17825"},{"taxonomy":"post_tag","embeddable":true,"href":"https:\/\/peoplesphere.be\/fr\/wp-json\/wp\/v2\/tags?post=17825"}],"curies":[{"name":"wp","href":"https:\/\/api.w.org\/{rel}","templated":true}]}}