









{"id":17832,"date":"2025-06-05T09:22:46","date_gmt":"2025-06-05T07:22:46","guid":{"rendered":"https:\/\/peoplesphere.be\/fr\/?p=17832"},"modified":"2025-06-05T09:24:51","modified_gmt":"2025-06-05T07:24:51","slug":"le-nombre-de-demandeurs-demploi-de-longue-duree-a-nouveau-en-augmentation-la-region-bruxelloise-nechappe-pas-a-la-tendance","status":"publish","type":"post","link":"https:\/\/peoplesphere.be\/fr\/le-nombre-de-demandeurs-demploi-de-longue-duree-a-nouveau-en-augmentation-la-region-bruxelloise-nechappe-pas-a-la-tendance\/","title":{"rendered":"Le nombre de demandeurs d&#8217;emploi de longue dur\u00e9e \u00e0 nouveau en augmentation: la r\u00e9gion Bruxelloise n&rsquo;\u00e9chappe pas \u00e0 la tendance."},"content":{"rendered":"<p>Fin mai 2025, Actiris compte 89.931 chercheurs d&#8217;emploi inscrits, soit une augmentation (+0,7%) par rapport \u00e0 mai 2024. Le taux de ch\u00f4mage est de 14,3% et est stable (+0,10 point de pourcentage) par rapport \u00e0 mai 2024. Pour rappel, le taux de ch\u00f4mage est le pourcentage des personnes faisant partie de la population active qui sont au ch\u00f4mage.<!--more--><\/p>\n<p>La population active est la population en \u00e2ge de travailler et qui travaille ou est en recherche d&#8217;emploi. Les inactifs, qui ne sont donc pas repris dans le calcul du taux de ch\u00f4mage, sont les personnes \u00e2g\u00e9es de 15 ans ou plus qui ne sont ni en emploi ni au ch\u00f4mage (\u00e9tudiants, retrait\u00e9s, entre autres).<\/p>\n<p>On compte au cours du mois d&rsquo;avril 7.504 entr\u00e9es dans le ch\u00f4mage (5.811 r\u00e9inscriptions et 1.693 nouvelles inscriptions) contre 8.210 sorties, soit une diminution sur base mensuelle du nombre de chercheurs d&#8217;emploi de -706 personnes (-0,8%). Parmi les 89.931 chercheurs d&#8217;emploi, 48% sont des femmes et 52% sont des hommes.<\/p>\n<h3><strong><em>Caract\u00e9ristiques des chercheurs d&#8217;emploi bruxellois<\/em><\/strong><\/h3>\n<p>Actiris constate une diminution de -3,5% (-1.768 personnes) du nombre de chercheurs d\u2019emploi b\u00e9n\u00e9ficiaires d&rsquo;une allocation et une diminution du nombre de jeunes en stage d\u2019insertion professionnelle (-95 personnes, -1,6%). Le nombre des autres chercheurs d\u2019emploi a augment\u00e9 de +7,6% (+2.505 personnes).<\/p>\n<p>Sur les 89.931 chercheurs d&#8217;emploi totaux, 18.495 personnes (20,6%) sont inscrites au CPAS soit une augmentation de +6,9% sur base annuelle.<\/p>\n<p>Le nombre de chercheurs d&#8217;emploi depuis moins d&rsquo;un an diminue de -1,8% (-627 personnes). Les personnes en recherche d&#8217;emploi depuis 1 \u00e0 2 ans sont en augmentation de +0,8% (+ 115 personnes). Les chercheurs d&#8217;emploi de longue dur\u00e9e (+2 ans) augmentent de +2,8%, soit +1.154 personnes.<\/p>\n<p>Le nombre de chercheurs d&#8217;emploi de moins de 25 ans est en diminution de -0,9% (-84 personnes). La cat\u00e9gorie des 25-49 ans augmente de +1,7% soit +948 personnes. La cat\u00e9gorie des 50 ans et + est en diminution (-1,0%, -222 personnes).<\/p>\n<p>Concernant le niveau d&rsquo;\u00e9tudes: +0,2% (+131 personnes) pour les chercheurs d&#8217;emploi faiblement qualifi\u00e9s, -3,6% (-673 personnes) pour les personnes moyennement qualifi\u00e9es et +7,5% (+1.184 personnes) pour la cat\u00e9gorie hautement qualifi\u00e9e. \u200b<\/p>\n<p>&nbsp;<\/p>\n<p><em>Source: Actiris &#8211; <a href=\"http:\/\/www.viewstat.actiris.brussels\">www.viewstat.actiris.brussels<\/a><\/em><\/p>\n","protected":false},"excerpt":{"rendered":"<p>Fin mai 2025, Actiris compte 89.931 chercheurs d&#8217;emploi inscrits, soit une augmentation (+0,7%) par rapport \u00e0 mai 2024. Le taux de ch\u00f4mage est de 14,3% et est stable (+0,10 point de pourcentage) par rapport \u00e0 mai 2024. Pour rappel, le [&hellip;]<\/p>\n","protected":false},"author":2,"featured_media":0,"comment_status":"closed","ping_status":"open","sticky":false,"template":"","format":"standard","meta":[],"categories":[65,10],"tags":[93,92,653],"yoast_head":"<!-- This site is optimized with the Yoast SEO plugin v21.0 - https:\/\/yoast.com\/wordpress\/plugins\/seo\/ -->\n<title>Le nombre de demandeurs d&#039;emploi de longue dur\u00e9e \u00e0 nouveau en augmentation: la r\u00e9gion Bruxelloise n&#039;\u00e9chappe pas \u00e0 la tendance. - Peoplesphere<\/title>\n<meta name=\"robots\" content=\"index, follow, max-snippet:-1, max-image-preview:large, max-video-preview:-1\" \/>\n<link rel=\"canonical\" href=\"https:\/\/peoplesphere.be\/fr\/le-nombre-de-demandeurs-demploi-de-longue-duree-a-nouveau-en-augmentation-la-region-bruxelloise-nechappe-pas-a-la-tendance\/\" \/>\n<meta property=\"og:locale\" content=\"fr_FR\" \/>\n<meta property=\"og:type\" content=\"article\" \/>\n<meta property=\"og:title\" content=\"Le nombre de demandeurs d&#039;emploi de longue dur\u00e9e \u00e0 nouveau en augmentation: la r\u00e9gion Bruxelloise n&#039;\u00e9chappe pas \u00e0 la tendance. - Peoplesphere\" \/>\n<meta property=\"og:description\" content=\"Fin mai 2025, Actiris compte 89.931 chercheurs d&#8217;emploi inscrits, soit une augmentation (+0,7%) par rapport \u00e0 mai 2024. Le taux de ch\u00f4mage est de 14,3% et est stable (+0,10 point de pourcentage) par rapport \u00e0 mai 2024. Pour rappel, le [&hellip;]\" \/>\n<meta property=\"og:url\" content=\"https:\/\/peoplesphere.be\/fr\/le-nombre-de-demandeurs-demploi-de-longue-duree-a-nouveau-en-augmentation-la-region-bruxelloise-nechappe-pas-a-la-tendance\/\" \/>\n<meta property=\"og:site_name\" content=\"Peoplesphere\" \/>\n<meta property=\"article:publisher\" content=\"https:\/\/www.facebook.com\/peoplesphere\" \/>\n<meta property=\"article:published_time\" content=\"2025-06-05T07:22:46+00:00\" \/>\n<meta property=\"article:modified_time\" content=\"2025-06-05T07:24:51+00:00\" \/>\n<meta property=\"og:image\" content=\"http:\/\/www.peoplesphere.be\/fr\/wp-content\/uploads\/2016\/07\/facebook-default-posting-1200x628px.jpg\" \/>\n<meta name=\"author\" content=\"Jean-Paul Erhard\" \/>\n<meta name=\"twitter:card\" content=\"summary_large_image\" \/>\n<meta name=\"twitter:creator\" content=\"@PeoplesphereMag\" \/>\n<meta name=\"twitter:site\" content=\"@PeoplesphereMag\" \/>\n<meta name=\"twitter:label1\" content=\"\u00c9crit par\" \/>\n\t<meta name=\"twitter:data1\" content=\"Jean-Paul Erhard\" \/>\n\t<meta name=\"twitter:label2\" content=\"Dur\u00e9e de lecture estim\u00e9e\" \/>\n\t<meta name=\"twitter:data2\" content=\"2 minutes\" \/>\n<script type=\"application\/ld+json\" class=\"yoast-schema-graph\">{\"@context\":\"https:\/\/schema.org\",\"@graph\":[{\"@type\":\"Article\",\"@id\":\"https:\/\/peoplesphere.be\/fr\/le-nombre-de-demandeurs-demploi-de-longue-duree-a-nouveau-en-augmentation-la-region-bruxelloise-nechappe-pas-a-la-tendance\/#article\",\"isPartOf\":{\"@id\":\"https:\/\/peoplesphere.be\/fr\/le-nombre-de-demandeurs-demploi-de-longue-duree-a-nouveau-en-augmentation-la-region-bruxelloise-nechappe-pas-a-la-tendance\/\"},\"author\":{\"name\":\"Jean-Paul Erhard\",\"@id\":\"https:\/\/peoplesphere.be\/fr\/#\/schema\/person\/7976225ff17988604334abb7b3536a7e\"},\"headline\":\"Le nombre de demandeurs d&#8217;emploi de longue dur\u00e9e \u00e0 nouveau en augmentation: la r\u00e9gion Bruxelloise n&rsquo;\u00e9chappe pas \u00e0 la tendance.\",\"datePublished\":\"2025-06-05T07:22:46+00:00\",\"dateModified\":\"2025-06-05T07:24:51+00:00\",\"mainEntityOfPage\":{\"@id\":\"https:\/\/peoplesphere.be\/fr\/le-nombre-de-demandeurs-demploi-de-longue-duree-a-nouveau-en-augmentation-la-region-bruxelloise-nechappe-pas-a-la-tendance\/\"},\"wordCount\":360,\"publisher\":{\"@id\":\"https:\/\/peoplesphere.be\/fr\/#organization\"},\"keywords\":[\"bruxelles\",\"ch\u00f4mage\",\"demandeurs d'emploi\"],\"articleSection\":[\"Actualit\u00e9s\",\"Digital\"],\"inLanguage\":\"fr-FR\"},{\"@type\":\"WebPage\",\"@id\":\"https:\/\/peoplesphere.be\/fr\/le-nombre-de-demandeurs-demploi-de-longue-duree-a-nouveau-en-augmentation-la-region-bruxelloise-nechappe-pas-a-la-tendance\/\",\"url\":\"https:\/\/peoplesphere.be\/fr\/le-nombre-de-demandeurs-demploi-de-longue-duree-a-nouveau-en-augmentation-la-region-bruxelloise-nechappe-pas-a-la-tendance\/\",\"name\":\"Le nombre de demandeurs d'emploi de longue dur\u00e9e \u00e0 nouveau en augmentation: la r\u00e9gion Bruxelloise n'\u00e9chappe pas \u00e0 la tendance. - Peoplesphere\",\"isPartOf\":{\"@id\":\"https:\/\/peoplesphere.be\/fr\/#website\"},\"datePublished\":\"2025-06-05T07:22:46+00:00\",\"dateModified\":\"2025-06-05T07:24:51+00:00\",\"breadcrumb\":{\"@id\":\"https:\/\/peoplesphere.be\/fr\/le-nombre-de-demandeurs-demploi-de-longue-duree-a-nouveau-en-augmentation-la-region-bruxelloise-nechappe-pas-a-la-tendance\/#breadcrumb\"},\"inLanguage\":\"fr-FR\",\"potentialAction\":[{\"@type\":\"ReadAction\",\"target\":[\"https:\/\/peoplesphere.be\/fr\/le-nombre-de-demandeurs-demploi-de-longue-duree-a-nouveau-en-augmentation-la-region-bruxelloise-nechappe-pas-a-la-tendance\/\"]}]},{\"@type\":\"BreadcrumbList\",\"@id\":\"https:\/\/peoplesphere.be\/fr\/le-nombre-de-demandeurs-demploi-de-longue-duree-a-nouveau-en-augmentation-la-region-bruxelloise-nechappe-pas-a-la-tendance\/#breadcrumb\",\"itemListElement\":[{\"@type\":\"ListItem\",\"position\":1,\"name\":\"Accueil\",\"item\":\"https:\/\/peoplesphere.be\/fr\/\"},{\"@type\":\"ListItem\",\"position\":2,\"name\":\"Le nombre de demandeurs d&#8217;emploi de longue dur\u00e9e \u00e0 nouveau en augmentation: la r\u00e9gion Bruxelloise n&rsquo;\u00e9chappe pas \u00e0 la tendance.\"}]},{\"@type\":\"WebSite\",\"@id\":\"https:\/\/peoplesphere.be\/fr\/#website\",\"url\":\"https:\/\/peoplesphere.be\/fr\/\",\"name\":\"Peoplesphere\",\"description\":\"The People Managers Magazine\",\"publisher\":{\"@id\":\"https:\/\/peoplesphere.be\/fr\/#organization\"},\"potentialAction\":[{\"@type\":\"SearchAction\",\"target\":{\"@type\":\"EntryPoint\",\"urlTemplate\":\"https:\/\/peoplesphere.be\/fr\/?s={search_term_string}\"},\"query-input\":\"required name=search_term_string\"}],\"inLanguage\":\"fr-FR\"},{\"@type\":\"Organization\",\"@id\":\"https:\/\/peoplesphere.be\/fr\/#organization\",\"name\":\"Peoplesphere Company srl\",\"url\":\"https:\/\/peoplesphere.be\/fr\/\",\"logo\":{\"@type\":\"ImageObject\",\"inLanguage\":\"fr-FR\",\"@id\":\"https:\/\/peoplesphere.be\/fr\/#\/schema\/logo\/image\/\",\"url\":\"https:\/\/peoplesphere.be\/fr\/wp-content\/uploads\/2023\/07\/peoplesphere-lgo-new-generik.jpg\",\"contentUrl\":\"https:\/\/peoplesphere.be\/fr\/wp-content\/uploads\/2023\/07\/peoplesphere-lgo-new-generik.jpg\",\"width\":1031,\"height\":1479,\"caption\":\"Peoplesphere Company srl\"},\"image\":{\"@id\":\"https:\/\/peoplesphere.be\/fr\/#\/schema\/logo\/image\/\"},\"sameAs\":[\"https:\/\/www.facebook.com\/peoplesphere\",\"https:\/\/twitter.com\/PeoplesphereMag\",\"https:\/\/www.linkedin.com\/company\/7587361?trk\",\"http:\/\/youtube.com\/peoplesphere\"]},{\"@type\":\"Person\",\"@id\":\"https:\/\/peoplesphere.be\/fr\/#\/schema\/person\/7976225ff17988604334abb7b3536a7e\",\"name\":\"Jean-Paul Erhard\",\"image\":{\"@type\":\"ImageObject\",\"inLanguage\":\"fr-FR\",\"@id\":\"https:\/\/peoplesphere.be\/fr\/#\/schema\/person\/image\/\",\"url\":\"https:\/\/secure.gravatar.com\/avatar\/f941e681460179738071629a51574930?s=96&d=mm&r=g\",\"contentUrl\":\"https:\/\/secure.gravatar.com\/avatar\/f941e681460179738071629a51574930?s=96&d=mm&r=g\",\"caption\":\"Jean-Paul Erhard\"},\"url\":\"https:\/\/peoplesphere.be\/fr\/author\/jpe\/\"}]}<\/script>\n<!-- \/ Yoast SEO plugin. -->","yoast_head_json":{"title":"Le nombre de demandeurs d'emploi de longue dur\u00e9e \u00e0 nouveau en augmentation: la r\u00e9gion Bruxelloise n'\u00e9chappe pas \u00e0 la tendance. - Peoplesphere","robots":{"index":"index","follow":"follow","max-snippet":"max-snippet:-1","max-image-preview":"max-image-preview:large","max-video-preview":"max-video-preview:-1"},"canonical":"https:\/\/peoplesphere.be\/fr\/le-nombre-de-demandeurs-demploi-de-longue-duree-a-nouveau-en-augmentation-la-region-bruxelloise-nechappe-pas-a-la-tendance\/","og_locale":"fr_FR","og_type":"article","og_title":"Le nombre de demandeurs d'emploi de longue dur\u00e9e \u00e0 nouveau en augmentation: la r\u00e9gion Bruxelloise n'\u00e9chappe pas \u00e0 la tendance. - Peoplesphere","og_description":"Fin mai 2025, Actiris compte 89.931 chercheurs d&#8217;emploi inscrits, soit une augmentation (+0,7%) par rapport \u00e0 mai 2024. Le taux de ch\u00f4mage est de 14,3% et est stable (+0,10 point de pourcentage) par rapport \u00e0 mai 2024. Pour rappel, le [&hellip;]","og_url":"https:\/\/peoplesphere.be\/fr\/le-nombre-de-demandeurs-demploi-de-longue-duree-a-nouveau-en-augmentation-la-region-bruxelloise-nechappe-pas-a-la-tendance\/","og_site_name":"Peoplesphere","article_publisher":"https:\/\/www.facebook.com\/peoplesphere","article_published_time":"2025-06-05T07:22:46+00:00","article_modified_time":"2025-06-05T07:24:51+00:00","og_image":[{"url":"http:\/\/www.peoplesphere.be\/fr\/wp-content\/uploads\/2016\/07\/facebook-default-posting-1200x628px.jpg"}],"author":"Jean-Paul Erhard","twitter_card":"summary_large_image","twitter_creator":"@PeoplesphereMag","twitter_site":"@PeoplesphereMag","twitter_misc":{"\u00c9crit par":"Jean-Paul Erhard","Dur\u00e9e de lecture estim\u00e9e":"2 minutes"},"schema":{"@context":"https:\/\/schema.org","@graph":[{"@type":"Article","@id":"https:\/\/peoplesphere.be\/fr\/le-nombre-de-demandeurs-demploi-de-longue-duree-a-nouveau-en-augmentation-la-region-bruxelloise-nechappe-pas-a-la-tendance\/#article","isPartOf":{"@id":"https:\/\/peoplesphere.be\/fr\/le-nombre-de-demandeurs-demploi-de-longue-duree-a-nouveau-en-augmentation-la-region-bruxelloise-nechappe-pas-a-la-tendance\/"},"author":{"name":"Jean-Paul Erhard","@id":"https:\/\/peoplesphere.be\/fr\/#\/schema\/person\/7976225ff17988604334abb7b3536a7e"},"headline":"Le nombre de demandeurs d&#8217;emploi de longue dur\u00e9e \u00e0 nouveau en augmentation: la r\u00e9gion Bruxelloise n&rsquo;\u00e9chappe pas \u00e0 la tendance.","datePublished":"2025-06-05T07:22:46+00:00","dateModified":"2025-06-05T07:24:51+00:00","mainEntityOfPage":{"@id":"https:\/\/peoplesphere.be\/fr\/le-nombre-de-demandeurs-demploi-de-longue-duree-a-nouveau-en-augmentation-la-region-bruxelloise-nechappe-pas-a-la-tendance\/"},"wordCount":360,"publisher":{"@id":"https:\/\/peoplesphere.be\/fr\/#organization"},"keywords":["bruxelles","ch\u00f4mage","demandeurs d'emploi"],"articleSection":["Actualit\u00e9s","Digital"],"inLanguage":"fr-FR"},{"@type":"WebPage","@id":"https:\/\/peoplesphere.be\/fr\/le-nombre-de-demandeurs-demploi-de-longue-duree-a-nouveau-en-augmentation-la-region-bruxelloise-nechappe-pas-a-la-tendance\/","url":"https:\/\/peoplesphere.be\/fr\/le-nombre-de-demandeurs-demploi-de-longue-duree-a-nouveau-en-augmentation-la-region-bruxelloise-nechappe-pas-a-la-tendance\/","name":"Le nombre de demandeurs d'emploi de longue dur\u00e9e \u00e0 nouveau en augmentation: la r\u00e9gion Bruxelloise n'\u00e9chappe pas \u00e0 la tendance. - Peoplesphere","isPartOf":{"@id":"https:\/\/peoplesphere.be\/fr\/#website"},"datePublished":"2025-06-05T07:22:46+00:00","dateModified":"2025-06-05T07:24:51+00:00","breadcrumb":{"@id":"https:\/\/peoplesphere.be\/fr\/le-nombre-de-demandeurs-demploi-de-longue-duree-a-nouveau-en-augmentation-la-region-bruxelloise-nechappe-pas-a-la-tendance\/#breadcrumb"},"inLanguage":"fr-FR","potentialAction":[{"@type":"ReadAction","target":["https:\/\/peoplesphere.be\/fr\/le-nombre-de-demandeurs-demploi-de-longue-duree-a-nouveau-en-augmentation-la-region-bruxelloise-nechappe-pas-a-la-tendance\/"]}]},{"@type":"BreadcrumbList","@id":"https:\/\/peoplesphere.be\/fr\/le-nombre-de-demandeurs-demploi-de-longue-duree-a-nouveau-en-augmentation-la-region-bruxelloise-nechappe-pas-a-la-tendance\/#breadcrumb","itemListElement":[{"@type":"ListItem","position":1,"name":"Accueil","item":"https:\/\/peoplesphere.be\/fr\/"},{"@type":"ListItem","position":2,"name":"Le nombre de demandeurs d&#8217;emploi de longue dur\u00e9e \u00e0 nouveau en augmentation: la r\u00e9gion Bruxelloise n&rsquo;\u00e9chappe pas \u00e0 la tendance."}]},{"@type":"WebSite","@id":"https:\/\/peoplesphere.be\/fr\/#website","url":"https:\/\/peoplesphere.be\/fr\/","name":"Peoplesphere","description":"The People Managers Magazine","publisher":{"@id":"https:\/\/peoplesphere.be\/fr\/#organization"},"potentialAction":[{"@type":"SearchAction","target":{"@type":"EntryPoint","urlTemplate":"https:\/\/peoplesphere.be\/fr\/?s={search_term_string}"},"query-input":"required name=search_term_string"}],"inLanguage":"fr-FR"},{"@type":"Organization","@id":"https:\/\/peoplesphere.be\/fr\/#organization","name":"Peoplesphere Company srl","url":"https:\/\/peoplesphere.be\/fr\/","logo":{"@type":"ImageObject","inLanguage":"fr-FR","@id":"https:\/\/peoplesphere.be\/fr\/#\/schema\/logo\/image\/","url":"https:\/\/peoplesphere.be\/fr\/wp-content\/uploads\/2023\/07\/peoplesphere-lgo-new-generik.jpg","contentUrl":"https:\/\/peoplesphere.be\/fr\/wp-content\/uploads\/2023\/07\/peoplesphere-lgo-new-generik.jpg","width":1031,"height":1479,"caption":"Peoplesphere Company srl"},"image":{"@id":"https:\/\/peoplesphere.be\/fr\/#\/schema\/logo\/image\/"},"sameAs":["https:\/\/www.facebook.com\/peoplesphere","https:\/\/twitter.com\/PeoplesphereMag","https:\/\/www.linkedin.com\/company\/7587361?trk","http:\/\/youtube.com\/peoplesphere"]},{"@type":"Person","@id":"https:\/\/peoplesphere.be\/fr\/#\/schema\/person\/7976225ff17988604334abb7b3536a7e","name":"Jean-Paul Erhard","image":{"@type":"ImageObject","inLanguage":"fr-FR","@id":"https:\/\/peoplesphere.be\/fr\/#\/schema\/person\/image\/","url":"https:\/\/secure.gravatar.com\/avatar\/f941e681460179738071629a51574930?s=96&d=mm&r=g","contentUrl":"https:\/\/secure.gravatar.com\/avatar\/f941e681460179738071629a51574930?s=96&d=mm&r=g","caption":"Jean-Paul Erhard"},"url":"https:\/\/peoplesphere.be\/fr\/author\/jpe\/"}]}},"_links":{"self":[{"href":"https:\/\/peoplesphere.be\/fr\/wp-json\/wp\/v2\/posts\/17832"}],"collection":[{"href":"https:\/\/peoplesphere.be\/fr\/wp-json\/wp\/v2\/posts"}],"about":[{"href":"https:\/\/peoplesphere.be\/fr\/wp-json\/wp\/v2\/types\/post"}],"author":[{"embeddable":true,"href":"https:\/\/peoplesphere.be\/fr\/wp-json\/wp\/v2\/users\/2"}],"replies":[{"embeddable":true,"href":"https:\/\/peoplesphere.be\/fr\/wp-json\/wp\/v2\/comments?post=17832"}],"version-history":[{"count":2,"href":"https:\/\/peoplesphere.be\/fr\/wp-json\/wp\/v2\/posts\/17832\/revisions"}],"predecessor-version":[{"id":17834,"href":"https:\/\/peoplesphere.be\/fr\/wp-json\/wp\/v2\/posts\/17832\/revisions\/17834"}],"wp:attachment":[{"href":"https:\/\/peoplesphere.be\/fr\/wp-json\/wp\/v2\/media?parent=17832"}],"wp:term":[{"taxonomy":"category","embeddable":true,"href":"https:\/\/peoplesphere.be\/fr\/wp-json\/wp\/v2\/categories?post=17832"},{"taxonomy":"post_tag","embeddable":true,"href":"https:\/\/peoplesphere.be\/fr\/wp-json\/wp\/v2\/tags?post=17832"}],"curies":[{"name":"wp","href":"https:\/\/api.w.org\/{rel}","templated":true}]}}