









{"id":17848,"date":"2025-06-09T11:27:27","date_gmt":"2025-06-09T09:27:27","guid":{"rendered":"https:\/\/peoplesphere.be\/fr\/?p=17848"},"modified":"2025-06-09T11:27:27","modified_gmt":"2025-06-09T09:27:27","slug":"reforme-du-chomage-la-region-bruxelloise-demande-la-suspension-du-projet-et-une-concertation-renforcee","status":"publish","type":"post","link":"https:\/\/peoplesphere.be\/fr\/reforme-du-chomage-la-region-bruxelloise-demande-la-suspension-du-projet-et-une-concertation-renforcee\/","title":{"rendered":"R\u00e9forme du ch\u00f4mage : la R\u00e9gion bruxelloise demande la suspension du projet et une concertation renforc\u00e9e."},"content":{"rendered":"<p>Le jeudi 5 juin dernier, \u00e0 l\u2019initiative de Bernard Clerfayt, le Coll\u00e8ge r\u00e9uni de la Commission communautaire commune (COCOM) a d\u00e9cid\u00e9 d\u2019activer une proc\u00e9dure de conflit d\u2019int\u00e9r\u00eats sur la r\u00e9forme f\u00e9d\u00e9rale du r\u00e9gime de ch\u00f4mage. Cette proc\u00e9dure suspend temporairement l\u2019adoption de la r\u00e9forme pour une p\u00e9riode de 60 jours, dans le but d\u2019engager une concertation interinstitutionnelle sur ses impacts r\u00e9els et ses modalit\u00e9s de mise en \u0153uvre.<!--more--><\/p>\n<h3><strong><em>Un transfert de charges mal encadr\u00e9 vers les CPAS<\/em><\/strong><\/h3>\n<p>La principale inqui\u00e9tude exprim\u00e9e par la COCOM porte sur les cons\u00e9quences directes de la r\u00e9forme pour les CPAS bruxellois, sans qu\u2019aucune garantie n\u2019ait \u00e9t\u00e9 apport\u00e9e \u00e0 ce stade concernant :<\/p>\n<ul>\n<li>les modalit\u00e9s concr\u00e8tes du transfert de charges depuis l\u2019ONEM vers les CPAS;<\/li>\n<li>la mise en place d\u2019un m\u00e9canisme automatique de compensation financi\u00e8re pour couvrir les surco\u00fbts;<\/li>\n<li>la coordination indispensable avec les acteurs r\u00e9gionaux (Actiris, organismes de formation, services sociaux) pour accompagner les chercheurs d\u2019emploi concern\u00e9s.<\/li>\n<\/ul>\n<p>Alors que le gouvernement f\u00e9d\u00e9ral vise pr\u00e8s de 2 milliards d\u2019euros d\u2019\u00e9conomies, aucun financement structurel n\u2019est pr\u00e9vu pour les pouvoirs locaux qui devront prendre en charge les publics exclus du ch\u00f4mage. \u00c0 Bruxelles, cela repr\u00e9sente pr\u00e8s de 13.000 personnes, soit un tiers des personnes concern\u00e9es au niveau national, pour seulement 10% de la population belge. Cette r\u00e9forme risque d\u2019entra\u00eener une hausse de 28% de la charge des CPAS bruxellois.<\/p>\n<h3><strong><em>Des effets limit\u00e9s sur l\u2019emploi, un risque accru de pr\u00e9carisation<\/em><\/strong><\/h3>\n<p>Selon les projections, les effets attendus de la r\u00e9forme sur la hausse du taux d\u2019emploi pourraient \u00eatre surestim\u00e9s. La Cour des comptes, dans son avis sur le budget 2025, souligne le manque de coordination avec les R\u00e9gions et les CPAS, pourtant indispensables pour atteindre les objectifs vis\u00e9s.<\/p>\n<p>En R\u00e9gion bruxelloise, la situation est particuli\u00e8rement complexe :<\/p>\n<ul>\n<li>60% des chercheurs d\u2019emploi y sont peu qualifi\u00e9s ou tr\u00e8s \u00e9loign\u00e9s du march\u00e9 de l\u2019emploi ;<\/li>\n<li>les emplois dits \u00ab\u00a0en p\u00e9nurie\u00a0\u00bb y sont num\u00e9riquement inf\u00e9rieurs au nombre de personnes qui seraient exclues des allocations ;<\/li>\n<li>les parcours de formation n\u00e9cessaires pour permettre une r\u00e9insertion professionnelle sont souvent longs et demandent un accompagnement individualis\u00e9.<\/li>\n<\/ul>\n<p>Selon l\u2019asbl Diversicom, par exemple, la r\u00e9insertion professionnelle des personnes en situation de handicap peut prendre jusqu\u2019\u00e0 trois ans. En supprimant l\u2019acc\u00e8s aux allocations apr\u00e8s deux ans de ch\u00f4mage, la r\u00e9forme risque de couper les chercheurs d\u2019emploi des dispositifs de formation qualifiante, r\u00e9duisant ainsi leurs chances de r\u00e9int\u00e9gration durable.<\/p>\n<h3><strong><em>5 demandes pour garantir une mise en \u0153uvre \u00e9quitable<\/em><\/strong><\/h3>\n<p>La proc\u00e9dure de conflit d\u2019int\u00e9r\u00eats vise \u00e0 ouvrir un espace de dialogue constructif avec le f\u00e9d\u00e9ral et s\u2019articule autour de cinq demandes concr\u00e8tes :<\/p>\n<ol>\n<li>Adapter la r\u00e9forme aux r\u00e9alit\u00e9s \u00e9conomiques et sociales de Bruxelles, en particulier en mati\u00e8re de qualification et de structure du march\u00e9 du travail ;<\/li>\n<li>Maintenir les droits au ch\u00f4mage pour les personnes engag\u00e9es dans des formations reconnues vers les m\u00e9tiers en tension ;<\/li>\n<li>Garantir un financement structurel, pr\u00e9visible et automatique pour les charges support\u00e9es par les CPAS ;<\/li>\n<li>Reporter de six mois l\u2019entr\u00e9e en vigueur de la r\u00e9forme afin de laisser le temps \u00e0 une concertation efficace ;<\/li>\n<li>Supprimer toute condition de r\u00e9sultats en mati\u00e8re de mise \u00e0 l\u2019emploi pour que les CPAS b\u00e9n\u00e9ficient d\u2019un soutien f\u00e9d\u00e9ral sans pression injustifi\u00e9e.<\/li>\n<\/ol>\n<h3><strong><em>Un appel \u00e0 la responsabilit\u00e9 partag\u00e9e<\/em><\/strong><\/h3>\n<p><em>\u00ab\u00a0Nous partageons l\u2019objectif d\u2019augmenter le taux d\u2019emploi, mais cela ne peut se faire au d\u00e9triment des plus fragiles, ni en d\u00e9sorganisant les services sociaux locaux \u00bb, d\u00e9clare Bernard Clerfayt. \u00ab La r\u00e9forme f\u00e9d\u00e9rale ne pourra produire ses effets que si elle est accompagn\u00e9e, coordonn\u00e9e et financ\u00e9e \u00e0 hauteur des efforts demand\u00e9s aux acteurs locaux. C\u2019est le sens de cette demande de concertation.\u00a0\u00bb<\/em>\u00a0conclut Bernard Clerfayt.<\/p>\n<p>Cette concertation de deux mois doit permettre de d\u00e9gager des solutions concr\u00e8tes, durables et \u00e9quitables, dans un esprit de coop\u00e9ration entre niveaux de pouvoir.<\/p>\n<p>&nbsp;<\/p>\n<p><em>Source: Cabinet du Ministre Bernard Clerfayt.<\/em><\/p>\n","protected":false},"excerpt":{"rendered":"<p>Le jeudi 5 juin dernier, \u00e0 l\u2019initiative de Bernard Clerfayt, le Coll\u00e8ge r\u00e9uni de la Commission communautaire commune (COCOM) a d\u00e9cid\u00e9 d\u2019activer une proc\u00e9dure de conflit d\u2019int\u00e9r\u00eats sur la r\u00e9forme f\u00e9d\u00e9rale du r\u00e9gime de ch\u00f4mage. Cette proc\u00e9dure suspend temporairement l\u2019adoption [&hellip;]<\/p>\n","protected":false},"author":2,"featured_media":0,"comment_status":"closed","ping_status":"open","sticky":false,"template":"","format":"standard","meta":[],"categories":[65,10],"tags":[92,1086,653,4299,687],"yoast_head":"<!-- This site is optimized with the Yoast SEO plugin v21.0 - https:\/\/yoast.com\/wordpress\/plugins\/seo\/ -->\n<title>R\u00e9forme du ch\u00f4mage : la R\u00e9gion bruxelloise demande la suspension du projet et une concertation renforc\u00e9e. - Peoplesphere<\/title>\n<meta name=\"robots\" content=\"index, follow, max-snippet:-1, max-image-preview:large, max-video-preview:-1\" \/>\n<link rel=\"canonical\" href=\"https:\/\/peoplesphere.be\/fr\/reforme-du-chomage-la-region-bruxelloise-demande-la-suspension-du-projet-et-une-concertation-renforcee\/\" \/>\n<meta property=\"og:locale\" content=\"fr_FR\" \/>\n<meta property=\"og:type\" content=\"article\" \/>\n<meta property=\"og:title\" content=\"R\u00e9forme du ch\u00f4mage : la R\u00e9gion bruxelloise demande la suspension du projet et une concertation renforc\u00e9e. - Peoplesphere\" \/>\n<meta property=\"og:description\" content=\"Le jeudi 5 juin dernier, \u00e0 l\u2019initiative de Bernard Clerfayt, le Coll\u00e8ge r\u00e9uni de la Commission communautaire commune (COCOM) a d\u00e9cid\u00e9 d\u2019activer une proc\u00e9dure de conflit d\u2019int\u00e9r\u00eats sur la r\u00e9forme f\u00e9d\u00e9rale du r\u00e9gime de ch\u00f4mage. Cette proc\u00e9dure suspend temporairement l\u2019adoption [&hellip;]\" \/>\n<meta property=\"og:url\" content=\"https:\/\/peoplesphere.be\/fr\/reforme-du-chomage-la-region-bruxelloise-demande-la-suspension-du-projet-et-une-concertation-renforcee\/\" \/>\n<meta property=\"og:site_name\" content=\"Peoplesphere\" \/>\n<meta property=\"article:publisher\" content=\"https:\/\/www.facebook.com\/peoplesphere\" \/>\n<meta property=\"article:published_time\" content=\"2025-06-09T09:27:27+00:00\" \/>\n<meta property=\"og:image\" content=\"http:\/\/www.peoplesphere.be\/fr\/wp-content\/uploads\/2016\/07\/facebook-default-posting-1200x628px.jpg\" \/>\n<meta name=\"author\" content=\"Jean-Paul Erhard\" \/>\n<meta name=\"twitter:card\" content=\"summary_large_image\" \/>\n<meta name=\"twitter:creator\" content=\"@PeoplesphereMag\" \/>\n<meta name=\"twitter:site\" content=\"@PeoplesphereMag\" \/>\n<meta name=\"twitter:label1\" content=\"\u00c9crit par\" \/>\n\t<meta name=\"twitter:data1\" content=\"Jean-Paul Erhard\" \/>\n\t<meta name=\"twitter:label2\" content=\"Dur\u00e9e de lecture estim\u00e9e\" \/>\n\t<meta name=\"twitter:data2\" content=\"4 minutes\" \/>\n<script type=\"application\/ld+json\" class=\"yoast-schema-graph\">{\"@context\":\"https:\/\/schema.org\",\"@graph\":[{\"@type\":\"Article\",\"@id\":\"https:\/\/peoplesphere.be\/fr\/reforme-du-chomage-la-region-bruxelloise-demande-la-suspension-du-projet-et-une-concertation-renforcee\/#article\",\"isPartOf\":{\"@id\":\"https:\/\/peoplesphere.be\/fr\/reforme-du-chomage-la-region-bruxelloise-demande-la-suspension-du-projet-et-une-concertation-renforcee\/\"},\"author\":{\"name\":\"Jean-Paul Erhard\",\"@id\":\"https:\/\/peoplesphere.be\/fr\/#\/schema\/person\/7976225ff17988604334abb7b3536a7e\"},\"headline\":\"R\u00e9forme du ch\u00f4mage : la R\u00e9gion bruxelloise demande la suspension du projet et une concertation renforc\u00e9e.\",\"datePublished\":\"2025-06-09T09:27:27+00:00\",\"dateModified\":\"2025-06-09T09:27:27+00:00\",\"mainEntityOfPage\":{\"@id\":\"https:\/\/peoplesphere.be\/fr\/reforme-du-chomage-la-region-bruxelloise-demande-la-suspension-du-projet-et-une-concertation-renforcee\/\"},\"wordCount\":744,\"publisher\":{\"@id\":\"https:\/\/peoplesphere.be\/fr\/#organization\"},\"keywords\":[\"ch\u00f4mage\",\"CPAS\",\"demandeurs d'emploi\",\"pr\u00e9conisation\",\"r\u00e9forme\"],\"articleSection\":[\"Actualit\u00e9s\",\"Digital\"],\"inLanguage\":\"fr-FR\"},{\"@type\":\"WebPage\",\"@id\":\"https:\/\/peoplesphere.be\/fr\/reforme-du-chomage-la-region-bruxelloise-demande-la-suspension-du-projet-et-une-concertation-renforcee\/\",\"url\":\"https:\/\/peoplesphere.be\/fr\/reforme-du-chomage-la-region-bruxelloise-demande-la-suspension-du-projet-et-une-concertation-renforcee\/\",\"name\":\"R\u00e9forme du ch\u00f4mage : la R\u00e9gion bruxelloise demande la suspension du projet et une concertation renforc\u00e9e. - Peoplesphere\",\"isPartOf\":{\"@id\":\"https:\/\/peoplesphere.be\/fr\/#website\"},\"datePublished\":\"2025-06-09T09:27:27+00:00\",\"dateModified\":\"2025-06-09T09:27:27+00:00\",\"breadcrumb\":{\"@id\":\"https:\/\/peoplesphere.be\/fr\/reforme-du-chomage-la-region-bruxelloise-demande-la-suspension-du-projet-et-une-concertation-renforcee\/#breadcrumb\"},\"inLanguage\":\"fr-FR\",\"potentialAction\":[{\"@type\":\"ReadAction\",\"target\":[\"https:\/\/peoplesphere.be\/fr\/reforme-du-chomage-la-region-bruxelloise-demande-la-suspension-du-projet-et-une-concertation-renforcee\/\"]}]},{\"@type\":\"BreadcrumbList\",\"@id\":\"https:\/\/peoplesphere.be\/fr\/reforme-du-chomage-la-region-bruxelloise-demande-la-suspension-du-projet-et-une-concertation-renforcee\/#breadcrumb\",\"itemListElement\":[{\"@type\":\"ListItem\",\"position\":1,\"name\":\"Accueil\",\"item\":\"https:\/\/peoplesphere.be\/fr\/\"},{\"@type\":\"ListItem\",\"position\":2,\"name\":\"R\u00e9forme du ch\u00f4mage : la R\u00e9gion bruxelloise demande la suspension du projet et une concertation renforc\u00e9e.\"}]},{\"@type\":\"WebSite\",\"@id\":\"https:\/\/peoplesphere.be\/fr\/#website\",\"url\":\"https:\/\/peoplesphere.be\/fr\/\",\"name\":\"Peoplesphere\",\"description\":\"The People Managers Magazine\",\"publisher\":{\"@id\":\"https:\/\/peoplesphere.be\/fr\/#organization\"},\"potentialAction\":[{\"@type\":\"SearchAction\",\"target\":{\"@type\":\"EntryPoint\",\"urlTemplate\":\"https:\/\/peoplesphere.be\/fr\/?s={search_term_string}\"},\"query-input\":\"required name=search_term_string\"}],\"inLanguage\":\"fr-FR\"},{\"@type\":\"Organization\",\"@id\":\"https:\/\/peoplesphere.be\/fr\/#organization\",\"name\":\"Peoplesphere Company srl\",\"url\":\"https:\/\/peoplesphere.be\/fr\/\",\"logo\":{\"@type\":\"ImageObject\",\"inLanguage\":\"fr-FR\",\"@id\":\"https:\/\/peoplesphere.be\/fr\/#\/schema\/logo\/image\/\",\"url\":\"https:\/\/peoplesphere.be\/fr\/wp-content\/uploads\/2023\/07\/peoplesphere-lgo-new-generik.jpg\",\"contentUrl\":\"https:\/\/peoplesphere.be\/fr\/wp-content\/uploads\/2023\/07\/peoplesphere-lgo-new-generik.jpg\",\"width\":1031,\"height\":1479,\"caption\":\"Peoplesphere Company srl\"},\"image\":{\"@id\":\"https:\/\/peoplesphere.be\/fr\/#\/schema\/logo\/image\/\"},\"sameAs\":[\"https:\/\/www.facebook.com\/peoplesphere\",\"https:\/\/twitter.com\/PeoplesphereMag\",\"https:\/\/www.linkedin.com\/company\/7587361?trk\",\"http:\/\/youtube.com\/peoplesphere\"]},{\"@type\":\"Person\",\"@id\":\"https:\/\/peoplesphere.be\/fr\/#\/schema\/person\/7976225ff17988604334abb7b3536a7e\",\"name\":\"Jean-Paul Erhard\",\"image\":{\"@type\":\"ImageObject\",\"inLanguage\":\"fr-FR\",\"@id\":\"https:\/\/peoplesphere.be\/fr\/#\/schema\/person\/image\/\",\"url\":\"https:\/\/secure.gravatar.com\/avatar\/f941e681460179738071629a51574930?s=96&d=mm&r=g\",\"contentUrl\":\"https:\/\/secure.gravatar.com\/avatar\/f941e681460179738071629a51574930?s=96&d=mm&r=g\",\"caption\":\"Jean-Paul Erhard\"},\"url\":\"https:\/\/peoplesphere.be\/fr\/author\/jpe\/\"}]}<\/script>\n<!-- \/ Yoast SEO plugin. -->","yoast_head_json":{"title":"R\u00e9forme du ch\u00f4mage : la R\u00e9gion bruxelloise demande la suspension du projet et une concertation renforc\u00e9e. - Peoplesphere","robots":{"index":"index","follow":"follow","max-snippet":"max-snippet:-1","max-image-preview":"max-image-preview:large","max-video-preview":"max-video-preview:-1"},"canonical":"https:\/\/peoplesphere.be\/fr\/reforme-du-chomage-la-region-bruxelloise-demande-la-suspension-du-projet-et-une-concertation-renforcee\/","og_locale":"fr_FR","og_type":"article","og_title":"R\u00e9forme du ch\u00f4mage : la R\u00e9gion bruxelloise demande la suspension du projet et une concertation renforc\u00e9e. - Peoplesphere","og_description":"Le jeudi 5 juin dernier, \u00e0 l\u2019initiative de Bernard Clerfayt, le Coll\u00e8ge r\u00e9uni de la Commission communautaire commune (COCOM) a d\u00e9cid\u00e9 d\u2019activer une proc\u00e9dure de conflit d\u2019int\u00e9r\u00eats sur la r\u00e9forme f\u00e9d\u00e9rale du r\u00e9gime de ch\u00f4mage. Cette proc\u00e9dure suspend temporairement l\u2019adoption [&hellip;]","og_url":"https:\/\/peoplesphere.be\/fr\/reforme-du-chomage-la-region-bruxelloise-demande-la-suspension-du-projet-et-une-concertation-renforcee\/","og_site_name":"Peoplesphere","article_publisher":"https:\/\/www.facebook.com\/peoplesphere","article_published_time":"2025-06-09T09:27:27+00:00","og_image":[{"url":"http:\/\/www.peoplesphere.be\/fr\/wp-content\/uploads\/2016\/07\/facebook-default-posting-1200x628px.jpg"}],"author":"Jean-Paul Erhard","twitter_card":"summary_large_image","twitter_creator":"@PeoplesphereMag","twitter_site":"@PeoplesphereMag","twitter_misc":{"\u00c9crit par":"Jean-Paul Erhard","Dur\u00e9e de lecture estim\u00e9e":"4 minutes"},"schema":{"@context":"https:\/\/schema.org","@graph":[{"@type":"Article","@id":"https:\/\/peoplesphere.be\/fr\/reforme-du-chomage-la-region-bruxelloise-demande-la-suspension-du-projet-et-une-concertation-renforcee\/#article","isPartOf":{"@id":"https:\/\/peoplesphere.be\/fr\/reforme-du-chomage-la-region-bruxelloise-demande-la-suspension-du-projet-et-une-concertation-renforcee\/"},"author":{"name":"Jean-Paul Erhard","@id":"https:\/\/peoplesphere.be\/fr\/#\/schema\/person\/7976225ff17988604334abb7b3536a7e"},"headline":"R\u00e9forme du ch\u00f4mage : la R\u00e9gion bruxelloise demande la suspension du projet et une concertation renforc\u00e9e.","datePublished":"2025-06-09T09:27:27+00:00","dateModified":"2025-06-09T09:27:27+00:00","mainEntityOfPage":{"@id":"https:\/\/peoplesphere.be\/fr\/reforme-du-chomage-la-region-bruxelloise-demande-la-suspension-du-projet-et-une-concertation-renforcee\/"},"wordCount":744,"publisher":{"@id":"https:\/\/peoplesphere.be\/fr\/#organization"},"keywords":["ch\u00f4mage","CPAS","demandeurs d'emploi","pr\u00e9conisation","r\u00e9forme"],"articleSection":["Actualit\u00e9s","Digital"],"inLanguage":"fr-FR"},{"@type":"WebPage","@id":"https:\/\/peoplesphere.be\/fr\/reforme-du-chomage-la-region-bruxelloise-demande-la-suspension-du-projet-et-une-concertation-renforcee\/","url":"https:\/\/peoplesphere.be\/fr\/reforme-du-chomage-la-region-bruxelloise-demande-la-suspension-du-projet-et-une-concertation-renforcee\/","name":"R\u00e9forme du ch\u00f4mage : la R\u00e9gion bruxelloise demande la suspension du projet et une concertation renforc\u00e9e. - Peoplesphere","isPartOf":{"@id":"https:\/\/peoplesphere.be\/fr\/#website"},"datePublished":"2025-06-09T09:27:27+00:00","dateModified":"2025-06-09T09:27:27+00:00","breadcrumb":{"@id":"https:\/\/peoplesphere.be\/fr\/reforme-du-chomage-la-region-bruxelloise-demande-la-suspension-du-projet-et-une-concertation-renforcee\/#breadcrumb"},"inLanguage":"fr-FR","potentialAction":[{"@type":"ReadAction","target":["https:\/\/peoplesphere.be\/fr\/reforme-du-chomage-la-region-bruxelloise-demande-la-suspension-du-projet-et-une-concertation-renforcee\/"]}]},{"@type":"BreadcrumbList","@id":"https:\/\/peoplesphere.be\/fr\/reforme-du-chomage-la-region-bruxelloise-demande-la-suspension-du-projet-et-une-concertation-renforcee\/#breadcrumb","itemListElement":[{"@type":"ListItem","position":1,"name":"Accueil","item":"https:\/\/peoplesphere.be\/fr\/"},{"@type":"ListItem","position":2,"name":"R\u00e9forme du ch\u00f4mage : la R\u00e9gion bruxelloise demande la suspension du projet et une concertation renforc\u00e9e."}]},{"@type":"WebSite","@id":"https:\/\/peoplesphere.be\/fr\/#website","url":"https:\/\/peoplesphere.be\/fr\/","name":"Peoplesphere","description":"The People Managers Magazine","publisher":{"@id":"https:\/\/peoplesphere.be\/fr\/#organization"},"potentialAction":[{"@type":"SearchAction","target":{"@type":"EntryPoint","urlTemplate":"https:\/\/peoplesphere.be\/fr\/?s={search_term_string}"},"query-input":"required name=search_term_string"}],"inLanguage":"fr-FR"},{"@type":"Organization","@id":"https:\/\/peoplesphere.be\/fr\/#organization","name":"Peoplesphere Company srl","url":"https:\/\/peoplesphere.be\/fr\/","logo":{"@type":"ImageObject","inLanguage":"fr-FR","@id":"https:\/\/peoplesphere.be\/fr\/#\/schema\/logo\/image\/","url":"https:\/\/peoplesphere.be\/fr\/wp-content\/uploads\/2023\/07\/peoplesphere-lgo-new-generik.jpg","contentUrl":"https:\/\/peoplesphere.be\/fr\/wp-content\/uploads\/2023\/07\/peoplesphere-lgo-new-generik.jpg","width":1031,"height":1479,"caption":"Peoplesphere Company srl"},"image":{"@id":"https:\/\/peoplesphere.be\/fr\/#\/schema\/logo\/image\/"},"sameAs":["https:\/\/www.facebook.com\/peoplesphere","https:\/\/twitter.com\/PeoplesphereMag","https:\/\/www.linkedin.com\/company\/7587361?trk","http:\/\/youtube.com\/peoplesphere"]},{"@type":"Person","@id":"https:\/\/peoplesphere.be\/fr\/#\/schema\/person\/7976225ff17988604334abb7b3536a7e","name":"Jean-Paul Erhard","image":{"@type":"ImageObject","inLanguage":"fr-FR","@id":"https:\/\/peoplesphere.be\/fr\/#\/schema\/person\/image\/","url":"https:\/\/secure.gravatar.com\/avatar\/f941e681460179738071629a51574930?s=96&d=mm&r=g","contentUrl":"https:\/\/secure.gravatar.com\/avatar\/f941e681460179738071629a51574930?s=96&d=mm&r=g","caption":"Jean-Paul Erhard"},"url":"https:\/\/peoplesphere.be\/fr\/author\/jpe\/"}]}},"_links":{"self":[{"href":"https:\/\/peoplesphere.be\/fr\/wp-json\/wp\/v2\/posts\/17848"}],"collection":[{"href":"https:\/\/peoplesphere.be\/fr\/wp-json\/wp\/v2\/posts"}],"about":[{"href":"https:\/\/peoplesphere.be\/fr\/wp-json\/wp\/v2\/types\/post"}],"author":[{"embeddable":true,"href":"https:\/\/peoplesphere.be\/fr\/wp-json\/wp\/v2\/users\/2"}],"replies":[{"embeddable":true,"href":"https:\/\/peoplesphere.be\/fr\/wp-json\/wp\/v2\/comments?post=17848"}],"version-history":[{"count":1,"href":"https:\/\/peoplesphere.be\/fr\/wp-json\/wp\/v2\/posts\/17848\/revisions"}],"predecessor-version":[{"id":17849,"href":"https:\/\/peoplesphere.be\/fr\/wp-json\/wp\/v2\/posts\/17848\/revisions\/17849"}],"wp:attachment":[{"href":"https:\/\/peoplesphere.be\/fr\/wp-json\/wp\/v2\/media?parent=17848"}],"wp:term":[{"taxonomy":"category","embeddable":true,"href":"https:\/\/peoplesphere.be\/fr\/wp-json\/wp\/v2\/categories?post=17848"},{"taxonomy":"post_tag","embeddable":true,"href":"https:\/\/peoplesphere.be\/fr\/wp-json\/wp\/v2\/tags?post=17848"}],"curies":[{"name":"wp","href":"https:\/\/api.w.org\/{rel}","templated":true}]}}