









{"id":17853,"date":"2025-06-10T06:32:37","date_gmt":"2025-06-10T04:32:37","guid":{"rendered":"https:\/\/peoplesphere.be\/fr\/?p=17853"},"modified":"2025-06-10T06:32:37","modified_gmt":"2025-06-10T04:32:37","slug":"une-semaine-de-boulot-une-semaine-de-vacances-cet-ete-les-etudiants-veulent-eux-aussi-des-jobs-flexibles","status":"publish","type":"post","link":"https:\/\/peoplesphere.be\/fr\/une-semaine-de-boulot-une-semaine-de-vacances-cet-ete-les-etudiants-veulent-eux-aussi-des-jobs-flexibles\/","title":{"rendered":"Une semaine de boulot, une semaine de vacances&#8230; Cet \u00e9t\u00e9, les \u00e9tudiants veulent eux aussi des jobs flexibles."},"content":{"rendered":"<p>Le barom\u00e8tre d\u2019Adecco consacr\u00e9 aux emplois saisonniers est sans appel : le nombre d\u2019\u00e9tudiants travaillant un mois d\u2019affil\u00e9e l\u2019\u00e9t\u00e9 a diminu\u00e9 de 15 % en cinq ans&#8230; Travailler l\u2019\u00e9t\u00e9 pendant un mois de 9h \u00e0 17h ou en \u00e9quipe et se d\u00e9tendre le mois suivant, ce temps semble r\u00e9volu. C\u2019est ce qu\u2019il ressort du barom\u00e8tre consacr\u00e9 aux emplois saisonniers publi\u00e9 par Adecco.<!--more--><\/p>\n<p><em>\u00ab\u00a0De plus en plus d\u2019\u00e9tudiants souhaitent d\u00e9sormais travailler de mani\u00e8re flexible en juillet et en ao\u00fbt en alternant semaines de boulot et semaines de d\u00e9tente\u00a0\u00bb<\/em>, explique le porte-parole d\u2019Adecco, Fr\u00e9d\u00e9ric Van Waeijenberge.<\/p>\n<p>Les examens se termineront dans trois semaines, lib\u00e9rant ainsi les \u00e9tudiants belges de toute contrainte scolaire. Mais passer deux, voire trois mois \u00e0 ne rien faire, peu d\u2019entre eux l\u2019envisagent r\u00e9ellement. Un quart de millions d\u2019\u00e9tudiants ont d\u2019ailleurs d\u00e9cid\u00e9 de se retrousser \u00e0 nouveau les manches en vue d\u2019acqu\u00e9rir un peu d\u2019exp\u00e9rience professionnelle et de se constituer une r\u00e9serve financi\u00e8re. Rien de nouveau, direz-vous\u2009! Et bien, si. Une tendance assez nouvelle ressort du barom\u00e8tre d\u2019Adecco consacr\u00e9 aux emplois saisonniers : de plus en plus de jeunes organisent leur \u00e9t\u00e9 ind\u00e9pendamment de leur job de vacances.<\/p>\n<p><em>\u00ab\u00a0Fini la formule classique qui voulait que les jeunes travaillent un mois d\u2019affil\u00e9e en juillet ou en ao\u00fbt. Ces derni\u00e8res ann\u00e9es, nous constatons une augmentation du nombre d\u2019\u00e9tudiants pr\u00e9f\u00e9rant travailler de mani\u00e8re fractionn\u00e9e pendant l\u2019\u00e9t\u00e9. Ils planifient d\u00e9sormais davantage leurs vacances en fonction des festivals, des voyages, de leurs amis et de leurs proches. Leur job de vacances leur sert \u00e0 tout financer. Plus frappant encore : la plupart des entreprises acceptent sans aucun probl\u00e8me ce nouveau mode de fonctionnement, car il s\u2019inscrit parfaitement dans la lign\u00e9e de celui du march\u00e9 actuel de l\u2019emploi.\u00a0\u00bb<\/em> explique \u200bFr\u00e9d\u00e9ric Van Waeijenberge, porte-parole d\u2019Adecco Belgique<\/p>\n<h3><strong><em>Une main-d\u2019\u0153uvre pris\u00e9e<\/em><\/strong><\/h3>\n<p>Dans notre pays, le taux d\u2019emploi int\u00e9rimaire classique a recul\u00e9 de 3,5 % au cours des cinq premiers mois de l\u2019ann\u00e9e. La d\u00e9t\u00e9rioration de la conjoncture \u00e9conomique n\u2019y est pas \u00e9trang\u00e8re. Le prestataire de services RH Adecco estime m\u00eame que ce recul se poursuivra cet \u00e9t\u00e9, mais pas au d\u00e9triment des jobs d\u2019\u00e9tudiant. Sur ce march\u00e9 de l\u2019int\u00e9rim en d\u00e9clin, la proportion d\u2019\u00e9tudiants ne cesse de croitre chaque ann\u00e9e. En effet, pour ces m\u00eames mois de mars et d\u2019avril, nous observons, contrairement \u00e0 la tendance g\u00e9n\u00e9rale \u00e0 la baisse du march\u00e9 de l\u2019int\u00e9rim, un statu quo pour les jobs d\u2019\u00e9tudiant par rapport \u00e0 l\u2019ann\u00e9e derni\u00e8re.<\/p>\n<p><em>\u00ab\u00a0Les \u00e9tudiants demeurent une main-d\u2019\u0153uvre pris\u00e9e. Ils fournissent du bon travail, leur absent\u00e9isme est limit\u00e9, et les plannings journaliers ou hebdomadaires, dont la pratique est bien \u00e9tablie dans les entreprises, correspondent parfaitement au mode de vie des \u00e9tudiants jobistes d\u2019aujourd\u2019hui.\u00a0\u00bb<\/em> d\u00e9clare \u200bFr\u00e9d\u00e9ric Van Waeijenberge d\u2019Adecco Belgique<\/p>\n<h3><strong><em>G\u00e9rer plus facilement les pics d\u2019activit\u00e9<\/em><\/strong><\/h3>\n<p>Ces derniers \u00e9t\u00e9s ont parfois \u00e9t\u00e9 un casse-t\u00eate \u00e0 cause des pics d\u2019activit\u00e9. Ce ph\u00e9nom\u00e8ne devrait \u00eatre moins flagrant cette ann\u00e9e parce que les \u00e9tudiants peuvent travailler davantage d\u2019heures (650 heures au lieu de 600) et parce que les jobs d\u2019\u00e9tudiant sont dor\u00e9navant bien ancr\u00e9s dans les mentalit\u00e9s.<\/p>\n<p><em>\u00ab\u00a0Gr\u00e2ce \u00e0 la plus grande disponibilit\u00e9 des \u00e9tudiants l\u2019\u00e9t\u00e9, nous pouvons r\u00e9pondre plus rapidement aux changements de planning ad hoc et aux pics d\u2019activit\u00e9 dans les entreprises. Nos collaborateurs sont en train d\u2019\u00e9tablir les plannings pour les \u00e9tudiants, en juillet et en ao\u00fbt. Mais pendant l\u2019\u00e9t\u00e9, ils devront continuer \u00e0 les r\u00e9organiser \u00e0 cause des changements de derni\u00e8re minute. Des pics d\u2019activit\u00e9 apparaissent g\u00e9n\u00e9ralement apr\u00e8s des p\u00e9riodes de mauvais temps, lorsqu\u2019il fait \u00e0 nouveau beau et que les gens ont envie de s\u2019installer en terrasse ou faire un barbecue. Il faut alors pouvoir r\u00e9pondre rapidement aux demandes de l\u2019horeca et des commer\u00e7ants.\u00a0\u00bb <\/em>explique \u200bFr\u00e9d\u00e9ric Van Waeijenberge<\/p>\n<h3><strong><em>2.600 euros brut par mois<\/em><\/strong><\/h3>\n<p>Selon le barom\u00e8tre des emplois saisonniers d\u2019Adecco, la plupart des jobs d\u2019\u00e9tudiants sont propos\u00e9s dans les secteurs du d\u00e9tail et de la production. Dans les supermarch\u00e9s, il s\u2019agit principalement du travail en caisse ou de r\u00e9assortiment des rayons. Ces secteurs repr\u00e9sentent plus de 60% du nombre d\u2019emplois saisonniers. L\u2019horeca repr\u00e9sente \u00e0 son tour 12% de ces emplois contre 5% dans le secteur des soins de sant\u00e9. Dans ce dernier secteur, il ne s\u2019agit pas uniquement d\u2019\u00e9tudiants compl\u00e9tant les \u00e9quipes de nettoyage des maisons de repos et des h\u00f4pitaux ou venant pr\u00eater main forte en cuisine. Ceux qui ont un dipl\u00f4me d\u2019aptitude professionnelle peuvent aussi assister le personnel soignant. Le secteur des soins de sant\u00e9 est le secteur qui paie le mieux parmi ces secteurs tr\u00e8s pris\u00e9s. En moyenne, l\u2019\u00e9t\u00e9, un \u00e9tudiant gagne 2.600 euros brut par mois.<\/p>\n<p>&nbsp;<\/p>\n<p><em>Source: Adecco &#8211; Donn\u00e9es de l&rsquo;ONSS via Federgon<\/em><\/p>\n","protected":false},"excerpt":{"rendered":"<p>Le barom\u00e8tre d\u2019Adecco consacr\u00e9 aux emplois saisonniers est sans appel : le nombre d\u2019\u00e9tudiants travaillant un mois d\u2019affil\u00e9e l\u2019\u00e9t\u00e9 a diminu\u00e9 de 15 % en cinq ans&#8230; Travailler l\u2019\u00e9t\u00e9 pendant un mois de 9h \u00e0 17h ou en \u00e9quipe et [&hellip;]<\/p>\n","protected":false},"author":2,"featured_media":17854,"comment_status":"closed","ping_status":"open","sticky":false,"template":"","format":"standard","meta":[],"categories":[65,10],"tags":[220,374,774],"yoast_head":"<!-- This site is optimized with the Yoast SEO plugin v21.0 - https:\/\/yoast.com\/wordpress\/plugins\/seo\/ -->\n<title>Une semaine de boulot, une semaine de vacances... Cet \u00e9t\u00e9, les \u00e9tudiants veulent eux aussi des jobs flexibles. - Peoplesphere<\/title>\n<meta name=\"robots\" content=\"index, follow, max-snippet:-1, max-image-preview:large, max-video-preview:-1\" \/>\n<link rel=\"canonical\" href=\"https:\/\/peoplesphere.be\/fr\/une-semaine-de-boulot-une-semaine-de-vacances-cet-ete-les-etudiants-veulent-eux-aussi-des-jobs-flexibles\/\" \/>\n<meta property=\"og:locale\" content=\"fr_FR\" \/>\n<meta property=\"og:type\" content=\"article\" \/>\n<meta property=\"og:title\" content=\"Une semaine de boulot, une semaine de vacances... Cet \u00e9t\u00e9, les \u00e9tudiants veulent eux aussi des jobs flexibles. - Peoplesphere\" \/>\n<meta property=\"og:description\" content=\"Le barom\u00e8tre d\u2019Adecco consacr\u00e9 aux emplois saisonniers est sans appel : le nombre d\u2019\u00e9tudiants travaillant un mois d\u2019affil\u00e9e l\u2019\u00e9t\u00e9 a diminu\u00e9 de 15 % en cinq ans&#8230; Travailler l\u2019\u00e9t\u00e9 pendant un mois de 9h \u00e0 17h ou en \u00e9quipe et [&hellip;]\" \/>\n<meta property=\"og:url\" content=\"https:\/\/peoplesphere.be\/fr\/une-semaine-de-boulot-une-semaine-de-vacances-cet-ete-les-etudiants-veulent-eux-aussi-des-jobs-flexibles\/\" \/>\n<meta property=\"og:site_name\" content=\"Peoplesphere\" \/>\n<meta property=\"article:publisher\" content=\"https:\/\/www.facebook.com\/peoplesphere\" \/>\n<meta property=\"article:published_time\" content=\"2025-06-10T04:32:37+00:00\" \/>\n<meta property=\"og:image\" content=\"https:\/\/peoplesphere.be\/fr\/wp-content\/uploads\/2025\/06\/20250610zomerjobs.jpg\" \/>\n\t<meta property=\"og:image:width\" content=\"1120\" \/>\n\t<meta property=\"og:image:height\" content=\"627\" \/>\n\t<meta property=\"og:image:type\" content=\"image\/jpeg\" \/>\n<meta name=\"author\" content=\"Jean-Paul Erhard\" \/>\n<meta name=\"twitter:card\" content=\"summary_large_image\" \/>\n<meta name=\"twitter:creator\" content=\"@PeoplesphereMag\" \/>\n<meta name=\"twitter:site\" content=\"@PeoplesphereMag\" \/>\n<meta name=\"twitter:label1\" content=\"\u00c9crit par\" \/>\n\t<meta name=\"twitter:data1\" content=\"Jean-Paul Erhard\" \/>\n\t<meta name=\"twitter:label2\" content=\"Dur\u00e9e de lecture estim\u00e9e\" \/>\n\t<meta name=\"twitter:data2\" content=\"4 minutes\" \/>\n<script type=\"application\/ld+json\" class=\"yoast-schema-graph\">{\"@context\":\"https:\/\/schema.org\",\"@graph\":[{\"@type\":\"Article\",\"@id\":\"https:\/\/peoplesphere.be\/fr\/une-semaine-de-boulot-une-semaine-de-vacances-cet-ete-les-etudiants-veulent-eux-aussi-des-jobs-flexibles\/#article\",\"isPartOf\":{\"@id\":\"https:\/\/peoplesphere.be\/fr\/une-semaine-de-boulot-une-semaine-de-vacances-cet-ete-les-etudiants-veulent-eux-aussi-des-jobs-flexibles\/\"},\"author\":{\"name\":\"Jean-Paul Erhard\",\"@id\":\"https:\/\/peoplesphere.be\/fr\/#\/schema\/person\/7976225ff17988604334abb7b3536a7e\"},\"headline\":\"Une semaine de boulot, une semaine de vacances&#8230; Cet \u00e9t\u00e9, les \u00e9tudiants veulent eux aussi des jobs flexibles.\",\"datePublished\":\"2025-06-10T04:32:37+00:00\",\"dateModified\":\"2025-06-10T04:32:37+00:00\",\"mainEntityOfPage\":{\"@id\":\"https:\/\/peoplesphere.be\/fr\/une-semaine-de-boulot-une-semaine-de-vacances-cet-ete-les-etudiants-veulent-eux-aussi-des-jobs-flexibles\/\"},\"wordCount\":895,\"publisher\":{\"@id\":\"https:\/\/peoplesphere.be\/fr\/#organization\"},\"keywords\":[\"flexibilit\u00e9\",\"r\u00e9mun\u00e9rations\",\"travail \u00e9tudiant\"],\"articleSection\":[\"Actualit\u00e9s\",\"Digital\"],\"inLanguage\":\"fr-FR\"},{\"@type\":\"WebPage\",\"@id\":\"https:\/\/peoplesphere.be\/fr\/une-semaine-de-boulot-une-semaine-de-vacances-cet-ete-les-etudiants-veulent-eux-aussi-des-jobs-flexibles\/\",\"url\":\"https:\/\/peoplesphere.be\/fr\/une-semaine-de-boulot-une-semaine-de-vacances-cet-ete-les-etudiants-veulent-eux-aussi-des-jobs-flexibles\/\",\"name\":\"Une semaine de boulot, une semaine de vacances... Cet \u00e9t\u00e9, les \u00e9tudiants veulent eux aussi des jobs flexibles. - Peoplesphere\",\"isPartOf\":{\"@id\":\"https:\/\/peoplesphere.be\/fr\/#website\"},\"datePublished\":\"2025-06-10T04:32:37+00:00\",\"dateModified\":\"2025-06-10T04:32:37+00:00\",\"breadcrumb\":{\"@id\":\"https:\/\/peoplesphere.be\/fr\/une-semaine-de-boulot-une-semaine-de-vacances-cet-ete-les-etudiants-veulent-eux-aussi-des-jobs-flexibles\/#breadcrumb\"},\"inLanguage\":\"fr-FR\",\"potentialAction\":[{\"@type\":\"ReadAction\",\"target\":[\"https:\/\/peoplesphere.be\/fr\/une-semaine-de-boulot-une-semaine-de-vacances-cet-ete-les-etudiants-veulent-eux-aussi-des-jobs-flexibles\/\"]}]},{\"@type\":\"BreadcrumbList\",\"@id\":\"https:\/\/peoplesphere.be\/fr\/une-semaine-de-boulot-une-semaine-de-vacances-cet-ete-les-etudiants-veulent-eux-aussi-des-jobs-flexibles\/#breadcrumb\",\"itemListElement\":[{\"@type\":\"ListItem\",\"position\":1,\"name\":\"Accueil\",\"item\":\"https:\/\/peoplesphere.be\/fr\/\"},{\"@type\":\"ListItem\",\"position\":2,\"name\":\"Une semaine de boulot, une semaine de vacances&#8230; Cet \u00e9t\u00e9, les \u00e9tudiants veulent eux aussi des jobs flexibles.\"}]},{\"@type\":\"WebSite\",\"@id\":\"https:\/\/peoplesphere.be\/fr\/#website\",\"url\":\"https:\/\/peoplesphere.be\/fr\/\",\"name\":\"Peoplesphere\",\"description\":\"The People Managers Magazine\",\"publisher\":{\"@id\":\"https:\/\/peoplesphere.be\/fr\/#organization\"},\"potentialAction\":[{\"@type\":\"SearchAction\",\"target\":{\"@type\":\"EntryPoint\",\"urlTemplate\":\"https:\/\/peoplesphere.be\/fr\/?s={search_term_string}\"},\"query-input\":\"required name=search_term_string\"}],\"inLanguage\":\"fr-FR\"},{\"@type\":\"Organization\",\"@id\":\"https:\/\/peoplesphere.be\/fr\/#organization\",\"name\":\"Peoplesphere Company srl\",\"url\":\"https:\/\/peoplesphere.be\/fr\/\",\"logo\":{\"@type\":\"ImageObject\",\"inLanguage\":\"fr-FR\",\"@id\":\"https:\/\/peoplesphere.be\/fr\/#\/schema\/logo\/image\/\",\"url\":\"https:\/\/peoplesphere.be\/fr\/wp-content\/uploads\/2023\/07\/peoplesphere-lgo-new-generik.jpg\",\"contentUrl\":\"https:\/\/peoplesphere.be\/fr\/wp-content\/uploads\/2023\/07\/peoplesphere-lgo-new-generik.jpg\",\"width\":1031,\"height\":1479,\"caption\":\"Peoplesphere Company srl\"},\"image\":{\"@id\":\"https:\/\/peoplesphere.be\/fr\/#\/schema\/logo\/image\/\"},\"sameAs\":[\"https:\/\/www.facebook.com\/peoplesphere\",\"https:\/\/twitter.com\/PeoplesphereMag\",\"https:\/\/www.linkedin.com\/company\/7587361?trk\",\"http:\/\/youtube.com\/peoplesphere\"]},{\"@type\":\"Person\",\"@id\":\"https:\/\/peoplesphere.be\/fr\/#\/schema\/person\/7976225ff17988604334abb7b3536a7e\",\"name\":\"Jean-Paul Erhard\",\"image\":{\"@type\":\"ImageObject\",\"inLanguage\":\"fr-FR\",\"@id\":\"https:\/\/peoplesphere.be\/fr\/#\/schema\/person\/image\/\",\"url\":\"https:\/\/secure.gravatar.com\/avatar\/f941e681460179738071629a51574930?s=96&d=mm&r=g\",\"contentUrl\":\"https:\/\/secure.gravatar.com\/avatar\/f941e681460179738071629a51574930?s=96&d=mm&r=g\",\"caption\":\"Jean-Paul Erhard\"},\"url\":\"https:\/\/peoplesphere.be\/fr\/author\/jpe\/\"}]}<\/script>\n<!-- \/ Yoast SEO plugin. -->","yoast_head_json":{"title":"Une semaine de boulot, une semaine de vacances... Cet \u00e9t\u00e9, les \u00e9tudiants veulent eux aussi des jobs flexibles. - Peoplesphere","robots":{"index":"index","follow":"follow","max-snippet":"max-snippet:-1","max-image-preview":"max-image-preview:large","max-video-preview":"max-video-preview:-1"},"canonical":"https:\/\/peoplesphere.be\/fr\/une-semaine-de-boulot-une-semaine-de-vacances-cet-ete-les-etudiants-veulent-eux-aussi-des-jobs-flexibles\/","og_locale":"fr_FR","og_type":"article","og_title":"Une semaine de boulot, une semaine de vacances... Cet \u00e9t\u00e9, les \u00e9tudiants veulent eux aussi des jobs flexibles. - Peoplesphere","og_description":"Le barom\u00e8tre d\u2019Adecco consacr\u00e9 aux emplois saisonniers est sans appel : le nombre d\u2019\u00e9tudiants travaillant un mois d\u2019affil\u00e9e l\u2019\u00e9t\u00e9 a diminu\u00e9 de 15 % en cinq ans&#8230; Travailler l\u2019\u00e9t\u00e9 pendant un mois de 9h \u00e0 17h ou en \u00e9quipe et [&hellip;]","og_url":"https:\/\/peoplesphere.be\/fr\/une-semaine-de-boulot-une-semaine-de-vacances-cet-ete-les-etudiants-veulent-eux-aussi-des-jobs-flexibles\/","og_site_name":"Peoplesphere","article_publisher":"https:\/\/www.facebook.com\/peoplesphere","article_published_time":"2025-06-10T04:32:37+00:00","og_image":[{"width":1120,"height":627,"url":"https:\/\/peoplesphere.be\/fr\/wp-content\/uploads\/2025\/06\/20250610zomerjobs.jpg","type":"image\/jpeg"}],"author":"Jean-Paul Erhard","twitter_card":"summary_large_image","twitter_creator":"@PeoplesphereMag","twitter_site":"@PeoplesphereMag","twitter_misc":{"\u00c9crit par":"Jean-Paul Erhard","Dur\u00e9e de lecture estim\u00e9e":"4 minutes"},"schema":{"@context":"https:\/\/schema.org","@graph":[{"@type":"Article","@id":"https:\/\/peoplesphere.be\/fr\/une-semaine-de-boulot-une-semaine-de-vacances-cet-ete-les-etudiants-veulent-eux-aussi-des-jobs-flexibles\/#article","isPartOf":{"@id":"https:\/\/peoplesphere.be\/fr\/une-semaine-de-boulot-une-semaine-de-vacances-cet-ete-les-etudiants-veulent-eux-aussi-des-jobs-flexibles\/"},"author":{"name":"Jean-Paul Erhard","@id":"https:\/\/peoplesphere.be\/fr\/#\/schema\/person\/7976225ff17988604334abb7b3536a7e"},"headline":"Une semaine de boulot, une semaine de vacances&#8230; Cet \u00e9t\u00e9, les \u00e9tudiants veulent eux aussi des jobs flexibles.","datePublished":"2025-06-10T04:32:37+00:00","dateModified":"2025-06-10T04:32:37+00:00","mainEntityOfPage":{"@id":"https:\/\/peoplesphere.be\/fr\/une-semaine-de-boulot-une-semaine-de-vacances-cet-ete-les-etudiants-veulent-eux-aussi-des-jobs-flexibles\/"},"wordCount":895,"publisher":{"@id":"https:\/\/peoplesphere.be\/fr\/#organization"},"keywords":["flexibilit\u00e9","r\u00e9mun\u00e9rations","travail \u00e9tudiant"],"articleSection":["Actualit\u00e9s","Digital"],"inLanguage":"fr-FR"},{"@type":"WebPage","@id":"https:\/\/peoplesphere.be\/fr\/une-semaine-de-boulot-une-semaine-de-vacances-cet-ete-les-etudiants-veulent-eux-aussi-des-jobs-flexibles\/","url":"https:\/\/peoplesphere.be\/fr\/une-semaine-de-boulot-une-semaine-de-vacances-cet-ete-les-etudiants-veulent-eux-aussi-des-jobs-flexibles\/","name":"Une semaine de boulot, une semaine de vacances... Cet \u00e9t\u00e9, les \u00e9tudiants veulent eux aussi des jobs flexibles. - Peoplesphere","isPartOf":{"@id":"https:\/\/peoplesphere.be\/fr\/#website"},"datePublished":"2025-06-10T04:32:37+00:00","dateModified":"2025-06-10T04:32:37+00:00","breadcrumb":{"@id":"https:\/\/peoplesphere.be\/fr\/une-semaine-de-boulot-une-semaine-de-vacances-cet-ete-les-etudiants-veulent-eux-aussi-des-jobs-flexibles\/#breadcrumb"},"inLanguage":"fr-FR","potentialAction":[{"@type":"ReadAction","target":["https:\/\/peoplesphere.be\/fr\/une-semaine-de-boulot-une-semaine-de-vacances-cet-ete-les-etudiants-veulent-eux-aussi-des-jobs-flexibles\/"]}]},{"@type":"BreadcrumbList","@id":"https:\/\/peoplesphere.be\/fr\/une-semaine-de-boulot-une-semaine-de-vacances-cet-ete-les-etudiants-veulent-eux-aussi-des-jobs-flexibles\/#breadcrumb","itemListElement":[{"@type":"ListItem","position":1,"name":"Accueil","item":"https:\/\/peoplesphere.be\/fr\/"},{"@type":"ListItem","position":2,"name":"Une semaine de boulot, une semaine de vacances&#8230; Cet \u00e9t\u00e9, les \u00e9tudiants veulent eux aussi des jobs flexibles."}]},{"@type":"WebSite","@id":"https:\/\/peoplesphere.be\/fr\/#website","url":"https:\/\/peoplesphere.be\/fr\/","name":"Peoplesphere","description":"The People Managers Magazine","publisher":{"@id":"https:\/\/peoplesphere.be\/fr\/#organization"},"potentialAction":[{"@type":"SearchAction","target":{"@type":"EntryPoint","urlTemplate":"https:\/\/peoplesphere.be\/fr\/?s={search_term_string}"},"query-input":"required name=search_term_string"}],"inLanguage":"fr-FR"},{"@type":"Organization","@id":"https:\/\/peoplesphere.be\/fr\/#organization","name":"Peoplesphere Company srl","url":"https:\/\/peoplesphere.be\/fr\/","logo":{"@type":"ImageObject","inLanguage":"fr-FR","@id":"https:\/\/peoplesphere.be\/fr\/#\/schema\/logo\/image\/","url":"https:\/\/peoplesphere.be\/fr\/wp-content\/uploads\/2023\/07\/peoplesphere-lgo-new-generik.jpg","contentUrl":"https:\/\/peoplesphere.be\/fr\/wp-content\/uploads\/2023\/07\/peoplesphere-lgo-new-generik.jpg","width":1031,"height":1479,"caption":"Peoplesphere Company srl"},"image":{"@id":"https:\/\/peoplesphere.be\/fr\/#\/schema\/logo\/image\/"},"sameAs":["https:\/\/www.facebook.com\/peoplesphere","https:\/\/twitter.com\/PeoplesphereMag","https:\/\/www.linkedin.com\/company\/7587361?trk","http:\/\/youtube.com\/peoplesphere"]},{"@type":"Person","@id":"https:\/\/peoplesphere.be\/fr\/#\/schema\/person\/7976225ff17988604334abb7b3536a7e","name":"Jean-Paul Erhard","image":{"@type":"ImageObject","inLanguage":"fr-FR","@id":"https:\/\/peoplesphere.be\/fr\/#\/schema\/person\/image\/","url":"https:\/\/secure.gravatar.com\/avatar\/f941e681460179738071629a51574930?s=96&d=mm&r=g","contentUrl":"https:\/\/secure.gravatar.com\/avatar\/f941e681460179738071629a51574930?s=96&d=mm&r=g","caption":"Jean-Paul Erhard"},"url":"https:\/\/peoplesphere.be\/fr\/author\/jpe\/"}]}},"_links":{"self":[{"href":"https:\/\/peoplesphere.be\/fr\/wp-json\/wp\/v2\/posts\/17853"}],"collection":[{"href":"https:\/\/peoplesphere.be\/fr\/wp-json\/wp\/v2\/posts"}],"about":[{"href":"https:\/\/peoplesphere.be\/fr\/wp-json\/wp\/v2\/types\/post"}],"author":[{"embeddable":true,"href":"https:\/\/peoplesphere.be\/fr\/wp-json\/wp\/v2\/users\/2"}],"replies":[{"embeddable":true,"href":"https:\/\/peoplesphere.be\/fr\/wp-json\/wp\/v2\/comments?post=17853"}],"version-history":[{"count":1,"href":"https:\/\/peoplesphere.be\/fr\/wp-json\/wp\/v2\/posts\/17853\/revisions"}],"predecessor-version":[{"id":17855,"href":"https:\/\/peoplesphere.be\/fr\/wp-json\/wp\/v2\/posts\/17853\/revisions\/17855"}],"wp:featuredmedia":[{"embeddable":true,"href":"https:\/\/peoplesphere.be\/fr\/wp-json\/wp\/v2\/media\/17854"}],"wp:attachment":[{"href":"https:\/\/peoplesphere.be\/fr\/wp-json\/wp\/v2\/media?parent=17853"}],"wp:term":[{"taxonomy":"category","embeddable":true,"href":"https:\/\/peoplesphere.be\/fr\/wp-json\/wp\/v2\/categories?post=17853"},{"taxonomy":"post_tag","embeddable":true,"href":"https:\/\/peoplesphere.be\/fr\/wp-json\/wp\/v2\/tags?post=17853"}],"curies":[{"name":"wp","href":"https:\/\/api.w.org\/{rel}","templated":true}]}}