









{"id":17896,"date":"2025-06-18T08:17:16","date_gmt":"2025-06-18T06:17:16","guid":{"rendered":"https:\/\/peoplesphere.be\/fr\/?p=17896"},"modified":"2025-06-18T08:17:16","modified_gmt":"2025-06-18T06:17:16","slug":"le-taux-demploi-a-80-en-belgique-aucune-region-na-atteint-lobjectif-et-linquietude-autour-de-lemploi-des-jeunes-grandit","status":"publish","type":"post","link":"https:\/\/peoplesphere.be\/fr\/le-taux-demploi-a-80-en-belgique-aucune-region-na-atteint-lobjectif-et-linquietude-autour-de-lemploi-des-jeunes-grandit\/","title":{"rendered":"Le taux d&#8217;emploi \u00e0 80% en Belgique: aucune r\u00e9gion n&rsquo;a atteint l&rsquo;objectif et l&rsquo;inqui\u00e9tude autour de l&#8217;emploi des jeunes grandit."},"content":{"rendered":"<p>La Belgique s\u2019est fix\u00e9 un objectif ambitieux : atteindre un taux d\u2019emploi de 80% d\u2019ici 2030. Pourtant, aucune r\u00e9gion n\u2019a encore franchi ce seuil, et les \u00e9carts entre territoires restent importants. Pourquoi certaines zones peinent-elles \u00e0 progresser ? Quelles r\u00e9gions s\u2019am\u00e9liorent, et lesquelles d\u00e9crochent ? Comment \u00e9voluent l\u2019emploi, l\u2019inactivit\u00e9 et le ch\u00f4mage selon les territoires, les \u00e2ges, le genre ou encore l\u2019origine ?<!--more--><\/p>\n<p>Le rapport r\u00e9alis\u00e9 par le Think tank Itinera dresse un \u00e9tat des lieux des disparit\u00e9s g\u00e9ographiques en mati\u00e8re d\u2019emploi, d\u2019inactivit\u00e9 et de ch\u00f4mage. Il met \u00e9galement en lumi\u00e8re les dynamiques sp\u00e9cifiques \u00e0 certains groupes, afin d\u2019identifier les territoires et publics prioritaires pour les politiques d\u2019activation.<\/p>\n<h3><strong><em>Des dynamiques tr\u00e8s contrast\u00e9es<\/em><\/strong><\/h3>\n<p><strong><em>1. Des taux d\u2019emploi particuli\u00e8rement bas dans les communes frontali\u00e8res<\/em><\/strong><br \/>\nLes taux d\u2019emploi sont faibles dans plusieurs communes situ\u00e9es en bordure du territoire national. Cette particularit\u00e9 s\u2019explique par le travail frontalier, qui n\u2019est pas int\u00e9gr\u00e9 dans les statistiques officielles de l\u2019emploi : les travailleurs frontaliers ne contribuent pas au financement de la s\u00e9curit\u00e9 sociale belge ni \u00e0 l\u2019imp\u00f4t sur le revenu en Belgique.<br \/>\nLa tendance actuelle montre une hausse marqu\u00e9e du travail frontalier sortant vers le Luxembourg (+47%) et une baisse significative du travail frontalier entrant en provenance des Pays-Bas (-55%).<\/p>\n<p><strong><em>2. Une inversion des dynamiques entre jeunes et seniors<\/em><\/strong><br \/>\nLe taux d\u2019activit\u00e9 (emploi ou ch\u00f4mage) \u00e9volue diff\u00e9remment selon les groupes d\u2019\u00e2ge. On observe une forte baisse chez les jeunes de 18 \u00e0 24 ans, dont le taux d\u2019activit\u00e9 passe de 56% \u00e0 44%. \u00c0 l\u2019inverse, les seniors de 55 \u00e0 64 ans sont de plus en plus actifs, avec un taux d\u2019activit\u00e9 en hausse de 40% \u00e0 66%.<br \/>\nIl est important de noter que les \u00e9tudiants jobistes ne sont pas comptabilis\u00e9s comme \u00e9tant en emploi dans ces donn\u00e9es.<br \/>\nEn 2022, ces disparit\u00e9s sont particuli\u00e8rement visibles entre les r\u00e9gions :<br \/>\nBruxelles : seulement 23,6% des 18-24 ans sont en emploi,<br \/>\nFlandre : 39,5%,<br \/>\nWallonie : 30,2%.<\/p>\n<p><strong><em>3. Des femmes de plus en plus actives, des hommes en recul<\/em><\/strong><br \/>\nLa progression globale du taux d\u2019emploi est principalement port\u00e9e par les femmes. Tandis que la part des hommes actifs diminue dans certaines r\u00e9gions, celle des femmes augmente sensiblement, r\u00e9v\u00e9lant des \u00e9volutions contrast\u00e9es selon le territoire :<\/p>\n<ul>\n<li>En Flandre, le taux d\u2019activit\u00e9 des femmes progresse de +20,6%, contre +7,9% pour les hommes.<\/li>\n<li>En Wallonie, les femmes gagnent +11,9%, alors que les hommes perdent -8,8%.<\/li>\n<li>\u00c0 Bruxelles, la situation est plus pr\u00e9occupante : aucune progression pour les femmes, et une baisse de -5,8% pour les hommes.<\/li>\n<\/ul>\n<h3><strong><em>Disparit\u00e9s territoriales de plus en plus marqu\u00e9es<\/em><\/strong><\/h3>\n<p><strong><em>1. Des \u00e9carts d\u2019emploi surtout internes aux r\u00e9gions<\/em><\/strong><br \/>\nLes disparit\u00e9s en mati\u00e8re d\u2019emploi varient fortement selon le lieu de r\u00e9sidence. Fait notable : 80% des \u00e9carts d\u2019emploi entre villes et communes s\u2019observent \u00e0 l\u2019int\u00e9rieur des r\u00e9gions elles-m\u00eames, un ph\u00e9nom\u00e8ne stable depuis 2006.<br \/>\nPlus pr\u00e9cis\u00e9ment :<br \/>\n60% des disparit\u00e9s sont internes \u00e0 la Wallonie,<br \/>\n20% sont internes \u00e0 la Flandre,<br \/>\net 20% r\u00e9sultent des \u00e9carts entre la Wallonie et la Flandre.<\/p>\n<p><strong><em>2. La p\u00e9riurbanisation redessine la g\u00e9ographie de l\u2019emploi<\/em><\/strong><br \/>\n\u00c0 l\u2019exception de quelques communes frontali\u00e8res, le taux d\u2019emploi progresse dans la quasi-totalit\u00e9 des villes et communes, avec une dynamique particuli\u00e8rement visible en p\u00e9riph\u00e9rie des grands centres urbains.<br \/>\nLa p\u00e9riurbanisation se traduit par une hausse de l\u2019emploi dans les communes p\u00e9riph\u00e9riques, alors que les centres urbains d\u00e9crochent progressivement. Toutes les grandes villes pr\u00e9sentent aujourd\u2019hui des taux d\u2019emploi inf\u00e9rieurs \u00e0 leurs p\u00e9riph\u00e9ries.<br \/>\nCe ph\u00e9nom\u00e8ne, observ\u00e9 dans les grandes villes wallonnes, concerne \u00e9galement Anvers et Gand. Le Brabant flamand, notamment \u00e0 l\u2019ouest de Bruxelles, b\u00e9n\u00e9ficie \u00e9galement de cette dynamique.<\/p>\n<p><strong><em>3. Moins d\u2019in\u00e9galit\u00e9s entre villes flamandes qu\u2019entre villes wallonnes<\/em><\/strong><br \/>\nLes disparit\u00e9s d\u2019emploi sont plus marqu\u00e9es entre les villes wallonnes qu\u2019entre leurs homologues flamandes.<br \/>\nEn comparant les 40 plus grandes villes et communes (couvrant environ 40% de la population en Flandre et 50% en Wallonie), on constate que :<\/p>\n<ul>\n<li>En Flandre, les taux d\u2019emploi se concentrent autour de 75%,<\/li>\n<li>En Wallonie, ils oscillent plut\u00f4t autour de 60%, avec une dispersion plus \u00e9lev\u00e9e.<\/li>\n<\/ul>\n<h3><strong><em>Des in\u00e9galit\u00e9s selon l&rsquo;origine et le genre<\/em><\/strong><\/h3>\n<p>Les \u00e9carts d\u2019emploi sont \u00e9galement significatifs selon l\u2019origine des r\u00e9sidents, notamment chez les femmes.<br \/>\nParmi les femmes d\u2019origine non europ\u00e9enne, 80% des moins de 25 ans et des plus de 55 ans sont hors emploi, contre 68% et 32% chez les femmes belges des m\u00eames tranches d\u2019\u00e2ge.<br \/>\n\u00c0 Bruxelles, certains quartiers du \u00ab\u00a0croissant pauvre\u00a0\u00bb affichent des \u00e9carts d\u2019emploi homme-femme d\u00e9passant 25 points de pourcentage, alors que d\u2019autres pr\u00e9sentent une parit\u00e9 relative dans l\u2019emploi.<\/p>\n<h3><strong><em>D\u00e9centralisation de l&#8217;emploi<\/em><\/strong><\/h3>\n<p>Les lieux d\u2019emploi se d\u00e9centralisent, et les d\u00e9placements domicile-travail se raccourcissent.<br \/>\nLa distance moyenne des navettes diminue dans l\u2019ensemble du pays. On observe :<\/p>\n<ul>\n<li>une baisse des navettes entre les r\u00e9gions flamande et wallonne,<\/li>\n<li>une hausse des navettes des Bruxellois vers la Flandre,<\/li>\n<li>et une stabilit\u00e9 \u00e9lev\u00e9e des mobilit\u00e9s intrar\u00e9gionales, avec 83% des navetteurs vivant et travaillant dans la m\u00eame r\u00e9gion.<\/li>\n<\/ul>\n<p>&nbsp;<\/p>\n<p><em>Source: Itinera<\/em><\/p>\n<p>&nbsp;<\/p>\n","protected":false},"excerpt":{"rendered":"<p>La Belgique s\u2019est fix\u00e9 un objectif ambitieux : atteindre un taux d\u2019emploi de 80% d\u2019ici 2030. Pourtant, aucune r\u00e9gion n\u2019a encore franchi ce seuil, et les \u00e9carts entre territoires restent importants. Pourquoi certaines zones peinent-elles \u00e0 progresser ? Quelles r\u00e9gions [&hellip;]<\/p>\n","protected":false},"author":2,"featured_media":0,"comment_status":"closed","ping_status":"open","sticky":false,"template":"","format":"standard","meta":[],"categories":[65,10],"tags":[92,4248,292,11,4306],"yoast_head":"<!-- This site is optimized with the Yoast SEO plugin v21.0 - https:\/\/yoast.com\/wordpress\/plugins\/seo\/ -->\n<title>Le taux d&#039;emploi \u00e0 80% en Belgique: aucune r\u00e9gion n&#039;a atteint l&#039;objectif et l&#039;inqui\u00e9tude autour de l&#039;emploi des jeunes grandit. - Peoplesphere<\/title>\n<meta name=\"robots\" content=\"index, follow, max-snippet:-1, max-image-preview:large, max-video-preview:-1\" \/>\n<link rel=\"canonical\" href=\"https:\/\/peoplesphere.be\/fr\/le-taux-demploi-a-80-en-belgique-aucune-region-na-atteint-lobjectif-et-linquietude-autour-de-lemploi-des-jeunes-grandit\/\" \/>\n<meta property=\"og:locale\" content=\"fr_FR\" \/>\n<meta property=\"og:type\" content=\"article\" \/>\n<meta property=\"og:title\" content=\"Le taux d&#039;emploi \u00e0 80% en Belgique: aucune r\u00e9gion n&#039;a atteint l&#039;objectif et l&#039;inqui\u00e9tude autour de l&#039;emploi des jeunes grandit. - Peoplesphere\" \/>\n<meta property=\"og:description\" content=\"La Belgique s\u2019est fix\u00e9 un objectif ambitieux : atteindre un taux d\u2019emploi de 80% d\u2019ici 2030. Pourtant, aucune r\u00e9gion n\u2019a encore franchi ce seuil, et les \u00e9carts entre territoires restent importants. Pourquoi certaines zones peinent-elles \u00e0 progresser ? Quelles r\u00e9gions [&hellip;]\" \/>\n<meta property=\"og:url\" content=\"https:\/\/peoplesphere.be\/fr\/le-taux-demploi-a-80-en-belgique-aucune-region-na-atteint-lobjectif-et-linquietude-autour-de-lemploi-des-jeunes-grandit\/\" \/>\n<meta property=\"og:site_name\" content=\"Peoplesphere\" \/>\n<meta property=\"article:publisher\" content=\"https:\/\/www.facebook.com\/peoplesphere\" \/>\n<meta property=\"article:published_time\" content=\"2025-06-18T06:17:16+00:00\" \/>\n<meta property=\"og:image\" content=\"http:\/\/www.peoplesphere.be\/fr\/wp-content\/uploads\/2016\/07\/facebook-default-posting-1200x628px.jpg\" \/>\n<meta name=\"author\" content=\"Jean-Paul Erhard\" \/>\n<meta name=\"twitter:card\" content=\"summary_large_image\" \/>\n<meta name=\"twitter:creator\" content=\"@PeoplesphereMag\" \/>\n<meta name=\"twitter:site\" content=\"@PeoplesphereMag\" \/>\n<meta name=\"twitter:label1\" content=\"\u00c9crit par\" \/>\n\t<meta name=\"twitter:data1\" content=\"Jean-Paul Erhard\" \/>\n\t<meta name=\"twitter:label2\" content=\"Dur\u00e9e de lecture estim\u00e9e\" \/>\n\t<meta name=\"twitter:data2\" content=\"5 minutes\" \/>\n<script type=\"application\/ld+json\" class=\"yoast-schema-graph\">{\"@context\":\"https:\/\/schema.org\",\"@graph\":[{\"@type\":\"Article\",\"@id\":\"https:\/\/peoplesphere.be\/fr\/le-taux-demploi-a-80-en-belgique-aucune-region-na-atteint-lobjectif-et-linquietude-autour-de-lemploi-des-jeunes-grandit\/#article\",\"isPartOf\":{\"@id\":\"https:\/\/peoplesphere.be\/fr\/le-taux-demploi-a-80-en-belgique-aucune-region-na-atteint-lobjectif-et-linquietude-autour-de-lemploi-des-jeunes-grandit\/\"},\"author\":{\"name\":\"Jean-Paul Erhard\",\"@id\":\"https:\/\/peoplesphere.be\/fr\/#\/schema\/person\/7976225ff17988604334abb7b3536a7e\"},\"headline\":\"Le taux d&#8217;emploi \u00e0 80% en Belgique: aucune r\u00e9gion n&rsquo;a atteint l&rsquo;objectif et l&rsquo;inqui\u00e9tude autour de l&#8217;emploi des jeunes grandit.\",\"datePublished\":\"2025-06-18T06:17:16+00:00\",\"dateModified\":\"2025-06-18T06:17:16+00:00\",\"mainEntityOfPage\":{\"@id\":\"https:\/\/peoplesphere.be\/fr\/le-taux-demploi-a-80-en-belgique-aucune-region-na-atteint-lobjectif-et-linquietude-autour-de-lemploi-des-jeunes-grandit\/\"},\"wordCount\":893,\"publisher\":{\"@id\":\"https:\/\/peoplesphere.be\/fr\/#organization\"},\"keywords\":[\"ch\u00f4mage\",\"disparit\u00e9s r\u00e9gionales\",\"\u00e9galit\u00e9 des genres\",\"emploi\",\"jeunes sans emploi\"],\"articleSection\":[\"Actualit\u00e9s\",\"Digital\"],\"inLanguage\":\"fr-FR\"},{\"@type\":\"WebPage\",\"@id\":\"https:\/\/peoplesphere.be\/fr\/le-taux-demploi-a-80-en-belgique-aucune-region-na-atteint-lobjectif-et-linquietude-autour-de-lemploi-des-jeunes-grandit\/\",\"url\":\"https:\/\/peoplesphere.be\/fr\/le-taux-demploi-a-80-en-belgique-aucune-region-na-atteint-lobjectif-et-linquietude-autour-de-lemploi-des-jeunes-grandit\/\",\"name\":\"Le taux d'emploi \u00e0 80% en Belgique: aucune r\u00e9gion n'a atteint l'objectif et l'inqui\u00e9tude autour de l'emploi des jeunes grandit. - Peoplesphere\",\"isPartOf\":{\"@id\":\"https:\/\/peoplesphere.be\/fr\/#website\"},\"datePublished\":\"2025-06-18T06:17:16+00:00\",\"dateModified\":\"2025-06-18T06:17:16+00:00\",\"breadcrumb\":{\"@id\":\"https:\/\/peoplesphere.be\/fr\/le-taux-demploi-a-80-en-belgique-aucune-region-na-atteint-lobjectif-et-linquietude-autour-de-lemploi-des-jeunes-grandit\/#breadcrumb\"},\"inLanguage\":\"fr-FR\",\"potentialAction\":[{\"@type\":\"ReadAction\",\"target\":[\"https:\/\/peoplesphere.be\/fr\/le-taux-demploi-a-80-en-belgique-aucune-region-na-atteint-lobjectif-et-linquietude-autour-de-lemploi-des-jeunes-grandit\/\"]}]},{\"@type\":\"BreadcrumbList\",\"@id\":\"https:\/\/peoplesphere.be\/fr\/le-taux-demploi-a-80-en-belgique-aucune-region-na-atteint-lobjectif-et-linquietude-autour-de-lemploi-des-jeunes-grandit\/#breadcrumb\",\"itemListElement\":[{\"@type\":\"ListItem\",\"position\":1,\"name\":\"Accueil\",\"item\":\"https:\/\/peoplesphere.be\/fr\/\"},{\"@type\":\"ListItem\",\"position\":2,\"name\":\"Le taux d&#8217;emploi \u00e0 80% en Belgique: aucune r\u00e9gion n&rsquo;a atteint l&rsquo;objectif et l&rsquo;inqui\u00e9tude autour de l&#8217;emploi des jeunes grandit.\"}]},{\"@type\":\"WebSite\",\"@id\":\"https:\/\/peoplesphere.be\/fr\/#website\",\"url\":\"https:\/\/peoplesphere.be\/fr\/\",\"name\":\"Peoplesphere\",\"description\":\"The People Managers Magazine\",\"publisher\":{\"@id\":\"https:\/\/peoplesphere.be\/fr\/#organization\"},\"potentialAction\":[{\"@type\":\"SearchAction\",\"target\":{\"@type\":\"EntryPoint\",\"urlTemplate\":\"https:\/\/peoplesphere.be\/fr\/?s={search_term_string}\"},\"query-input\":\"required name=search_term_string\"}],\"inLanguage\":\"fr-FR\"},{\"@type\":\"Organization\",\"@id\":\"https:\/\/peoplesphere.be\/fr\/#organization\",\"name\":\"Peoplesphere Company srl\",\"url\":\"https:\/\/peoplesphere.be\/fr\/\",\"logo\":{\"@type\":\"ImageObject\",\"inLanguage\":\"fr-FR\",\"@id\":\"https:\/\/peoplesphere.be\/fr\/#\/schema\/logo\/image\/\",\"url\":\"https:\/\/peoplesphere.be\/fr\/wp-content\/uploads\/2023\/07\/peoplesphere-lgo-new-generik.jpg\",\"contentUrl\":\"https:\/\/peoplesphere.be\/fr\/wp-content\/uploads\/2023\/07\/peoplesphere-lgo-new-generik.jpg\",\"width\":1031,\"height\":1479,\"caption\":\"Peoplesphere Company srl\"},\"image\":{\"@id\":\"https:\/\/peoplesphere.be\/fr\/#\/schema\/logo\/image\/\"},\"sameAs\":[\"https:\/\/www.facebook.com\/peoplesphere\",\"https:\/\/twitter.com\/PeoplesphereMag\",\"https:\/\/www.linkedin.com\/company\/7587361?trk\",\"http:\/\/youtube.com\/peoplesphere\"]},{\"@type\":\"Person\",\"@id\":\"https:\/\/peoplesphere.be\/fr\/#\/schema\/person\/7976225ff17988604334abb7b3536a7e\",\"name\":\"Jean-Paul Erhard\",\"image\":{\"@type\":\"ImageObject\",\"inLanguage\":\"fr-FR\",\"@id\":\"https:\/\/peoplesphere.be\/fr\/#\/schema\/person\/image\/\",\"url\":\"https:\/\/secure.gravatar.com\/avatar\/f941e681460179738071629a51574930?s=96&d=mm&r=g\",\"contentUrl\":\"https:\/\/secure.gravatar.com\/avatar\/f941e681460179738071629a51574930?s=96&d=mm&r=g\",\"caption\":\"Jean-Paul Erhard\"},\"url\":\"https:\/\/peoplesphere.be\/fr\/author\/jpe\/\"}]}<\/script>\n<!-- \/ Yoast SEO plugin. -->","yoast_head_json":{"title":"Le taux d'emploi \u00e0 80% en Belgique: aucune r\u00e9gion n'a atteint l'objectif et l'inqui\u00e9tude autour de l'emploi des jeunes grandit. - Peoplesphere","robots":{"index":"index","follow":"follow","max-snippet":"max-snippet:-1","max-image-preview":"max-image-preview:large","max-video-preview":"max-video-preview:-1"},"canonical":"https:\/\/peoplesphere.be\/fr\/le-taux-demploi-a-80-en-belgique-aucune-region-na-atteint-lobjectif-et-linquietude-autour-de-lemploi-des-jeunes-grandit\/","og_locale":"fr_FR","og_type":"article","og_title":"Le taux d'emploi \u00e0 80% en Belgique: aucune r\u00e9gion n'a atteint l'objectif et l'inqui\u00e9tude autour de l'emploi des jeunes grandit. - Peoplesphere","og_description":"La Belgique s\u2019est fix\u00e9 un objectif ambitieux : atteindre un taux d\u2019emploi de 80% d\u2019ici 2030. Pourtant, aucune r\u00e9gion n\u2019a encore franchi ce seuil, et les \u00e9carts entre territoires restent importants. Pourquoi certaines zones peinent-elles \u00e0 progresser ? Quelles r\u00e9gions [&hellip;]","og_url":"https:\/\/peoplesphere.be\/fr\/le-taux-demploi-a-80-en-belgique-aucune-region-na-atteint-lobjectif-et-linquietude-autour-de-lemploi-des-jeunes-grandit\/","og_site_name":"Peoplesphere","article_publisher":"https:\/\/www.facebook.com\/peoplesphere","article_published_time":"2025-06-18T06:17:16+00:00","og_image":[{"url":"http:\/\/www.peoplesphere.be\/fr\/wp-content\/uploads\/2016\/07\/facebook-default-posting-1200x628px.jpg"}],"author":"Jean-Paul Erhard","twitter_card":"summary_large_image","twitter_creator":"@PeoplesphereMag","twitter_site":"@PeoplesphereMag","twitter_misc":{"\u00c9crit par":"Jean-Paul Erhard","Dur\u00e9e de lecture estim\u00e9e":"5 minutes"},"schema":{"@context":"https:\/\/schema.org","@graph":[{"@type":"Article","@id":"https:\/\/peoplesphere.be\/fr\/le-taux-demploi-a-80-en-belgique-aucune-region-na-atteint-lobjectif-et-linquietude-autour-de-lemploi-des-jeunes-grandit\/#article","isPartOf":{"@id":"https:\/\/peoplesphere.be\/fr\/le-taux-demploi-a-80-en-belgique-aucune-region-na-atteint-lobjectif-et-linquietude-autour-de-lemploi-des-jeunes-grandit\/"},"author":{"name":"Jean-Paul Erhard","@id":"https:\/\/peoplesphere.be\/fr\/#\/schema\/person\/7976225ff17988604334abb7b3536a7e"},"headline":"Le taux d&#8217;emploi \u00e0 80% en Belgique: aucune r\u00e9gion n&rsquo;a atteint l&rsquo;objectif et l&rsquo;inqui\u00e9tude autour de l&#8217;emploi des jeunes grandit.","datePublished":"2025-06-18T06:17:16+00:00","dateModified":"2025-06-18T06:17:16+00:00","mainEntityOfPage":{"@id":"https:\/\/peoplesphere.be\/fr\/le-taux-demploi-a-80-en-belgique-aucune-region-na-atteint-lobjectif-et-linquietude-autour-de-lemploi-des-jeunes-grandit\/"},"wordCount":893,"publisher":{"@id":"https:\/\/peoplesphere.be\/fr\/#organization"},"keywords":["ch\u00f4mage","disparit\u00e9s r\u00e9gionales","\u00e9galit\u00e9 des genres","emploi","jeunes sans emploi"],"articleSection":["Actualit\u00e9s","Digital"],"inLanguage":"fr-FR"},{"@type":"WebPage","@id":"https:\/\/peoplesphere.be\/fr\/le-taux-demploi-a-80-en-belgique-aucune-region-na-atteint-lobjectif-et-linquietude-autour-de-lemploi-des-jeunes-grandit\/","url":"https:\/\/peoplesphere.be\/fr\/le-taux-demploi-a-80-en-belgique-aucune-region-na-atteint-lobjectif-et-linquietude-autour-de-lemploi-des-jeunes-grandit\/","name":"Le taux d'emploi \u00e0 80% en Belgique: aucune r\u00e9gion n'a atteint l'objectif et l'inqui\u00e9tude autour de l'emploi des jeunes grandit. - Peoplesphere","isPartOf":{"@id":"https:\/\/peoplesphere.be\/fr\/#website"},"datePublished":"2025-06-18T06:17:16+00:00","dateModified":"2025-06-18T06:17:16+00:00","breadcrumb":{"@id":"https:\/\/peoplesphere.be\/fr\/le-taux-demploi-a-80-en-belgique-aucune-region-na-atteint-lobjectif-et-linquietude-autour-de-lemploi-des-jeunes-grandit\/#breadcrumb"},"inLanguage":"fr-FR","potentialAction":[{"@type":"ReadAction","target":["https:\/\/peoplesphere.be\/fr\/le-taux-demploi-a-80-en-belgique-aucune-region-na-atteint-lobjectif-et-linquietude-autour-de-lemploi-des-jeunes-grandit\/"]}]},{"@type":"BreadcrumbList","@id":"https:\/\/peoplesphere.be\/fr\/le-taux-demploi-a-80-en-belgique-aucune-region-na-atteint-lobjectif-et-linquietude-autour-de-lemploi-des-jeunes-grandit\/#breadcrumb","itemListElement":[{"@type":"ListItem","position":1,"name":"Accueil","item":"https:\/\/peoplesphere.be\/fr\/"},{"@type":"ListItem","position":2,"name":"Le taux d&#8217;emploi \u00e0 80% en Belgique: aucune r\u00e9gion n&rsquo;a atteint l&rsquo;objectif et l&rsquo;inqui\u00e9tude autour de l&#8217;emploi des jeunes grandit."}]},{"@type":"WebSite","@id":"https:\/\/peoplesphere.be\/fr\/#website","url":"https:\/\/peoplesphere.be\/fr\/","name":"Peoplesphere","description":"The People Managers Magazine","publisher":{"@id":"https:\/\/peoplesphere.be\/fr\/#organization"},"potentialAction":[{"@type":"SearchAction","target":{"@type":"EntryPoint","urlTemplate":"https:\/\/peoplesphere.be\/fr\/?s={search_term_string}"},"query-input":"required name=search_term_string"}],"inLanguage":"fr-FR"},{"@type":"Organization","@id":"https:\/\/peoplesphere.be\/fr\/#organization","name":"Peoplesphere Company srl","url":"https:\/\/peoplesphere.be\/fr\/","logo":{"@type":"ImageObject","inLanguage":"fr-FR","@id":"https:\/\/peoplesphere.be\/fr\/#\/schema\/logo\/image\/","url":"https:\/\/peoplesphere.be\/fr\/wp-content\/uploads\/2023\/07\/peoplesphere-lgo-new-generik.jpg","contentUrl":"https:\/\/peoplesphere.be\/fr\/wp-content\/uploads\/2023\/07\/peoplesphere-lgo-new-generik.jpg","width":1031,"height":1479,"caption":"Peoplesphere Company srl"},"image":{"@id":"https:\/\/peoplesphere.be\/fr\/#\/schema\/logo\/image\/"},"sameAs":["https:\/\/www.facebook.com\/peoplesphere","https:\/\/twitter.com\/PeoplesphereMag","https:\/\/www.linkedin.com\/company\/7587361?trk","http:\/\/youtube.com\/peoplesphere"]},{"@type":"Person","@id":"https:\/\/peoplesphere.be\/fr\/#\/schema\/person\/7976225ff17988604334abb7b3536a7e","name":"Jean-Paul Erhard","image":{"@type":"ImageObject","inLanguage":"fr-FR","@id":"https:\/\/peoplesphere.be\/fr\/#\/schema\/person\/image\/","url":"https:\/\/secure.gravatar.com\/avatar\/f941e681460179738071629a51574930?s=96&d=mm&r=g","contentUrl":"https:\/\/secure.gravatar.com\/avatar\/f941e681460179738071629a51574930?s=96&d=mm&r=g","caption":"Jean-Paul Erhard"},"url":"https:\/\/peoplesphere.be\/fr\/author\/jpe\/"}]}},"_links":{"self":[{"href":"https:\/\/peoplesphere.be\/fr\/wp-json\/wp\/v2\/posts\/17896"}],"collection":[{"href":"https:\/\/peoplesphere.be\/fr\/wp-json\/wp\/v2\/posts"}],"about":[{"href":"https:\/\/peoplesphere.be\/fr\/wp-json\/wp\/v2\/types\/post"}],"author":[{"embeddable":true,"href":"https:\/\/peoplesphere.be\/fr\/wp-json\/wp\/v2\/users\/2"}],"replies":[{"embeddable":true,"href":"https:\/\/peoplesphere.be\/fr\/wp-json\/wp\/v2\/comments?post=17896"}],"version-history":[{"count":1,"href":"https:\/\/peoplesphere.be\/fr\/wp-json\/wp\/v2\/posts\/17896\/revisions"}],"predecessor-version":[{"id":17897,"href":"https:\/\/peoplesphere.be\/fr\/wp-json\/wp\/v2\/posts\/17896\/revisions\/17897"}],"wp:attachment":[{"href":"https:\/\/peoplesphere.be\/fr\/wp-json\/wp\/v2\/media?parent=17896"}],"wp:term":[{"taxonomy":"category","embeddable":true,"href":"https:\/\/peoplesphere.be\/fr\/wp-json\/wp\/v2\/categories?post=17896"},{"taxonomy":"post_tag","embeddable":true,"href":"https:\/\/peoplesphere.be\/fr\/wp-json\/wp\/v2\/tags?post=17896"}],"curies":[{"name":"wp","href":"https:\/\/api.w.org\/{rel}","templated":true}]}}