









{"id":17908,"date":"2025-06-20T13:42:19","date_gmt":"2025-06-20T11:42:19","guid":{"rendered":"https:\/\/peoplesphere.be\/fr\/?p=17908"},"modified":"2025-06-20T13:42:19","modified_gmt":"2025-06-20T11:42:19","slug":"un-regain-doptimisme-surprenant-du-cote-des-pme-belges-qui-prevoient-daccroitre-leurs-effectifs-au-cours-des-6-prochains-mois","status":"publish","type":"post","link":"https:\/\/peoplesphere.be\/fr\/un-regain-doptimisme-surprenant-du-cote-des-pme-belges-qui-prevoient-daccroitre-leurs-effectifs-au-cours-des-6-prochains-mois\/","title":{"rendered":"Un regain d&rsquo;optimisme surprenant du c\u00f4t\u00e9 des PME belges qui pr\u00e9voient d&rsquo;accro\u00eetre leurs effectifs au cours des 6 prochains mois."},"content":{"rendered":"<p>Les petites et moyennes entreprises belges sont remarquablement optimistes pour les mois \u00e0 venir, selon le barom\u00e8tre PME semestriel d\u2019Acerta et des organisations professionnelles ETION et VKW Limburg. Pr\u00e8s de quatre dirigeants de PME sur dix (37%) ont des perspectives \u00e9conomiques positives pour leur entreprise au cours des six prochains mois. Il s\u2019agit de la proportion la plus \u00e9lev\u00e9e depuis les d\u00e9buts du barom\u00e8tre PME en 2021.<!--more--><\/p>\n<p>Cette perspective plus positive se traduit \u00e9galement par des plans de recrutement concrets : 1 PME sur 3 d\u00e9clare \u00e9largir ses effectifs d\u2019ici la fin de l\u2019ann\u00e9e. Ce chiffre n\u2019a jamais \u00e9t\u00e9 aussi \u00e9lev\u00e9 au cours des quatre derni\u00e8res ann\u00e9es. \u00ab\u00a0<em>D\u2019autre part, la p\u00e9nurie de main-d\u2019\u0153uvre reste tr\u00e8s aigu\u00eb : 63% des entreprises d\u00e9clarent encore avoir beaucoup de mal \u00e0 trouver des collaborateurs ad\u00e9quats\u00a0\u00bb,<\/em> indiquent les experts d\u2019Acerta.<\/p>\n<p>Deux fois par an, l\u2019expert en RH Acerta et les organisations d\u2019entrepreneurs ETION et VKW Limburg sondent les attentes futures des PME belges de moins de 100 employ\u00e9s. Fait marquant dans cette \u00e9dition : au cours des quatre derni\u00e8res ann\u00e9es, les dirigeants de PME n\u2019ont jamais \u00e9t\u00e9 aussi optimistes pour les six prochains mois.<\/p>\n<p>Pr\u00e8s de quatre dirigeants sur dix (37%) sont optimistes quant \u00e0 l\u2019avenir \u00e9conomique proche de leur entreprise. Il s\u2019agit d\u2019une augmentation de quatre points de pourcentage par rapport \u00e0 la mesure pr\u00e9c\u00e9dente, il y a six mois, et du chiffre le plus \u00e9lev\u00e9 depuis le lancement du Barom\u00e8tre PME en 2021. Les secteurs de la construction, du commerce et des services sont plus positifs que les PME du secteur industriel \u00e0 cet \u00e9gard. Une autre moiti\u00e9 (50%) des dirigeants de PME s\u2019attendent \u00e0 ce que les affaires poursuivent leur cours : ils ne s\u2019attendent pas \u00e0 une \u00e9volution spectaculaire, ni positive ni n\u00e9gative. Les 13% restants des dirigeants interrog\u00e9s craignent que leur entreprise doive naviguer en eaux troubles au cours des six prochains mois.<\/p>\n<p>Les perspectives optimistes des PME belges se traduisent \u00e9galement par des plans de recrutement concrets : une PME sur trois (33%) pr\u00e9voit en effet de terminer l\u2019ann\u00e9e 2025 en occupant plus de personnes qu\u2019\u00e0 l\u2019heure actuelle. Il s\u2019agit \u00e9galement d\u2019un record depuis qu\u2019Acerta, ETION et VKW Limburg ont commenc\u00e9 \u00e0 prendre les mesures en 2021. Sur 100 PME, seules 11 pensent qu\u2019elles devront se contenter de moins de personnel d\u2019ici la fin de l\u2019ann\u00e9e. Ce chiffre n\u2019a pas chang\u00e9 en six mois.<\/p>\n<p>Michael Zahlen, Senior Tax &amp; Legal Consultant chez Acerta, d\u00e9clare : <em>\u00ab\u00a0Les plans de recrutement montrent bien comment les PME envisagent l\u2019avenir. Ces plans sont donc conformes \u00e0 leurs attentes \u00e9conomiques. De nombreux chefs d\u2019entreprise esp\u00e8rent que l\u2019\u00e9conomie retrouvera bient\u00f4t une croissance plus forte. Toutefois, le resserrement du march\u00e9 de l\u2019emploi reste un d\u00e9fi majeur. Il reste difficile de trouver des candidats ad\u00e9quats. C\u2019est pourquoi il est important que les entreprises adaptent parfois leurs attentes. Au lieu de chercher le candidat parfait, elles peuvent mieux de se concentrer sur les comp\u00e9tences et le potentiel de croissance des personnes. Si elles \u00e9tablissent un plan de d\u00e9veloppement clair, elles peuvent mieux guider les nouveaux collaborateurs et les aider \u00e0 se d\u00e9velopper\u00a0\u00bb.<\/em><\/p>\n<p>An Dries, responsable RH et chef de projet de la PME Orakel, confirme cette affirmation : \u00ab\u00a0<em>Trouver les bonnes personnes devient un d\u00e9fi de plus en plus difficile \u00e0 relever. C&rsquo;est pourquoi nous investissons dans les nouvelles technologies et l&rsquo;IA, non pas pour remplacer nos collaborateurs, mais pour leur permettre de continuer \u00e0 faire leur travail et assurer notre viabilit\u00e9 financi\u00e8re, aujourd&rsquo;hui et demain.\u00a0\u00bb<\/em><\/p>\n<h3><strong><em>Davantage de PME \u00e9valuent favorablement leurs chances sur le march\u00e9 du travail<\/em><\/strong><\/h3>\n<p>Les plans de recrutement sont en place, mais cela ne fait pas du recrutement une r\u00e9alit\u00e9. La majorit\u00e9 des dirigeants de PME se heurtent toujours \u00e0 la p\u00e9nurie de main-d\u2019\u0153uvre, qui reste de loin le principal d\u00e9fi en RH pour les PME, selon le barom\u00e8tre PME. Deux tiers des PME (63%) s\u2019attendent \u00e0 ce qu\u2019il soit (tr\u00e8s) difficile d\u2019attirer du personnel. On peut \u00e9galement en tirer de bonnes nouvelles en ce qui concerne les p\u00e9nuries de main-d\u2019\u0153uvre : 38% des PME estiment que leurs chances de recruter les bons profils sont r\u00e9alisables, 10% d\u2019entre elles estimant m\u00eame que c\u2019est relativement facile. Il s\u2019agit \u00e9galement du chiffre le plus \u00e9lev\u00e9 pour notre barom\u00e8tre PME depuis 2021.\u200b<\/p>\n<p>Geert Janssens, \u00e9conomiste en chef d\u2019Etion, et Johan Schildermans de VKW Limburg, ajoutent : \u00ab\u00a0<em>Les perspectives \u00e9conomiques semblent s\u2019am\u00e9liorer prudemment gr\u00e2ce \u00e0 l\u2019am\u00e9lioration des perspectives dans les secteurs des services et du commerce, ainsi qu\u2019au redressement de la confiance des consommateurs. En ce qui concerne l\u2019industrie, en particulier le secteur chimique, il reste \u00e0 voir si la p\u00e9riode la plus difficile est termin\u00e9e. Les r\u00e9formes du march\u00e9 de l\u2019emploi sur lesquelles travaille le gouvernement, telles que la r\u00e9introduction de la p\u00e9riode d\u2019essai, sont consid\u00e9r\u00e9es comme positives par 6 PME sur 10. En outre, seules 13% des PME s\u2019attendent \u00e0 des cons\u00e9quences n\u00e9gatives des politiques commerciales de Donald Trump jusqu\u2019\u00e0 pr\u00e9sent, un chiffre moins \u00e9lev\u00e9 que pour de nombreuses grandes entreprises. C\u2019est positif, mais cela reste un point \u00e0 surveiller\u00a0\u00bb.<\/em><\/p>\n<p>&nbsp;<\/p>\n<p><em>Source: les donn\u00e9es sont le r\u00e9sultat du plus r\u00e9cent barom\u00e8tre PME qu\u2019Acerta organise deux fois par an aupr\u00e8s d\u2019employeurs PME (moins de 100 travailleurs) en collaboration avec les organisations d\u2019entrepreneurs ETION et VKW Limburg. Cette \u00e9dition de mai 2025 a enregistr\u00e9 la participation de 270 PME.<\/em><\/p>\n","protected":false},"excerpt":{"rendered":"<p>Les petites et moyennes entreprises belges sont remarquablement optimistes pour les mois \u00e0 venir, selon le barom\u00e8tre PME semestriel d\u2019Acerta et des organisations professionnelles ETION et VKW Limburg. Pr\u00e8s de quatre dirigeants de PME sur dix (37%) ont des perspectives [&hellip;]<\/p>\n","protected":false},"author":2,"featured_media":0,"comment_status":"closed","ping_status":"open","sticky":false,"template":"","format":"standard","meta":[],"categories":[65,10],"tags":[438,879,264,27,72],"yoast_head":"<!-- This site is optimized with the Yoast SEO plugin v21.0 - https:\/\/yoast.com\/wordpress\/plugins\/seo\/ -->\n<title>Un regain d&#039;optimisme surprenant du c\u00f4t\u00e9 des PME belges qui pr\u00e9voient d&#039;accro\u00eetre leurs effectifs au cours des 6 prochains mois. - Peoplesphere<\/title>\n<meta name=\"robots\" content=\"index, follow, max-snippet:-1, max-image-preview:large, max-video-preview:-1\" \/>\n<link rel=\"canonical\" href=\"https:\/\/peoplesphere.be\/fr\/un-regain-doptimisme-surprenant-du-cote-des-pme-belges-qui-prevoient-daccroitre-leurs-effectifs-au-cours-des-6-prochains-mois\/\" \/>\n<meta property=\"og:locale\" content=\"fr_FR\" \/>\n<meta property=\"og:type\" content=\"article\" \/>\n<meta property=\"og:title\" content=\"Un regain d&#039;optimisme surprenant du c\u00f4t\u00e9 des PME belges qui pr\u00e9voient d&#039;accro\u00eetre leurs effectifs au cours des 6 prochains mois. - Peoplesphere\" \/>\n<meta property=\"og:description\" content=\"Les petites et moyennes entreprises belges sont remarquablement optimistes pour les mois \u00e0 venir, selon le barom\u00e8tre PME semestriel d\u2019Acerta et des organisations professionnelles ETION et VKW Limburg. Pr\u00e8s de quatre dirigeants de PME sur dix (37%) ont des perspectives [&hellip;]\" \/>\n<meta property=\"og:url\" content=\"https:\/\/peoplesphere.be\/fr\/un-regain-doptimisme-surprenant-du-cote-des-pme-belges-qui-prevoient-daccroitre-leurs-effectifs-au-cours-des-6-prochains-mois\/\" \/>\n<meta property=\"og:site_name\" content=\"Peoplesphere\" \/>\n<meta property=\"article:publisher\" content=\"https:\/\/www.facebook.com\/peoplesphere\" \/>\n<meta property=\"article:published_time\" content=\"2025-06-20T11:42:19+00:00\" \/>\n<meta property=\"og:image\" content=\"http:\/\/www.peoplesphere.be\/fr\/wp-content\/uploads\/2016\/07\/facebook-default-posting-1200x628px.jpg\" \/>\n<meta name=\"author\" content=\"Jean-Paul Erhard\" \/>\n<meta name=\"twitter:card\" content=\"summary_large_image\" \/>\n<meta name=\"twitter:creator\" content=\"@PeoplesphereMag\" \/>\n<meta name=\"twitter:site\" content=\"@PeoplesphereMag\" \/>\n<meta name=\"twitter:label1\" content=\"\u00c9crit par\" \/>\n\t<meta name=\"twitter:data1\" content=\"Jean-Paul Erhard\" \/>\n\t<meta name=\"twitter:label2\" content=\"Dur\u00e9e de lecture estim\u00e9e\" \/>\n\t<meta name=\"twitter:data2\" content=\"5 minutes\" \/>\n<script type=\"application\/ld+json\" class=\"yoast-schema-graph\">{\"@context\":\"https:\/\/schema.org\",\"@graph\":[{\"@type\":\"Article\",\"@id\":\"https:\/\/peoplesphere.be\/fr\/un-regain-doptimisme-surprenant-du-cote-des-pme-belges-qui-prevoient-daccroitre-leurs-effectifs-au-cours-des-6-prochains-mois\/#article\",\"isPartOf\":{\"@id\":\"https:\/\/peoplesphere.be\/fr\/un-regain-doptimisme-surprenant-du-cote-des-pme-belges-qui-prevoient-daccroitre-leurs-effectifs-au-cours-des-6-prochains-mois\/\"},\"author\":{\"name\":\"Jean-Paul Erhard\",\"@id\":\"https:\/\/peoplesphere.be\/fr\/#\/schema\/person\/7976225ff17988604334abb7b3536a7e\"},\"headline\":\"Un regain d&rsquo;optimisme surprenant du c\u00f4t\u00e9 des PME belges qui pr\u00e9voient d&rsquo;accro\u00eetre leurs effectifs au cours des 6 prochains mois.\",\"datePublished\":\"2025-06-20T11:42:19+00:00\",\"dateModified\":\"2025-06-20T11:42:19+00:00\",\"mainEntityOfPage\":{\"@id\":\"https:\/\/peoplesphere.be\/fr\/un-regain-doptimisme-surprenant-du-cote-des-pme-belges-qui-prevoient-daccroitre-leurs-effectifs-au-cours-des-6-prochains-mois\/\"},\"wordCount\":963,\"publisher\":{\"@id\":\"https:\/\/peoplesphere.be\/fr\/#organization\"},\"keywords\":[\"candidats\",\"effectifs\",\"p\u00e9nuries\",\"PME\",\"recrutement\"],\"articleSection\":[\"Actualit\u00e9s\",\"Digital\"],\"inLanguage\":\"fr-FR\"},{\"@type\":\"WebPage\",\"@id\":\"https:\/\/peoplesphere.be\/fr\/un-regain-doptimisme-surprenant-du-cote-des-pme-belges-qui-prevoient-daccroitre-leurs-effectifs-au-cours-des-6-prochains-mois\/\",\"url\":\"https:\/\/peoplesphere.be\/fr\/un-regain-doptimisme-surprenant-du-cote-des-pme-belges-qui-prevoient-daccroitre-leurs-effectifs-au-cours-des-6-prochains-mois\/\",\"name\":\"Un regain d'optimisme surprenant du c\u00f4t\u00e9 des PME belges qui pr\u00e9voient d'accro\u00eetre leurs effectifs au cours des 6 prochains mois. - Peoplesphere\",\"isPartOf\":{\"@id\":\"https:\/\/peoplesphere.be\/fr\/#website\"},\"datePublished\":\"2025-06-20T11:42:19+00:00\",\"dateModified\":\"2025-06-20T11:42:19+00:00\",\"breadcrumb\":{\"@id\":\"https:\/\/peoplesphere.be\/fr\/un-regain-doptimisme-surprenant-du-cote-des-pme-belges-qui-prevoient-daccroitre-leurs-effectifs-au-cours-des-6-prochains-mois\/#breadcrumb\"},\"inLanguage\":\"fr-FR\",\"potentialAction\":[{\"@type\":\"ReadAction\",\"target\":[\"https:\/\/peoplesphere.be\/fr\/un-regain-doptimisme-surprenant-du-cote-des-pme-belges-qui-prevoient-daccroitre-leurs-effectifs-au-cours-des-6-prochains-mois\/\"]}]},{\"@type\":\"BreadcrumbList\",\"@id\":\"https:\/\/peoplesphere.be\/fr\/un-regain-doptimisme-surprenant-du-cote-des-pme-belges-qui-prevoient-daccroitre-leurs-effectifs-au-cours-des-6-prochains-mois\/#breadcrumb\",\"itemListElement\":[{\"@type\":\"ListItem\",\"position\":1,\"name\":\"Accueil\",\"item\":\"https:\/\/peoplesphere.be\/fr\/\"},{\"@type\":\"ListItem\",\"position\":2,\"name\":\"Un regain d&rsquo;optimisme surprenant du c\u00f4t\u00e9 des PME belges qui pr\u00e9voient d&rsquo;accro\u00eetre leurs effectifs au cours des 6 prochains mois.\"}]},{\"@type\":\"WebSite\",\"@id\":\"https:\/\/peoplesphere.be\/fr\/#website\",\"url\":\"https:\/\/peoplesphere.be\/fr\/\",\"name\":\"Peoplesphere\",\"description\":\"The People Managers Magazine\",\"publisher\":{\"@id\":\"https:\/\/peoplesphere.be\/fr\/#organization\"},\"potentialAction\":[{\"@type\":\"SearchAction\",\"target\":{\"@type\":\"EntryPoint\",\"urlTemplate\":\"https:\/\/peoplesphere.be\/fr\/?s={search_term_string}\"},\"query-input\":\"required name=search_term_string\"}],\"inLanguage\":\"fr-FR\"},{\"@type\":\"Organization\",\"@id\":\"https:\/\/peoplesphere.be\/fr\/#organization\",\"name\":\"Peoplesphere Company srl\",\"url\":\"https:\/\/peoplesphere.be\/fr\/\",\"logo\":{\"@type\":\"ImageObject\",\"inLanguage\":\"fr-FR\",\"@id\":\"https:\/\/peoplesphere.be\/fr\/#\/schema\/logo\/image\/\",\"url\":\"https:\/\/peoplesphere.be\/fr\/wp-content\/uploads\/2023\/07\/peoplesphere-lgo-new-generik.jpg\",\"contentUrl\":\"https:\/\/peoplesphere.be\/fr\/wp-content\/uploads\/2023\/07\/peoplesphere-lgo-new-generik.jpg\",\"width\":1031,\"height\":1479,\"caption\":\"Peoplesphere Company srl\"},\"image\":{\"@id\":\"https:\/\/peoplesphere.be\/fr\/#\/schema\/logo\/image\/\"},\"sameAs\":[\"https:\/\/www.facebook.com\/peoplesphere\",\"https:\/\/twitter.com\/PeoplesphereMag\",\"https:\/\/www.linkedin.com\/company\/7587361?trk\",\"http:\/\/youtube.com\/peoplesphere\"]},{\"@type\":\"Person\",\"@id\":\"https:\/\/peoplesphere.be\/fr\/#\/schema\/person\/7976225ff17988604334abb7b3536a7e\",\"name\":\"Jean-Paul Erhard\",\"image\":{\"@type\":\"ImageObject\",\"inLanguage\":\"fr-FR\",\"@id\":\"https:\/\/peoplesphere.be\/fr\/#\/schema\/person\/image\/\",\"url\":\"https:\/\/secure.gravatar.com\/avatar\/f941e681460179738071629a51574930?s=96&d=mm&r=g\",\"contentUrl\":\"https:\/\/secure.gravatar.com\/avatar\/f941e681460179738071629a51574930?s=96&d=mm&r=g\",\"caption\":\"Jean-Paul Erhard\"},\"url\":\"https:\/\/peoplesphere.be\/fr\/author\/jpe\/\"}]}<\/script>\n<!-- \/ Yoast SEO plugin. -->","yoast_head_json":{"title":"Un regain d'optimisme surprenant du c\u00f4t\u00e9 des PME belges qui pr\u00e9voient d'accro\u00eetre leurs effectifs au cours des 6 prochains mois. - Peoplesphere","robots":{"index":"index","follow":"follow","max-snippet":"max-snippet:-1","max-image-preview":"max-image-preview:large","max-video-preview":"max-video-preview:-1"},"canonical":"https:\/\/peoplesphere.be\/fr\/un-regain-doptimisme-surprenant-du-cote-des-pme-belges-qui-prevoient-daccroitre-leurs-effectifs-au-cours-des-6-prochains-mois\/","og_locale":"fr_FR","og_type":"article","og_title":"Un regain d'optimisme surprenant du c\u00f4t\u00e9 des PME belges qui pr\u00e9voient d'accro\u00eetre leurs effectifs au cours des 6 prochains mois. - Peoplesphere","og_description":"Les petites et moyennes entreprises belges sont remarquablement optimistes pour les mois \u00e0 venir, selon le barom\u00e8tre PME semestriel d\u2019Acerta et des organisations professionnelles ETION et VKW Limburg. Pr\u00e8s de quatre dirigeants de PME sur dix (37%) ont des perspectives [&hellip;]","og_url":"https:\/\/peoplesphere.be\/fr\/un-regain-doptimisme-surprenant-du-cote-des-pme-belges-qui-prevoient-daccroitre-leurs-effectifs-au-cours-des-6-prochains-mois\/","og_site_name":"Peoplesphere","article_publisher":"https:\/\/www.facebook.com\/peoplesphere","article_published_time":"2025-06-20T11:42:19+00:00","og_image":[{"url":"http:\/\/www.peoplesphere.be\/fr\/wp-content\/uploads\/2016\/07\/facebook-default-posting-1200x628px.jpg"}],"author":"Jean-Paul Erhard","twitter_card":"summary_large_image","twitter_creator":"@PeoplesphereMag","twitter_site":"@PeoplesphereMag","twitter_misc":{"\u00c9crit par":"Jean-Paul Erhard","Dur\u00e9e de lecture estim\u00e9e":"5 minutes"},"schema":{"@context":"https:\/\/schema.org","@graph":[{"@type":"Article","@id":"https:\/\/peoplesphere.be\/fr\/un-regain-doptimisme-surprenant-du-cote-des-pme-belges-qui-prevoient-daccroitre-leurs-effectifs-au-cours-des-6-prochains-mois\/#article","isPartOf":{"@id":"https:\/\/peoplesphere.be\/fr\/un-regain-doptimisme-surprenant-du-cote-des-pme-belges-qui-prevoient-daccroitre-leurs-effectifs-au-cours-des-6-prochains-mois\/"},"author":{"name":"Jean-Paul Erhard","@id":"https:\/\/peoplesphere.be\/fr\/#\/schema\/person\/7976225ff17988604334abb7b3536a7e"},"headline":"Un regain d&rsquo;optimisme surprenant du c\u00f4t\u00e9 des PME belges qui pr\u00e9voient d&rsquo;accro\u00eetre leurs effectifs au cours des 6 prochains mois.","datePublished":"2025-06-20T11:42:19+00:00","dateModified":"2025-06-20T11:42:19+00:00","mainEntityOfPage":{"@id":"https:\/\/peoplesphere.be\/fr\/un-regain-doptimisme-surprenant-du-cote-des-pme-belges-qui-prevoient-daccroitre-leurs-effectifs-au-cours-des-6-prochains-mois\/"},"wordCount":963,"publisher":{"@id":"https:\/\/peoplesphere.be\/fr\/#organization"},"keywords":["candidats","effectifs","p\u00e9nuries","PME","recrutement"],"articleSection":["Actualit\u00e9s","Digital"],"inLanguage":"fr-FR"},{"@type":"WebPage","@id":"https:\/\/peoplesphere.be\/fr\/un-regain-doptimisme-surprenant-du-cote-des-pme-belges-qui-prevoient-daccroitre-leurs-effectifs-au-cours-des-6-prochains-mois\/","url":"https:\/\/peoplesphere.be\/fr\/un-regain-doptimisme-surprenant-du-cote-des-pme-belges-qui-prevoient-daccroitre-leurs-effectifs-au-cours-des-6-prochains-mois\/","name":"Un regain d'optimisme surprenant du c\u00f4t\u00e9 des PME belges qui pr\u00e9voient d'accro\u00eetre leurs effectifs au cours des 6 prochains mois. - Peoplesphere","isPartOf":{"@id":"https:\/\/peoplesphere.be\/fr\/#website"},"datePublished":"2025-06-20T11:42:19+00:00","dateModified":"2025-06-20T11:42:19+00:00","breadcrumb":{"@id":"https:\/\/peoplesphere.be\/fr\/un-regain-doptimisme-surprenant-du-cote-des-pme-belges-qui-prevoient-daccroitre-leurs-effectifs-au-cours-des-6-prochains-mois\/#breadcrumb"},"inLanguage":"fr-FR","potentialAction":[{"@type":"ReadAction","target":["https:\/\/peoplesphere.be\/fr\/un-regain-doptimisme-surprenant-du-cote-des-pme-belges-qui-prevoient-daccroitre-leurs-effectifs-au-cours-des-6-prochains-mois\/"]}]},{"@type":"BreadcrumbList","@id":"https:\/\/peoplesphere.be\/fr\/un-regain-doptimisme-surprenant-du-cote-des-pme-belges-qui-prevoient-daccroitre-leurs-effectifs-au-cours-des-6-prochains-mois\/#breadcrumb","itemListElement":[{"@type":"ListItem","position":1,"name":"Accueil","item":"https:\/\/peoplesphere.be\/fr\/"},{"@type":"ListItem","position":2,"name":"Un regain d&rsquo;optimisme surprenant du c\u00f4t\u00e9 des PME belges qui pr\u00e9voient d&rsquo;accro\u00eetre leurs effectifs au cours des 6 prochains mois."}]},{"@type":"WebSite","@id":"https:\/\/peoplesphere.be\/fr\/#website","url":"https:\/\/peoplesphere.be\/fr\/","name":"Peoplesphere","description":"The People Managers Magazine","publisher":{"@id":"https:\/\/peoplesphere.be\/fr\/#organization"},"potentialAction":[{"@type":"SearchAction","target":{"@type":"EntryPoint","urlTemplate":"https:\/\/peoplesphere.be\/fr\/?s={search_term_string}"},"query-input":"required name=search_term_string"}],"inLanguage":"fr-FR"},{"@type":"Organization","@id":"https:\/\/peoplesphere.be\/fr\/#organization","name":"Peoplesphere Company srl","url":"https:\/\/peoplesphere.be\/fr\/","logo":{"@type":"ImageObject","inLanguage":"fr-FR","@id":"https:\/\/peoplesphere.be\/fr\/#\/schema\/logo\/image\/","url":"https:\/\/peoplesphere.be\/fr\/wp-content\/uploads\/2023\/07\/peoplesphere-lgo-new-generik.jpg","contentUrl":"https:\/\/peoplesphere.be\/fr\/wp-content\/uploads\/2023\/07\/peoplesphere-lgo-new-generik.jpg","width":1031,"height":1479,"caption":"Peoplesphere Company srl"},"image":{"@id":"https:\/\/peoplesphere.be\/fr\/#\/schema\/logo\/image\/"},"sameAs":["https:\/\/www.facebook.com\/peoplesphere","https:\/\/twitter.com\/PeoplesphereMag","https:\/\/www.linkedin.com\/company\/7587361?trk","http:\/\/youtube.com\/peoplesphere"]},{"@type":"Person","@id":"https:\/\/peoplesphere.be\/fr\/#\/schema\/person\/7976225ff17988604334abb7b3536a7e","name":"Jean-Paul Erhard","image":{"@type":"ImageObject","inLanguage":"fr-FR","@id":"https:\/\/peoplesphere.be\/fr\/#\/schema\/person\/image\/","url":"https:\/\/secure.gravatar.com\/avatar\/f941e681460179738071629a51574930?s=96&d=mm&r=g","contentUrl":"https:\/\/secure.gravatar.com\/avatar\/f941e681460179738071629a51574930?s=96&d=mm&r=g","caption":"Jean-Paul Erhard"},"url":"https:\/\/peoplesphere.be\/fr\/author\/jpe\/"}]}},"_links":{"self":[{"href":"https:\/\/peoplesphere.be\/fr\/wp-json\/wp\/v2\/posts\/17908"}],"collection":[{"href":"https:\/\/peoplesphere.be\/fr\/wp-json\/wp\/v2\/posts"}],"about":[{"href":"https:\/\/peoplesphere.be\/fr\/wp-json\/wp\/v2\/types\/post"}],"author":[{"embeddable":true,"href":"https:\/\/peoplesphere.be\/fr\/wp-json\/wp\/v2\/users\/2"}],"replies":[{"embeddable":true,"href":"https:\/\/peoplesphere.be\/fr\/wp-json\/wp\/v2\/comments?post=17908"}],"version-history":[{"count":1,"href":"https:\/\/peoplesphere.be\/fr\/wp-json\/wp\/v2\/posts\/17908\/revisions"}],"predecessor-version":[{"id":17909,"href":"https:\/\/peoplesphere.be\/fr\/wp-json\/wp\/v2\/posts\/17908\/revisions\/17909"}],"wp:attachment":[{"href":"https:\/\/peoplesphere.be\/fr\/wp-json\/wp\/v2\/media?parent=17908"}],"wp:term":[{"taxonomy":"category","embeddable":true,"href":"https:\/\/peoplesphere.be\/fr\/wp-json\/wp\/v2\/categories?post=17908"},{"taxonomy":"post_tag","embeddable":true,"href":"https:\/\/peoplesphere.be\/fr\/wp-json\/wp\/v2\/tags?post=17908"}],"curies":[{"name":"wp","href":"https:\/\/api.w.org\/{rel}","templated":true}]}}