









{"id":17921,"date":"2025-06-24T14:40:26","date_gmt":"2025-06-24T12:40:26","guid":{"rendered":"https:\/\/peoplesphere.be\/fr\/?p=17921"},"modified":"2025-06-24T14:40:26","modified_gmt":"2025-06-24T12:40:26","slug":"pour-quelles-raisons-les-jeunesses-syndicales-vont-elles-manifester-contre-les-mesures-du-gouvernement-arizona-ce-25-juin","status":"publish","type":"post","link":"https:\/\/peoplesphere.be\/fr\/pour-quelles-raisons-les-jeunesses-syndicales-vont-elles-manifester-contre-les-mesures-du-gouvernement-arizona-ce-25-juin\/","title":{"rendered":"Pour quelles raisons les jeunesses syndicales vont-elles manifester contre les mesures du gouvernement Arizona ce 25 juin?"},"content":{"rendered":"<p>Les Jeunes FGTB, les Jeunes CSC, la F\u00e9d\u00e9ration des \u00e9tudiant\u00b7e\u00b7s francophones, Jong ACV et ABVV Jongeren, ainsi que d\u2019autres organisations de jeunesse, se mobiliseront ce mercredi 25 juin contre les mesures de l\u2019Arizona. \u00a0Depuis la mise en place du gouvernement, les organisations de jeunesse d\u00e9plorent l\u2019adoption de mesures conclues aux d\u00e9triments des jeunes travailleurs et travailleuses.<!--more--><\/p>\n<p>Elles d\u00e9clarent \u00e0 ce titre : <em>\u00ab\u00a0Jobs \u00e9tudiants, int\u00e9rim \u00e0 vie et blocage des salaires : les jeunes payent \u00e0 nouveau le prix d\u2019une politique qui ne sert que les int\u00e9r\u00eats des grandes entreprises. Alors que plus de la moiti\u00e9 des contrats int\u00e9rimaires sont aujourd\u2019hui occup\u00e9s par des jeunes de moins de 30 ans, le gouvernement propose d\u2019instaurer des contrats de travail int\u00e9rimaire \u00e0 dur\u00e9e ind\u00e9termin\u00e9e. En d\u2019autres termes, l\u2019Arizona pr\u00e9voit la pr\u00e9carit\u00e9 \u00e0 vie pour une partie des jeunes travailleur\u00b7euses.\u00a0\u00bb<\/em><\/p>\n<p>L\u2019ensemble des organisations de jeunesse d\u00e9noncent la banalisation des contrats pr\u00e9caires qui sont \u00e0 leurs yeux une grave erreur. <em>\u00ab\u00a0Proposer des flexijobs, de l\u2019int\u00e9rim \u00e0 vie ou encore des jobs \u00e9tudiants va avoir un impact n\u00e9gatif sur les carri\u00e8res. Ces formes de travail ne permettent pas de se constituer un v\u00e9ritable droit \u00e0 la s\u00e9curit\u00e9 sociale et encore moins de pouvoir se projeter dans l\u2019avenir.\u00a0\u00bb<\/em><\/p>\n<p>Les jeunesses syndicales d\u00e9fendent une soci\u00e9t\u00e9 de justice sociale et de solidarit\u00e9, o\u00f9 les besoins des jeunes, des travailleur\u00b7euses es passent avant le profit. C\u2019est pour cette raison qu\u2019elles revendiquent :<\/p>\n<ul>\n<li>Des salaires dignes, qui permettent aux jeunes de vivre et non de survivre.<\/li>\n<li>Un emploi stable et de qualit\u00e9, qui permette de se projeter dans l\u2019avenir.<\/li>\n<li>Une s\u00e9curit\u00e9 sociale renforc\u00e9e et refinanc\u00e9e, qui prot\u00e8ge toustes les travailleur\u00b7euses, y compris les jeunes.<\/li>\n<li>Des services publics accessibles et de qualit\u00e9 pour un acc\u00e8s universel \u00e0 l\u2019\u00e9ducation, aux soins et aux transports.<\/li>\n<li>Une transition \u00e9cologique juste, qui place l\u2019int\u00e9r\u00eat collectif avant les profits priv\u00e9s.<\/li>\n<\/ul>\n<p>R\u00e9unies dans la rue et dans la lutte, la Jeunesse Unie maintiendra aussi longtemps que n\u00e9cessaire leur front contre l\u2019Arizona. Apr\u00e8s un premier rendez-vous qui a r\u00e9uni des milliers de jeunes le 13 f\u00e9vrier, le front commun \u00e9largi se r\u00e9unira \u00e0 nouveau le 25 juin. La mobilisation r\u00e9unira l\u2019ensemble des organisations qui d\u00e9fendent le partage, de l\u2019inclusion et la solidarit\u00e9.<\/p>\n<p>&nbsp;<\/p>\n<p><em>Source : Comit\u00e9 des Organisations de jeunesse<\/em><\/p>\n","protected":false},"excerpt":{"rendered":"<p>Les Jeunes FGTB, les Jeunes CSC, la F\u00e9d\u00e9ration des \u00e9tudiant\u00b7e\u00b7s francophones, Jong ACV et ABVV Jongeren, ainsi que d\u2019autres organisations de jeunesse, se mobiliseront ce mercredi 25 juin contre les mesures de l\u2019Arizona. \u00a0Depuis la mise en place du gouvernement, [&hellip;]<\/p>\n","protected":false},"author":2,"featured_media":0,"comment_status":"closed","ping_status":"open","sticky":false,"template":"","format":"standard","meta":[],"categories":[65,10],"tags":[4245,332,941,1022,110],"yoast_head":"<!-- This site is optimized with the Yoast SEO plugin v21.0 - https:\/\/yoast.com\/wordpress\/plugins\/seo\/ -->\n<title>Pour quelles raisons les jeunesses syndicales vont-elles manifester contre les mesures du gouvernement Arizona ce 25 juin? - Peoplesphere<\/title>\n<meta name=\"robots\" content=\"index, follow, max-snippet:-1, max-image-preview:large, max-video-preview:-1\" \/>\n<link rel=\"canonical\" href=\"https:\/\/peoplesphere.be\/fr\/pour-quelles-raisons-les-jeunesses-syndicales-vont-elles-manifester-contre-les-mesures-du-gouvernement-arizona-ce-25-juin\/\" \/>\n<meta property=\"og:locale\" content=\"fr_FR\" \/>\n<meta property=\"og:type\" content=\"article\" \/>\n<meta property=\"og:title\" content=\"Pour quelles raisons les jeunesses syndicales vont-elles manifester contre les mesures du gouvernement Arizona ce 25 juin? - Peoplesphere\" \/>\n<meta property=\"og:description\" content=\"Les Jeunes FGTB, les Jeunes CSC, la F\u00e9d\u00e9ration des \u00e9tudiant\u00b7e\u00b7s francophones, Jong ACV et ABVV Jongeren, ainsi que d\u2019autres organisations de jeunesse, se mobiliseront ce mercredi 25 juin contre les mesures de l\u2019Arizona. \u00a0Depuis la mise en place du gouvernement, [&hellip;]\" \/>\n<meta property=\"og:url\" content=\"https:\/\/peoplesphere.be\/fr\/pour-quelles-raisons-les-jeunesses-syndicales-vont-elles-manifester-contre-les-mesures-du-gouvernement-arizona-ce-25-juin\/\" \/>\n<meta property=\"og:site_name\" content=\"Peoplesphere\" \/>\n<meta property=\"article:publisher\" content=\"https:\/\/www.facebook.com\/peoplesphere\" \/>\n<meta property=\"article:published_time\" content=\"2025-06-24T12:40:26+00:00\" \/>\n<meta property=\"og:image\" content=\"http:\/\/www.peoplesphere.be\/fr\/wp-content\/uploads\/2016\/07\/facebook-default-posting-1200x628px.jpg\" \/>\n<meta name=\"author\" content=\"Jean-Paul Erhard\" \/>\n<meta name=\"twitter:card\" content=\"summary_large_image\" \/>\n<meta name=\"twitter:creator\" content=\"@PeoplesphereMag\" \/>\n<meta name=\"twitter:site\" content=\"@PeoplesphereMag\" \/>\n<meta name=\"twitter:label1\" content=\"\u00c9crit par\" \/>\n\t<meta name=\"twitter:data1\" content=\"Jean-Paul Erhard\" \/>\n\t<meta name=\"twitter:label2\" content=\"Dur\u00e9e de lecture estim\u00e9e\" \/>\n\t<meta name=\"twitter:data2\" content=\"2 minutes\" \/>\n<script type=\"application\/ld+json\" class=\"yoast-schema-graph\">{\"@context\":\"https:\/\/schema.org\",\"@graph\":[{\"@type\":\"Article\",\"@id\":\"https:\/\/peoplesphere.be\/fr\/pour-quelles-raisons-les-jeunesses-syndicales-vont-elles-manifester-contre-les-mesures-du-gouvernement-arizona-ce-25-juin\/#article\",\"isPartOf\":{\"@id\":\"https:\/\/peoplesphere.be\/fr\/pour-quelles-raisons-les-jeunesses-syndicales-vont-elles-manifester-contre-les-mesures-du-gouvernement-arizona-ce-25-juin\/\"},\"author\":{\"name\":\"Jean-Paul Erhard\",\"@id\":\"https:\/\/peoplesphere.be\/fr\/#\/schema\/person\/7976225ff17988604334abb7b3536a7e\"},\"headline\":\"Pour quelles raisons les jeunesses syndicales vont-elles manifester contre les mesures du gouvernement Arizona ce 25 juin?\",\"datePublished\":\"2025-06-24T12:40:26+00:00\",\"dateModified\":\"2025-06-24T12:40:26+00:00\",\"mainEntityOfPage\":{\"@id\":\"https:\/\/peoplesphere.be\/fr\/pour-quelles-raisons-les-jeunesses-syndicales-vont-elles-manifester-contre-les-mesures-du-gouvernement-arizona-ce-25-juin\/\"},\"wordCount\":435,\"publisher\":{\"@id\":\"https:\/\/peoplesphere.be\/fr\/#organization\"},\"keywords\":[\"Arizona\",\"concertation sociale\",\"manifestation\",\"pr\u00e9carit\u00e9\",\"syndicats\"],\"articleSection\":[\"Actualit\u00e9s\",\"Digital\"],\"inLanguage\":\"fr-FR\"},{\"@type\":\"WebPage\",\"@id\":\"https:\/\/peoplesphere.be\/fr\/pour-quelles-raisons-les-jeunesses-syndicales-vont-elles-manifester-contre-les-mesures-du-gouvernement-arizona-ce-25-juin\/\",\"url\":\"https:\/\/peoplesphere.be\/fr\/pour-quelles-raisons-les-jeunesses-syndicales-vont-elles-manifester-contre-les-mesures-du-gouvernement-arizona-ce-25-juin\/\",\"name\":\"Pour quelles raisons les jeunesses syndicales vont-elles manifester contre les mesures du gouvernement Arizona ce 25 juin? - Peoplesphere\",\"isPartOf\":{\"@id\":\"https:\/\/peoplesphere.be\/fr\/#website\"},\"datePublished\":\"2025-06-24T12:40:26+00:00\",\"dateModified\":\"2025-06-24T12:40:26+00:00\",\"breadcrumb\":{\"@id\":\"https:\/\/peoplesphere.be\/fr\/pour-quelles-raisons-les-jeunesses-syndicales-vont-elles-manifester-contre-les-mesures-du-gouvernement-arizona-ce-25-juin\/#breadcrumb\"},\"inLanguage\":\"fr-FR\",\"potentialAction\":[{\"@type\":\"ReadAction\",\"target\":[\"https:\/\/peoplesphere.be\/fr\/pour-quelles-raisons-les-jeunesses-syndicales-vont-elles-manifester-contre-les-mesures-du-gouvernement-arizona-ce-25-juin\/\"]}]},{\"@type\":\"BreadcrumbList\",\"@id\":\"https:\/\/peoplesphere.be\/fr\/pour-quelles-raisons-les-jeunesses-syndicales-vont-elles-manifester-contre-les-mesures-du-gouvernement-arizona-ce-25-juin\/#breadcrumb\",\"itemListElement\":[{\"@type\":\"ListItem\",\"position\":1,\"name\":\"Accueil\",\"item\":\"https:\/\/peoplesphere.be\/fr\/\"},{\"@type\":\"ListItem\",\"position\":2,\"name\":\"Pour quelles raisons les jeunesses syndicales vont-elles manifester contre les mesures du gouvernement Arizona ce 25 juin?\"}]},{\"@type\":\"WebSite\",\"@id\":\"https:\/\/peoplesphere.be\/fr\/#website\",\"url\":\"https:\/\/peoplesphere.be\/fr\/\",\"name\":\"Peoplesphere\",\"description\":\"The People Managers Magazine\",\"publisher\":{\"@id\":\"https:\/\/peoplesphere.be\/fr\/#organization\"},\"potentialAction\":[{\"@type\":\"SearchAction\",\"target\":{\"@type\":\"EntryPoint\",\"urlTemplate\":\"https:\/\/peoplesphere.be\/fr\/?s={search_term_string}\"},\"query-input\":\"required name=search_term_string\"}],\"inLanguage\":\"fr-FR\"},{\"@type\":\"Organization\",\"@id\":\"https:\/\/peoplesphere.be\/fr\/#organization\",\"name\":\"Peoplesphere Company srl\",\"url\":\"https:\/\/peoplesphere.be\/fr\/\",\"logo\":{\"@type\":\"ImageObject\",\"inLanguage\":\"fr-FR\",\"@id\":\"https:\/\/peoplesphere.be\/fr\/#\/schema\/logo\/image\/\",\"url\":\"https:\/\/peoplesphere.be\/fr\/wp-content\/uploads\/2023\/07\/peoplesphere-lgo-new-generik.jpg\",\"contentUrl\":\"https:\/\/peoplesphere.be\/fr\/wp-content\/uploads\/2023\/07\/peoplesphere-lgo-new-generik.jpg\",\"width\":1031,\"height\":1479,\"caption\":\"Peoplesphere Company srl\"},\"image\":{\"@id\":\"https:\/\/peoplesphere.be\/fr\/#\/schema\/logo\/image\/\"},\"sameAs\":[\"https:\/\/www.facebook.com\/peoplesphere\",\"https:\/\/twitter.com\/PeoplesphereMag\",\"https:\/\/www.linkedin.com\/company\/7587361?trk\",\"http:\/\/youtube.com\/peoplesphere\"]},{\"@type\":\"Person\",\"@id\":\"https:\/\/peoplesphere.be\/fr\/#\/schema\/person\/7976225ff17988604334abb7b3536a7e\",\"name\":\"Jean-Paul Erhard\",\"image\":{\"@type\":\"ImageObject\",\"inLanguage\":\"fr-FR\",\"@id\":\"https:\/\/peoplesphere.be\/fr\/#\/schema\/person\/image\/\",\"url\":\"https:\/\/secure.gravatar.com\/avatar\/f941e681460179738071629a51574930?s=96&d=mm&r=g\",\"contentUrl\":\"https:\/\/secure.gravatar.com\/avatar\/f941e681460179738071629a51574930?s=96&d=mm&r=g\",\"caption\":\"Jean-Paul Erhard\"},\"url\":\"https:\/\/peoplesphere.be\/fr\/author\/jpe\/\"}]}<\/script>\n<!-- \/ Yoast SEO plugin. -->","yoast_head_json":{"title":"Pour quelles raisons les jeunesses syndicales vont-elles manifester contre les mesures du gouvernement Arizona ce 25 juin? - Peoplesphere","robots":{"index":"index","follow":"follow","max-snippet":"max-snippet:-1","max-image-preview":"max-image-preview:large","max-video-preview":"max-video-preview:-1"},"canonical":"https:\/\/peoplesphere.be\/fr\/pour-quelles-raisons-les-jeunesses-syndicales-vont-elles-manifester-contre-les-mesures-du-gouvernement-arizona-ce-25-juin\/","og_locale":"fr_FR","og_type":"article","og_title":"Pour quelles raisons les jeunesses syndicales vont-elles manifester contre les mesures du gouvernement Arizona ce 25 juin? - Peoplesphere","og_description":"Les Jeunes FGTB, les Jeunes CSC, la F\u00e9d\u00e9ration des \u00e9tudiant\u00b7e\u00b7s francophones, Jong ACV et ABVV Jongeren, ainsi que d\u2019autres organisations de jeunesse, se mobiliseront ce mercredi 25 juin contre les mesures de l\u2019Arizona. \u00a0Depuis la mise en place du gouvernement, [&hellip;]","og_url":"https:\/\/peoplesphere.be\/fr\/pour-quelles-raisons-les-jeunesses-syndicales-vont-elles-manifester-contre-les-mesures-du-gouvernement-arizona-ce-25-juin\/","og_site_name":"Peoplesphere","article_publisher":"https:\/\/www.facebook.com\/peoplesphere","article_published_time":"2025-06-24T12:40:26+00:00","og_image":[{"url":"http:\/\/www.peoplesphere.be\/fr\/wp-content\/uploads\/2016\/07\/facebook-default-posting-1200x628px.jpg"}],"author":"Jean-Paul Erhard","twitter_card":"summary_large_image","twitter_creator":"@PeoplesphereMag","twitter_site":"@PeoplesphereMag","twitter_misc":{"\u00c9crit par":"Jean-Paul Erhard","Dur\u00e9e de lecture estim\u00e9e":"2 minutes"},"schema":{"@context":"https:\/\/schema.org","@graph":[{"@type":"Article","@id":"https:\/\/peoplesphere.be\/fr\/pour-quelles-raisons-les-jeunesses-syndicales-vont-elles-manifester-contre-les-mesures-du-gouvernement-arizona-ce-25-juin\/#article","isPartOf":{"@id":"https:\/\/peoplesphere.be\/fr\/pour-quelles-raisons-les-jeunesses-syndicales-vont-elles-manifester-contre-les-mesures-du-gouvernement-arizona-ce-25-juin\/"},"author":{"name":"Jean-Paul Erhard","@id":"https:\/\/peoplesphere.be\/fr\/#\/schema\/person\/7976225ff17988604334abb7b3536a7e"},"headline":"Pour quelles raisons les jeunesses syndicales vont-elles manifester contre les mesures du gouvernement Arizona ce 25 juin?","datePublished":"2025-06-24T12:40:26+00:00","dateModified":"2025-06-24T12:40:26+00:00","mainEntityOfPage":{"@id":"https:\/\/peoplesphere.be\/fr\/pour-quelles-raisons-les-jeunesses-syndicales-vont-elles-manifester-contre-les-mesures-du-gouvernement-arizona-ce-25-juin\/"},"wordCount":435,"publisher":{"@id":"https:\/\/peoplesphere.be\/fr\/#organization"},"keywords":["Arizona","concertation sociale","manifestation","pr\u00e9carit\u00e9","syndicats"],"articleSection":["Actualit\u00e9s","Digital"],"inLanguage":"fr-FR"},{"@type":"WebPage","@id":"https:\/\/peoplesphere.be\/fr\/pour-quelles-raisons-les-jeunesses-syndicales-vont-elles-manifester-contre-les-mesures-du-gouvernement-arizona-ce-25-juin\/","url":"https:\/\/peoplesphere.be\/fr\/pour-quelles-raisons-les-jeunesses-syndicales-vont-elles-manifester-contre-les-mesures-du-gouvernement-arizona-ce-25-juin\/","name":"Pour quelles raisons les jeunesses syndicales vont-elles manifester contre les mesures du gouvernement Arizona ce 25 juin? - Peoplesphere","isPartOf":{"@id":"https:\/\/peoplesphere.be\/fr\/#website"},"datePublished":"2025-06-24T12:40:26+00:00","dateModified":"2025-06-24T12:40:26+00:00","breadcrumb":{"@id":"https:\/\/peoplesphere.be\/fr\/pour-quelles-raisons-les-jeunesses-syndicales-vont-elles-manifester-contre-les-mesures-du-gouvernement-arizona-ce-25-juin\/#breadcrumb"},"inLanguage":"fr-FR","potentialAction":[{"@type":"ReadAction","target":["https:\/\/peoplesphere.be\/fr\/pour-quelles-raisons-les-jeunesses-syndicales-vont-elles-manifester-contre-les-mesures-du-gouvernement-arizona-ce-25-juin\/"]}]},{"@type":"BreadcrumbList","@id":"https:\/\/peoplesphere.be\/fr\/pour-quelles-raisons-les-jeunesses-syndicales-vont-elles-manifester-contre-les-mesures-du-gouvernement-arizona-ce-25-juin\/#breadcrumb","itemListElement":[{"@type":"ListItem","position":1,"name":"Accueil","item":"https:\/\/peoplesphere.be\/fr\/"},{"@type":"ListItem","position":2,"name":"Pour quelles raisons les jeunesses syndicales vont-elles manifester contre les mesures du gouvernement Arizona ce 25 juin?"}]},{"@type":"WebSite","@id":"https:\/\/peoplesphere.be\/fr\/#website","url":"https:\/\/peoplesphere.be\/fr\/","name":"Peoplesphere","description":"The People Managers Magazine","publisher":{"@id":"https:\/\/peoplesphere.be\/fr\/#organization"},"potentialAction":[{"@type":"SearchAction","target":{"@type":"EntryPoint","urlTemplate":"https:\/\/peoplesphere.be\/fr\/?s={search_term_string}"},"query-input":"required name=search_term_string"}],"inLanguage":"fr-FR"},{"@type":"Organization","@id":"https:\/\/peoplesphere.be\/fr\/#organization","name":"Peoplesphere Company srl","url":"https:\/\/peoplesphere.be\/fr\/","logo":{"@type":"ImageObject","inLanguage":"fr-FR","@id":"https:\/\/peoplesphere.be\/fr\/#\/schema\/logo\/image\/","url":"https:\/\/peoplesphere.be\/fr\/wp-content\/uploads\/2023\/07\/peoplesphere-lgo-new-generik.jpg","contentUrl":"https:\/\/peoplesphere.be\/fr\/wp-content\/uploads\/2023\/07\/peoplesphere-lgo-new-generik.jpg","width":1031,"height":1479,"caption":"Peoplesphere Company srl"},"image":{"@id":"https:\/\/peoplesphere.be\/fr\/#\/schema\/logo\/image\/"},"sameAs":["https:\/\/www.facebook.com\/peoplesphere","https:\/\/twitter.com\/PeoplesphereMag","https:\/\/www.linkedin.com\/company\/7587361?trk","http:\/\/youtube.com\/peoplesphere"]},{"@type":"Person","@id":"https:\/\/peoplesphere.be\/fr\/#\/schema\/person\/7976225ff17988604334abb7b3536a7e","name":"Jean-Paul Erhard","image":{"@type":"ImageObject","inLanguage":"fr-FR","@id":"https:\/\/peoplesphere.be\/fr\/#\/schema\/person\/image\/","url":"https:\/\/secure.gravatar.com\/avatar\/f941e681460179738071629a51574930?s=96&d=mm&r=g","contentUrl":"https:\/\/secure.gravatar.com\/avatar\/f941e681460179738071629a51574930?s=96&d=mm&r=g","caption":"Jean-Paul Erhard"},"url":"https:\/\/peoplesphere.be\/fr\/author\/jpe\/"}]}},"_links":{"self":[{"href":"https:\/\/peoplesphere.be\/fr\/wp-json\/wp\/v2\/posts\/17921"}],"collection":[{"href":"https:\/\/peoplesphere.be\/fr\/wp-json\/wp\/v2\/posts"}],"about":[{"href":"https:\/\/peoplesphere.be\/fr\/wp-json\/wp\/v2\/types\/post"}],"author":[{"embeddable":true,"href":"https:\/\/peoplesphere.be\/fr\/wp-json\/wp\/v2\/users\/2"}],"replies":[{"embeddable":true,"href":"https:\/\/peoplesphere.be\/fr\/wp-json\/wp\/v2\/comments?post=17921"}],"version-history":[{"count":1,"href":"https:\/\/peoplesphere.be\/fr\/wp-json\/wp\/v2\/posts\/17921\/revisions"}],"predecessor-version":[{"id":17922,"href":"https:\/\/peoplesphere.be\/fr\/wp-json\/wp\/v2\/posts\/17921\/revisions\/17922"}],"wp:attachment":[{"href":"https:\/\/peoplesphere.be\/fr\/wp-json\/wp\/v2\/media?parent=17921"}],"wp:term":[{"taxonomy":"category","embeddable":true,"href":"https:\/\/peoplesphere.be\/fr\/wp-json\/wp\/v2\/categories?post=17921"},{"taxonomy":"post_tag","embeddable":true,"href":"https:\/\/peoplesphere.be\/fr\/wp-json\/wp\/v2\/tags?post=17921"}],"curies":[{"name":"wp","href":"https:\/\/api.w.org\/{rel}","templated":true}]}}