









{"id":17927,"date":"2025-06-25T21:10:18","date_gmt":"2025-06-25T19:10:18","guid":{"rendered":"https:\/\/peoplesphere.be\/fr\/?p=17927"},"modified":"2025-06-25T21:10:18","modified_gmt":"2025-06-25T19:10:18","slug":"editorial-le-temps-dune-pause-estivale-le-monde-du-travail-ne-sarrete-jamais","status":"publish","type":"post","link":"https:\/\/peoplesphere.be\/fr\/editorial-le-temps-dune-pause-estivale-le-monde-du-travail-ne-sarrete-jamais\/","title":{"rendered":"\u00c9ditorial \u2013 Le temps d\u2019une pause estivale? Le monde du travail ne s\u2019arr\u00eate jamais\u2026"},"content":{"rendered":"<p>\u00c9t\u00e9 2025. Le moment id\u00e9al pour se d\u00e9connecter. Pour recharger les batteries. Pour prendre, parfois, le temps de la r\u00e9flexion gr\u00e2ce au ralentissement du volume global des activit\u00e9s. Allez, arr\u00eatez de r\u00eaver. Ce n\u2019est plus la r\u00e9alit\u00e9 du march\u00e9 du travail. Nos rythmes ont chang\u00e9. Ce n\u2019est clairement pas le moment de ranger les dossiers et de se caler les rendez-vous importants pour la rentr\u00e9e de septembre. Il y a bien des d\u00e9fis imm\u00e9diats \u00e0 relever et ceux-ci ne peuvent pas attendre.<!--more--><\/p>\n<p>Nous prenons d\u00e9sormais plusieurs temps de pause tout au long de l\u2019ann\u00e9e. Et les plus privil\u00e9gi\u00e9s parmi nous partent d\u2019ailleurs en vacances 3 ou 4 fois par an. Rien \u00e0 dire sur le sujet. Par contre, cela nous donne l\u2019occasion de partager un petit message d\u2019\u00e9t\u00e9 g\u00e9n\u00e9ral \u00e0 celles et ceux qui pensent notre \u00e9conomie va entrer en l\u00e9thargie pour les 9 prochaines semaines. Ce ne sera pas le cas. A bon entendeur\u2026<\/p>\n<h3><strong><em>Timing ad\u00e9quat pour clarifier les incertitudes administratives\u2026<\/em><\/strong><\/h3>\n<p>Nous nous engageons dans un rush r\u00e9glementaire quasi certain jusqu\u2019au 21 juillet. Chaque ann\u00e9e, \u00e0 l\u2019aube des vacances parlementaires, les cabinets politiques profitent des vacances et de l\u2019apathie des partenaires sociaux pour finaliser et voter une s\u00e9rie de dispositions qui modifient le march\u00e9 du travail. C\u2019est un rituel qui ne choque plus personne. Le sort des publics menac\u00e9s d\u2019exclusion du ch\u00f4mage, des retrait\u00e9s et candidats \u00e0 une pension anticip\u00e9e, des b\u00e9n\u00e9ficiaires de cong\u00e9s th\u00e9matiques sera r\u00e9gl\u00e9 cet \u00e9t\u00e9. On ne va quand-m\u00eame pas protester de mani\u00e8re v\u00e9h\u00e9mente puisque les organisations syndicales \u2013 dont la capacit\u00e9 de mobilisation s\u2019\u00e9teint gentiment \u2013 sont \u00e0 la plage. Tranquille.<\/p>\n<h3><strong><em>La gestion continue des cycles business et des \u00e9nergies<\/em><\/strong><\/h3>\n<p>L\u2019\u00e9t\u00e9 qui commence est aussi une p\u00e9riode pendant laquelle les \u00e9quipes sont soumises \u00e0 rude \u00e9preuve. L\u2019activit\u00e9 ne s\u2019arr\u00eate pas, mais les \u00e9quipes sont amput\u00e9es d\u2019une part de leur effectif. La r\u00e9partition d\u2019une charge de travail constante doit s\u2019op\u00e9rer sur celles et ceux qui restent au poste. Chacun son tour donc, nos collaborateurs sont confront\u00e9.e.s \u00e0 la reprise \/ remise des dossiers de leurs coll\u00e8gues.<\/p>\n<p>En fait, la p\u00e9riode illustre assez bien la fa\u00e7on dont les rythmes de travail ont chang\u00e9 au fil des ann\u00e9es. Ce n\u2019est ni un sprint, ni un marathon. Juste une succession de marches (pas besoin de se pr\u00e9cipiter en effet!), tant\u00f4t forc\u00e9es, tant\u00f4t paisibles. Et cet encha\u00eenement nous demande d\u2019am\u00e9liorer sans cesse notre capacit\u00e9 \u00e0 alterner les temps forts et les temps faibles. Pas question donc de s\u2019arr\u00eater par les beaux jours sont l\u00e0. Au contraire\u2026 Il y aura sans doute des phases de repos, pr\u00e9c\u00e9d\u00e9es d\u2019une pr\u00e9paration \u00e0 l\u2019arrache de nos absencs et suivies in\u00e9vitablement d\u2019un retour douloureux pour se remettre \u00e0 jour.<\/p>\n<h3><strong><em>Le constat r\u00e9current des in\u00e9galit\u00e9s<\/em><\/strong><\/h3>\n<p>Enfin, et ce qui suit r\u00e9sonne peut-\u00eatre davantage encore dans le contexte de conflit g\u00e9n\u00e9ralis\u00e9 qui nous entoure, les deux mois qui s\u2019annoncent \u2013 et la p\u00e9riode des vacances en g\u00e9n\u00e9ral \u2013 sont aussi de cruels r\u00e9v\u00e9lateurs des in\u00e9galit\u00e9s qui se creusent. Le repos, le confort, l\u2019\u00e9vasion\u2026 Tous ces \u2018concepts\u2019 \u00e9tranges ont un co\u00fbt. Nos exp\u00e9riences en la mati\u00e8re peuvent \u00eatre parfois tr\u00e8s diff\u00e9rentes. D\u00e9connecter et se ressourcer est un luxe que toutes et tous ne peuvent pas n\u00e9cessairement s\u2019offrir.<\/p>\n<p>Le moment est peut-\u00eatre venu de prendre du temps pour soi bien s\u00fbr, mais aussi de prendre du temps pour les autres et de cultiver plus que jamais de tr\u00e8s bonnes raisons d\u2019\u00eatre ensemble.<\/p>\n<p>Ambition estivale donc : cultiver le sens du collectif, trouver les moyens d\u2019offrir \u00e0 chacune et chacun le temps de se retrouver et une solidarit\u00e9 renforc\u00e9e pour les \u00e9quipes qui assurent le quotidien en effectif r\u00e9duit\u2026 Un peu de l\u00e9g\u00e8ret\u00e9, un peu de douceur et beaucoup de bonne humeur : la recette d\u2019un bel \u00e9t\u00e9 que nous vous proposons d\u2019entamer aujourd\u2019hui.<\/p>\n<p>Jean-Paul Erhard<\/p>\n","protected":false},"excerpt":{"rendered":"<p>\u00c9t\u00e9 2025. Le moment id\u00e9al pour se d\u00e9connecter. Pour recharger les batteries. Pour prendre, parfois, le temps de la r\u00e9flexion gr\u00e2ce au ralentissement du volume global des activit\u00e9s. Allez, arr\u00eatez de r\u00eaver. Ce n\u2019est plus la r\u00e9alit\u00e9 du march\u00e9 du [&hellip;]<\/p>\n","protected":false},"author":2,"featured_media":17928,"comment_status":"closed","ping_status":"open","sticky":false,"template":"","format":"standard","meta":[],"categories":[65,62,10,2],"tags":[839,879,3257,6],"yoast_head":"<!-- This site is optimized with the Yoast SEO plugin v21.0 - https:\/\/yoast.com\/wordpress\/plugins\/seo\/ -->\n<title>\u00c9ditorial \u2013 Le temps d\u2019une pause estivale? Le monde du travail ne s\u2019arr\u00eate jamais\u2026 - Peoplesphere<\/title>\n<meta name=\"robots\" content=\"index, follow, max-snippet:-1, max-image-preview:large, max-video-preview:-1\" \/>\n<link rel=\"canonical\" href=\"https:\/\/peoplesphere.be\/fr\/editorial-le-temps-dune-pause-estivale-le-monde-du-travail-ne-sarrete-jamais\/\" \/>\n<meta property=\"og:locale\" content=\"fr_FR\" \/>\n<meta property=\"og:type\" content=\"article\" \/>\n<meta property=\"og:title\" content=\"\u00c9ditorial \u2013 Le temps d\u2019une pause estivale? Le monde du travail ne s\u2019arr\u00eate jamais\u2026 - Peoplesphere\" \/>\n<meta property=\"og:description\" content=\"\u00c9t\u00e9 2025. Le moment id\u00e9al pour se d\u00e9connecter. Pour recharger les batteries. Pour prendre, parfois, le temps de la r\u00e9flexion gr\u00e2ce au ralentissement du volume global des activit\u00e9s. Allez, arr\u00eatez de r\u00eaver. Ce n\u2019est plus la r\u00e9alit\u00e9 du march\u00e9 du [&hellip;]\" \/>\n<meta property=\"og:url\" content=\"https:\/\/peoplesphere.be\/fr\/editorial-le-temps-dune-pause-estivale-le-monde-du-travail-ne-sarrete-jamais\/\" \/>\n<meta property=\"og:site_name\" content=\"Peoplesphere\" \/>\n<meta property=\"article:publisher\" content=\"https:\/\/www.facebook.com\/peoplesphere\" \/>\n<meta property=\"article:published_time\" content=\"2025-06-25T19:10:18+00:00\" \/>\n<meta property=\"og:image\" content=\"https:\/\/peoplesphere.be\/fr\/wp-content\/uploads\/2025\/06\/20250626summerworkoffice.jpg\" \/>\n\t<meta property=\"og:image:width\" content=\"1000\" \/>\n\t<meta property=\"og:image:height\" content=\"585\" \/>\n\t<meta property=\"og:image:type\" content=\"image\/jpeg\" \/>\n<meta name=\"author\" content=\"Jean-Paul Erhard\" \/>\n<meta name=\"twitter:card\" content=\"summary_large_image\" \/>\n<meta name=\"twitter:creator\" content=\"@PeoplesphereMag\" \/>\n<meta name=\"twitter:site\" content=\"@PeoplesphereMag\" \/>\n<meta name=\"twitter:label1\" content=\"\u00c9crit par\" \/>\n\t<meta name=\"twitter:data1\" content=\"Jean-Paul Erhard\" \/>\n\t<meta name=\"twitter:label2\" content=\"Dur\u00e9e de lecture estim\u00e9e\" \/>\n\t<meta name=\"twitter:data2\" content=\"4 minutes\" \/>\n<script type=\"application\/ld+json\" class=\"yoast-schema-graph\">{\"@context\":\"https:\/\/schema.org\",\"@graph\":[{\"@type\":\"Article\",\"@id\":\"https:\/\/peoplesphere.be\/fr\/editorial-le-temps-dune-pause-estivale-le-monde-du-travail-ne-sarrete-jamais\/#article\",\"isPartOf\":{\"@id\":\"https:\/\/peoplesphere.be\/fr\/editorial-le-temps-dune-pause-estivale-le-monde-du-travail-ne-sarrete-jamais\/\"},\"author\":{\"name\":\"Jean-Paul Erhard\",\"@id\":\"https:\/\/peoplesphere.be\/fr\/#\/schema\/person\/7976225ff17988604334abb7b3536a7e\"},\"headline\":\"\u00c9ditorial \u2013 Le temps d\u2019une pause estivale? Le monde du travail ne s\u2019arr\u00eate jamais\u2026\",\"datePublished\":\"2025-06-25T19:10:18+00:00\",\"dateModified\":\"2025-06-25T19:10:18+00:00\",\"mainEntityOfPage\":{\"@id\":\"https:\/\/peoplesphere.be\/fr\/editorial-le-temps-dune-pause-estivale-le-monde-du-travail-ne-sarrete-jamais\/\"},\"wordCount\":737,\"publisher\":{\"@id\":\"https:\/\/peoplesphere.be\/fr\/#organization\"},\"keywords\":[\"charge de travail\",\"effectifs\",\"planning\",\"Vacances\"],\"articleSection\":[\"Actualit\u00e9s\",\"Articles\",\"Digital\",\"Magazine\"],\"inLanguage\":\"fr-FR\"},{\"@type\":\"WebPage\",\"@id\":\"https:\/\/peoplesphere.be\/fr\/editorial-le-temps-dune-pause-estivale-le-monde-du-travail-ne-sarrete-jamais\/\",\"url\":\"https:\/\/peoplesphere.be\/fr\/editorial-le-temps-dune-pause-estivale-le-monde-du-travail-ne-sarrete-jamais\/\",\"name\":\"\u00c9ditorial \u2013 Le temps d\u2019une pause estivale? Le monde du travail ne s\u2019arr\u00eate jamais\u2026 - Peoplesphere\",\"isPartOf\":{\"@id\":\"https:\/\/peoplesphere.be\/fr\/#website\"},\"datePublished\":\"2025-06-25T19:10:18+00:00\",\"dateModified\":\"2025-06-25T19:10:18+00:00\",\"breadcrumb\":{\"@id\":\"https:\/\/peoplesphere.be\/fr\/editorial-le-temps-dune-pause-estivale-le-monde-du-travail-ne-sarrete-jamais\/#breadcrumb\"},\"inLanguage\":\"fr-FR\",\"potentialAction\":[{\"@type\":\"ReadAction\",\"target\":[\"https:\/\/peoplesphere.be\/fr\/editorial-le-temps-dune-pause-estivale-le-monde-du-travail-ne-sarrete-jamais\/\"]}]},{\"@type\":\"BreadcrumbList\",\"@id\":\"https:\/\/peoplesphere.be\/fr\/editorial-le-temps-dune-pause-estivale-le-monde-du-travail-ne-sarrete-jamais\/#breadcrumb\",\"itemListElement\":[{\"@type\":\"ListItem\",\"position\":1,\"name\":\"Accueil\",\"item\":\"https:\/\/peoplesphere.be\/fr\/\"},{\"@type\":\"ListItem\",\"position\":2,\"name\":\"\u00c9ditorial \u2013 Le temps d\u2019une pause estivale? Le monde du travail ne s\u2019arr\u00eate jamais\u2026\"}]},{\"@type\":\"WebSite\",\"@id\":\"https:\/\/peoplesphere.be\/fr\/#website\",\"url\":\"https:\/\/peoplesphere.be\/fr\/\",\"name\":\"Peoplesphere\",\"description\":\"The People Managers Magazine\",\"publisher\":{\"@id\":\"https:\/\/peoplesphere.be\/fr\/#organization\"},\"potentialAction\":[{\"@type\":\"SearchAction\",\"target\":{\"@type\":\"EntryPoint\",\"urlTemplate\":\"https:\/\/peoplesphere.be\/fr\/?s={search_term_string}\"},\"query-input\":\"required name=search_term_string\"}],\"inLanguage\":\"fr-FR\"},{\"@type\":\"Organization\",\"@id\":\"https:\/\/peoplesphere.be\/fr\/#organization\",\"name\":\"Peoplesphere Company srl\",\"url\":\"https:\/\/peoplesphere.be\/fr\/\",\"logo\":{\"@type\":\"ImageObject\",\"inLanguage\":\"fr-FR\",\"@id\":\"https:\/\/peoplesphere.be\/fr\/#\/schema\/logo\/image\/\",\"url\":\"https:\/\/peoplesphere.be\/fr\/wp-content\/uploads\/2023\/07\/peoplesphere-lgo-new-generik.jpg\",\"contentUrl\":\"https:\/\/peoplesphere.be\/fr\/wp-content\/uploads\/2023\/07\/peoplesphere-lgo-new-generik.jpg\",\"width\":1031,\"height\":1479,\"caption\":\"Peoplesphere Company srl\"},\"image\":{\"@id\":\"https:\/\/peoplesphere.be\/fr\/#\/schema\/logo\/image\/\"},\"sameAs\":[\"https:\/\/www.facebook.com\/peoplesphere\",\"https:\/\/twitter.com\/PeoplesphereMag\",\"https:\/\/www.linkedin.com\/company\/7587361?trk\",\"http:\/\/youtube.com\/peoplesphere\"]},{\"@type\":\"Person\",\"@id\":\"https:\/\/peoplesphere.be\/fr\/#\/schema\/person\/7976225ff17988604334abb7b3536a7e\",\"name\":\"Jean-Paul Erhard\",\"image\":{\"@type\":\"ImageObject\",\"inLanguage\":\"fr-FR\",\"@id\":\"https:\/\/peoplesphere.be\/fr\/#\/schema\/person\/image\/\",\"url\":\"https:\/\/secure.gravatar.com\/avatar\/f941e681460179738071629a51574930?s=96&d=mm&r=g\",\"contentUrl\":\"https:\/\/secure.gravatar.com\/avatar\/f941e681460179738071629a51574930?s=96&d=mm&r=g\",\"caption\":\"Jean-Paul Erhard\"},\"url\":\"https:\/\/peoplesphere.be\/fr\/author\/jpe\/\"}]}<\/script>\n<!-- \/ Yoast SEO plugin. -->","yoast_head_json":{"title":"\u00c9ditorial \u2013 Le temps d\u2019une pause estivale? Le monde du travail ne s\u2019arr\u00eate jamais\u2026 - Peoplesphere","robots":{"index":"index","follow":"follow","max-snippet":"max-snippet:-1","max-image-preview":"max-image-preview:large","max-video-preview":"max-video-preview:-1"},"canonical":"https:\/\/peoplesphere.be\/fr\/editorial-le-temps-dune-pause-estivale-le-monde-du-travail-ne-sarrete-jamais\/","og_locale":"fr_FR","og_type":"article","og_title":"\u00c9ditorial \u2013 Le temps d\u2019une pause estivale? Le monde du travail ne s\u2019arr\u00eate jamais\u2026 - Peoplesphere","og_description":"\u00c9t\u00e9 2025. Le moment id\u00e9al pour se d\u00e9connecter. Pour recharger les batteries. Pour prendre, parfois, le temps de la r\u00e9flexion gr\u00e2ce au ralentissement du volume global des activit\u00e9s. Allez, arr\u00eatez de r\u00eaver. Ce n\u2019est plus la r\u00e9alit\u00e9 du march\u00e9 du [&hellip;]","og_url":"https:\/\/peoplesphere.be\/fr\/editorial-le-temps-dune-pause-estivale-le-monde-du-travail-ne-sarrete-jamais\/","og_site_name":"Peoplesphere","article_publisher":"https:\/\/www.facebook.com\/peoplesphere","article_published_time":"2025-06-25T19:10:18+00:00","og_image":[{"width":1000,"height":585,"url":"https:\/\/peoplesphere.be\/fr\/wp-content\/uploads\/2025\/06\/20250626summerworkoffice.jpg","type":"image\/jpeg"}],"author":"Jean-Paul Erhard","twitter_card":"summary_large_image","twitter_creator":"@PeoplesphereMag","twitter_site":"@PeoplesphereMag","twitter_misc":{"\u00c9crit par":"Jean-Paul Erhard","Dur\u00e9e de lecture estim\u00e9e":"4 minutes"},"schema":{"@context":"https:\/\/schema.org","@graph":[{"@type":"Article","@id":"https:\/\/peoplesphere.be\/fr\/editorial-le-temps-dune-pause-estivale-le-monde-du-travail-ne-sarrete-jamais\/#article","isPartOf":{"@id":"https:\/\/peoplesphere.be\/fr\/editorial-le-temps-dune-pause-estivale-le-monde-du-travail-ne-sarrete-jamais\/"},"author":{"name":"Jean-Paul Erhard","@id":"https:\/\/peoplesphere.be\/fr\/#\/schema\/person\/7976225ff17988604334abb7b3536a7e"},"headline":"\u00c9ditorial \u2013 Le temps d\u2019une pause estivale? Le monde du travail ne s\u2019arr\u00eate jamais\u2026","datePublished":"2025-06-25T19:10:18+00:00","dateModified":"2025-06-25T19:10:18+00:00","mainEntityOfPage":{"@id":"https:\/\/peoplesphere.be\/fr\/editorial-le-temps-dune-pause-estivale-le-monde-du-travail-ne-sarrete-jamais\/"},"wordCount":737,"publisher":{"@id":"https:\/\/peoplesphere.be\/fr\/#organization"},"keywords":["charge de travail","effectifs","planning","Vacances"],"articleSection":["Actualit\u00e9s","Articles","Digital","Magazine"],"inLanguage":"fr-FR"},{"@type":"WebPage","@id":"https:\/\/peoplesphere.be\/fr\/editorial-le-temps-dune-pause-estivale-le-monde-du-travail-ne-sarrete-jamais\/","url":"https:\/\/peoplesphere.be\/fr\/editorial-le-temps-dune-pause-estivale-le-monde-du-travail-ne-sarrete-jamais\/","name":"\u00c9ditorial \u2013 Le temps d\u2019une pause estivale? Le monde du travail ne s\u2019arr\u00eate jamais\u2026 - Peoplesphere","isPartOf":{"@id":"https:\/\/peoplesphere.be\/fr\/#website"},"datePublished":"2025-06-25T19:10:18+00:00","dateModified":"2025-06-25T19:10:18+00:00","breadcrumb":{"@id":"https:\/\/peoplesphere.be\/fr\/editorial-le-temps-dune-pause-estivale-le-monde-du-travail-ne-sarrete-jamais\/#breadcrumb"},"inLanguage":"fr-FR","potentialAction":[{"@type":"ReadAction","target":["https:\/\/peoplesphere.be\/fr\/editorial-le-temps-dune-pause-estivale-le-monde-du-travail-ne-sarrete-jamais\/"]}]},{"@type":"BreadcrumbList","@id":"https:\/\/peoplesphere.be\/fr\/editorial-le-temps-dune-pause-estivale-le-monde-du-travail-ne-sarrete-jamais\/#breadcrumb","itemListElement":[{"@type":"ListItem","position":1,"name":"Accueil","item":"https:\/\/peoplesphere.be\/fr\/"},{"@type":"ListItem","position":2,"name":"\u00c9ditorial \u2013 Le temps d\u2019une pause estivale? Le monde du travail ne s\u2019arr\u00eate jamais\u2026"}]},{"@type":"WebSite","@id":"https:\/\/peoplesphere.be\/fr\/#website","url":"https:\/\/peoplesphere.be\/fr\/","name":"Peoplesphere","description":"The People Managers Magazine","publisher":{"@id":"https:\/\/peoplesphere.be\/fr\/#organization"},"potentialAction":[{"@type":"SearchAction","target":{"@type":"EntryPoint","urlTemplate":"https:\/\/peoplesphere.be\/fr\/?s={search_term_string}"},"query-input":"required name=search_term_string"}],"inLanguage":"fr-FR"},{"@type":"Organization","@id":"https:\/\/peoplesphere.be\/fr\/#organization","name":"Peoplesphere Company srl","url":"https:\/\/peoplesphere.be\/fr\/","logo":{"@type":"ImageObject","inLanguage":"fr-FR","@id":"https:\/\/peoplesphere.be\/fr\/#\/schema\/logo\/image\/","url":"https:\/\/peoplesphere.be\/fr\/wp-content\/uploads\/2023\/07\/peoplesphere-lgo-new-generik.jpg","contentUrl":"https:\/\/peoplesphere.be\/fr\/wp-content\/uploads\/2023\/07\/peoplesphere-lgo-new-generik.jpg","width":1031,"height":1479,"caption":"Peoplesphere Company srl"},"image":{"@id":"https:\/\/peoplesphere.be\/fr\/#\/schema\/logo\/image\/"},"sameAs":["https:\/\/www.facebook.com\/peoplesphere","https:\/\/twitter.com\/PeoplesphereMag","https:\/\/www.linkedin.com\/company\/7587361?trk","http:\/\/youtube.com\/peoplesphere"]},{"@type":"Person","@id":"https:\/\/peoplesphere.be\/fr\/#\/schema\/person\/7976225ff17988604334abb7b3536a7e","name":"Jean-Paul Erhard","image":{"@type":"ImageObject","inLanguage":"fr-FR","@id":"https:\/\/peoplesphere.be\/fr\/#\/schema\/person\/image\/","url":"https:\/\/secure.gravatar.com\/avatar\/f941e681460179738071629a51574930?s=96&d=mm&r=g","contentUrl":"https:\/\/secure.gravatar.com\/avatar\/f941e681460179738071629a51574930?s=96&d=mm&r=g","caption":"Jean-Paul Erhard"},"url":"https:\/\/peoplesphere.be\/fr\/author\/jpe\/"}]}},"_links":{"self":[{"href":"https:\/\/peoplesphere.be\/fr\/wp-json\/wp\/v2\/posts\/17927"}],"collection":[{"href":"https:\/\/peoplesphere.be\/fr\/wp-json\/wp\/v2\/posts"}],"about":[{"href":"https:\/\/peoplesphere.be\/fr\/wp-json\/wp\/v2\/types\/post"}],"author":[{"embeddable":true,"href":"https:\/\/peoplesphere.be\/fr\/wp-json\/wp\/v2\/users\/2"}],"replies":[{"embeddable":true,"href":"https:\/\/peoplesphere.be\/fr\/wp-json\/wp\/v2\/comments?post=17927"}],"version-history":[{"count":1,"href":"https:\/\/peoplesphere.be\/fr\/wp-json\/wp\/v2\/posts\/17927\/revisions"}],"predecessor-version":[{"id":17929,"href":"https:\/\/peoplesphere.be\/fr\/wp-json\/wp\/v2\/posts\/17927\/revisions\/17929"}],"wp:featuredmedia":[{"embeddable":true,"href":"https:\/\/peoplesphere.be\/fr\/wp-json\/wp\/v2\/media\/17928"}],"wp:attachment":[{"href":"https:\/\/peoplesphere.be\/fr\/wp-json\/wp\/v2\/media?parent=17927"}],"wp:term":[{"taxonomy":"category","embeddable":true,"href":"https:\/\/peoplesphere.be\/fr\/wp-json\/wp\/v2\/categories?post=17927"},{"taxonomy":"post_tag","embeddable":true,"href":"https:\/\/peoplesphere.be\/fr\/wp-json\/wp\/v2\/tags?post=17927"}],"curies":[{"name":"wp","href":"https:\/\/api.w.org\/{rel}","templated":true}]}}