









{"id":17937,"date":"2025-06-27T06:17:35","date_gmt":"2025-06-27T04:17:35","guid":{"rendered":"https:\/\/peoplesphere.be\/fr\/?p=17937"},"modified":"2025-06-27T06:23:42","modified_gmt":"2025-06-27T04:23:42","slug":"zomerse-temperaturen-op-de-werkvloer-idewe-wijst-op-impact-van-hitte-ook-bij-telewerken","status":"publish","type":"post","link":"https:\/\/peoplesphere.be\/fr\/zomerse-temperaturen-op-de-werkvloer-idewe-wijst-op-impact-van-hitte-ook-bij-telewerken\/","title":{"rendered":"Temp\u00e9ratures estivales sur le lieu de travail: quel est l\u2019impact de la chaleur sur la productivit\u00e9, y compris en t\u00e9l\u00e9travail?"},"content":{"rendered":"<p>Alors que les temp\u00e9ratures approchent ou d\u00e9passent les 30 degr\u00e9s aujourd\u2019hui et dans les jours \u00e0 venir, IDEWE, le service externe pour la pr\u00e9vention et la protection au travail en Belgique, attire l\u2019attention sur les cons\u00e9quences d\u2019une chaleur prolong\u00e9e sur le lieu de travail. Dans le secteur de la construction ou de l\u2019industrie, mais aussi au bureau ou en t\u00e9l\u00e9travail, la chaleur peut avoir un impact sur le bien-\u00eatre des travailleurs. <!--more--><\/p>\n<p>\u00c0 des temp\u00e9ratures sup\u00e9rieures \u00e0 26\u00b0C, le risque de nuisance thermique augmente. Les effets des temp\u00e9ratures \u00e9lev\u00e9es s\u2019accumulent rapidement, en particulier dans les pi\u00e8ces mal a\u00e9r\u00e9es, sous les toits plats ou en cas d\u2019effort physique. Cela entra\u00eene des sympt\u00f4mes tels que des maux de t\u00eate, une baisse de la vigilance, des vertiges et, dans les cas extr\u00eames, un coup de chaleur. Les travailleurs souffrant de probl\u00e8mes cardiaques connus, par exemple, sont encore plus expos\u00e9s au risque pendant cette p\u00e9riode.<\/p>\n<p><em>\u00ab\u00a0La chaleur sur le lieu de travail est encore trop souvent sous-estim\u00e9e, m\u00eame dans les professions s\u00e9dentaires\u00a0\u00bb<\/em>, explique Lode Godderis, CEO d\u2019IDEWE et professeur en m\u00e9decine du travail \u00e0 la KU Leuven. <em>\u00ab\u00a0Car m\u00eame un travail s\u00e9dentaire exige un effort de notre corps, qui doit constamment r\u00e9guler notre temp\u00e9rature. Lorsque la temp\u00e9rature sur le lieu de travail d\u00e9passe 26 degr\u00e9s, nous commettons plus rapidement des erreurs, nous perdons notre concentration et notre vitesse de travail diminue progressivement. La temp\u00e9rature id\u00e9ale pour la productivit\u00e9 est d\u2019environ 22 degr\u00e9s. Les employeurs ont donc tout int\u00e9r\u00eat \u00e0 prendre des mesures pr\u00e9ventives dans les prochains jours, y compris pour les personnes qui travaillent \u00e0 domicile.\u00a0\u00bb<\/em><\/p>\n<p><em>\u00ab\u00a0Chaque lieu de travail est bien s\u00fbr diff\u00e9rent, et la pr\u00e9vention des risques li\u00e9s \u00e0 la chaleur n\u00e9cessite une approche sur mesure\u00a0\u00bb<\/em>, poursuit Lode Godderis. <em>\u00ab\u00a0Au lieu de fixer une limite de temp\u00e9rature fixe ou de formuler une politique g\u00e9n\u00e9rale, il est pr\u00e9f\u00e9rable d\u2019examiner des facteurs tels que le taux d\u2019humidit\u00e9 des bureaux, les v\u00eatements et la charge de travail. Il appartient \u00e0 l\u2019employeur d\u2019\u00e9valuer les risques et de prendre les mesures qui s\u2019imposent.\u00a0\u00bb<\/em><\/p>\n<p>IDEWE partage donc d\u2019ores et d\u00e9j\u00e0 quelques conseils concrets* qui doivent encore \u00eatre personnalis\u00e9s en fonction du type de lieu de travail et d\u2019organisation.<\/p>\n<h3><strong><em>Pour le poste de travail fixe<\/em><\/strong><\/h3>\n<ul>\n<li>Sensibilisez : informez les travailleurs des risques et donnez-leur des directives concr\u00e8tes, telles que \u00ab gardez les fen\u00eatres et les portes ferm\u00e9es, et a\u00e9rez surtout le matin lorsque les temp\u00e9ratures sont encore basses \u00bb.<\/li>\n<li>Adaptez le rythme de travail : programmez les t\u00e2ches plus intensives ou physiques dans les heures plus fra\u00eeches du matin, par exemple, ou autorisez un d\u00e9calage des heures de travail lorsque c\u2019est possible (commencer \u00e0 travailler plus t\u00f4t pour finir plus t\u00f4t).<\/li>\n<li>Buvez suffisamment d\u2019eau : encouragez les travailleurs \u00e0 boire r\u00e9guli\u00e8rement de petites quantit\u00e9s d\u2019eau, m\u00eame s\u2019ils n\u2019ont pas soif.<\/li>\n<li>Habillez-vous l\u00e9ger : des v\u00eatements clairs et amples aident \u00e0 refroidir le corps.<\/li>\n<li>Assurez la ventilation : la climatisation ou les ventilateurs sont utiles, mais des protections solaires peuvent aussi faire la diff\u00e9rence.<\/li>\n<li>Surveillez la temp\u00e9rature et le taux d\u2019humidit\u00e9 : cela permet d\u2019intervenir \u00e0 temps (si l\u2019humidit\u00e9 et la temp\u00e9rature sont trop \u00e9lev\u00e9es, on peut par exemple choisir de ne pas venir au bureau).<\/li>\n<\/ul>\n<h3><strong><em>Pour le poste de travail \u00e0 domicile<\/em><\/strong><\/h3>\n<ul>\n<li>Faites attention \u00e0 votre lieu de travail : si possible, travaillez dans une pi\u00e8ce fra\u00eeche et bien a\u00e9r\u00e9e.<\/li>\n<li>\u00c9vitez l\u2019utilisation prolong\u00e9e des \u00e9crans : la combinaison de la chaleur et des efforts de concentration augmente la fatigue mentale. Alternez autant que possible le travail sur ordinateur et les r\u00e9unions en face \u00e0 face, et accordez \u00e0 votre corps et \u00e0 vos yeux un repos bien m\u00e9rit\u00e9 en vous \u00e9loignant de l\u2019\u00e9cran.<\/li>\n<li>Faites des pauses au bon moment : encouragez les travailleurs \u00e0 faire des pauses au bon moment \u00e0 domicile \u00e9galement (on oublie souvent d\u2019en faire en t\u00e9l\u00e9travail).<\/li>\n<li>Assurez la circulation de l\u2019air : ouvrez les fen\u00eatres et les portes le matin et fermez-les lorsque le soleil brille l\u2019apr\u00e8s-midi.<\/li>\n<li>\u00c9vitez les repas chauds \u00e0 midi : un repas l\u00e9ger et froid aidera votre corps \u00e0 rester frais.<\/li>\n<li>Veillez \u00e0 l\u2019ergonomie et au confort : une chaise avec des accoudoirs collants ou des tissus synth\u00e9tiques rend le travail plus inconfortable et plus fatigant. Changez \u00e9galement de posture de travail \u00e0 temps pour am\u00e9liorer la circulation sanguine et la r\u00e9gulation de la temp\u00e9rature.<\/li>\n<\/ul>\n<p>Et pour finir : profitez \u00e9galement du soleil de temps en temps pendant les heures de travail, m\u00eame si ce n\u2019est que pour 5 minutes, car une courte pause au soleil vous aidera \u00e0 vous remettre au travail concentr\u00e9 par la suite.<\/p>\n<p>&nbsp;<\/p>\n<p><em>Source: IDEWE<\/em><\/p>\n","protected":false},"excerpt":{"rendered":"<p>Alors que les temp\u00e9ratures approchent ou d\u00e9passent les 30 degr\u00e9s aujourd\u2019hui et dans les jours \u00e0 venir, IDEWE, le service externe pour la pr\u00e9vention et la protection au travail en Belgique, attire l\u2019attention sur les cons\u00e9quences d\u2019une chaleur prolong\u00e9e sur [&hellip;]<\/p>\n","protected":false},"author":2,"featured_media":17938,"comment_status":"closed","ping_status":"open","sticky":false,"template":"","format":"standard","meta":[],"categories":[65,10],"tags":[96,882,1139],"yoast_head":"<!-- This site is optimized with the Yoast SEO plugin v21.0 - https:\/\/yoast.com\/wordpress\/plugins\/seo\/ -->\n<title>Temp\u00e9ratures estivales sur le lieu de travail: quel est l\u2019impact de la chaleur sur la productivit\u00e9, y compris en t\u00e9l\u00e9travail? - Peoplesphere<\/title>\n<meta name=\"robots\" content=\"index, follow, max-snippet:-1, max-image-preview:large, max-video-preview:-1\" \/>\n<link rel=\"canonical\" href=\"https:\/\/peoplesphere.be\/fr\/zomerse-temperaturen-op-de-werkvloer-idewe-wijst-op-impact-van-hitte-ook-bij-telewerken\/\" \/>\n<meta property=\"og:locale\" content=\"fr_FR\" \/>\n<meta property=\"og:type\" content=\"article\" \/>\n<meta property=\"og:title\" content=\"Temp\u00e9ratures estivales sur le lieu de travail: quel est l\u2019impact de la chaleur sur la productivit\u00e9, y compris en t\u00e9l\u00e9travail? - Peoplesphere\" \/>\n<meta property=\"og:description\" content=\"Alors que les temp\u00e9ratures approchent ou d\u00e9passent les 30 degr\u00e9s aujourd\u2019hui et dans les jours \u00e0 venir, IDEWE, le service externe pour la pr\u00e9vention et la protection au travail en Belgique, attire l\u2019attention sur les cons\u00e9quences d\u2019une chaleur prolong\u00e9e sur [&hellip;]\" \/>\n<meta property=\"og:url\" content=\"https:\/\/peoplesphere.be\/fr\/zomerse-temperaturen-op-de-werkvloer-idewe-wijst-op-impact-van-hitte-ook-bij-telewerken\/\" \/>\n<meta property=\"og:site_name\" content=\"Peoplesphere\" \/>\n<meta property=\"article:publisher\" content=\"https:\/\/www.facebook.com\/peoplesphere\" \/>\n<meta property=\"article:published_time\" content=\"2025-06-27T04:17:35+00:00\" \/>\n<meta property=\"article:modified_time\" content=\"2025-06-27T04:23:42+00:00\" \/>\n<meta property=\"og:image\" content=\"https:\/\/peoplesphere.be\/fr\/wp-content\/uploads\/2025\/06\/20250627idewehotweather.jpg\" \/>\n\t<meta property=\"og:image:width\" content=\"612\" \/>\n\t<meta property=\"og:image:height\" content=\"408\" \/>\n\t<meta property=\"og:image:type\" content=\"image\/jpeg\" \/>\n<meta name=\"author\" content=\"Jean-Paul Erhard\" \/>\n<meta name=\"twitter:card\" content=\"summary_large_image\" \/>\n<meta name=\"twitter:creator\" content=\"@PeoplesphereMag\" \/>\n<meta name=\"twitter:site\" content=\"@PeoplesphereMag\" \/>\n<meta name=\"twitter:label1\" content=\"\u00c9crit par\" \/>\n\t<meta name=\"twitter:data1\" content=\"Jean-Paul Erhard\" \/>\n\t<meta name=\"twitter:label2\" content=\"Dur\u00e9e de lecture estim\u00e9e\" \/>\n\t<meta name=\"twitter:data2\" content=\"4 minutes\" \/>\n<script type=\"application\/ld+json\" class=\"yoast-schema-graph\">{\"@context\":\"https:\/\/schema.org\",\"@graph\":[{\"@type\":\"Article\",\"@id\":\"https:\/\/peoplesphere.be\/fr\/zomerse-temperaturen-op-de-werkvloer-idewe-wijst-op-impact-van-hitte-ook-bij-telewerken\/#article\",\"isPartOf\":{\"@id\":\"https:\/\/peoplesphere.be\/fr\/zomerse-temperaturen-op-de-werkvloer-idewe-wijst-op-impact-van-hitte-ook-bij-telewerken\/\"},\"author\":{\"name\":\"Jean-Paul Erhard\",\"@id\":\"https:\/\/peoplesphere.be\/fr\/#\/schema\/person\/7976225ff17988604334abb7b3536a7e\"},\"headline\":\"Temp\u00e9ratures estivales sur le lieu de travail: quel est l\u2019impact de la chaleur sur la productivit\u00e9, y compris en t\u00e9l\u00e9travail?\",\"datePublished\":\"2025-06-27T04:17:35+00:00\",\"dateModified\":\"2025-06-27T04:23:42+00:00\",\"mainEntityOfPage\":{\"@id\":\"https:\/\/peoplesphere.be\/fr\/zomerse-temperaturen-op-de-werkvloer-idewe-wijst-op-impact-van-hitte-ook-bij-telewerken\/\"},\"wordCount\":859,\"publisher\":{\"@id\":\"https:\/\/peoplesphere.be\/fr\/#organization\"},\"keywords\":[\"bien-\u00eatre\",\"chaleur\",\"IDEWE\"],\"articleSection\":[\"Actualit\u00e9s\",\"Digital\"],\"inLanguage\":\"fr-FR\"},{\"@type\":\"WebPage\",\"@id\":\"https:\/\/peoplesphere.be\/fr\/zomerse-temperaturen-op-de-werkvloer-idewe-wijst-op-impact-van-hitte-ook-bij-telewerken\/\",\"url\":\"https:\/\/peoplesphere.be\/fr\/zomerse-temperaturen-op-de-werkvloer-idewe-wijst-op-impact-van-hitte-ook-bij-telewerken\/\",\"name\":\"Temp\u00e9ratures estivales sur le lieu de travail: quel est l\u2019impact de la chaleur sur la productivit\u00e9, y compris en t\u00e9l\u00e9travail? - Peoplesphere\",\"isPartOf\":{\"@id\":\"https:\/\/peoplesphere.be\/fr\/#website\"},\"datePublished\":\"2025-06-27T04:17:35+00:00\",\"dateModified\":\"2025-06-27T04:23:42+00:00\",\"breadcrumb\":{\"@id\":\"https:\/\/peoplesphere.be\/fr\/zomerse-temperaturen-op-de-werkvloer-idewe-wijst-op-impact-van-hitte-ook-bij-telewerken\/#breadcrumb\"},\"inLanguage\":\"fr-FR\",\"potentialAction\":[{\"@type\":\"ReadAction\",\"target\":[\"https:\/\/peoplesphere.be\/fr\/zomerse-temperaturen-op-de-werkvloer-idewe-wijst-op-impact-van-hitte-ook-bij-telewerken\/\"]}]},{\"@type\":\"BreadcrumbList\",\"@id\":\"https:\/\/peoplesphere.be\/fr\/zomerse-temperaturen-op-de-werkvloer-idewe-wijst-op-impact-van-hitte-ook-bij-telewerken\/#breadcrumb\",\"itemListElement\":[{\"@type\":\"ListItem\",\"position\":1,\"name\":\"Accueil\",\"item\":\"https:\/\/peoplesphere.be\/fr\/\"},{\"@type\":\"ListItem\",\"position\":2,\"name\":\"Temp\u00e9ratures estivales sur le lieu de travail: quel est l\u2019impact de la chaleur sur la productivit\u00e9, y compris en t\u00e9l\u00e9travail?\"}]},{\"@type\":\"WebSite\",\"@id\":\"https:\/\/peoplesphere.be\/fr\/#website\",\"url\":\"https:\/\/peoplesphere.be\/fr\/\",\"name\":\"Peoplesphere\",\"description\":\"The People Managers Magazine\",\"publisher\":{\"@id\":\"https:\/\/peoplesphere.be\/fr\/#organization\"},\"potentialAction\":[{\"@type\":\"SearchAction\",\"target\":{\"@type\":\"EntryPoint\",\"urlTemplate\":\"https:\/\/peoplesphere.be\/fr\/?s={search_term_string}\"},\"query-input\":\"required name=search_term_string\"}],\"inLanguage\":\"fr-FR\"},{\"@type\":\"Organization\",\"@id\":\"https:\/\/peoplesphere.be\/fr\/#organization\",\"name\":\"Peoplesphere Company srl\",\"url\":\"https:\/\/peoplesphere.be\/fr\/\",\"logo\":{\"@type\":\"ImageObject\",\"inLanguage\":\"fr-FR\",\"@id\":\"https:\/\/peoplesphere.be\/fr\/#\/schema\/logo\/image\/\",\"url\":\"https:\/\/peoplesphere.be\/fr\/wp-content\/uploads\/2023\/07\/peoplesphere-lgo-new-generik.jpg\",\"contentUrl\":\"https:\/\/peoplesphere.be\/fr\/wp-content\/uploads\/2023\/07\/peoplesphere-lgo-new-generik.jpg\",\"width\":1031,\"height\":1479,\"caption\":\"Peoplesphere Company srl\"},\"image\":{\"@id\":\"https:\/\/peoplesphere.be\/fr\/#\/schema\/logo\/image\/\"},\"sameAs\":[\"https:\/\/www.facebook.com\/peoplesphere\",\"https:\/\/twitter.com\/PeoplesphereMag\",\"https:\/\/www.linkedin.com\/company\/7587361?trk\",\"http:\/\/youtube.com\/peoplesphere\"]},{\"@type\":\"Person\",\"@id\":\"https:\/\/peoplesphere.be\/fr\/#\/schema\/person\/7976225ff17988604334abb7b3536a7e\",\"name\":\"Jean-Paul Erhard\",\"image\":{\"@type\":\"ImageObject\",\"inLanguage\":\"fr-FR\",\"@id\":\"https:\/\/peoplesphere.be\/fr\/#\/schema\/person\/image\/\",\"url\":\"https:\/\/secure.gravatar.com\/avatar\/f941e681460179738071629a51574930?s=96&d=mm&r=g\",\"contentUrl\":\"https:\/\/secure.gravatar.com\/avatar\/f941e681460179738071629a51574930?s=96&d=mm&r=g\",\"caption\":\"Jean-Paul Erhard\"},\"url\":\"https:\/\/peoplesphere.be\/fr\/author\/jpe\/\"}]}<\/script>\n<!-- \/ Yoast SEO plugin. -->","yoast_head_json":{"title":"Temp\u00e9ratures estivales sur le lieu de travail: quel est l\u2019impact de la chaleur sur la productivit\u00e9, y compris en t\u00e9l\u00e9travail? - Peoplesphere","robots":{"index":"index","follow":"follow","max-snippet":"max-snippet:-1","max-image-preview":"max-image-preview:large","max-video-preview":"max-video-preview:-1"},"canonical":"https:\/\/peoplesphere.be\/fr\/zomerse-temperaturen-op-de-werkvloer-idewe-wijst-op-impact-van-hitte-ook-bij-telewerken\/","og_locale":"fr_FR","og_type":"article","og_title":"Temp\u00e9ratures estivales sur le lieu de travail: quel est l\u2019impact de la chaleur sur la productivit\u00e9, y compris en t\u00e9l\u00e9travail? - Peoplesphere","og_description":"Alors que les temp\u00e9ratures approchent ou d\u00e9passent les 30 degr\u00e9s aujourd\u2019hui et dans les jours \u00e0 venir, IDEWE, le service externe pour la pr\u00e9vention et la protection au travail en Belgique, attire l\u2019attention sur les cons\u00e9quences d\u2019une chaleur prolong\u00e9e sur [&hellip;]","og_url":"https:\/\/peoplesphere.be\/fr\/zomerse-temperaturen-op-de-werkvloer-idewe-wijst-op-impact-van-hitte-ook-bij-telewerken\/","og_site_name":"Peoplesphere","article_publisher":"https:\/\/www.facebook.com\/peoplesphere","article_published_time":"2025-06-27T04:17:35+00:00","article_modified_time":"2025-06-27T04:23:42+00:00","og_image":[{"width":612,"height":408,"url":"https:\/\/peoplesphere.be\/fr\/wp-content\/uploads\/2025\/06\/20250627idewehotweather.jpg","type":"image\/jpeg"}],"author":"Jean-Paul Erhard","twitter_card":"summary_large_image","twitter_creator":"@PeoplesphereMag","twitter_site":"@PeoplesphereMag","twitter_misc":{"\u00c9crit par":"Jean-Paul Erhard","Dur\u00e9e de lecture estim\u00e9e":"4 minutes"},"schema":{"@context":"https:\/\/schema.org","@graph":[{"@type":"Article","@id":"https:\/\/peoplesphere.be\/fr\/zomerse-temperaturen-op-de-werkvloer-idewe-wijst-op-impact-van-hitte-ook-bij-telewerken\/#article","isPartOf":{"@id":"https:\/\/peoplesphere.be\/fr\/zomerse-temperaturen-op-de-werkvloer-idewe-wijst-op-impact-van-hitte-ook-bij-telewerken\/"},"author":{"name":"Jean-Paul Erhard","@id":"https:\/\/peoplesphere.be\/fr\/#\/schema\/person\/7976225ff17988604334abb7b3536a7e"},"headline":"Temp\u00e9ratures estivales sur le lieu de travail: quel est l\u2019impact de la chaleur sur la productivit\u00e9, y compris en t\u00e9l\u00e9travail?","datePublished":"2025-06-27T04:17:35+00:00","dateModified":"2025-06-27T04:23:42+00:00","mainEntityOfPage":{"@id":"https:\/\/peoplesphere.be\/fr\/zomerse-temperaturen-op-de-werkvloer-idewe-wijst-op-impact-van-hitte-ook-bij-telewerken\/"},"wordCount":859,"publisher":{"@id":"https:\/\/peoplesphere.be\/fr\/#organization"},"keywords":["bien-\u00eatre","chaleur","IDEWE"],"articleSection":["Actualit\u00e9s","Digital"],"inLanguage":"fr-FR"},{"@type":"WebPage","@id":"https:\/\/peoplesphere.be\/fr\/zomerse-temperaturen-op-de-werkvloer-idewe-wijst-op-impact-van-hitte-ook-bij-telewerken\/","url":"https:\/\/peoplesphere.be\/fr\/zomerse-temperaturen-op-de-werkvloer-idewe-wijst-op-impact-van-hitte-ook-bij-telewerken\/","name":"Temp\u00e9ratures estivales sur le lieu de travail: quel est l\u2019impact de la chaleur sur la productivit\u00e9, y compris en t\u00e9l\u00e9travail? - Peoplesphere","isPartOf":{"@id":"https:\/\/peoplesphere.be\/fr\/#website"},"datePublished":"2025-06-27T04:17:35+00:00","dateModified":"2025-06-27T04:23:42+00:00","breadcrumb":{"@id":"https:\/\/peoplesphere.be\/fr\/zomerse-temperaturen-op-de-werkvloer-idewe-wijst-op-impact-van-hitte-ook-bij-telewerken\/#breadcrumb"},"inLanguage":"fr-FR","potentialAction":[{"@type":"ReadAction","target":["https:\/\/peoplesphere.be\/fr\/zomerse-temperaturen-op-de-werkvloer-idewe-wijst-op-impact-van-hitte-ook-bij-telewerken\/"]}]},{"@type":"BreadcrumbList","@id":"https:\/\/peoplesphere.be\/fr\/zomerse-temperaturen-op-de-werkvloer-idewe-wijst-op-impact-van-hitte-ook-bij-telewerken\/#breadcrumb","itemListElement":[{"@type":"ListItem","position":1,"name":"Accueil","item":"https:\/\/peoplesphere.be\/fr\/"},{"@type":"ListItem","position":2,"name":"Temp\u00e9ratures estivales sur le lieu de travail: quel est l\u2019impact de la chaleur sur la productivit\u00e9, y compris en t\u00e9l\u00e9travail?"}]},{"@type":"WebSite","@id":"https:\/\/peoplesphere.be\/fr\/#website","url":"https:\/\/peoplesphere.be\/fr\/","name":"Peoplesphere","description":"The People Managers Magazine","publisher":{"@id":"https:\/\/peoplesphere.be\/fr\/#organization"},"potentialAction":[{"@type":"SearchAction","target":{"@type":"EntryPoint","urlTemplate":"https:\/\/peoplesphere.be\/fr\/?s={search_term_string}"},"query-input":"required name=search_term_string"}],"inLanguage":"fr-FR"},{"@type":"Organization","@id":"https:\/\/peoplesphere.be\/fr\/#organization","name":"Peoplesphere Company srl","url":"https:\/\/peoplesphere.be\/fr\/","logo":{"@type":"ImageObject","inLanguage":"fr-FR","@id":"https:\/\/peoplesphere.be\/fr\/#\/schema\/logo\/image\/","url":"https:\/\/peoplesphere.be\/fr\/wp-content\/uploads\/2023\/07\/peoplesphere-lgo-new-generik.jpg","contentUrl":"https:\/\/peoplesphere.be\/fr\/wp-content\/uploads\/2023\/07\/peoplesphere-lgo-new-generik.jpg","width":1031,"height":1479,"caption":"Peoplesphere Company srl"},"image":{"@id":"https:\/\/peoplesphere.be\/fr\/#\/schema\/logo\/image\/"},"sameAs":["https:\/\/www.facebook.com\/peoplesphere","https:\/\/twitter.com\/PeoplesphereMag","https:\/\/www.linkedin.com\/company\/7587361?trk","http:\/\/youtube.com\/peoplesphere"]},{"@type":"Person","@id":"https:\/\/peoplesphere.be\/fr\/#\/schema\/person\/7976225ff17988604334abb7b3536a7e","name":"Jean-Paul Erhard","image":{"@type":"ImageObject","inLanguage":"fr-FR","@id":"https:\/\/peoplesphere.be\/fr\/#\/schema\/person\/image\/","url":"https:\/\/secure.gravatar.com\/avatar\/f941e681460179738071629a51574930?s=96&d=mm&r=g","contentUrl":"https:\/\/secure.gravatar.com\/avatar\/f941e681460179738071629a51574930?s=96&d=mm&r=g","caption":"Jean-Paul Erhard"},"url":"https:\/\/peoplesphere.be\/fr\/author\/jpe\/"}]}},"_links":{"self":[{"href":"https:\/\/peoplesphere.be\/fr\/wp-json\/wp\/v2\/posts\/17937"}],"collection":[{"href":"https:\/\/peoplesphere.be\/fr\/wp-json\/wp\/v2\/posts"}],"about":[{"href":"https:\/\/peoplesphere.be\/fr\/wp-json\/wp\/v2\/types\/post"}],"author":[{"embeddable":true,"href":"https:\/\/peoplesphere.be\/fr\/wp-json\/wp\/v2\/users\/2"}],"replies":[{"embeddable":true,"href":"https:\/\/peoplesphere.be\/fr\/wp-json\/wp\/v2\/comments?post=17937"}],"version-history":[{"count":3,"href":"https:\/\/peoplesphere.be\/fr\/wp-json\/wp\/v2\/posts\/17937\/revisions"}],"predecessor-version":[{"id":17941,"href":"https:\/\/peoplesphere.be\/fr\/wp-json\/wp\/v2\/posts\/17937\/revisions\/17941"}],"wp:featuredmedia":[{"embeddable":true,"href":"https:\/\/peoplesphere.be\/fr\/wp-json\/wp\/v2\/media\/17938"}],"wp:attachment":[{"href":"https:\/\/peoplesphere.be\/fr\/wp-json\/wp\/v2\/media?parent=17937"}],"wp:term":[{"taxonomy":"category","embeddable":true,"href":"https:\/\/peoplesphere.be\/fr\/wp-json\/wp\/v2\/categories?post=17937"},{"taxonomy":"post_tag","embeddable":true,"href":"https:\/\/peoplesphere.be\/fr\/wp-json\/wp\/v2\/tags?post=17937"}],"curies":[{"name":"wp","href":"https:\/\/api.w.org\/{rel}","templated":true}]}}