









{"id":17954,"date":"2025-07-01T15:15:15","date_gmt":"2025-07-01T13:15:15","guid":{"rendered":"https:\/\/peoplesphere.be\/fr\/?p=17954"},"modified":"2025-07-01T15:15:15","modified_gmt":"2025-07-01T13:15:15","slug":"installer-et-vivre-une-culture-du-feedback-ne-va-pas-de-soi-1-travailleur-sur-5-exprime-son-malaise-vis-a-vis-de-la-demarche","status":"publish","type":"post","link":"https:\/\/peoplesphere.be\/fr\/installer-et-vivre-une-culture-du-feedback-ne-va-pas-de-soi-1-travailleur-sur-5-exprime-son-malaise-vis-a-vis-de-la-demarche\/","title":{"rendered":"Installer et vivre une culture du feedback ne va pas de soi: 1 travailleur sur 5 exprime son malaise vis-\u00e0-vis de la d\u00e9marche."},"content":{"rendered":"<p>Si les entreprises belges adoptent progressivement une culture du feedback, une authentique sinc\u00e9rit\u00e9 reste encore souvent cantonn\u00e9e au stade des (bonnes) intentions. Selon une r\u00e9cente \u00e9tude du prestataire de services RH Tempo-Team men\u00e9e en collaboration avec la professeure Anja Van den Broeck de la KU Leuven, pr\u00e8s d&rsquo;un travailleur sur cinq (18%) indique qu&rsquo;on ne complimente jamais personne dans son entreprise. Et pour celles o\u00f9 c&rsquo;est malgr\u00e9 tout le cas? Une m\u00eame proportion de travailleurs ne sait pas trop comment y r\u00e9agir.<!--more--><\/p>\n<p>Cela interpelle. Quant \u00e0 la fa\u00e7on dont nous communiquons notre reconnaissance. Et quant \u00e0 la mani\u00e8re dont nous exprimons, recevons et traitons des critiques.<\/p>\n<p>M\u00eame si la formule des entretiens d&rsquo;\u00e9valuation est d\u00e9sormais bien ancr\u00e9e dans la plupart des entreprises, une dynamique plus informelle du feedback y appara\u00eet \u00e9galement. Plus de quatre travailleurs sur cinq (82%) re\u00e7oivent de temps \u00e0 autre un feedback de leur manager et 74% en recueillent aussi de leurs coll\u00e8gues. Ces derniers se montrent d&rsquo;ailleurs plus actifs sur ce plan sur une base mensuelle (51% pour les coll\u00e8gues contre 46% pour les managers).<\/p>\n<p>Pr\u00e8s de la moiti\u00e9 des travailleurs (49%) per\u00e7oivent \u00e9galement le feedback comme une opportunit\u00e9 d&rsquo;apprentissage. C&rsquo;est davantage le cas chez les jeunes que chez leurs a\u00een\u00e9s (55% des moins de 35 ans contre 46% pour les 35-54 ans et 45% aupr\u00e8s des plus de 55 ans). Le niveau d&rsquo;\u00e9tudes \u200b joue aussi un r\u00f4le: \u200b plus il est \u00e9lev\u00e9 et plus les personnes concern\u00e9es affirment vouloir tirer profit \u200b des enseignements du feedback (55% contre 43%). Parall\u00e8lement, 5% des travailleurs indiquent que, pour eux, formuler un feedback n\u00e9gatif est exclu. \u200b<\/p>\n<h3><strong><em>Entre appr\u00e9ciation bienveillante et malaise<\/em><\/strong><\/h3>\n<p>Exprimer un mot d&rsquo;appr\u00e9ciation ne co\u00fbte rien, mais reste \u00e9tonnamment inhabituel. Pour 18% des travailleurs, il n\u2019est tout simplement jamais question de compliments dans leur entreprise. Et lorsque cela se produit malgr\u00e9 tout? La g\u00eane persiste. Pr\u00e8s d&rsquo;un Belge sur cinq (18%) se sent mal \u00e0 l&rsquo;aise lorsqu&rsquo;il ou elle re\u00e7oit un compliment. Chez les femmes, ce pourcentage atteint m\u00eame 21% (contre 16% pour les hommes).<\/p>\n<p>La professeure Van den Broeck l\u2019explique ainsi : \u00ab\u00a0<em>Pour de nombreux travailleurs, recevoir un compliment s\u2019av\u00e8re difficile. Parfois, c\u2019est parce qu\u2019ils n\u2019ont pas toujours l\u2019impression de bien faire leur travail (le fameux syndrome de l\u2019imposteur). Mais ils peuvent aussi pr\u00e9f\u00e9rer rester discrets, ne pas se distinguer des autres membres du groupe (le syndrome du grand coquelicot). Pourtant, il n&rsquo;est pas n\u00e9cessaire de balayer un compliment d&rsquo;un revers de la main: un simple \u2018merci\u2018 suffit et permet \u00e0 la personne qui le donne de ressentir l&rsquo;appr\u00e9ciation.\u00a0\u00bb<\/em><\/p>\n<p>Quand personne n\u2019est jamais f\u00e9licit\u00e9 au sein d\u2019une entreprise, les collaborateurs manquent de motivation (6,6\/10 contre 8\/10), d\u2019engagement (7,3\/10 contre 8,3\/10), de productivit\u00e9 (7,8\/10 contre 8,5\/10) et de plaisir au travail (6,3\/10 contre 7,9\/10) par rapport au personnel d\u2019entreprises o\u00f9 on formule des mots d\u2019appr\u00e9ciation. Dans de tels environnements professionnels, les collaborateurs se montrent \u00e9galement moins satisfaits de leur travail (6,5\/10 contre 8\/10), de leurs coll\u00e8gues (6,9\/10 contre 8,4\/10) et de leurs managers (5,8\/10 contre 7,7\/10). En outre, ils se montrent aussi moins positifs quant \u00e0 la r\u00e9putation de leur entreprise (6,7\/10 contre 8,2\/10).<\/p>\n<p><em>\u00ab\u00a0Une culture de feedback sinc\u00e8re s\u2019av\u00e8re essentielle pour une organisation qui apprend. Pourtant, dans notre cadre professionnel, le feedback reste encore trop souvent enferm\u00e9 dans des proc\u00e9dures et des structures hi\u00e9rarchiques, ce qui limite la spontan\u00e9it\u00e9 et les vrais \u00e9changes. Les gens ont soif de reconnaissance, mais se sentent parfois mal \u00e0 l&rsquo;aise face \u00e0 des compliments. Souvent en raison du manque de confiance et d&rsquo;ouverture dans l&rsquo;environnement de travail. Ce n\u2019est que lorsque le feedback cesse de constituer un \u00e9l\u00e9ment \u00e0 communiquer, mais devient quelque chose que l\u2019on partage vraiment, qu\u2019on cr\u00e9e les conditions d\u2019un espace de d\u00e9veloppement commun\u00a0\u00bb<\/em>, d\u00e9clare Aline Bernard, porte-parole de Tempo-Team.<\/p>\n<p><em>\u201cMontrer de l&rsquo;appr\u00e9ciation a de l&rsquo;impact. Complimenter pour un travail bien fait et favoriser l\u2019entraide entre coll\u00e8gues stimule notre motivation et notre plaisir au travail, et, en outre, augmente notre productivit\u00e9\u00a0\u00bb,<\/em> conclut la professeure Van den Broeck.<\/p>\n<p>&nbsp;<\/p>\n<p><em>Source: ces observations sont tir\u00e9es d&rsquo;une enqu\u00eate conduite par Tempo-Team en 2024, en collaboration avec la professeure Anja Van den Broeck, experte en motivation au travail \u00e0 la KU Leuven. L&rsquo;enqu\u00eate a \u00e9t\u00e9 r\u00e9alis\u00e9e par un bureau ind\u00e9pendant aupr\u00e8s d&rsquo;un \u00e9chantillon repr\u00e9sentatif compos\u00e9 de 2000 salari\u00e9s belges. Ils ont \u00e9t\u00e9 interrog\u00e9s sur plusieurs sujets li\u00e9s au cadre de travail.<\/em><\/p>\n","protected":false},"excerpt":{"rendered":"<p>Si les entreprises belges adoptent progressivement une culture du feedback, une authentique sinc\u00e9rit\u00e9 reste encore souvent cantonn\u00e9e au stade des (bonnes) intentions. Selon une r\u00e9cente \u00e9tude du prestataire de services RH Tempo-Team men\u00e9e en collaboration avec la professeure Anja Van [&hellip;]<\/p>\n","protected":false},"author":2,"featured_media":0,"comment_status":"closed","ping_status":"open","sticky":false,"template":"","format":"standard","meta":[],"categories":[65,10],"tags":[4312,1007,389,593,652],"yoast_head":"<!-- This site is optimized with the Yoast SEO plugin v21.0 - https:\/\/yoast.com\/wordpress\/plugins\/seo\/ -->\n<title>Installer et vivre une culture du feedback ne va pas de soi: 1 travailleur sur 5 exprime son malaise vis-\u00e0-vis de la d\u00e9marche. - Peoplesphere<\/title>\n<meta name=\"robots\" content=\"index, follow, max-snippet:-1, max-image-preview:large, max-video-preview:-1\" \/>\n<link rel=\"canonical\" href=\"https:\/\/peoplesphere.be\/fr\/installer-et-vivre-une-culture-du-feedback-ne-va-pas-de-soi-1-travailleur-sur-5-exprime-son-malaise-vis-a-vis-de-la-demarche\/\" \/>\n<meta property=\"og:locale\" content=\"fr_FR\" \/>\n<meta property=\"og:type\" content=\"article\" \/>\n<meta property=\"og:title\" content=\"Installer et vivre une culture du feedback ne va pas de soi: 1 travailleur sur 5 exprime son malaise vis-\u00e0-vis de la d\u00e9marche. - Peoplesphere\" \/>\n<meta property=\"og:description\" content=\"Si les entreprises belges adoptent progressivement une culture du feedback, une authentique sinc\u00e9rit\u00e9 reste encore souvent cantonn\u00e9e au stade des (bonnes) intentions. Selon une r\u00e9cente \u00e9tude du prestataire de services RH Tempo-Team men\u00e9e en collaboration avec la professeure Anja Van [&hellip;]\" \/>\n<meta property=\"og:url\" content=\"https:\/\/peoplesphere.be\/fr\/installer-et-vivre-une-culture-du-feedback-ne-va-pas-de-soi-1-travailleur-sur-5-exprime-son-malaise-vis-a-vis-de-la-demarche\/\" \/>\n<meta property=\"og:site_name\" content=\"Peoplesphere\" \/>\n<meta property=\"article:publisher\" content=\"https:\/\/www.facebook.com\/peoplesphere\" \/>\n<meta property=\"article:published_time\" content=\"2025-07-01T13:15:15+00:00\" \/>\n<meta property=\"og:image\" content=\"http:\/\/www.peoplesphere.be\/fr\/wp-content\/uploads\/2016\/07\/facebook-default-posting-1200x628px.jpg\" \/>\n<meta name=\"author\" content=\"Jean-Paul Erhard\" \/>\n<meta name=\"twitter:card\" content=\"summary_large_image\" \/>\n<meta name=\"twitter:creator\" content=\"@PeoplesphereMag\" \/>\n<meta name=\"twitter:site\" content=\"@PeoplesphereMag\" \/>\n<meta name=\"twitter:label1\" content=\"\u00c9crit par\" \/>\n\t<meta name=\"twitter:data1\" content=\"Jean-Paul Erhard\" \/>\n\t<meta name=\"twitter:label2\" content=\"Dur\u00e9e de lecture estim\u00e9e\" \/>\n\t<meta name=\"twitter:data2\" content=\"4 minutes\" \/>\n<script type=\"application\/ld+json\" class=\"yoast-schema-graph\">{\"@context\":\"https:\/\/schema.org\",\"@graph\":[{\"@type\":\"Article\",\"@id\":\"https:\/\/peoplesphere.be\/fr\/installer-et-vivre-une-culture-du-feedback-ne-va-pas-de-soi-1-travailleur-sur-5-exprime-son-malaise-vis-a-vis-de-la-demarche\/#article\",\"isPartOf\":{\"@id\":\"https:\/\/peoplesphere.be\/fr\/installer-et-vivre-une-culture-du-feedback-ne-va-pas-de-soi-1-travailleur-sur-5-exprime-son-malaise-vis-a-vis-de-la-demarche\/\"},\"author\":{\"name\":\"Jean-Paul Erhard\",\"@id\":\"https:\/\/peoplesphere.be\/fr\/#\/schema\/person\/7976225ff17988604334abb7b3536a7e\"},\"headline\":\"Installer et vivre une culture du feedback ne va pas de soi: 1 travailleur sur 5 exprime son malaise vis-\u00e0-vis de la d\u00e9marche.\",\"datePublished\":\"2025-07-01T13:15:15+00:00\",\"dateModified\":\"2025-07-01T13:15:15+00:00\",\"mainEntityOfPage\":{\"@id\":\"https:\/\/peoplesphere.be\/fr\/installer-et-vivre-une-culture-du-feedback-ne-va-pas-de-soi-1-travailleur-sur-5-exprime-son-malaise-vis-a-vis-de-la-demarche\/\"},\"wordCount\":779,\"publisher\":{\"@id\":\"https:\/\/peoplesphere.be\/fr\/#organization\"},\"keywords\":[\"appr\u00e9ciation\",\"bienveillance\",\"communication\",\"feedback\",\"reconnaissance\"],\"articleSection\":[\"Actualit\u00e9s\",\"Digital\"],\"inLanguage\":\"fr-FR\"},{\"@type\":\"WebPage\",\"@id\":\"https:\/\/peoplesphere.be\/fr\/installer-et-vivre-une-culture-du-feedback-ne-va-pas-de-soi-1-travailleur-sur-5-exprime-son-malaise-vis-a-vis-de-la-demarche\/\",\"url\":\"https:\/\/peoplesphere.be\/fr\/installer-et-vivre-une-culture-du-feedback-ne-va-pas-de-soi-1-travailleur-sur-5-exprime-son-malaise-vis-a-vis-de-la-demarche\/\",\"name\":\"Installer et vivre une culture du feedback ne va pas de soi: 1 travailleur sur 5 exprime son malaise vis-\u00e0-vis de la d\u00e9marche. - Peoplesphere\",\"isPartOf\":{\"@id\":\"https:\/\/peoplesphere.be\/fr\/#website\"},\"datePublished\":\"2025-07-01T13:15:15+00:00\",\"dateModified\":\"2025-07-01T13:15:15+00:00\",\"breadcrumb\":{\"@id\":\"https:\/\/peoplesphere.be\/fr\/installer-et-vivre-une-culture-du-feedback-ne-va-pas-de-soi-1-travailleur-sur-5-exprime-son-malaise-vis-a-vis-de-la-demarche\/#breadcrumb\"},\"inLanguage\":\"fr-FR\",\"potentialAction\":[{\"@type\":\"ReadAction\",\"target\":[\"https:\/\/peoplesphere.be\/fr\/installer-et-vivre-une-culture-du-feedback-ne-va-pas-de-soi-1-travailleur-sur-5-exprime-son-malaise-vis-a-vis-de-la-demarche\/\"]}]},{\"@type\":\"BreadcrumbList\",\"@id\":\"https:\/\/peoplesphere.be\/fr\/installer-et-vivre-une-culture-du-feedback-ne-va-pas-de-soi-1-travailleur-sur-5-exprime-son-malaise-vis-a-vis-de-la-demarche\/#breadcrumb\",\"itemListElement\":[{\"@type\":\"ListItem\",\"position\":1,\"name\":\"Accueil\",\"item\":\"https:\/\/peoplesphere.be\/fr\/\"},{\"@type\":\"ListItem\",\"position\":2,\"name\":\"Installer et vivre une culture du feedback ne va pas de soi: 1 travailleur sur 5 exprime son malaise vis-\u00e0-vis de la d\u00e9marche.\"}]},{\"@type\":\"WebSite\",\"@id\":\"https:\/\/peoplesphere.be\/fr\/#website\",\"url\":\"https:\/\/peoplesphere.be\/fr\/\",\"name\":\"Peoplesphere\",\"description\":\"The People Managers Magazine\",\"publisher\":{\"@id\":\"https:\/\/peoplesphere.be\/fr\/#organization\"},\"potentialAction\":[{\"@type\":\"SearchAction\",\"target\":{\"@type\":\"EntryPoint\",\"urlTemplate\":\"https:\/\/peoplesphere.be\/fr\/?s={search_term_string}\"},\"query-input\":\"required name=search_term_string\"}],\"inLanguage\":\"fr-FR\"},{\"@type\":\"Organization\",\"@id\":\"https:\/\/peoplesphere.be\/fr\/#organization\",\"name\":\"Peoplesphere Company srl\",\"url\":\"https:\/\/peoplesphere.be\/fr\/\",\"logo\":{\"@type\":\"ImageObject\",\"inLanguage\":\"fr-FR\",\"@id\":\"https:\/\/peoplesphere.be\/fr\/#\/schema\/logo\/image\/\",\"url\":\"https:\/\/peoplesphere.be\/fr\/wp-content\/uploads\/2023\/07\/peoplesphere-lgo-new-generik.jpg\",\"contentUrl\":\"https:\/\/peoplesphere.be\/fr\/wp-content\/uploads\/2023\/07\/peoplesphere-lgo-new-generik.jpg\",\"width\":1031,\"height\":1479,\"caption\":\"Peoplesphere Company srl\"},\"image\":{\"@id\":\"https:\/\/peoplesphere.be\/fr\/#\/schema\/logo\/image\/\"},\"sameAs\":[\"https:\/\/www.facebook.com\/peoplesphere\",\"https:\/\/twitter.com\/PeoplesphereMag\",\"https:\/\/www.linkedin.com\/company\/7587361?trk\",\"http:\/\/youtube.com\/peoplesphere\"]},{\"@type\":\"Person\",\"@id\":\"https:\/\/peoplesphere.be\/fr\/#\/schema\/person\/7976225ff17988604334abb7b3536a7e\",\"name\":\"Jean-Paul Erhard\",\"image\":{\"@type\":\"ImageObject\",\"inLanguage\":\"fr-FR\",\"@id\":\"https:\/\/peoplesphere.be\/fr\/#\/schema\/person\/image\/\",\"url\":\"https:\/\/secure.gravatar.com\/avatar\/f941e681460179738071629a51574930?s=96&d=mm&r=g\",\"contentUrl\":\"https:\/\/secure.gravatar.com\/avatar\/f941e681460179738071629a51574930?s=96&d=mm&r=g\",\"caption\":\"Jean-Paul Erhard\"},\"url\":\"https:\/\/peoplesphere.be\/fr\/author\/jpe\/\"}]}<\/script>\n<!-- \/ Yoast SEO plugin. -->","yoast_head_json":{"title":"Installer et vivre une culture du feedback ne va pas de soi: 1 travailleur sur 5 exprime son malaise vis-\u00e0-vis de la d\u00e9marche. - Peoplesphere","robots":{"index":"index","follow":"follow","max-snippet":"max-snippet:-1","max-image-preview":"max-image-preview:large","max-video-preview":"max-video-preview:-1"},"canonical":"https:\/\/peoplesphere.be\/fr\/installer-et-vivre-une-culture-du-feedback-ne-va-pas-de-soi-1-travailleur-sur-5-exprime-son-malaise-vis-a-vis-de-la-demarche\/","og_locale":"fr_FR","og_type":"article","og_title":"Installer et vivre une culture du feedback ne va pas de soi: 1 travailleur sur 5 exprime son malaise vis-\u00e0-vis de la d\u00e9marche. - Peoplesphere","og_description":"Si les entreprises belges adoptent progressivement une culture du feedback, une authentique sinc\u00e9rit\u00e9 reste encore souvent cantonn\u00e9e au stade des (bonnes) intentions. Selon une r\u00e9cente \u00e9tude du prestataire de services RH Tempo-Team men\u00e9e en collaboration avec la professeure Anja Van [&hellip;]","og_url":"https:\/\/peoplesphere.be\/fr\/installer-et-vivre-une-culture-du-feedback-ne-va-pas-de-soi-1-travailleur-sur-5-exprime-son-malaise-vis-a-vis-de-la-demarche\/","og_site_name":"Peoplesphere","article_publisher":"https:\/\/www.facebook.com\/peoplesphere","article_published_time":"2025-07-01T13:15:15+00:00","og_image":[{"url":"http:\/\/www.peoplesphere.be\/fr\/wp-content\/uploads\/2016\/07\/facebook-default-posting-1200x628px.jpg"}],"author":"Jean-Paul Erhard","twitter_card":"summary_large_image","twitter_creator":"@PeoplesphereMag","twitter_site":"@PeoplesphereMag","twitter_misc":{"\u00c9crit par":"Jean-Paul Erhard","Dur\u00e9e de lecture estim\u00e9e":"4 minutes"},"schema":{"@context":"https:\/\/schema.org","@graph":[{"@type":"Article","@id":"https:\/\/peoplesphere.be\/fr\/installer-et-vivre-une-culture-du-feedback-ne-va-pas-de-soi-1-travailleur-sur-5-exprime-son-malaise-vis-a-vis-de-la-demarche\/#article","isPartOf":{"@id":"https:\/\/peoplesphere.be\/fr\/installer-et-vivre-une-culture-du-feedback-ne-va-pas-de-soi-1-travailleur-sur-5-exprime-son-malaise-vis-a-vis-de-la-demarche\/"},"author":{"name":"Jean-Paul Erhard","@id":"https:\/\/peoplesphere.be\/fr\/#\/schema\/person\/7976225ff17988604334abb7b3536a7e"},"headline":"Installer et vivre une culture du feedback ne va pas de soi: 1 travailleur sur 5 exprime son malaise vis-\u00e0-vis de la d\u00e9marche.","datePublished":"2025-07-01T13:15:15+00:00","dateModified":"2025-07-01T13:15:15+00:00","mainEntityOfPage":{"@id":"https:\/\/peoplesphere.be\/fr\/installer-et-vivre-une-culture-du-feedback-ne-va-pas-de-soi-1-travailleur-sur-5-exprime-son-malaise-vis-a-vis-de-la-demarche\/"},"wordCount":779,"publisher":{"@id":"https:\/\/peoplesphere.be\/fr\/#organization"},"keywords":["appr\u00e9ciation","bienveillance","communication","feedback","reconnaissance"],"articleSection":["Actualit\u00e9s","Digital"],"inLanguage":"fr-FR"},{"@type":"WebPage","@id":"https:\/\/peoplesphere.be\/fr\/installer-et-vivre-une-culture-du-feedback-ne-va-pas-de-soi-1-travailleur-sur-5-exprime-son-malaise-vis-a-vis-de-la-demarche\/","url":"https:\/\/peoplesphere.be\/fr\/installer-et-vivre-une-culture-du-feedback-ne-va-pas-de-soi-1-travailleur-sur-5-exprime-son-malaise-vis-a-vis-de-la-demarche\/","name":"Installer et vivre une culture du feedback ne va pas de soi: 1 travailleur sur 5 exprime son malaise vis-\u00e0-vis de la d\u00e9marche. - Peoplesphere","isPartOf":{"@id":"https:\/\/peoplesphere.be\/fr\/#website"},"datePublished":"2025-07-01T13:15:15+00:00","dateModified":"2025-07-01T13:15:15+00:00","breadcrumb":{"@id":"https:\/\/peoplesphere.be\/fr\/installer-et-vivre-une-culture-du-feedback-ne-va-pas-de-soi-1-travailleur-sur-5-exprime-son-malaise-vis-a-vis-de-la-demarche\/#breadcrumb"},"inLanguage":"fr-FR","potentialAction":[{"@type":"ReadAction","target":["https:\/\/peoplesphere.be\/fr\/installer-et-vivre-une-culture-du-feedback-ne-va-pas-de-soi-1-travailleur-sur-5-exprime-son-malaise-vis-a-vis-de-la-demarche\/"]}]},{"@type":"BreadcrumbList","@id":"https:\/\/peoplesphere.be\/fr\/installer-et-vivre-une-culture-du-feedback-ne-va-pas-de-soi-1-travailleur-sur-5-exprime-son-malaise-vis-a-vis-de-la-demarche\/#breadcrumb","itemListElement":[{"@type":"ListItem","position":1,"name":"Accueil","item":"https:\/\/peoplesphere.be\/fr\/"},{"@type":"ListItem","position":2,"name":"Installer et vivre une culture du feedback ne va pas de soi: 1 travailleur sur 5 exprime son malaise vis-\u00e0-vis de la d\u00e9marche."}]},{"@type":"WebSite","@id":"https:\/\/peoplesphere.be\/fr\/#website","url":"https:\/\/peoplesphere.be\/fr\/","name":"Peoplesphere","description":"The People Managers Magazine","publisher":{"@id":"https:\/\/peoplesphere.be\/fr\/#organization"},"potentialAction":[{"@type":"SearchAction","target":{"@type":"EntryPoint","urlTemplate":"https:\/\/peoplesphere.be\/fr\/?s={search_term_string}"},"query-input":"required name=search_term_string"}],"inLanguage":"fr-FR"},{"@type":"Organization","@id":"https:\/\/peoplesphere.be\/fr\/#organization","name":"Peoplesphere Company srl","url":"https:\/\/peoplesphere.be\/fr\/","logo":{"@type":"ImageObject","inLanguage":"fr-FR","@id":"https:\/\/peoplesphere.be\/fr\/#\/schema\/logo\/image\/","url":"https:\/\/peoplesphere.be\/fr\/wp-content\/uploads\/2023\/07\/peoplesphere-lgo-new-generik.jpg","contentUrl":"https:\/\/peoplesphere.be\/fr\/wp-content\/uploads\/2023\/07\/peoplesphere-lgo-new-generik.jpg","width":1031,"height":1479,"caption":"Peoplesphere Company srl"},"image":{"@id":"https:\/\/peoplesphere.be\/fr\/#\/schema\/logo\/image\/"},"sameAs":["https:\/\/www.facebook.com\/peoplesphere","https:\/\/twitter.com\/PeoplesphereMag","https:\/\/www.linkedin.com\/company\/7587361?trk","http:\/\/youtube.com\/peoplesphere"]},{"@type":"Person","@id":"https:\/\/peoplesphere.be\/fr\/#\/schema\/person\/7976225ff17988604334abb7b3536a7e","name":"Jean-Paul Erhard","image":{"@type":"ImageObject","inLanguage":"fr-FR","@id":"https:\/\/peoplesphere.be\/fr\/#\/schema\/person\/image\/","url":"https:\/\/secure.gravatar.com\/avatar\/f941e681460179738071629a51574930?s=96&d=mm&r=g","contentUrl":"https:\/\/secure.gravatar.com\/avatar\/f941e681460179738071629a51574930?s=96&d=mm&r=g","caption":"Jean-Paul Erhard"},"url":"https:\/\/peoplesphere.be\/fr\/author\/jpe\/"}]}},"_links":{"self":[{"href":"https:\/\/peoplesphere.be\/fr\/wp-json\/wp\/v2\/posts\/17954"}],"collection":[{"href":"https:\/\/peoplesphere.be\/fr\/wp-json\/wp\/v2\/posts"}],"about":[{"href":"https:\/\/peoplesphere.be\/fr\/wp-json\/wp\/v2\/types\/post"}],"author":[{"embeddable":true,"href":"https:\/\/peoplesphere.be\/fr\/wp-json\/wp\/v2\/users\/2"}],"replies":[{"embeddable":true,"href":"https:\/\/peoplesphere.be\/fr\/wp-json\/wp\/v2\/comments?post=17954"}],"version-history":[{"count":1,"href":"https:\/\/peoplesphere.be\/fr\/wp-json\/wp\/v2\/posts\/17954\/revisions"}],"predecessor-version":[{"id":17955,"href":"https:\/\/peoplesphere.be\/fr\/wp-json\/wp\/v2\/posts\/17954\/revisions\/17955"}],"wp:attachment":[{"href":"https:\/\/peoplesphere.be\/fr\/wp-json\/wp\/v2\/media?parent=17954"}],"wp:term":[{"taxonomy":"category","embeddable":true,"href":"https:\/\/peoplesphere.be\/fr\/wp-json\/wp\/v2\/categories?post=17954"},{"taxonomy":"post_tag","embeddable":true,"href":"https:\/\/peoplesphere.be\/fr\/wp-json\/wp\/v2\/tags?post=17954"}],"curies":[{"name":"wp","href":"https:\/\/api.w.org\/{rel}","templated":true}]}}