









{"id":17957,"date":"2025-07-02T13:23:58","date_gmt":"2025-07-02T11:23:58","guid":{"rendered":"https:\/\/peoplesphere.be\/fr\/?p=17957"},"modified":"2025-07-02T13:23:58","modified_gmt":"2025-07-02T11:23:58","slug":"securite-juridique-pour-les-entreprises-et-les-travailleurs-suite-a-la-prolongation-des-cct-165-170-171-et-172","status":"publish","type":"post","link":"https:\/\/peoplesphere.be\/fr\/securite-juridique-pour-les-entreprises-et-les-travailleurs-suite-a-la-prolongation-des-cct-165-170-171-et-172\/","title":{"rendered":"S\u00e9curit\u00e9 juridique pour les entreprises et les travailleurs suite \u00e0 la prolongation des CCT 165, 170-171 et 172."},"content":{"rendered":"<p>Les organisations d\u2019employeurs FEB, UCM, Unizo, Boerenbond et Unisoc se f\u00e9licitent qu\u2019employeurs et syndicats soient parvenus \u00e0 un accord pour prolonger trois conventions collectives de travail (CCT) importantes qui devaient expirer le 30 juin 2025 pour une dur\u00e9e de six mois (jusqu\u2019au 31 d\u00e9cembre 2025).<!--more--><\/p>\n<p>Il s\u2019agit des CCT suivantes :<\/p>\n<p><strong><em>CCT n\u00b0 172<\/em><\/strong> : cette CCT permet aux entreprises n\u2019ayant pas de CCT ou de plan d\u2019entreprise propre d\u2019instaurer un r\u00e9gime de ch\u00f4mage temporaire de leurs employ\u00e9s en raison d\u2019un manque de travail.<\/p>\n<p><strong><em>CCT n\u00b0 170 &amp; n\u00b0 171<\/em><\/strong> : cette CCT offre la possibilit\u00e9 d\u2019octroyer des emplois de fin de carri\u00e8re avec allocations \u00e0 partir de l\u2019\u00e2ge de 55 ans dans le cadre des r\u00e9gimes d\u2019exception mentionn\u00e9s dans l\u2019AR de 2001 (carri\u00e8re longue, m\u00e9tier lourd). Pour ouvrir le droit au cr\u00e9dit-temps, il faut encore une CCT sectorielle. Cela vaut \u00e9galement pour les cr\u00e9dits-temps dans les entreprises de travail adapt\u00e9 et les \u00ab maatwerkbedrijven \u00bb.<\/p>\n<p><strong><em>CCT n\u00b0 165<\/em> <\/strong>: cette CCT r\u00e9git le ch\u00f4mage avec compl\u00e9ment d\u2019entreprise (RCC) pour les travailleurs ayant des probl\u00e8mes physiques graves. Les autres r\u00e9gimes de RCC ne sont pas prolong\u00e9s.<\/p>\n<h3><strong><em>Une solution \u00e0 court terme \u00e9tait n\u00e9cessaire<\/em><\/strong><\/h3>\n<p>Ces prolongations sont essentielles pour garantir la s\u00e9curit\u00e9 juridique des entreprises et de leurs travailleurs, et \u00e9viter un \u00e9ventuel vide juridique. Les organisations d\u2019employeurs soulignent l\u2019importance de cette d\u00e9cision, qui propose \u00e0 court terme une solution tout \u00e0 la fois pragmatique et indispensable \u00e0 la stabilit\u00e9 au sein des entreprises.<\/p>\n<p>&nbsp;<\/p>\n<p><em>Source: FEB<\/em><\/p>\n","protected":false},"excerpt":{"rendered":"<p>Les organisations d\u2019employeurs FEB, UCM, Unizo, Boerenbond et Unisoc se f\u00e9licitent qu\u2019employeurs et syndicats soient parvenus \u00e0 un accord pour prolonger trois conventions collectives de travail (CCT) importantes qui devaient expirer le 30 juin 2025 pour une dur\u00e9e de six [&hellip;]<\/p>\n","protected":false},"author":2,"featured_media":0,"comment_status":"closed","ping_status":"open","sticky":false,"template":"","format":"standard","meta":[],"categories":[65,10],"tags":[526,332,557,1101],"yoast_head":"<!-- This site is optimized with the Yoast SEO plugin v21.0 - https:\/\/yoast.com\/wordpress\/plugins\/seo\/ -->\n<title>S\u00e9curit\u00e9 juridique pour les entreprises et les travailleurs suite \u00e0 la prolongation des CCT 165, 170-171 et 172. - Peoplesphere<\/title>\n<meta name=\"robots\" content=\"index, follow, max-snippet:-1, max-image-preview:large, max-video-preview:-1\" \/>\n<link rel=\"canonical\" href=\"https:\/\/peoplesphere.be\/fr\/securite-juridique-pour-les-entreprises-et-les-travailleurs-suite-a-la-prolongation-des-cct-165-170-171-et-172\/\" \/>\n<meta property=\"og:locale\" content=\"fr_FR\" \/>\n<meta property=\"og:type\" content=\"article\" \/>\n<meta property=\"og:title\" content=\"S\u00e9curit\u00e9 juridique pour les entreprises et les travailleurs suite \u00e0 la prolongation des CCT 165, 170-171 et 172. - Peoplesphere\" \/>\n<meta property=\"og:description\" content=\"Les organisations d\u2019employeurs FEB, UCM, Unizo, Boerenbond et Unisoc se f\u00e9licitent qu\u2019employeurs et syndicats soient parvenus \u00e0 un accord pour prolonger trois conventions collectives de travail (CCT) importantes qui devaient expirer le 30 juin 2025 pour une dur\u00e9e de six [&hellip;]\" \/>\n<meta property=\"og:url\" content=\"https:\/\/peoplesphere.be\/fr\/securite-juridique-pour-les-entreprises-et-les-travailleurs-suite-a-la-prolongation-des-cct-165-170-171-et-172\/\" \/>\n<meta property=\"og:site_name\" content=\"Peoplesphere\" \/>\n<meta property=\"article:publisher\" content=\"https:\/\/www.facebook.com\/peoplesphere\" \/>\n<meta property=\"article:published_time\" content=\"2025-07-02T11:23:58+00:00\" \/>\n<meta property=\"og:image\" content=\"http:\/\/www.peoplesphere.be\/fr\/wp-content\/uploads\/2016\/07\/facebook-default-posting-1200x628px.jpg\" \/>\n<meta name=\"author\" content=\"Jean-Paul Erhard\" \/>\n<meta name=\"twitter:card\" content=\"summary_large_image\" \/>\n<meta name=\"twitter:creator\" content=\"@PeoplesphereMag\" \/>\n<meta name=\"twitter:site\" content=\"@PeoplesphereMag\" \/>\n<meta name=\"twitter:label1\" content=\"\u00c9crit par\" \/>\n\t<meta name=\"twitter:data1\" content=\"Jean-Paul Erhard\" \/>\n\t<meta name=\"twitter:label2\" content=\"Dur\u00e9e de lecture estim\u00e9e\" \/>\n\t<meta name=\"twitter:data2\" content=\"2 minutes\" \/>\n<script type=\"application\/ld+json\" class=\"yoast-schema-graph\">{\"@context\":\"https:\/\/schema.org\",\"@graph\":[{\"@type\":\"Article\",\"@id\":\"https:\/\/peoplesphere.be\/fr\/securite-juridique-pour-les-entreprises-et-les-travailleurs-suite-a-la-prolongation-des-cct-165-170-171-et-172\/#article\",\"isPartOf\":{\"@id\":\"https:\/\/peoplesphere.be\/fr\/securite-juridique-pour-les-entreprises-et-les-travailleurs-suite-a-la-prolongation-des-cct-165-170-171-et-172\/\"},\"author\":{\"name\":\"Jean-Paul Erhard\",\"@id\":\"https:\/\/peoplesphere.be\/fr\/#\/schema\/person\/7976225ff17988604334abb7b3536a7e\"},\"headline\":\"S\u00e9curit\u00e9 juridique pour les entreprises et les travailleurs suite \u00e0 la prolongation des CCT 165, 170-171 et 172.\",\"datePublished\":\"2025-07-02T11:23:58+00:00\",\"dateModified\":\"2025-07-02T11:23:58+00:00\",\"mainEntityOfPage\":{\"@id\":\"https:\/\/peoplesphere.be\/fr\/securite-juridique-pour-les-entreprises-et-les-travailleurs-suite-a-la-prolongation-des-cct-165-170-171-et-172\/\"},\"wordCount\":277,\"publisher\":{\"@id\":\"https:\/\/peoplesphere.be\/fr\/#organization\"},\"keywords\":[\"CCT\",\"concertation sociale\",\"droit social\",\"RCC\"],\"articleSection\":[\"Actualit\u00e9s\",\"Digital\"],\"inLanguage\":\"fr-FR\"},{\"@type\":\"WebPage\",\"@id\":\"https:\/\/peoplesphere.be\/fr\/securite-juridique-pour-les-entreprises-et-les-travailleurs-suite-a-la-prolongation-des-cct-165-170-171-et-172\/\",\"url\":\"https:\/\/peoplesphere.be\/fr\/securite-juridique-pour-les-entreprises-et-les-travailleurs-suite-a-la-prolongation-des-cct-165-170-171-et-172\/\",\"name\":\"S\u00e9curit\u00e9 juridique pour les entreprises et les travailleurs suite \u00e0 la prolongation des CCT 165, 170-171 et 172. - Peoplesphere\",\"isPartOf\":{\"@id\":\"https:\/\/peoplesphere.be\/fr\/#website\"},\"datePublished\":\"2025-07-02T11:23:58+00:00\",\"dateModified\":\"2025-07-02T11:23:58+00:00\",\"breadcrumb\":{\"@id\":\"https:\/\/peoplesphere.be\/fr\/securite-juridique-pour-les-entreprises-et-les-travailleurs-suite-a-la-prolongation-des-cct-165-170-171-et-172\/#breadcrumb\"},\"inLanguage\":\"fr-FR\",\"potentialAction\":[{\"@type\":\"ReadAction\",\"target\":[\"https:\/\/peoplesphere.be\/fr\/securite-juridique-pour-les-entreprises-et-les-travailleurs-suite-a-la-prolongation-des-cct-165-170-171-et-172\/\"]}]},{\"@type\":\"BreadcrumbList\",\"@id\":\"https:\/\/peoplesphere.be\/fr\/securite-juridique-pour-les-entreprises-et-les-travailleurs-suite-a-la-prolongation-des-cct-165-170-171-et-172\/#breadcrumb\",\"itemListElement\":[{\"@type\":\"ListItem\",\"position\":1,\"name\":\"Accueil\",\"item\":\"https:\/\/peoplesphere.be\/fr\/\"},{\"@type\":\"ListItem\",\"position\":2,\"name\":\"S\u00e9curit\u00e9 juridique pour les entreprises et les travailleurs suite \u00e0 la prolongation des CCT 165, 170-171 et 172.\"}]},{\"@type\":\"WebSite\",\"@id\":\"https:\/\/peoplesphere.be\/fr\/#website\",\"url\":\"https:\/\/peoplesphere.be\/fr\/\",\"name\":\"Peoplesphere\",\"description\":\"The People Managers Magazine\",\"publisher\":{\"@id\":\"https:\/\/peoplesphere.be\/fr\/#organization\"},\"potentialAction\":[{\"@type\":\"SearchAction\",\"target\":{\"@type\":\"EntryPoint\",\"urlTemplate\":\"https:\/\/peoplesphere.be\/fr\/?s={search_term_string}\"},\"query-input\":\"required name=search_term_string\"}],\"inLanguage\":\"fr-FR\"},{\"@type\":\"Organization\",\"@id\":\"https:\/\/peoplesphere.be\/fr\/#organization\",\"name\":\"Peoplesphere Company srl\",\"url\":\"https:\/\/peoplesphere.be\/fr\/\",\"logo\":{\"@type\":\"ImageObject\",\"inLanguage\":\"fr-FR\",\"@id\":\"https:\/\/peoplesphere.be\/fr\/#\/schema\/logo\/image\/\",\"url\":\"https:\/\/peoplesphere.be\/fr\/wp-content\/uploads\/2023\/07\/peoplesphere-lgo-new-generik.jpg\",\"contentUrl\":\"https:\/\/peoplesphere.be\/fr\/wp-content\/uploads\/2023\/07\/peoplesphere-lgo-new-generik.jpg\",\"width\":1031,\"height\":1479,\"caption\":\"Peoplesphere Company srl\"},\"image\":{\"@id\":\"https:\/\/peoplesphere.be\/fr\/#\/schema\/logo\/image\/\"},\"sameAs\":[\"https:\/\/www.facebook.com\/peoplesphere\",\"https:\/\/twitter.com\/PeoplesphereMag\",\"https:\/\/www.linkedin.com\/company\/7587361?trk\",\"http:\/\/youtube.com\/peoplesphere\"]},{\"@type\":\"Person\",\"@id\":\"https:\/\/peoplesphere.be\/fr\/#\/schema\/person\/7976225ff17988604334abb7b3536a7e\",\"name\":\"Jean-Paul Erhard\",\"image\":{\"@type\":\"ImageObject\",\"inLanguage\":\"fr-FR\",\"@id\":\"https:\/\/peoplesphere.be\/fr\/#\/schema\/person\/image\/\",\"url\":\"https:\/\/secure.gravatar.com\/avatar\/f941e681460179738071629a51574930?s=96&d=mm&r=g\",\"contentUrl\":\"https:\/\/secure.gravatar.com\/avatar\/f941e681460179738071629a51574930?s=96&d=mm&r=g\",\"caption\":\"Jean-Paul Erhard\"},\"url\":\"https:\/\/peoplesphere.be\/fr\/author\/jpe\/\"}]}<\/script>\n<!-- \/ Yoast SEO plugin. -->","yoast_head_json":{"title":"S\u00e9curit\u00e9 juridique pour les entreprises et les travailleurs suite \u00e0 la prolongation des CCT 165, 170-171 et 172. - Peoplesphere","robots":{"index":"index","follow":"follow","max-snippet":"max-snippet:-1","max-image-preview":"max-image-preview:large","max-video-preview":"max-video-preview:-1"},"canonical":"https:\/\/peoplesphere.be\/fr\/securite-juridique-pour-les-entreprises-et-les-travailleurs-suite-a-la-prolongation-des-cct-165-170-171-et-172\/","og_locale":"fr_FR","og_type":"article","og_title":"S\u00e9curit\u00e9 juridique pour les entreprises et les travailleurs suite \u00e0 la prolongation des CCT 165, 170-171 et 172. - Peoplesphere","og_description":"Les organisations d\u2019employeurs FEB, UCM, Unizo, Boerenbond et Unisoc se f\u00e9licitent qu\u2019employeurs et syndicats soient parvenus \u00e0 un accord pour prolonger trois conventions collectives de travail (CCT) importantes qui devaient expirer le 30 juin 2025 pour une dur\u00e9e de six [&hellip;]","og_url":"https:\/\/peoplesphere.be\/fr\/securite-juridique-pour-les-entreprises-et-les-travailleurs-suite-a-la-prolongation-des-cct-165-170-171-et-172\/","og_site_name":"Peoplesphere","article_publisher":"https:\/\/www.facebook.com\/peoplesphere","article_published_time":"2025-07-02T11:23:58+00:00","og_image":[{"url":"http:\/\/www.peoplesphere.be\/fr\/wp-content\/uploads\/2016\/07\/facebook-default-posting-1200x628px.jpg"}],"author":"Jean-Paul Erhard","twitter_card":"summary_large_image","twitter_creator":"@PeoplesphereMag","twitter_site":"@PeoplesphereMag","twitter_misc":{"\u00c9crit par":"Jean-Paul Erhard","Dur\u00e9e de lecture estim\u00e9e":"2 minutes"},"schema":{"@context":"https:\/\/schema.org","@graph":[{"@type":"Article","@id":"https:\/\/peoplesphere.be\/fr\/securite-juridique-pour-les-entreprises-et-les-travailleurs-suite-a-la-prolongation-des-cct-165-170-171-et-172\/#article","isPartOf":{"@id":"https:\/\/peoplesphere.be\/fr\/securite-juridique-pour-les-entreprises-et-les-travailleurs-suite-a-la-prolongation-des-cct-165-170-171-et-172\/"},"author":{"name":"Jean-Paul Erhard","@id":"https:\/\/peoplesphere.be\/fr\/#\/schema\/person\/7976225ff17988604334abb7b3536a7e"},"headline":"S\u00e9curit\u00e9 juridique pour les entreprises et les travailleurs suite \u00e0 la prolongation des CCT 165, 170-171 et 172.","datePublished":"2025-07-02T11:23:58+00:00","dateModified":"2025-07-02T11:23:58+00:00","mainEntityOfPage":{"@id":"https:\/\/peoplesphere.be\/fr\/securite-juridique-pour-les-entreprises-et-les-travailleurs-suite-a-la-prolongation-des-cct-165-170-171-et-172\/"},"wordCount":277,"publisher":{"@id":"https:\/\/peoplesphere.be\/fr\/#organization"},"keywords":["CCT","concertation sociale","droit social","RCC"],"articleSection":["Actualit\u00e9s","Digital"],"inLanguage":"fr-FR"},{"@type":"WebPage","@id":"https:\/\/peoplesphere.be\/fr\/securite-juridique-pour-les-entreprises-et-les-travailleurs-suite-a-la-prolongation-des-cct-165-170-171-et-172\/","url":"https:\/\/peoplesphere.be\/fr\/securite-juridique-pour-les-entreprises-et-les-travailleurs-suite-a-la-prolongation-des-cct-165-170-171-et-172\/","name":"S\u00e9curit\u00e9 juridique pour les entreprises et les travailleurs suite \u00e0 la prolongation des CCT 165, 170-171 et 172. - Peoplesphere","isPartOf":{"@id":"https:\/\/peoplesphere.be\/fr\/#website"},"datePublished":"2025-07-02T11:23:58+00:00","dateModified":"2025-07-02T11:23:58+00:00","breadcrumb":{"@id":"https:\/\/peoplesphere.be\/fr\/securite-juridique-pour-les-entreprises-et-les-travailleurs-suite-a-la-prolongation-des-cct-165-170-171-et-172\/#breadcrumb"},"inLanguage":"fr-FR","potentialAction":[{"@type":"ReadAction","target":["https:\/\/peoplesphere.be\/fr\/securite-juridique-pour-les-entreprises-et-les-travailleurs-suite-a-la-prolongation-des-cct-165-170-171-et-172\/"]}]},{"@type":"BreadcrumbList","@id":"https:\/\/peoplesphere.be\/fr\/securite-juridique-pour-les-entreprises-et-les-travailleurs-suite-a-la-prolongation-des-cct-165-170-171-et-172\/#breadcrumb","itemListElement":[{"@type":"ListItem","position":1,"name":"Accueil","item":"https:\/\/peoplesphere.be\/fr\/"},{"@type":"ListItem","position":2,"name":"S\u00e9curit\u00e9 juridique pour les entreprises et les travailleurs suite \u00e0 la prolongation des CCT 165, 170-171 et 172."}]},{"@type":"WebSite","@id":"https:\/\/peoplesphere.be\/fr\/#website","url":"https:\/\/peoplesphere.be\/fr\/","name":"Peoplesphere","description":"The People Managers Magazine","publisher":{"@id":"https:\/\/peoplesphere.be\/fr\/#organization"},"potentialAction":[{"@type":"SearchAction","target":{"@type":"EntryPoint","urlTemplate":"https:\/\/peoplesphere.be\/fr\/?s={search_term_string}"},"query-input":"required name=search_term_string"}],"inLanguage":"fr-FR"},{"@type":"Organization","@id":"https:\/\/peoplesphere.be\/fr\/#organization","name":"Peoplesphere Company srl","url":"https:\/\/peoplesphere.be\/fr\/","logo":{"@type":"ImageObject","inLanguage":"fr-FR","@id":"https:\/\/peoplesphere.be\/fr\/#\/schema\/logo\/image\/","url":"https:\/\/peoplesphere.be\/fr\/wp-content\/uploads\/2023\/07\/peoplesphere-lgo-new-generik.jpg","contentUrl":"https:\/\/peoplesphere.be\/fr\/wp-content\/uploads\/2023\/07\/peoplesphere-lgo-new-generik.jpg","width":1031,"height":1479,"caption":"Peoplesphere Company srl"},"image":{"@id":"https:\/\/peoplesphere.be\/fr\/#\/schema\/logo\/image\/"},"sameAs":["https:\/\/www.facebook.com\/peoplesphere","https:\/\/twitter.com\/PeoplesphereMag","https:\/\/www.linkedin.com\/company\/7587361?trk","http:\/\/youtube.com\/peoplesphere"]},{"@type":"Person","@id":"https:\/\/peoplesphere.be\/fr\/#\/schema\/person\/7976225ff17988604334abb7b3536a7e","name":"Jean-Paul Erhard","image":{"@type":"ImageObject","inLanguage":"fr-FR","@id":"https:\/\/peoplesphere.be\/fr\/#\/schema\/person\/image\/","url":"https:\/\/secure.gravatar.com\/avatar\/f941e681460179738071629a51574930?s=96&d=mm&r=g","contentUrl":"https:\/\/secure.gravatar.com\/avatar\/f941e681460179738071629a51574930?s=96&d=mm&r=g","caption":"Jean-Paul Erhard"},"url":"https:\/\/peoplesphere.be\/fr\/author\/jpe\/"}]}},"_links":{"self":[{"href":"https:\/\/peoplesphere.be\/fr\/wp-json\/wp\/v2\/posts\/17957"}],"collection":[{"href":"https:\/\/peoplesphere.be\/fr\/wp-json\/wp\/v2\/posts"}],"about":[{"href":"https:\/\/peoplesphere.be\/fr\/wp-json\/wp\/v2\/types\/post"}],"author":[{"embeddable":true,"href":"https:\/\/peoplesphere.be\/fr\/wp-json\/wp\/v2\/users\/2"}],"replies":[{"embeddable":true,"href":"https:\/\/peoplesphere.be\/fr\/wp-json\/wp\/v2\/comments?post=17957"}],"version-history":[{"count":1,"href":"https:\/\/peoplesphere.be\/fr\/wp-json\/wp\/v2\/posts\/17957\/revisions"}],"predecessor-version":[{"id":17958,"href":"https:\/\/peoplesphere.be\/fr\/wp-json\/wp\/v2\/posts\/17957\/revisions\/17958"}],"wp:attachment":[{"href":"https:\/\/peoplesphere.be\/fr\/wp-json\/wp\/v2\/media?parent=17957"}],"wp:term":[{"taxonomy":"category","embeddable":true,"href":"https:\/\/peoplesphere.be\/fr\/wp-json\/wp\/v2\/categories?post=17957"},{"taxonomy":"post_tag","embeddable":true,"href":"https:\/\/peoplesphere.be\/fr\/wp-json\/wp\/v2\/tags?post=17957"}],"curies":[{"name":"wp","href":"https:\/\/api.w.org\/{rel}","templated":true}]}}