









{"id":17989,"date":"2025-07-09T12:18:30","date_gmt":"2025-07-09T10:18:30","guid":{"rendered":"https:\/\/peoplesphere.be\/fr\/?p=17989"},"modified":"2025-07-09T12:18:30","modified_gmt":"2025-07-09T10:18:30","slug":"debout-ou-assis-au-bureau-et-avec-quel-impact-sur-la-productivite","status":"publish","type":"post","link":"https:\/\/peoplesphere.be\/fr\/debout-ou-assis-au-bureau-et-avec-quel-impact-sur-la-productivite\/","title":{"rendered":"Debout ou assis au bureau? Et avec quel impact sur la productivit\u00e9?"},"content":{"rendered":"<p>Les Belges passent en moyenne 8,3 heures par jour assis, dont plus de 60% dans le cadre de leur travail. \u200b Cette position assise prolong\u00e9e entra\u00eene de s\u00e9rieux risques pour la sant\u00e9. Dans une \u00e9tude, l&rsquo;Universit\u00e9 de Gand (UGent) et le prestataire de services RH Securex ont \u00e9tudi\u00e9 des moyens de lutter contre ce ph\u00e9nom\u00e8ne. Les r\u00e9sultats de cette \u00e9tude montrent que le r\u00e9glage standard \u00e0 hauteur debout des bureaux \u00e9lectriquement r\u00e9glables, entra\u00eene une augmentation impressionnante de 922% du travail debout.<!--more--><\/p>\n<p>Ces conclusions soulignent le pouvoir du \u00ab\u00a0nudging\u00a0\u00bb &#8211; l&rsquo;orientation discr\u00e8te du comportement &#8211; dans la lutte contre les effets n\u00e9gatifs de la position assise prolong\u00e9e.<\/p>\n<p>Les chercheurs ont analys\u00e9 le comportement de 149 collaborateurs d&rsquo;une institution publique belge et ont test\u00e9 diff\u00e9rentes strat\u00e9gies. Les r\u00e9sultats ont \u00e9t\u00e9 remarquables : alors que les s\u00e9ances d&rsquo;information sur les risques de rester assis longtemps n&rsquo;ont pratiquement eu aucun effet, le simple fait de modifier le r\u00e9glage par d\u00e9faut des bureaux a entra\u00een\u00e9 une augmentation consid\u00e9rable du travail en position debout (+171%). Cet effet a \u00e9t\u00e9 encore renforc\u00e9 par une communication transparente sur les raisons de ce changement (+521%). La combinaison de ce \u00ab\u00a0nudge\u00a0\u00bb avec une s\u00e9ance d&rsquo;information a permis d\u2019obtenir une augmentation maximale de 922%.<\/p>\n<h3><strong><em>L&rsquo;importance d&rsquo;un environnement de travail intelligent<\/em><\/strong><\/h3>\n<p>L&rsquo;\u00e9tude d\u00e9montre qu&rsquo;un changement de comportement durable ne consiste pas tant \u00e0 contraindre ou \u00e0 manipuler les gens \u00e0 adopter des habitudes saines, mais plut\u00f4t \u00e0 cr\u00e9er un environnement qui stimule la motivation intrins\u00e8que et l&rsquo;autor\u00e9gulation.<\/p>\n<p>Dr. Mathias Celis, sp\u00e9cialiste des sciences du comportement \u00e0 l&rsquo;universit\u00e9 de Gand et fondateur d&rsquo;Alkmist : <em>\u00ab\u00a0En modifiant la norme, un comportement sain devient le choix le plus facile et le plus \u00e9vident. Cela facilite l&rsquo;adoption et le maintien d&rsquo;habitudes saines, car cela n\u00e9cessite moins de volont\u00e9 et d&rsquo;efforts conscients. Une communication ouverte sur les raisons qui motivent ces changements est essentielle. Cela implique les collaborateurs dans le processus et leur permet de faire des choix conscients et \u00e9clair\u00e9s, ce qui favorise l&rsquo;adh\u00e9sion et minimise la r\u00e9sistance.\u00a0\u00bb<\/em><\/p>\n<p><em>\u00ab\u00a0Un v\u00e9ritable changement de culture ne commence pas par la persuasion, mais par une modification subtile de ce qui semble normal\u00a0\u00bb<\/em>, d\u00e9clare Anneleen Leyman, coordinatrice experte en ergonomie chez Securex.<em> \u00ab\u00a0Lorsque la norme change, le comportement change de lui-m\u00eame.\u00a0\u00bb<\/em><\/p>\n<h3><strong><em>Conseils pour les travailleurs<\/em><\/strong><\/h3>\n<p><strong><em>Une bonne posture assise :<\/em><\/strong> Une bonne position assise est essentielle pour \u00e9viter les douleurs. Visez une posture assise ergonomique o\u00f9 la forme naturelle en S de la colonne vert\u00e9brale est pr\u00e9serv\u00e9e . Une chaise de bureau de qualit\u00e9 et un r\u00e9glage correct de votre poste de travail sont essentiels. Veillez \u00e0 vous asseoir droit, les bras et le dos bien soutenus. Utilisez toujours un \u00e9cran, un clavier et une souris externes. Travailler sur un ordinateur portable sans ces outils entra\u00eene souvent une posture vo\u00fbt\u00e9e, ce qui sollicite davantage la colonne vert\u00e9brale et la nuque. Vous voulez investir davantage dans votre dos? Optez alors pour une chaise dynamique qui vous permet de vous asseoir de mani\u00e8re active et d&rsquo;utiliser vos muscles tout au long de la journ\u00e9e de travail.<\/p>\n<p><strong><em>Bouger r\u00e9guli\u00e8rement (alternance) :<\/em><\/strong> Levez-vous toutes les 30 minutes, marchez ou changez de position. Alternez entre la position assise, debout et la marche. Une petite promenade vers un coll\u00e8gue ou l&rsquo;imprimante peut d\u00e9j\u00e0 faire une grande diff\u00e9rence. Mieux encore, optez pour un bureau assis-debout et travaillez en position debout. Peut-\u00eatre pouvez-vous encourager vos coll\u00e8gues \u00e0 se lever r\u00e9guli\u00e8rement pendant les r\u00e9unions. Vous n&rsquo;avez pas de bureau debout \u00e0 la maison ? Vous avez peut-\u00eatre une armoire ou un \u00eelot de cuisine o\u00f9 vous pouvez travailler debout de temps en temps.<\/p>\n<p><strong><em>Hydratation :<\/em><\/strong> Buvez suffisamment d&rsquo;eau. Cela vous permettra non seulement de rester bien hydrat\u00e9, mais vous obligera \u00e9galement \u00e0 vous lever r\u00e9guli\u00e8rement pour aller aux toilettes. \u200b Utilisez de grands verres et ajoutez \u00e9ventuellement des fruits ou des herbes pour le go\u00fbt.<\/p>\n<p><strong><em>\u00c9tirements :<\/em><\/strong> Faites r\u00e9guli\u00e8rement des exercices d&rsquo;\u00e9tirement \u00e0 votre bureau pour garder vos muscles souples et \u00e9viter les raideurs. En outre, il est tr\u00e8s utile de faire r\u00e9guli\u00e8rement des exercices de gainage. Cela pourrait m\u00eame devenir une chouette activit\u00e9 \u00e0 faire en \u00e9quipe !<\/p>\n<p>&nbsp;<\/p>\n<p><em>Source: Securex &#8211; UGent<\/em><\/p>\n","protected":false},"excerpt":{"rendered":"<p>Les Belges passent en moyenne 8,3 heures par jour assis, dont plus de 60% dans le cadre de leur travail. \u200b Cette position assise prolong\u00e9e entra\u00eene de s\u00e9rieux risques pour la sant\u00e9. Dans une \u00e9tude, l&rsquo;Universit\u00e9 de Gand (UGent) et [&hellip;]<\/p>\n","protected":false},"author":2,"featured_media":17990,"comment_status":"closed","ping_status":"open","sticky":false,"template":"","format":"standard","meta":[],"categories":[65,10],"tags":[96,441,165,97,42,179,17],"yoast_head":"<!-- This site is optimized with the Yoast SEO plugin v21.0 - https:\/\/yoast.com\/wordpress\/plugins\/seo\/ -->\n<title>Debout ou assis au bureau? Et avec quel impact sur la productivit\u00e9? - Peoplesphere<\/title>\n<meta name=\"robots\" content=\"index, follow, max-snippet:-1, max-image-preview:large, max-video-preview:-1\" \/>\n<link rel=\"canonical\" href=\"https:\/\/peoplesphere.be\/fr\/debout-ou-assis-au-bureau-et-avec-quel-impact-sur-la-productivite\/\" \/>\n<meta property=\"og:locale\" content=\"fr_FR\" \/>\n<meta property=\"og:type\" content=\"article\" \/>\n<meta property=\"og:title\" content=\"Debout ou assis au bureau? Et avec quel impact sur la productivit\u00e9? - Peoplesphere\" \/>\n<meta property=\"og:description\" content=\"Les Belges passent en moyenne 8,3 heures par jour assis, dont plus de 60% dans le cadre de leur travail. \u200b Cette position assise prolong\u00e9e entra\u00eene de s\u00e9rieux risques pour la sant\u00e9. Dans une \u00e9tude, l&rsquo;Universit\u00e9 de Gand (UGent) et [&hellip;]\" \/>\n<meta property=\"og:url\" content=\"https:\/\/peoplesphere.be\/fr\/debout-ou-assis-au-bureau-et-avec-quel-impact-sur-la-productivite\/\" \/>\n<meta property=\"og:site_name\" content=\"Peoplesphere\" \/>\n<meta property=\"article:publisher\" content=\"https:\/\/www.facebook.com\/peoplesphere\" \/>\n<meta property=\"article:published_time\" content=\"2025-07-09T10:18:30+00:00\" \/>\n<meta property=\"og:image\" content=\"https:\/\/peoplesphere.be\/fr\/wp-content\/uploads\/2025\/07\/20250709standingoffice.jpg\" \/>\n\t<meta property=\"og:image:width\" content=\"1099\" \/>\n\t<meta property=\"og:image:height\" content=\"557\" \/>\n\t<meta property=\"og:image:type\" content=\"image\/jpeg\" \/>\n<meta name=\"author\" content=\"Jean-Paul Erhard\" \/>\n<meta name=\"twitter:card\" content=\"summary_large_image\" \/>\n<meta name=\"twitter:creator\" content=\"@PeoplesphereMag\" \/>\n<meta name=\"twitter:site\" content=\"@PeoplesphereMag\" \/>\n<meta name=\"twitter:label1\" content=\"\u00c9crit par\" \/>\n\t<meta name=\"twitter:data1\" content=\"Jean-Paul Erhard\" \/>\n\t<meta name=\"twitter:label2\" content=\"Dur\u00e9e de lecture estim\u00e9e\" \/>\n\t<meta name=\"twitter:data2\" content=\"4 minutes\" \/>\n<script type=\"application\/ld+json\" class=\"yoast-schema-graph\">{\"@context\":\"https:\/\/schema.org\",\"@graph\":[{\"@type\":\"Article\",\"@id\":\"https:\/\/peoplesphere.be\/fr\/debout-ou-assis-au-bureau-et-avec-quel-impact-sur-la-productivite\/#article\",\"isPartOf\":{\"@id\":\"https:\/\/peoplesphere.be\/fr\/debout-ou-assis-au-bureau-et-avec-quel-impact-sur-la-productivite\/\"},\"author\":{\"name\":\"Jean-Paul Erhard\",\"@id\":\"https:\/\/peoplesphere.be\/fr\/#\/schema\/person\/7976225ff17988604334abb7b3536a7e\"},\"headline\":\"Debout ou assis au bureau? Et avec quel impact sur la productivit\u00e9?\",\"datePublished\":\"2025-07-09T10:18:30+00:00\",\"dateModified\":\"2025-07-09T10:18:30+00:00\",\"mainEntityOfPage\":{\"@id\":\"https:\/\/peoplesphere.be\/fr\/debout-ou-assis-au-bureau-et-avec-quel-impact-sur-la-productivite\/\"},\"wordCount\":733,\"publisher\":{\"@id\":\"https:\/\/peoplesphere.be\/fr\/#organization\"},\"keywords\":[\"bien-\u00eatre\",\"efficacit\u00e9\",\"environnement de travail\",\"ergonomie\",\"Pr\u00e9vention\",\"productivit\u00e9\",\"Sant\u00e9\"],\"articleSection\":[\"Actualit\u00e9s\",\"Digital\"],\"inLanguage\":\"fr-FR\"},{\"@type\":\"WebPage\",\"@id\":\"https:\/\/peoplesphere.be\/fr\/debout-ou-assis-au-bureau-et-avec-quel-impact-sur-la-productivite\/\",\"url\":\"https:\/\/peoplesphere.be\/fr\/debout-ou-assis-au-bureau-et-avec-quel-impact-sur-la-productivite\/\",\"name\":\"Debout ou assis au bureau? Et avec quel impact sur la productivit\u00e9? - Peoplesphere\",\"isPartOf\":{\"@id\":\"https:\/\/peoplesphere.be\/fr\/#website\"},\"datePublished\":\"2025-07-09T10:18:30+00:00\",\"dateModified\":\"2025-07-09T10:18:30+00:00\",\"breadcrumb\":{\"@id\":\"https:\/\/peoplesphere.be\/fr\/debout-ou-assis-au-bureau-et-avec-quel-impact-sur-la-productivite\/#breadcrumb\"},\"inLanguage\":\"fr-FR\",\"potentialAction\":[{\"@type\":\"ReadAction\",\"target\":[\"https:\/\/peoplesphere.be\/fr\/debout-ou-assis-au-bureau-et-avec-quel-impact-sur-la-productivite\/\"]}]},{\"@type\":\"BreadcrumbList\",\"@id\":\"https:\/\/peoplesphere.be\/fr\/debout-ou-assis-au-bureau-et-avec-quel-impact-sur-la-productivite\/#breadcrumb\",\"itemListElement\":[{\"@type\":\"ListItem\",\"position\":1,\"name\":\"Accueil\",\"item\":\"https:\/\/peoplesphere.be\/fr\/\"},{\"@type\":\"ListItem\",\"position\":2,\"name\":\"Debout ou assis au bureau? Et avec quel impact sur la productivit\u00e9?\"}]},{\"@type\":\"WebSite\",\"@id\":\"https:\/\/peoplesphere.be\/fr\/#website\",\"url\":\"https:\/\/peoplesphere.be\/fr\/\",\"name\":\"Peoplesphere\",\"description\":\"The People Managers Magazine\",\"publisher\":{\"@id\":\"https:\/\/peoplesphere.be\/fr\/#organization\"},\"potentialAction\":[{\"@type\":\"SearchAction\",\"target\":{\"@type\":\"EntryPoint\",\"urlTemplate\":\"https:\/\/peoplesphere.be\/fr\/?s={search_term_string}\"},\"query-input\":\"required name=search_term_string\"}],\"inLanguage\":\"fr-FR\"},{\"@type\":\"Organization\",\"@id\":\"https:\/\/peoplesphere.be\/fr\/#organization\",\"name\":\"Peoplesphere Company srl\",\"url\":\"https:\/\/peoplesphere.be\/fr\/\",\"logo\":{\"@type\":\"ImageObject\",\"inLanguage\":\"fr-FR\",\"@id\":\"https:\/\/peoplesphere.be\/fr\/#\/schema\/logo\/image\/\",\"url\":\"https:\/\/peoplesphere.be\/fr\/wp-content\/uploads\/2023\/07\/peoplesphere-lgo-new-generik.jpg\",\"contentUrl\":\"https:\/\/peoplesphere.be\/fr\/wp-content\/uploads\/2023\/07\/peoplesphere-lgo-new-generik.jpg\",\"width\":1031,\"height\":1479,\"caption\":\"Peoplesphere Company srl\"},\"image\":{\"@id\":\"https:\/\/peoplesphere.be\/fr\/#\/schema\/logo\/image\/\"},\"sameAs\":[\"https:\/\/www.facebook.com\/peoplesphere\",\"https:\/\/twitter.com\/PeoplesphereMag\",\"https:\/\/www.linkedin.com\/company\/7587361?trk\",\"http:\/\/youtube.com\/peoplesphere\"]},{\"@type\":\"Person\",\"@id\":\"https:\/\/peoplesphere.be\/fr\/#\/schema\/person\/7976225ff17988604334abb7b3536a7e\",\"name\":\"Jean-Paul Erhard\",\"image\":{\"@type\":\"ImageObject\",\"inLanguage\":\"fr-FR\",\"@id\":\"https:\/\/peoplesphere.be\/fr\/#\/schema\/person\/image\/\",\"url\":\"https:\/\/secure.gravatar.com\/avatar\/f941e681460179738071629a51574930?s=96&d=mm&r=g\",\"contentUrl\":\"https:\/\/secure.gravatar.com\/avatar\/f941e681460179738071629a51574930?s=96&d=mm&r=g\",\"caption\":\"Jean-Paul Erhard\"},\"url\":\"https:\/\/peoplesphere.be\/fr\/author\/jpe\/\"}]}<\/script>\n<!-- \/ Yoast SEO plugin. -->","yoast_head_json":{"title":"Debout ou assis au bureau? Et avec quel impact sur la productivit\u00e9? - Peoplesphere","robots":{"index":"index","follow":"follow","max-snippet":"max-snippet:-1","max-image-preview":"max-image-preview:large","max-video-preview":"max-video-preview:-1"},"canonical":"https:\/\/peoplesphere.be\/fr\/debout-ou-assis-au-bureau-et-avec-quel-impact-sur-la-productivite\/","og_locale":"fr_FR","og_type":"article","og_title":"Debout ou assis au bureau? Et avec quel impact sur la productivit\u00e9? - Peoplesphere","og_description":"Les Belges passent en moyenne 8,3 heures par jour assis, dont plus de 60% dans le cadre de leur travail. \u200b Cette position assise prolong\u00e9e entra\u00eene de s\u00e9rieux risques pour la sant\u00e9. Dans une \u00e9tude, l&rsquo;Universit\u00e9 de Gand (UGent) et [&hellip;]","og_url":"https:\/\/peoplesphere.be\/fr\/debout-ou-assis-au-bureau-et-avec-quel-impact-sur-la-productivite\/","og_site_name":"Peoplesphere","article_publisher":"https:\/\/www.facebook.com\/peoplesphere","article_published_time":"2025-07-09T10:18:30+00:00","og_image":[{"width":1099,"height":557,"url":"https:\/\/peoplesphere.be\/fr\/wp-content\/uploads\/2025\/07\/20250709standingoffice.jpg","type":"image\/jpeg"}],"author":"Jean-Paul Erhard","twitter_card":"summary_large_image","twitter_creator":"@PeoplesphereMag","twitter_site":"@PeoplesphereMag","twitter_misc":{"\u00c9crit par":"Jean-Paul Erhard","Dur\u00e9e de lecture estim\u00e9e":"4 minutes"},"schema":{"@context":"https:\/\/schema.org","@graph":[{"@type":"Article","@id":"https:\/\/peoplesphere.be\/fr\/debout-ou-assis-au-bureau-et-avec-quel-impact-sur-la-productivite\/#article","isPartOf":{"@id":"https:\/\/peoplesphere.be\/fr\/debout-ou-assis-au-bureau-et-avec-quel-impact-sur-la-productivite\/"},"author":{"name":"Jean-Paul Erhard","@id":"https:\/\/peoplesphere.be\/fr\/#\/schema\/person\/7976225ff17988604334abb7b3536a7e"},"headline":"Debout ou assis au bureau? Et avec quel impact sur la productivit\u00e9?","datePublished":"2025-07-09T10:18:30+00:00","dateModified":"2025-07-09T10:18:30+00:00","mainEntityOfPage":{"@id":"https:\/\/peoplesphere.be\/fr\/debout-ou-assis-au-bureau-et-avec-quel-impact-sur-la-productivite\/"},"wordCount":733,"publisher":{"@id":"https:\/\/peoplesphere.be\/fr\/#organization"},"keywords":["bien-\u00eatre","efficacit\u00e9","environnement de travail","ergonomie","Pr\u00e9vention","productivit\u00e9","Sant\u00e9"],"articleSection":["Actualit\u00e9s","Digital"],"inLanguage":"fr-FR"},{"@type":"WebPage","@id":"https:\/\/peoplesphere.be\/fr\/debout-ou-assis-au-bureau-et-avec-quel-impact-sur-la-productivite\/","url":"https:\/\/peoplesphere.be\/fr\/debout-ou-assis-au-bureau-et-avec-quel-impact-sur-la-productivite\/","name":"Debout ou assis au bureau? Et avec quel impact sur la productivit\u00e9? - Peoplesphere","isPartOf":{"@id":"https:\/\/peoplesphere.be\/fr\/#website"},"datePublished":"2025-07-09T10:18:30+00:00","dateModified":"2025-07-09T10:18:30+00:00","breadcrumb":{"@id":"https:\/\/peoplesphere.be\/fr\/debout-ou-assis-au-bureau-et-avec-quel-impact-sur-la-productivite\/#breadcrumb"},"inLanguage":"fr-FR","potentialAction":[{"@type":"ReadAction","target":["https:\/\/peoplesphere.be\/fr\/debout-ou-assis-au-bureau-et-avec-quel-impact-sur-la-productivite\/"]}]},{"@type":"BreadcrumbList","@id":"https:\/\/peoplesphere.be\/fr\/debout-ou-assis-au-bureau-et-avec-quel-impact-sur-la-productivite\/#breadcrumb","itemListElement":[{"@type":"ListItem","position":1,"name":"Accueil","item":"https:\/\/peoplesphere.be\/fr\/"},{"@type":"ListItem","position":2,"name":"Debout ou assis au bureau? Et avec quel impact sur la productivit\u00e9?"}]},{"@type":"WebSite","@id":"https:\/\/peoplesphere.be\/fr\/#website","url":"https:\/\/peoplesphere.be\/fr\/","name":"Peoplesphere","description":"The People Managers Magazine","publisher":{"@id":"https:\/\/peoplesphere.be\/fr\/#organization"},"potentialAction":[{"@type":"SearchAction","target":{"@type":"EntryPoint","urlTemplate":"https:\/\/peoplesphere.be\/fr\/?s={search_term_string}"},"query-input":"required name=search_term_string"}],"inLanguage":"fr-FR"},{"@type":"Organization","@id":"https:\/\/peoplesphere.be\/fr\/#organization","name":"Peoplesphere Company srl","url":"https:\/\/peoplesphere.be\/fr\/","logo":{"@type":"ImageObject","inLanguage":"fr-FR","@id":"https:\/\/peoplesphere.be\/fr\/#\/schema\/logo\/image\/","url":"https:\/\/peoplesphere.be\/fr\/wp-content\/uploads\/2023\/07\/peoplesphere-lgo-new-generik.jpg","contentUrl":"https:\/\/peoplesphere.be\/fr\/wp-content\/uploads\/2023\/07\/peoplesphere-lgo-new-generik.jpg","width":1031,"height":1479,"caption":"Peoplesphere Company srl"},"image":{"@id":"https:\/\/peoplesphere.be\/fr\/#\/schema\/logo\/image\/"},"sameAs":["https:\/\/www.facebook.com\/peoplesphere","https:\/\/twitter.com\/PeoplesphereMag","https:\/\/www.linkedin.com\/company\/7587361?trk","http:\/\/youtube.com\/peoplesphere"]},{"@type":"Person","@id":"https:\/\/peoplesphere.be\/fr\/#\/schema\/person\/7976225ff17988604334abb7b3536a7e","name":"Jean-Paul Erhard","image":{"@type":"ImageObject","inLanguage":"fr-FR","@id":"https:\/\/peoplesphere.be\/fr\/#\/schema\/person\/image\/","url":"https:\/\/secure.gravatar.com\/avatar\/f941e681460179738071629a51574930?s=96&d=mm&r=g","contentUrl":"https:\/\/secure.gravatar.com\/avatar\/f941e681460179738071629a51574930?s=96&d=mm&r=g","caption":"Jean-Paul Erhard"},"url":"https:\/\/peoplesphere.be\/fr\/author\/jpe\/"}]}},"_links":{"self":[{"href":"https:\/\/peoplesphere.be\/fr\/wp-json\/wp\/v2\/posts\/17989"}],"collection":[{"href":"https:\/\/peoplesphere.be\/fr\/wp-json\/wp\/v2\/posts"}],"about":[{"href":"https:\/\/peoplesphere.be\/fr\/wp-json\/wp\/v2\/types\/post"}],"author":[{"embeddable":true,"href":"https:\/\/peoplesphere.be\/fr\/wp-json\/wp\/v2\/users\/2"}],"replies":[{"embeddable":true,"href":"https:\/\/peoplesphere.be\/fr\/wp-json\/wp\/v2\/comments?post=17989"}],"version-history":[{"count":1,"href":"https:\/\/peoplesphere.be\/fr\/wp-json\/wp\/v2\/posts\/17989\/revisions"}],"predecessor-version":[{"id":17991,"href":"https:\/\/peoplesphere.be\/fr\/wp-json\/wp\/v2\/posts\/17989\/revisions\/17991"}],"wp:featuredmedia":[{"embeddable":true,"href":"https:\/\/peoplesphere.be\/fr\/wp-json\/wp\/v2\/media\/17990"}],"wp:attachment":[{"href":"https:\/\/peoplesphere.be\/fr\/wp-json\/wp\/v2\/media?parent=17989"}],"wp:term":[{"taxonomy":"category","embeddable":true,"href":"https:\/\/peoplesphere.be\/fr\/wp-json\/wp\/v2\/categories?post=17989"},{"taxonomy":"post_tag","embeddable":true,"href":"https:\/\/peoplesphere.be\/fr\/wp-json\/wp\/v2\/tags?post=17989"}],"curies":[{"name":"wp","href":"https:\/\/api.w.org\/{rel}","templated":true}]}}