









{"id":18003,"date":"2025-07-13T10:39:29","date_gmt":"2025-07-13T08:39:29","guid":{"rendered":"https:\/\/peoplesphere.be\/fr\/?p=18003"},"modified":"2025-07-13T10:39:29","modified_gmt":"2025-07-13T08:39:29","slug":"modification-du-regime-de-cotisation-des-travailleurs-independants-qui-travaillent-apres-lage-legal-de-pension","status":"publish","type":"post","link":"https:\/\/peoplesphere.be\/fr\/modification-du-regime-de-cotisation-des-travailleurs-independants-qui-travaillent-apres-lage-legal-de-pension\/","title":{"rendered":"Modification du r\u00e9gime de cotisation des travailleurs ind\u00e9pendants qui travaillent apr\u00e8s l\u2019\u00e2ge l\u00e9gal de pension."},"content":{"rendered":"<p>Sur proposition de la ministre des Ind\u00e9pendants \u00c9l\u00e9onore Simonet, le Conseil des ministres a approuv\u00e9 un projet d\u2019arr\u00eat\u00e9 royal modifiant le r\u00e9gime de cotisations sociales des ind\u00e9pendants qui continuent de travailler apr\u00e8s l\u2019\u00e2ge l\u00e9gal de la pension.<!--more--><\/p>\n<p>\u00c0 compter du 1er octobre 2025, les travailleurs ind\u00e9pendants qui atteignent l\u2019\u00e2ge l\u00e9gal de la pension mais ne b\u00e9n\u00e9ficient pas d\u2019une pension de retraite ou d\u2019une pension de survie ou ne b\u00e9n\u00e9ficient effectivement que d\u2019une pension de survie, sont redevables des m\u00eames cotisations qu\u2019un travailleur ind\u00e9pendant \u00e0 titre principal et peuvent constituer des droits \u00e0 la pension suppl\u00e9mentaires.<\/p>\n<p>Ces travailleurs ind\u00e9pendants peuvent toutefois demander \u00e0 continuer \u00e0 cotiser sur la base du r\u00e9gime actuel de cotisations via une proc\u00e9dure \u00ab opt-out \u00bb, et ne constitueront d\u00e8s lors pas de droits \u00e0 la pension suppl\u00e9mentaires apr\u00e8s avoir atteint l\u2019\u00e2ge l\u00e9gal de pension. Le projet \u00e9labore la proc\u00e9dure de demande pour les travailleurs ind\u00e9pendants qui souhaitent b\u00e9n\u00e9ficier de la proc\u00e9dure d&rsquo;opt-out.<\/p>\n<p>Le projet est transmis pour avis au Conseil d\u2019\u00c9tat.<\/p>\n<p>&nbsp;<\/p>\n<p><em>Source : SPF Chancellerie du Premier Ministre &#8211; Direction g\u00e9n\u00e9rale Communication externe &#8211; Projet d\u2019arr\u00eat\u00e9 royal modifiant divers arr\u00eat\u00e9s royaux suite \u00e0 la modification du r\u00e9gime de cotisation des travailleurs ind\u00e9pendants pensionn\u00e9s<\/em><\/p>\n","protected":false},"excerpt":{"rendered":"<p>Sur proposition de la ministre des Ind\u00e9pendants \u00c9l\u00e9onore Simonet, le Conseil des ministres a approuv\u00e9 un projet d\u2019arr\u00eat\u00e9 royal modifiant le r\u00e9gime de cotisations sociales des ind\u00e9pendants qui continuent de travailler apr\u00e8s l\u2019\u00e2ge l\u00e9gal de la pension.<\/p>\n","protected":false},"author":2,"featured_media":0,"comment_status":"closed","ping_status":"open","sticky":false,"template":"","format":"standard","meta":[],"categories":[65,10],"tags":[285,689],"yoast_head":"<!-- This site is optimized with the Yoast SEO plugin v21.0 - https:\/\/yoast.com\/wordpress\/plugins\/seo\/ -->\n<title>Modification du r\u00e9gime de cotisation des travailleurs ind\u00e9pendants qui travaillent apr\u00e8s l\u2019\u00e2ge l\u00e9gal de pension. - Peoplesphere<\/title>\n<meta name=\"robots\" content=\"index, follow, max-snippet:-1, max-image-preview:large, max-video-preview:-1\" \/>\n<link rel=\"canonical\" href=\"https:\/\/peoplesphere.be\/fr\/modification-du-regime-de-cotisation-des-travailleurs-independants-qui-travaillent-apres-lage-legal-de-pension\/\" \/>\n<meta property=\"og:locale\" content=\"fr_FR\" \/>\n<meta property=\"og:type\" content=\"article\" \/>\n<meta property=\"og:title\" content=\"Modification du r\u00e9gime de cotisation des travailleurs ind\u00e9pendants qui travaillent apr\u00e8s l\u2019\u00e2ge l\u00e9gal de pension. - Peoplesphere\" \/>\n<meta property=\"og:description\" content=\"Sur proposition de la ministre des Ind\u00e9pendants \u00c9l\u00e9onore Simonet, le Conseil des ministres a approuv\u00e9 un projet d\u2019arr\u00eat\u00e9 royal modifiant le r\u00e9gime de cotisations sociales des ind\u00e9pendants qui continuent de travailler apr\u00e8s l\u2019\u00e2ge l\u00e9gal de la pension.\" \/>\n<meta property=\"og:url\" content=\"https:\/\/peoplesphere.be\/fr\/modification-du-regime-de-cotisation-des-travailleurs-independants-qui-travaillent-apres-lage-legal-de-pension\/\" \/>\n<meta property=\"og:site_name\" content=\"Peoplesphere\" \/>\n<meta property=\"article:publisher\" content=\"https:\/\/www.facebook.com\/peoplesphere\" \/>\n<meta property=\"article:published_time\" content=\"2025-07-13T08:39:29+00:00\" \/>\n<meta property=\"og:image\" content=\"http:\/\/www.peoplesphere.be\/fr\/wp-content\/uploads\/2016\/07\/facebook-default-posting-1200x628px.jpg\" \/>\n<meta name=\"author\" content=\"Jean-Paul Erhard\" \/>\n<meta name=\"twitter:card\" content=\"summary_large_image\" \/>\n<meta name=\"twitter:creator\" content=\"@PeoplesphereMag\" \/>\n<meta name=\"twitter:site\" content=\"@PeoplesphereMag\" \/>\n<meta name=\"twitter:label1\" content=\"\u00c9crit par\" \/>\n\t<meta name=\"twitter:data1\" content=\"Jean-Paul Erhard\" \/>\n\t<meta name=\"twitter:label2\" content=\"Dur\u00e9e de lecture estim\u00e9e\" \/>\n\t<meta name=\"twitter:data2\" content=\"1 minute\" \/>\n<script type=\"application\/ld+json\" class=\"yoast-schema-graph\">{\"@context\":\"https:\/\/schema.org\",\"@graph\":[{\"@type\":\"Article\",\"@id\":\"https:\/\/peoplesphere.be\/fr\/modification-du-regime-de-cotisation-des-travailleurs-independants-qui-travaillent-apres-lage-legal-de-pension\/#article\",\"isPartOf\":{\"@id\":\"https:\/\/peoplesphere.be\/fr\/modification-du-regime-de-cotisation-des-travailleurs-independants-qui-travaillent-apres-lage-legal-de-pension\/\"},\"author\":{\"name\":\"Jean-Paul Erhard\",\"@id\":\"https:\/\/peoplesphere.be\/fr\/#\/schema\/person\/7976225ff17988604334abb7b3536a7e\"},\"headline\":\"Modification du r\u00e9gime de cotisation des travailleurs ind\u00e9pendants qui travaillent apr\u00e8s l\u2019\u00e2ge l\u00e9gal de pension.\",\"datePublished\":\"2025-07-13T08:39:29+00:00\",\"dateModified\":\"2025-07-13T08:39:29+00:00\",\"mainEntityOfPage\":{\"@id\":\"https:\/\/peoplesphere.be\/fr\/modification-du-regime-de-cotisation-des-travailleurs-independants-qui-travaillent-apres-lage-legal-de-pension\/\"},\"wordCount\":253,\"publisher\":{\"@id\":\"https:\/\/peoplesphere.be\/fr\/#organization\"},\"keywords\":[\"ind\u00e9pendants\",\"pension l\u00e9gale\"],\"articleSection\":[\"Actualit\u00e9s\",\"Digital\"],\"inLanguage\":\"fr-FR\"},{\"@type\":\"WebPage\",\"@id\":\"https:\/\/peoplesphere.be\/fr\/modification-du-regime-de-cotisation-des-travailleurs-independants-qui-travaillent-apres-lage-legal-de-pension\/\",\"url\":\"https:\/\/peoplesphere.be\/fr\/modification-du-regime-de-cotisation-des-travailleurs-independants-qui-travaillent-apres-lage-legal-de-pension\/\",\"name\":\"Modification du r\u00e9gime de cotisation des travailleurs ind\u00e9pendants qui travaillent apr\u00e8s l\u2019\u00e2ge l\u00e9gal de pension. - Peoplesphere\",\"isPartOf\":{\"@id\":\"https:\/\/peoplesphere.be\/fr\/#website\"},\"datePublished\":\"2025-07-13T08:39:29+00:00\",\"dateModified\":\"2025-07-13T08:39:29+00:00\",\"breadcrumb\":{\"@id\":\"https:\/\/peoplesphere.be\/fr\/modification-du-regime-de-cotisation-des-travailleurs-independants-qui-travaillent-apres-lage-legal-de-pension\/#breadcrumb\"},\"inLanguage\":\"fr-FR\",\"potentialAction\":[{\"@type\":\"ReadAction\",\"target\":[\"https:\/\/peoplesphere.be\/fr\/modification-du-regime-de-cotisation-des-travailleurs-independants-qui-travaillent-apres-lage-legal-de-pension\/\"]}]},{\"@type\":\"BreadcrumbList\",\"@id\":\"https:\/\/peoplesphere.be\/fr\/modification-du-regime-de-cotisation-des-travailleurs-independants-qui-travaillent-apres-lage-legal-de-pension\/#breadcrumb\",\"itemListElement\":[{\"@type\":\"ListItem\",\"position\":1,\"name\":\"Accueil\",\"item\":\"https:\/\/peoplesphere.be\/fr\/\"},{\"@type\":\"ListItem\",\"position\":2,\"name\":\"Modification du r\u00e9gime de cotisation des travailleurs ind\u00e9pendants qui travaillent apr\u00e8s l\u2019\u00e2ge l\u00e9gal de pension.\"}]},{\"@type\":\"WebSite\",\"@id\":\"https:\/\/peoplesphere.be\/fr\/#website\",\"url\":\"https:\/\/peoplesphere.be\/fr\/\",\"name\":\"Peoplesphere\",\"description\":\"The People Managers Magazine\",\"publisher\":{\"@id\":\"https:\/\/peoplesphere.be\/fr\/#organization\"},\"potentialAction\":[{\"@type\":\"SearchAction\",\"target\":{\"@type\":\"EntryPoint\",\"urlTemplate\":\"https:\/\/peoplesphere.be\/fr\/?s={search_term_string}\"},\"query-input\":\"required name=search_term_string\"}],\"inLanguage\":\"fr-FR\"},{\"@type\":\"Organization\",\"@id\":\"https:\/\/peoplesphere.be\/fr\/#organization\",\"name\":\"Peoplesphere Company srl\",\"url\":\"https:\/\/peoplesphere.be\/fr\/\",\"logo\":{\"@type\":\"ImageObject\",\"inLanguage\":\"fr-FR\",\"@id\":\"https:\/\/peoplesphere.be\/fr\/#\/schema\/logo\/image\/\",\"url\":\"https:\/\/peoplesphere.be\/fr\/wp-content\/uploads\/2023\/07\/peoplesphere-lgo-new-generik.jpg\",\"contentUrl\":\"https:\/\/peoplesphere.be\/fr\/wp-content\/uploads\/2023\/07\/peoplesphere-lgo-new-generik.jpg\",\"width\":1031,\"height\":1479,\"caption\":\"Peoplesphere Company srl\"},\"image\":{\"@id\":\"https:\/\/peoplesphere.be\/fr\/#\/schema\/logo\/image\/\"},\"sameAs\":[\"https:\/\/www.facebook.com\/peoplesphere\",\"https:\/\/twitter.com\/PeoplesphereMag\",\"https:\/\/www.linkedin.com\/company\/7587361?trk\",\"http:\/\/youtube.com\/peoplesphere\"]},{\"@type\":\"Person\",\"@id\":\"https:\/\/peoplesphere.be\/fr\/#\/schema\/person\/7976225ff17988604334abb7b3536a7e\",\"name\":\"Jean-Paul Erhard\",\"image\":{\"@type\":\"ImageObject\",\"inLanguage\":\"fr-FR\",\"@id\":\"https:\/\/peoplesphere.be\/fr\/#\/schema\/person\/image\/\",\"url\":\"https:\/\/secure.gravatar.com\/avatar\/f941e681460179738071629a51574930?s=96&d=mm&r=g\",\"contentUrl\":\"https:\/\/secure.gravatar.com\/avatar\/f941e681460179738071629a51574930?s=96&d=mm&r=g\",\"caption\":\"Jean-Paul Erhard\"},\"url\":\"https:\/\/peoplesphere.be\/fr\/author\/jpe\/\"}]}<\/script>\n<!-- \/ Yoast SEO plugin. -->","yoast_head_json":{"title":"Modification du r\u00e9gime de cotisation des travailleurs ind\u00e9pendants qui travaillent apr\u00e8s l\u2019\u00e2ge l\u00e9gal de pension. - Peoplesphere","robots":{"index":"index","follow":"follow","max-snippet":"max-snippet:-1","max-image-preview":"max-image-preview:large","max-video-preview":"max-video-preview:-1"},"canonical":"https:\/\/peoplesphere.be\/fr\/modification-du-regime-de-cotisation-des-travailleurs-independants-qui-travaillent-apres-lage-legal-de-pension\/","og_locale":"fr_FR","og_type":"article","og_title":"Modification du r\u00e9gime de cotisation des travailleurs ind\u00e9pendants qui travaillent apr\u00e8s l\u2019\u00e2ge l\u00e9gal de pension. - Peoplesphere","og_description":"Sur proposition de la ministre des Ind\u00e9pendants \u00c9l\u00e9onore Simonet, le Conseil des ministres a approuv\u00e9 un projet d\u2019arr\u00eat\u00e9 royal modifiant le r\u00e9gime de cotisations sociales des ind\u00e9pendants qui continuent de travailler apr\u00e8s l\u2019\u00e2ge l\u00e9gal de la pension.","og_url":"https:\/\/peoplesphere.be\/fr\/modification-du-regime-de-cotisation-des-travailleurs-independants-qui-travaillent-apres-lage-legal-de-pension\/","og_site_name":"Peoplesphere","article_publisher":"https:\/\/www.facebook.com\/peoplesphere","article_published_time":"2025-07-13T08:39:29+00:00","og_image":[{"url":"http:\/\/www.peoplesphere.be\/fr\/wp-content\/uploads\/2016\/07\/facebook-default-posting-1200x628px.jpg"}],"author":"Jean-Paul Erhard","twitter_card":"summary_large_image","twitter_creator":"@PeoplesphereMag","twitter_site":"@PeoplesphereMag","twitter_misc":{"\u00c9crit par":"Jean-Paul Erhard","Dur\u00e9e de lecture estim\u00e9e":"1 minute"},"schema":{"@context":"https:\/\/schema.org","@graph":[{"@type":"Article","@id":"https:\/\/peoplesphere.be\/fr\/modification-du-regime-de-cotisation-des-travailleurs-independants-qui-travaillent-apres-lage-legal-de-pension\/#article","isPartOf":{"@id":"https:\/\/peoplesphere.be\/fr\/modification-du-regime-de-cotisation-des-travailleurs-independants-qui-travaillent-apres-lage-legal-de-pension\/"},"author":{"name":"Jean-Paul Erhard","@id":"https:\/\/peoplesphere.be\/fr\/#\/schema\/person\/7976225ff17988604334abb7b3536a7e"},"headline":"Modification du r\u00e9gime de cotisation des travailleurs ind\u00e9pendants qui travaillent apr\u00e8s l\u2019\u00e2ge l\u00e9gal de pension.","datePublished":"2025-07-13T08:39:29+00:00","dateModified":"2025-07-13T08:39:29+00:00","mainEntityOfPage":{"@id":"https:\/\/peoplesphere.be\/fr\/modification-du-regime-de-cotisation-des-travailleurs-independants-qui-travaillent-apres-lage-legal-de-pension\/"},"wordCount":253,"publisher":{"@id":"https:\/\/peoplesphere.be\/fr\/#organization"},"keywords":["ind\u00e9pendants","pension l\u00e9gale"],"articleSection":["Actualit\u00e9s","Digital"],"inLanguage":"fr-FR"},{"@type":"WebPage","@id":"https:\/\/peoplesphere.be\/fr\/modification-du-regime-de-cotisation-des-travailleurs-independants-qui-travaillent-apres-lage-legal-de-pension\/","url":"https:\/\/peoplesphere.be\/fr\/modification-du-regime-de-cotisation-des-travailleurs-independants-qui-travaillent-apres-lage-legal-de-pension\/","name":"Modification du r\u00e9gime de cotisation des travailleurs ind\u00e9pendants qui travaillent apr\u00e8s l\u2019\u00e2ge l\u00e9gal de pension. - Peoplesphere","isPartOf":{"@id":"https:\/\/peoplesphere.be\/fr\/#website"},"datePublished":"2025-07-13T08:39:29+00:00","dateModified":"2025-07-13T08:39:29+00:00","breadcrumb":{"@id":"https:\/\/peoplesphere.be\/fr\/modification-du-regime-de-cotisation-des-travailleurs-independants-qui-travaillent-apres-lage-legal-de-pension\/#breadcrumb"},"inLanguage":"fr-FR","potentialAction":[{"@type":"ReadAction","target":["https:\/\/peoplesphere.be\/fr\/modification-du-regime-de-cotisation-des-travailleurs-independants-qui-travaillent-apres-lage-legal-de-pension\/"]}]},{"@type":"BreadcrumbList","@id":"https:\/\/peoplesphere.be\/fr\/modification-du-regime-de-cotisation-des-travailleurs-independants-qui-travaillent-apres-lage-legal-de-pension\/#breadcrumb","itemListElement":[{"@type":"ListItem","position":1,"name":"Accueil","item":"https:\/\/peoplesphere.be\/fr\/"},{"@type":"ListItem","position":2,"name":"Modification du r\u00e9gime de cotisation des travailleurs ind\u00e9pendants qui travaillent apr\u00e8s l\u2019\u00e2ge l\u00e9gal de pension."}]},{"@type":"WebSite","@id":"https:\/\/peoplesphere.be\/fr\/#website","url":"https:\/\/peoplesphere.be\/fr\/","name":"Peoplesphere","description":"The People Managers Magazine","publisher":{"@id":"https:\/\/peoplesphere.be\/fr\/#organization"},"potentialAction":[{"@type":"SearchAction","target":{"@type":"EntryPoint","urlTemplate":"https:\/\/peoplesphere.be\/fr\/?s={search_term_string}"},"query-input":"required name=search_term_string"}],"inLanguage":"fr-FR"},{"@type":"Organization","@id":"https:\/\/peoplesphere.be\/fr\/#organization","name":"Peoplesphere Company srl","url":"https:\/\/peoplesphere.be\/fr\/","logo":{"@type":"ImageObject","inLanguage":"fr-FR","@id":"https:\/\/peoplesphere.be\/fr\/#\/schema\/logo\/image\/","url":"https:\/\/peoplesphere.be\/fr\/wp-content\/uploads\/2023\/07\/peoplesphere-lgo-new-generik.jpg","contentUrl":"https:\/\/peoplesphere.be\/fr\/wp-content\/uploads\/2023\/07\/peoplesphere-lgo-new-generik.jpg","width":1031,"height":1479,"caption":"Peoplesphere Company srl"},"image":{"@id":"https:\/\/peoplesphere.be\/fr\/#\/schema\/logo\/image\/"},"sameAs":["https:\/\/www.facebook.com\/peoplesphere","https:\/\/twitter.com\/PeoplesphereMag","https:\/\/www.linkedin.com\/company\/7587361?trk","http:\/\/youtube.com\/peoplesphere"]},{"@type":"Person","@id":"https:\/\/peoplesphere.be\/fr\/#\/schema\/person\/7976225ff17988604334abb7b3536a7e","name":"Jean-Paul Erhard","image":{"@type":"ImageObject","inLanguage":"fr-FR","@id":"https:\/\/peoplesphere.be\/fr\/#\/schema\/person\/image\/","url":"https:\/\/secure.gravatar.com\/avatar\/f941e681460179738071629a51574930?s=96&d=mm&r=g","contentUrl":"https:\/\/secure.gravatar.com\/avatar\/f941e681460179738071629a51574930?s=96&d=mm&r=g","caption":"Jean-Paul Erhard"},"url":"https:\/\/peoplesphere.be\/fr\/author\/jpe\/"}]}},"_links":{"self":[{"href":"https:\/\/peoplesphere.be\/fr\/wp-json\/wp\/v2\/posts\/18003"}],"collection":[{"href":"https:\/\/peoplesphere.be\/fr\/wp-json\/wp\/v2\/posts"}],"about":[{"href":"https:\/\/peoplesphere.be\/fr\/wp-json\/wp\/v2\/types\/post"}],"author":[{"embeddable":true,"href":"https:\/\/peoplesphere.be\/fr\/wp-json\/wp\/v2\/users\/2"}],"replies":[{"embeddable":true,"href":"https:\/\/peoplesphere.be\/fr\/wp-json\/wp\/v2\/comments?post=18003"}],"version-history":[{"count":1,"href":"https:\/\/peoplesphere.be\/fr\/wp-json\/wp\/v2\/posts\/18003\/revisions"}],"predecessor-version":[{"id":18004,"href":"https:\/\/peoplesphere.be\/fr\/wp-json\/wp\/v2\/posts\/18003\/revisions\/18004"}],"wp:attachment":[{"href":"https:\/\/peoplesphere.be\/fr\/wp-json\/wp\/v2\/media?parent=18003"}],"wp:term":[{"taxonomy":"category","embeddable":true,"href":"https:\/\/peoplesphere.be\/fr\/wp-json\/wp\/v2\/categories?post=18003"},{"taxonomy":"post_tag","embeddable":true,"href":"https:\/\/peoplesphere.be\/fr\/wp-json\/wp\/v2\/tags?post=18003"}],"curies":[{"name":"wp","href":"https:\/\/api.w.org\/{rel}","templated":true}]}}