









{"id":18005,"date":"2025-07-14T06:46:17","date_gmt":"2025-07-14T04:46:17","guid":{"rendered":"https:\/\/peoplesphere.be\/fr\/?p=18005"},"modified":"2025-07-14T06:46:17","modified_gmt":"2025-07-14T04:46:17","slug":"bientot-la-retraite-a-70-ans-le-danemark-vient-dy-passer","status":"publish","type":"post","link":"https:\/\/peoplesphere.be\/fr\/bientot-la-retraite-a-70-ans-le-danemark-vient-dy-passer\/","title":{"rendered":"Bient\u00f4t la retraite \u00e0 70 ans? Le Danemark vient d&rsquo;y passer&#8230;"},"content":{"rendered":"<p>Comment ne pas se poser des questions alors que notre syst\u00e8me de pensions est sous pression depuis longtemps d\u00e9j\u00e0 et pour de nombreuses ann\u00e9es \u00e0 venir encore&#8230; Comme le signale la RTBF \u00e0 l&rsquo;issue de ce week-end, <em>\u00ab\u00a0le Parlement danois a franchi un cap symbolique ce jeudi en adoptant une mesure qui repousse l\u2019\u00e2ge l\u00e9gal de d\u00e9part \u00e0 la retraite \u00e0 70 ans pour les personnes n\u00e9es apr\u00e8s le 31 d\u00e9cembre 1970. Une d\u00e9cision lourde de sens, reflet d\u2019une tendance qui touche l\u2019ensemble du continent europ\u00e9en : le vieillissement inexorable de la population.\u00a0\u00bb<\/em><!--more--><\/p>\n<p>La RTBF pr\u00e9cise encore les modalit\u00e9s de cette nouvelle r\u00e9glementation: <em>\u00ab\u00a0cette r\u00e9forme s\u2019inscrit dans le cadre d\u2019un m\u00e9canisme instaur\u00e9 par une loi vot\u00e9e en 2006, selon lequel l\u2019\u00e2ge de la retraite est automatiquement index\u00e9 sur l\u2019esp\u00e9rance de vie. Tous les cinq ans, une \u00e9valuation nationale permet de r\u00e9ajuster l\u2019\u00e2ge de d\u00e9part, en fonction des donn\u00e9es d\u00e9mographiques actualis\u00e9es.<\/em><\/p>\n<p><em>En l\u2019an 2000, les Danois prenaient leur retraite \u00e0 65 ans. Un quart de si\u00e8cle plus tard, cette borne s\u2019est d\u00e9plac\u00e9e de cinq ann\u00e9es suppl\u00e9mentaires atteignant le jalon 70 et marquant un nouveau seuil europ\u00e9en jusqu\u2019alors jamais atteint. Dans le m\u00eame temps, l\u2019esp\u00e9rance de vie a progress\u00e9 de quatre ans et demi, justifiant, selon les autorit\u00e9s, ce nouveau rel\u00e8vement.\u00a0\u00bb<\/em><\/p>\n<p>Le mod\u00e8le danois repose sur un syst\u00e8me de retraite \u00e0 plusieurs piliers : une pension universelle, fix\u00e9e \u00e0 7198 couronnes (environ 968 euros) en 2025, \u00e0 laquelle s\u2019ajoutent des dispositifs de capitalisation obligatoires et facultatifs, permettant \u00e0 certains de partir plus t\u00f4t, selon leur parcours professionnel et leur capacit\u00e9 d\u2019\u00e9pargne.<\/p>\n<p>D\u2019apr\u00e8s les derni\u00e8res donn\u00e9es de l\u2019OCDE, datant de 2022, l\u2019\u00e2ge effectif moyen de d\u00e9part \u00e0 la retraite au Danemark avoisine les 64 ans. Un chiffre r\u00e9v\u00e9lateur, selon l\u2019ethnologue Aske Juul Lassen interrog\u00e9 par l\u2019AFP : <em>\u00ab\u00a0Environ 80% des personnes qui prennent leur retraite pourraient continuer \u00e0 travailler, mais les 20% restants y sont contraints soit par la maladie, soit par l\u2019incapacit\u00e9 \u00e0 retrouver un emploi.\u00a0\u00bb<\/em><\/p>\n<h3><strong><em>Revoir aussi le syst\u00e8me d&rsquo;indexation ?<\/em><\/strong><\/h3>\n<p>La mesure entrera pleinement en vigueur au 1er janvier 2040. Tous les cinq ans, l\u2019\u00e2ge sera relev\u00e9 d\u2019un an jusqu\u2019\u00e0 cette date. Sans changement dans la l\u00e9gislation danoise actuelle, certains d\u00e9mographes, ethnologues et \u00e9conomistes craignent que l\u2019\u00e2ge de la retraite pourrait atteindre les 74 ans en 2070. Toutefois, l\u2019automaticit\u00e9 de l\u2019indexation du d\u00e9part pourrait \u00eatre remise en question. La Premi\u00e8re ministre, Mette Frederiksen, a ouvert la porte \u00e0 une r\u00e9forme en profondeur : <em>\u00ab\u00a0Je ne crois plus \u00e0 la pertinence d\u2019un m\u00e9canisme purement automatique. Une fois les 70 ans atteints, il faudra repenser le syst\u00e8me dans sa globalit\u00e9\u00a0\u00bb.<\/em><\/p>\n<p>D\u2019autres pays europ\u00e9ens pourraient embo\u00eeter le pas du Danemark. \u00c0 l\u2019automne 2024, le ministre italien \u00e0 l\u2019Administration publique Paolo Zangrillo, avait \u00e9voqu\u00e9 la possibilit\u00e9 pour les fonctionnaires de continuer \u00e0 travailler jusqu\u2019\u00e0 70 ans, s\u2019ils le souhaitaient.<\/p>\n<p>&nbsp;<\/p>\n<p><em>Source: RTBF &#8211; Fran\u00e7ois Ladouce<\/em><\/p>\n","protected":false},"excerpt":{"rendered":"<p>Comment ne pas se poser des questions alors que notre syst\u00e8me de pensions est sous pression depuis longtemps d\u00e9j\u00e0 et pour de nombreuses ann\u00e9es \u00e0 venir encore&#8230; Comme le signale la RTBF \u00e0 l&rsquo;issue de ce week-end, \u00ab\u00a0le Parlement danois [&hellip;]<\/p>\n","protected":false},"author":2,"featured_media":18006,"comment_status":"closed","ping_status":"open","sticky":false,"template":"","format":"standard","meta":[],"categories":[65,10],"tags":[335,643,4314,130,13,688],"yoast_head":"<!-- This site is optimized with the Yoast SEO plugin v21.0 - https:\/\/yoast.com\/wordpress\/plugins\/seo\/ -->\n<title>Bient\u00f4t la retraite \u00e0 70 ans? Le Danemark vient d&#039;y passer... - Peoplesphere<\/title>\n<meta name=\"robots\" content=\"index, follow, max-snippet:-1, max-image-preview:large, max-video-preview:-1\" \/>\n<link rel=\"canonical\" href=\"https:\/\/peoplesphere.be\/fr\/bientot-la-retraite-a-70-ans-le-danemark-vient-dy-passer\/\" \/>\n<meta property=\"og:locale\" content=\"fr_FR\" \/>\n<meta property=\"og:type\" content=\"article\" \/>\n<meta property=\"og:title\" content=\"Bient\u00f4t la retraite \u00e0 70 ans? Le Danemark vient d&#039;y passer... - Peoplesphere\" \/>\n<meta property=\"og:description\" content=\"Comment ne pas se poser des questions alors que notre syst\u00e8me de pensions est sous pression depuis longtemps d\u00e9j\u00e0 et pour de nombreuses ann\u00e9es \u00e0 venir encore&#8230; Comme le signale la RTBF \u00e0 l&rsquo;issue de ce week-end, \u00ab\u00a0le Parlement danois [&hellip;]\" \/>\n<meta property=\"og:url\" content=\"https:\/\/peoplesphere.be\/fr\/bientot-la-retraite-a-70-ans-le-danemark-vient-dy-passer\/\" \/>\n<meta property=\"og:site_name\" content=\"Peoplesphere\" \/>\n<meta property=\"article:publisher\" content=\"https:\/\/www.facebook.com\/peoplesphere\" \/>\n<meta property=\"article:published_time\" content=\"2025-07-14T04:46:17+00:00\" \/>\n<meta property=\"og:image\" content=\"https:\/\/peoplesphere.be\/fr\/wp-content\/uploads\/2025\/07\/20250714denmark.jpg\" \/>\n\t<meta property=\"og:image:width\" content=\"800\" \/>\n\t<meta property=\"og:image:height\" content=\"533\" \/>\n\t<meta property=\"og:image:type\" content=\"image\/jpeg\" \/>\n<meta name=\"author\" content=\"Jean-Paul Erhard\" \/>\n<meta name=\"twitter:card\" content=\"summary_large_image\" \/>\n<meta name=\"twitter:creator\" content=\"@PeoplesphereMag\" \/>\n<meta name=\"twitter:site\" content=\"@PeoplesphereMag\" \/>\n<meta name=\"twitter:label1\" content=\"\u00c9crit par\" \/>\n\t<meta name=\"twitter:data1\" content=\"Jean-Paul Erhard\" \/>\n\t<meta name=\"twitter:label2\" content=\"Dur\u00e9e de lecture estim\u00e9e\" \/>\n\t<meta name=\"twitter:data2\" content=\"3 minutes\" \/>\n<script type=\"application\/ld+json\" class=\"yoast-schema-graph\">{\"@context\":\"https:\/\/schema.org\",\"@graph\":[{\"@type\":\"Article\",\"@id\":\"https:\/\/peoplesphere.be\/fr\/bientot-la-retraite-a-70-ans-le-danemark-vient-dy-passer\/#article\",\"isPartOf\":{\"@id\":\"https:\/\/peoplesphere.be\/fr\/bientot-la-retraite-a-70-ans-le-danemark-vient-dy-passer\/\"},\"author\":{\"name\":\"Jean-Paul Erhard\",\"@id\":\"https:\/\/peoplesphere.be\/fr\/#\/schema\/person\/7976225ff17988604334abb7b3536a7e\"},\"headline\":\"Bient\u00f4t la retraite \u00e0 70 ans? Le Danemark vient d&rsquo;y passer&#8230;\",\"datePublished\":\"2025-07-14T04:46:17+00:00\",\"dateModified\":\"2025-07-14T04:46:17+00:00\",\"mainEntityOfPage\":{\"@id\":\"https:\/\/peoplesphere.be\/fr\/bientot-la-retraite-a-70-ans-le-danemark-vient-dy-passer\/\"},\"wordCount\":522,\"publisher\":{\"@id\":\"https:\/\/peoplesphere.be\/fr\/#organization\"},\"keywords\":[\"\u00e2ge l\u00e9gal\",\"carri\u00e8re\",\"Danemark\",\"Europe\",\"Pension\",\"retraite\"],\"articleSection\":[\"Actualit\u00e9s\",\"Digital\"],\"inLanguage\":\"fr-FR\"},{\"@type\":\"WebPage\",\"@id\":\"https:\/\/peoplesphere.be\/fr\/bientot-la-retraite-a-70-ans-le-danemark-vient-dy-passer\/\",\"url\":\"https:\/\/peoplesphere.be\/fr\/bientot-la-retraite-a-70-ans-le-danemark-vient-dy-passer\/\",\"name\":\"Bient\u00f4t la retraite \u00e0 70 ans? Le Danemark vient d'y passer... - Peoplesphere\",\"isPartOf\":{\"@id\":\"https:\/\/peoplesphere.be\/fr\/#website\"},\"datePublished\":\"2025-07-14T04:46:17+00:00\",\"dateModified\":\"2025-07-14T04:46:17+00:00\",\"breadcrumb\":{\"@id\":\"https:\/\/peoplesphere.be\/fr\/bientot-la-retraite-a-70-ans-le-danemark-vient-dy-passer\/#breadcrumb\"},\"inLanguage\":\"fr-FR\",\"potentialAction\":[{\"@type\":\"ReadAction\",\"target\":[\"https:\/\/peoplesphere.be\/fr\/bientot-la-retraite-a-70-ans-le-danemark-vient-dy-passer\/\"]}]},{\"@type\":\"BreadcrumbList\",\"@id\":\"https:\/\/peoplesphere.be\/fr\/bientot-la-retraite-a-70-ans-le-danemark-vient-dy-passer\/#breadcrumb\",\"itemListElement\":[{\"@type\":\"ListItem\",\"position\":1,\"name\":\"Accueil\",\"item\":\"https:\/\/peoplesphere.be\/fr\/\"},{\"@type\":\"ListItem\",\"position\":2,\"name\":\"Bient\u00f4t la retraite \u00e0 70 ans? Le Danemark vient d&rsquo;y passer&#8230;\"}]},{\"@type\":\"WebSite\",\"@id\":\"https:\/\/peoplesphere.be\/fr\/#website\",\"url\":\"https:\/\/peoplesphere.be\/fr\/\",\"name\":\"Peoplesphere\",\"description\":\"The People Managers Magazine\",\"publisher\":{\"@id\":\"https:\/\/peoplesphere.be\/fr\/#organization\"},\"potentialAction\":[{\"@type\":\"SearchAction\",\"target\":{\"@type\":\"EntryPoint\",\"urlTemplate\":\"https:\/\/peoplesphere.be\/fr\/?s={search_term_string}\"},\"query-input\":\"required name=search_term_string\"}],\"inLanguage\":\"fr-FR\"},{\"@type\":\"Organization\",\"@id\":\"https:\/\/peoplesphere.be\/fr\/#organization\",\"name\":\"Peoplesphere Company srl\",\"url\":\"https:\/\/peoplesphere.be\/fr\/\",\"logo\":{\"@type\":\"ImageObject\",\"inLanguage\":\"fr-FR\",\"@id\":\"https:\/\/peoplesphere.be\/fr\/#\/schema\/logo\/image\/\",\"url\":\"https:\/\/peoplesphere.be\/fr\/wp-content\/uploads\/2023\/07\/peoplesphere-lgo-new-generik.jpg\",\"contentUrl\":\"https:\/\/peoplesphere.be\/fr\/wp-content\/uploads\/2023\/07\/peoplesphere-lgo-new-generik.jpg\",\"width\":1031,\"height\":1479,\"caption\":\"Peoplesphere Company srl\"},\"image\":{\"@id\":\"https:\/\/peoplesphere.be\/fr\/#\/schema\/logo\/image\/\"},\"sameAs\":[\"https:\/\/www.facebook.com\/peoplesphere\",\"https:\/\/twitter.com\/PeoplesphereMag\",\"https:\/\/www.linkedin.com\/company\/7587361?trk\",\"http:\/\/youtube.com\/peoplesphere\"]},{\"@type\":\"Person\",\"@id\":\"https:\/\/peoplesphere.be\/fr\/#\/schema\/person\/7976225ff17988604334abb7b3536a7e\",\"name\":\"Jean-Paul Erhard\",\"image\":{\"@type\":\"ImageObject\",\"inLanguage\":\"fr-FR\",\"@id\":\"https:\/\/peoplesphere.be\/fr\/#\/schema\/person\/image\/\",\"url\":\"https:\/\/secure.gravatar.com\/avatar\/f941e681460179738071629a51574930?s=96&d=mm&r=g\",\"contentUrl\":\"https:\/\/secure.gravatar.com\/avatar\/f941e681460179738071629a51574930?s=96&d=mm&r=g\",\"caption\":\"Jean-Paul Erhard\"},\"url\":\"https:\/\/peoplesphere.be\/fr\/author\/jpe\/\"}]}<\/script>\n<!-- \/ Yoast SEO plugin. -->","yoast_head_json":{"title":"Bient\u00f4t la retraite \u00e0 70 ans? Le Danemark vient d'y passer... - Peoplesphere","robots":{"index":"index","follow":"follow","max-snippet":"max-snippet:-1","max-image-preview":"max-image-preview:large","max-video-preview":"max-video-preview:-1"},"canonical":"https:\/\/peoplesphere.be\/fr\/bientot-la-retraite-a-70-ans-le-danemark-vient-dy-passer\/","og_locale":"fr_FR","og_type":"article","og_title":"Bient\u00f4t la retraite \u00e0 70 ans? Le Danemark vient d'y passer... - Peoplesphere","og_description":"Comment ne pas se poser des questions alors que notre syst\u00e8me de pensions est sous pression depuis longtemps d\u00e9j\u00e0 et pour de nombreuses ann\u00e9es \u00e0 venir encore&#8230; Comme le signale la RTBF \u00e0 l&rsquo;issue de ce week-end, \u00ab\u00a0le Parlement danois [&hellip;]","og_url":"https:\/\/peoplesphere.be\/fr\/bientot-la-retraite-a-70-ans-le-danemark-vient-dy-passer\/","og_site_name":"Peoplesphere","article_publisher":"https:\/\/www.facebook.com\/peoplesphere","article_published_time":"2025-07-14T04:46:17+00:00","og_image":[{"width":800,"height":533,"url":"https:\/\/peoplesphere.be\/fr\/wp-content\/uploads\/2025\/07\/20250714denmark.jpg","type":"image\/jpeg"}],"author":"Jean-Paul Erhard","twitter_card":"summary_large_image","twitter_creator":"@PeoplesphereMag","twitter_site":"@PeoplesphereMag","twitter_misc":{"\u00c9crit par":"Jean-Paul Erhard","Dur\u00e9e de lecture estim\u00e9e":"3 minutes"},"schema":{"@context":"https:\/\/schema.org","@graph":[{"@type":"Article","@id":"https:\/\/peoplesphere.be\/fr\/bientot-la-retraite-a-70-ans-le-danemark-vient-dy-passer\/#article","isPartOf":{"@id":"https:\/\/peoplesphere.be\/fr\/bientot-la-retraite-a-70-ans-le-danemark-vient-dy-passer\/"},"author":{"name":"Jean-Paul Erhard","@id":"https:\/\/peoplesphere.be\/fr\/#\/schema\/person\/7976225ff17988604334abb7b3536a7e"},"headline":"Bient\u00f4t la retraite \u00e0 70 ans? Le Danemark vient d&rsquo;y passer&#8230;","datePublished":"2025-07-14T04:46:17+00:00","dateModified":"2025-07-14T04:46:17+00:00","mainEntityOfPage":{"@id":"https:\/\/peoplesphere.be\/fr\/bientot-la-retraite-a-70-ans-le-danemark-vient-dy-passer\/"},"wordCount":522,"publisher":{"@id":"https:\/\/peoplesphere.be\/fr\/#organization"},"keywords":["\u00e2ge l\u00e9gal","carri\u00e8re","Danemark","Europe","Pension","retraite"],"articleSection":["Actualit\u00e9s","Digital"],"inLanguage":"fr-FR"},{"@type":"WebPage","@id":"https:\/\/peoplesphere.be\/fr\/bientot-la-retraite-a-70-ans-le-danemark-vient-dy-passer\/","url":"https:\/\/peoplesphere.be\/fr\/bientot-la-retraite-a-70-ans-le-danemark-vient-dy-passer\/","name":"Bient\u00f4t la retraite \u00e0 70 ans? Le Danemark vient d'y passer... - Peoplesphere","isPartOf":{"@id":"https:\/\/peoplesphere.be\/fr\/#website"},"datePublished":"2025-07-14T04:46:17+00:00","dateModified":"2025-07-14T04:46:17+00:00","breadcrumb":{"@id":"https:\/\/peoplesphere.be\/fr\/bientot-la-retraite-a-70-ans-le-danemark-vient-dy-passer\/#breadcrumb"},"inLanguage":"fr-FR","potentialAction":[{"@type":"ReadAction","target":["https:\/\/peoplesphere.be\/fr\/bientot-la-retraite-a-70-ans-le-danemark-vient-dy-passer\/"]}]},{"@type":"BreadcrumbList","@id":"https:\/\/peoplesphere.be\/fr\/bientot-la-retraite-a-70-ans-le-danemark-vient-dy-passer\/#breadcrumb","itemListElement":[{"@type":"ListItem","position":1,"name":"Accueil","item":"https:\/\/peoplesphere.be\/fr\/"},{"@type":"ListItem","position":2,"name":"Bient\u00f4t la retraite \u00e0 70 ans? Le Danemark vient d&rsquo;y passer&#8230;"}]},{"@type":"WebSite","@id":"https:\/\/peoplesphere.be\/fr\/#website","url":"https:\/\/peoplesphere.be\/fr\/","name":"Peoplesphere","description":"The People Managers Magazine","publisher":{"@id":"https:\/\/peoplesphere.be\/fr\/#organization"},"potentialAction":[{"@type":"SearchAction","target":{"@type":"EntryPoint","urlTemplate":"https:\/\/peoplesphere.be\/fr\/?s={search_term_string}"},"query-input":"required name=search_term_string"}],"inLanguage":"fr-FR"},{"@type":"Organization","@id":"https:\/\/peoplesphere.be\/fr\/#organization","name":"Peoplesphere Company srl","url":"https:\/\/peoplesphere.be\/fr\/","logo":{"@type":"ImageObject","inLanguage":"fr-FR","@id":"https:\/\/peoplesphere.be\/fr\/#\/schema\/logo\/image\/","url":"https:\/\/peoplesphere.be\/fr\/wp-content\/uploads\/2023\/07\/peoplesphere-lgo-new-generik.jpg","contentUrl":"https:\/\/peoplesphere.be\/fr\/wp-content\/uploads\/2023\/07\/peoplesphere-lgo-new-generik.jpg","width":1031,"height":1479,"caption":"Peoplesphere Company srl"},"image":{"@id":"https:\/\/peoplesphere.be\/fr\/#\/schema\/logo\/image\/"},"sameAs":["https:\/\/www.facebook.com\/peoplesphere","https:\/\/twitter.com\/PeoplesphereMag","https:\/\/www.linkedin.com\/company\/7587361?trk","http:\/\/youtube.com\/peoplesphere"]},{"@type":"Person","@id":"https:\/\/peoplesphere.be\/fr\/#\/schema\/person\/7976225ff17988604334abb7b3536a7e","name":"Jean-Paul Erhard","image":{"@type":"ImageObject","inLanguage":"fr-FR","@id":"https:\/\/peoplesphere.be\/fr\/#\/schema\/person\/image\/","url":"https:\/\/secure.gravatar.com\/avatar\/f941e681460179738071629a51574930?s=96&d=mm&r=g","contentUrl":"https:\/\/secure.gravatar.com\/avatar\/f941e681460179738071629a51574930?s=96&d=mm&r=g","caption":"Jean-Paul Erhard"},"url":"https:\/\/peoplesphere.be\/fr\/author\/jpe\/"}]}},"_links":{"self":[{"href":"https:\/\/peoplesphere.be\/fr\/wp-json\/wp\/v2\/posts\/18005"}],"collection":[{"href":"https:\/\/peoplesphere.be\/fr\/wp-json\/wp\/v2\/posts"}],"about":[{"href":"https:\/\/peoplesphere.be\/fr\/wp-json\/wp\/v2\/types\/post"}],"author":[{"embeddable":true,"href":"https:\/\/peoplesphere.be\/fr\/wp-json\/wp\/v2\/users\/2"}],"replies":[{"embeddable":true,"href":"https:\/\/peoplesphere.be\/fr\/wp-json\/wp\/v2\/comments?post=18005"}],"version-history":[{"count":1,"href":"https:\/\/peoplesphere.be\/fr\/wp-json\/wp\/v2\/posts\/18005\/revisions"}],"predecessor-version":[{"id":18007,"href":"https:\/\/peoplesphere.be\/fr\/wp-json\/wp\/v2\/posts\/18005\/revisions\/18007"}],"wp:featuredmedia":[{"embeddable":true,"href":"https:\/\/peoplesphere.be\/fr\/wp-json\/wp\/v2\/media\/18006"}],"wp:attachment":[{"href":"https:\/\/peoplesphere.be\/fr\/wp-json\/wp\/v2\/media?parent=18005"}],"wp:term":[{"taxonomy":"category","embeddable":true,"href":"https:\/\/peoplesphere.be\/fr\/wp-json\/wp\/v2\/categories?post=18005"},{"taxonomy":"post_tag","embeddable":true,"href":"https:\/\/peoplesphere.be\/fr\/wp-json\/wp\/v2\/tags?post=18005"}],"curies":[{"name":"wp","href":"https:\/\/api.w.org\/{rel}","templated":true}]}}