









{"id":18020,"date":"2025-07-17T17:30:55","date_gmt":"2025-07-17T15:30:55","guid":{"rendered":"https:\/\/peoplesphere.be\/fr\/?p=18020"},"modified":"2025-07-18T08:12:10","modified_gmt":"2025-07-18T06:12:10","slug":"travail-de-nuit-a-partir-de-minuit-desormais-la-fgtb-denonce-un-recul-social","status":"publish","type":"post","link":"https:\/\/peoplesphere.be\/fr\/travail-de-nuit-a-partir-de-minuit-desormais-la-fgtb-denonce-un-recul-social\/","title":{"rendered":"Travail de nuit \u00e0 partir de minuit d\u00e9sormais: la FGTB d\u00e9nonce un recul social."},"content":{"rendered":"<p>Selon le syndicat socialiste, la d\u00e9cision du gouvernement de ne faire d\u00e9buter le travail de nuit qu\u2019\u00e0 partir de minuit dans le secteur de la distribution est absurde d\u2019un point de vue \u00e9conomique. <em>\u00ab\u00a0De plus, le MR et la N-VA se servent de cette d\u00e9cision pour organiser un recul social pour encore plus de travailleurs.\u00a0\u00bb<\/em><!--more--><\/p>\n<p>La FGTB d\u00e9nonce: <em>\u00ab\u00a0Le travail de nuit est mauvais pour la sant\u00e9. C\u2019est scientifiquement prouv\u00e9. Les personnes qui travaillent de nuit se trouvent constamment en situation de d\u00e9calage horaire. M\u00eame \u00e0 court terme, le travail de nuit peut avoir de graves cons\u00e9quences sur la sant\u00e9 physique et mentale des travailleurs : risque accru de cancer et de diab\u00e8te de type 2, troubles du sommeil et troubles digestifs, probl\u00e8mes hormonaux, irritabilit\u00e9, troubles de la concentration, etc.\u00a0\u00bb<\/em><\/p>\n<p>Parall\u00e8lement, le travail de nuit engendre \u00e9galement des cons\u00e9quences sociales. Il est en effet difficile, voire impossible, d\u2019organiser sa vie priv\u00e9e et pr\u00e9voir quelque chose avec ses amis et sa famille est loin d\u2019\u00eatre \u00e9vident. <em>\u00ab\u00a0Si vous refusez une invitation \u00e0 trois reprises, on ne vous invitera plus la fois d\u2019apr\u00e8s\u00a0\u00bb<\/em>, t\u00e9moigne un travailleur.<\/p>\n<p><em>\u00ab\u00a0On ne joue pas avec la sant\u00e9 des gens\u00a0\u00bb,<\/em> souligne Thierry Bodson, pr\u00e9sident de la FGTB.<em> \u00ab\u00a0Le travail de nuit doit rester l\u2019exception, cela ne doit pas \u00eatre un instrument de flexibilit\u00e9 g\u00e9n\u00e9ralis\u00e9e. C\u2019est pourquoi, jusqu\u2019\u00e0 l\u2019entr\u00e9e en fonction de la coalition Arizona, le travail de nuit \u00e9tait compens\u00e9 par un meilleur salaire (primes) avec des r\u00e9gimes de sortie sp\u00e9cifiques. Le gouvernement Arizona poursuit toutefois, ici aussi, le carnage.\u00a0\u00bb<\/em><\/p>\n<h3><strong><em>Un recul social<\/em><\/strong><\/h3>\n<p>Actuellement, il est question de travail de nuit entre 20 heures et 6 heures. Le gouvernement souhaite limiter le travail de nuit aux prestations fournies entre minuit et 5 heures. <em>\u00ab\u00a0Une telle mesure repr\u00e9sente un recul social brutal et une attaque contre le pouvoir d\u2019achat. Les futurs travailleurs de nuit perdront ainsi cinq heures de droit \u00e0 une prime de nuit. Les contrats en cours qui sont maintenus ne tiennent pas compte de la r\u00e9alit\u00e9 : l\u2019arriv\u00e9e et le d\u00e9part de nouvelles entreprises et le transfert de contrats. Les travailleurs qui sont actuellement occup\u00e9s dans du travail de nuit ne sont pas pr\u00e9serv\u00e9s.\u00a0\u00bb<\/em><\/p>\n<p><em>\u00ab\u00a0<\/em><em>Le gouvernement laisse entendre que cette mesure a peu d\u2019impact, mais en r\u00e9alit\u00e9, cela implique une diminution directe du salaire et des conditions de travail plus mauvaises pour des centaines de milliers de travailleurs\u00a0\u00bb,<\/em> explique Bodson.<\/p>\n<p><em>\u00ab\u00a0Le cadre propos\u00e9 par le gouvernement De Wever est plus strict que ce qu\u2019appliquent actuellement les pays voisins. Quel est le but de la Belgique ? De remporter la course aux plus mauvaises conditions de travail ?\u00a0\u00bb<\/em><\/p>\n<h3><strong><em>Absurde sur le plan \u00e9conomique ?<\/em><\/strong><\/h3>\n<p><em>\u00ab\u00a0Enfin, notons qu\u2019il est absurde de permettre le travail de nuit dans toute une s\u00e9rie de secteurs qui actuellement ne sont nullement confront\u00e9s \u00e0 la concurrence de l\u2019\u00e9tranger et qui ne sont li\u00e9s ni de pr\u00e8s ni de loin \u00e0 la distribution ou \u00e0 l\u2019e-commerce. Pensons par exemple aux commissions paritaires auxiliaires 100 et 200, qui englobent aussi les inspections automobiles, les jeux de hasard, le nettoyage industriel, la publicit\u00e9, les institutions financi\u00e8res, les blanchisseries, etc. Au total, cela concerne pr\u00e8s d\u2019un million de travailleurs dans diff\u00e9rents secteurs o\u00f9 le travail de nuit pourra \u00eatre impos\u00e9 sous peu.<\/em><\/p>\n<p><em>Pour la seule commission paritaire 200, plus de 500.000 travailleurs pourraient se voir imposer du travail de nuit. De plus, cela touche presque exclusivement des travailleurs de petites entreprises, sans d\u00e9l\u00e9gation syndicale. Ces travailleurs sont livr\u00e9s \u00e0 la pression et \u00e0 l\u2019arbitraire de leur employeur.\u00a0\u00bb<\/em><\/p>\n<p><em>\u00ab\u00a0Nous assistons ici \u00e0 une normalisation insidieuse du travail de nuit dans des secteurs o\u00f9 cela n\u2019est absolument pas n\u00e9cessaire\u00a0\u00bb<\/em>, explique Bodson. \u00ab\u00a0<em>C\u2019est pr\u00e9cis\u00e9ment l\u00e0 o\u00f9 les travailleurs sont le moins prot\u00e9g\u00e9s que la flexibilit\u00e9 est impos\u00e9e. L\u2019argument de rendre les entreprises belges \u00ab concurrentielles \u00bb par rapport \u00e0 l\u2019\u00e9tranger est clairement fallacieux. Le v\u00e9ritable objectif qui se cache l\u00e0-derri\u00e8re est celui d\u2019un \u00e9ni\u00e8me cadeau aux employeurs au d\u00e9triment des travailleurs.\u00a0\u00bb<\/em><\/p>\n<p>Le message de la FGTB est clair : le travail de nuit ne peut \u00eatre envisag\u00e9 qu\u2019avec un solide encadrement par la concertation sociale et cela doit rester une exception, plut\u00f4t que de devenir la r\u00e8gle. La flexibilit\u00e9 a un prix : celui de bonnes conditions de travail et d\u2019une fin de carri\u00e8re r\u00e9aliste.<br \/>\n<em>\u00ab\u00a0Nous ne sommes pas oppos\u00e9s \u00e0 toute forme de souplesse dans l\u2019organisation du travail\u00a0\u00bb,<\/em> conclut Thierry Bodson<em> \u00ab\u00a0mais nous excluons toute flexibilit\u00e9 uniquement au d\u00e9triment des travailleurs\u00a0\u00bb.<\/em><\/p>\n","protected":false},"excerpt":{"rendered":"<p>Selon le syndicat socialiste, la d\u00e9cision du gouvernement de ne faire d\u00e9buter le travail de nuit qu\u2019\u00e0 partir de minuit dans le secteur de la distribution est absurde d\u2019un point de vue \u00e9conomique. \u00ab\u00a0De plus, le MR et la N-VA [&hellip;]<\/p>\n","protected":false},"author":2,"featured_media":18021,"comment_status":"closed","ping_status":"open","sticky":false,"template":"","format":"standard","meta":[],"categories":[65,10],"tags":[4245,96,272,524],"yoast_head":"<!-- This site is optimized with the Yoast SEO plugin v21.0 - https:\/\/yoast.com\/wordpress\/plugins\/seo\/ -->\n<title>Travail de nuit \u00e0 partir de minuit d\u00e9sormais: la FGTB d\u00e9nonce un recul social. - Peoplesphere<\/title>\n<meta name=\"robots\" content=\"index, follow, max-snippet:-1, max-image-preview:large, max-video-preview:-1\" \/>\n<link rel=\"canonical\" href=\"https:\/\/peoplesphere.be\/fr\/travail-de-nuit-a-partir-de-minuit-desormais-la-fgtb-denonce-un-recul-social\/\" \/>\n<meta property=\"og:locale\" content=\"fr_FR\" \/>\n<meta property=\"og:type\" content=\"article\" \/>\n<meta property=\"og:title\" content=\"Travail de nuit \u00e0 partir de minuit d\u00e9sormais: la FGTB d\u00e9nonce un recul social. - Peoplesphere\" \/>\n<meta property=\"og:description\" content=\"Selon le syndicat socialiste, la d\u00e9cision du gouvernement de ne faire d\u00e9buter le travail de nuit qu\u2019\u00e0 partir de minuit dans le secteur de la distribution est absurde d\u2019un point de vue \u00e9conomique. \u00ab\u00a0De plus, le MR et la N-VA [&hellip;]\" \/>\n<meta property=\"og:url\" content=\"https:\/\/peoplesphere.be\/fr\/travail-de-nuit-a-partir-de-minuit-desormais-la-fgtb-denonce-un-recul-social\/\" \/>\n<meta property=\"og:site_name\" content=\"Peoplesphere\" \/>\n<meta property=\"article:publisher\" content=\"https:\/\/www.facebook.com\/peoplesphere\" \/>\n<meta property=\"article:published_time\" content=\"2025-07-17T15:30:55+00:00\" \/>\n<meta property=\"article:modified_time\" content=\"2025-07-18T06:12:10+00:00\" \/>\n<meta property=\"og:image\" content=\"https:\/\/peoplesphere.be\/fr\/wp-content\/uploads\/2025\/07\/20250718nightshift.jpg\" \/>\n\t<meta property=\"og:image:width\" content=\"800\" \/>\n\t<meta property=\"og:image:height\" content=\"530\" \/>\n\t<meta property=\"og:image:type\" content=\"image\/jpeg\" \/>\n<meta name=\"author\" content=\"Jean-Paul Erhard\" \/>\n<meta name=\"twitter:card\" content=\"summary_large_image\" \/>\n<meta name=\"twitter:creator\" content=\"@PeoplesphereMag\" \/>\n<meta name=\"twitter:site\" content=\"@PeoplesphereMag\" \/>\n<meta name=\"twitter:label1\" content=\"\u00c9crit par\" \/>\n\t<meta name=\"twitter:data1\" content=\"Jean-Paul Erhard\" \/>\n\t<meta name=\"twitter:label2\" content=\"Dur\u00e9e de lecture estim\u00e9e\" \/>\n\t<meta name=\"twitter:data2\" content=\"4 minutes\" \/>\n<script type=\"application\/ld+json\" class=\"yoast-schema-graph\">{\"@context\":\"https:\/\/schema.org\",\"@graph\":[{\"@type\":\"Article\",\"@id\":\"https:\/\/peoplesphere.be\/fr\/travail-de-nuit-a-partir-de-minuit-desormais-la-fgtb-denonce-un-recul-social\/#article\",\"isPartOf\":{\"@id\":\"https:\/\/peoplesphere.be\/fr\/travail-de-nuit-a-partir-de-minuit-desormais-la-fgtb-denonce-un-recul-social\/\"},\"author\":{\"name\":\"Jean-Paul Erhard\",\"@id\":\"https:\/\/peoplesphere.be\/fr\/#\/schema\/person\/7976225ff17988604334abb7b3536a7e\"},\"headline\":\"Travail de nuit \u00e0 partir de minuit d\u00e9sormais: la FGTB d\u00e9nonce un recul social.\",\"datePublished\":\"2025-07-17T15:30:55+00:00\",\"dateModified\":\"2025-07-18T06:12:10+00:00\",\"mainEntityOfPage\":{\"@id\":\"https:\/\/peoplesphere.be\/fr\/travail-de-nuit-a-partir-de-minuit-desormais-la-fgtb-denonce-un-recul-social\/\"},\"wordCount\":802,\"publisher\":{\"@id\":\"https:\/\/peoplesphere.be\/fr\/#organization\"},\"keywords\":[\"Arizona\",\"bien-\u00eatre\",\"r\u00e9glementation\",\"travail de nuit\"],\"articleSection\":[\"Actualit\u00e9s\",\"Digital\"],\"inLanguage\":\"fr-FR\"},{\"@type\":\"WebPage\",\"@id\":\"https:\/\/peoplesphere.be\/fr\/travail-de-nuit-a-partir-de-minuit-desormais-la-fgtb-denonce-un-recul-social\/\",\"url\":\"https:\/\/peoplesphere.be\/fr\/travail-de-nuit-a-partir-de-minuit-desormais-la-fgtb-denonce-un-recul-social\/\",\"name\":\"Travail de nuit \u00e0 partir de minuit d\u00e9sormais: la FGTB d\u00e9nonce un recul social. - Peoplesphere\",\"isPartOf\":{\"@id\":\"https:\/\/peoplesphere.be\/fr\/#website\"},\"datePublished\":\"2025-07-17T15:30:55+00:00\",\"dateModified\":\"2025-07-18T06:12:10+00:00\",\"breadcrumb\":{\"@id\":\"https:\/\/peoplesphere.be\/fr\/travail-de-nuit-a-partir-de-minuit-desormais-la-fgtb-denonce-un-recul-social\/#breadcrumb\"},\"inLanguage\":\"fr-FR\",\"potentialAction\":[{\"@type\":\"ReadAction\",\"target\":[\"https:\/\/peoplesphere.be\/fr\/travail-de-nuit-a-partir-de-minuit-desormais-la-fgtb-denonce-un-recul-social\/\"]}]},{\"@type\":\"BreadcrumbList\",\"@id\":\"https:\/\/peoplesphere.be\/fr\/travail-de-nuit-a-partir-de-minuit-desormais-la-fgtb-denonce-un-recul-social\/#breadcrumb\",\"itemListElement\":[{\"@type\":\"ListItem\",\"position\":1,\"name\":\"Accueil\",\"item\":\"https:\/\/peoplesphere.be\/fr\/\"},{\"@type\":\"ListItem\",\"position\":2,\"name\":\"Travail de nuit \u00e0 partir de minuit d\u00e9sormais: la FGTB d\u00e9nonce un recul social.\"}]},{\"@type\":\"WebSite\",\"@id\":\"https:\/\/peoplesphere.be\/fr\/#website\",\"url\":\"https:\/\/peoplesphere.be\/fr\/\",\"name\":\"Peoplesphere\",\"description\":\"The People Managers Magazine\",\"publisher\":{\"@id\":\"https:\/\/peoplesphere.be\/fr\/#organization\"},\"potentialAction\":[{\"@type\":\"SearchAction\",\"target\":{\"@type\":\"EntryPoint\",\"urlTemplate\":\"https:\/\/peoplesphere.be\/fr\/?s={search_term_string}\"},\"query-input\":\"required name=search_term_string\"}],\"inLanguage\":\"fr-FR\"},{\"@type\":\"Organization\",\"@id\":\"https:\/\/peoplesphere.be\/fr\/#organization\",\"name\":\"Peoplesphere Company srl\",\"url\":\"https:\/\/peoplesphere.be\/fr\/\",\"logo\":{\"@type\":\"ImageObject\",\"inLanguage\":\"fr-FR\",\"@id\":\"https:\/\/peoplesphere.be\/fr\/#\/schema\/logo\/image\/\",\"url\":\"https:\/\/peoplesphere.be\/fr\/wp-content\/uploads\/2023\/07\/peoplesphere-lgo-new-generik.jpg\",\"contentUrl\":\"https:\/\/peoplesphere.be\/fr\/wp-content\/uploads\/2023\/07\/peoplesphere-lgo-new-generik.jpg\",\"width\":1031,\"height\":1479,\"caption\":\"Peoplesphere Company srl\"},\"image\":{\"@id\":\"https:\/\/peoplesphere.be\/fr\/#\/schema\/logo\/image\/\"},\"sameAs\":[\"https:\/\/www.facebook.com\/peoplesphere\",\"https:\/\/twitter.com\/PeoplesphereMag\",\"https:\/\/www.linkedin.com\/company\/7587361?trk\",\"http:\/\/youtube.com\/peoplesphere\"]},{\"@type\":\"Person\",\"@id\":\"https:\/\/peoplesphere.be\/fr\/#\/schema\/person\/7976225ff17988604334abb7b3536a7e\",\"name\":\"Jean-Paul Erhard\",\"image\":{\"@type\":\"ImageObject\",\"inLanguage\":\"fr-FR\",\"@id\":\"https:\/\/peoplesphere.be\/fr\/#\/schema\/person\/image\/\",\"url\":\"https:\/\/secure.gravatar.com\/avatar\/f941e681460179738071629a51574930?s=96&d=mm&r=g\",\"contentUrl\":\"https:\/\/secure.gravatar.com\/avatar\/f941e681460179738071629a51574930?s=96&d=mm&r=g\",\"caption\":\"Jean-Paul Erhard\"},\"url\":\"https:\/\/peoplesphere.be\/fr\/author\/jpe\/\"}]}<\/script>\n<!-- \/ Yoast SEO plugin. -->","yoast_head_json":{"title":"Travail de nuit \u00e0 partir de minuit d\u00e9sormais: la FGTB d\u00e9nonce un recul social. - Peoplesphere","robots":{"index":"index","follow":"follow","max-snippet":"max-snippet:-1","max-image-preview":"max-image-preview:large","max-video-preview":"max-video-preview:-1"},"canonical":"https:\/\/peoplesphere.be\/fr\/travail-de-nuit-a-partir-de-minuit-desormais-la-fgtb-denonce-un-recul-social\/","og_locale":"fr_FR","og_type":"article","og_title":"Travail de nuit \u00e0 partir de minuit d\u00e9sormais: la FGTB d\u00e9nonce un recul social. - Peoplesphere","og_description":"Selon le syndicat socialiste, la d\u00e9cision du gouvernement de ne faire d\u00e9buter le travail de nuit qu\u2019\u00e0 partir de minuit dans le secteur de la distribution est absurde d\u2019un point de vue \u00e9conomique. \u00ab\u00a0De plus, le MR et la N-VA [&hellip;]","og_url":"https:\/\/peoplesphere.be\/fr\/travail-de-nuit-a-partir-de-minuit-desormais-la-fgtb-denonce-un-recul-social\/","og_site_name":"Peoplesphere","article_publisher":"https:\/\/www.facebook.com\/peoplesphere","article_published_time":"2025-07-17T15:30:55+00:00","article_modified_time":"2025-07-18T06:12:10+00:00","og_image":[{"width":800,"height":530,"url":"https:\/\/peoplesphere.be\/fr\/wp-content\/uploads\/2025\/07\/20250718nightshift.jpg","type":"image\/jpeg"}],"author":"Jean-Paul Erhard","twitter_card":"summary_large_image","twitter_creator":"@PeoplesphereMag","twitter_site":"@PeoplesphereMag","twitter_misc":{"\u00c9crit par":"Jean-Paul Erhard","Dur\u00e9e de lecture estim\u00e9e":"4 minutes"},"schema":{"@context":"https:\/\/schema.org","@graph":[{"@type":"Article","@id":"https:\/\/peoplesphere.be\/fr\/travail-de-nuit-a-partir-de-minuit-desormais-la-fgtb-denonce-un-recul-social\/#article","isPartOf":{"@id":"https:\/\/peoplesphere.be\/fr\/travail-de-nuit-a-partir-de-minuit-desormais-la-fgtb-denonce-un-recul-social\/"},"author":{"name":"Jean-Paul Erhard","@id":"https:\/\/peoplesphere.be\/fr\/#\/schema\/person\/7976225ff17988604334abb7b3536a7e"},"headline":"Travail de nuit \u00e0 partir de minuit d\u00e9sormais: la FGTB d\u00e9nonce un recul social.","datePublished":"2025-07-17T15:30:55+00:00","dateModified":"2025-07-18T06:12:10+00:00","mainEntityOfPage":{"@id":"https:\/\/peoplesphere.be\/fr\/travail-de-nuit-a-partir-de-minuit-desormais-la-fgtb-denonce-un-recul-social\/"},"wordCount":802,"publisher":{"@id":"https:\/\/peoplesphere.be\/fr\/#organization"},"keywords":["Arizona","bien-\u00eatre","r\u00e9glementation","travail de nuit"],"articleSection":["Actualit\u00e9s","Digital"],"inLanguage":"fr-FR"},{"@type":"WebPage","@id":"https:\/\/peoplesphere.be\/fr\/travail-de-nuit-a-partir-de-minuit-desormais-la-fgtb-denonce-un-recul-social\/","url":"https:\/\/peoplesphere.be\/fr\/travail-de-nuit-a-partir-de-minuit-desormais-la-fgtb-denonce-un-recul-social\/","name":"Travail de nuit \u00e0 partir de minuit d\u00e9sormais: la FGTB d\u00e9nonce un recul social. - Peoplesphere","isPartOf":{"@id":"https:\/\/peoplesphere.be\/fr\/#website"},"datePublished":"2025-07-17T15:30:55+00:00","dateModified":"2025-07-18T06:12:10+00:00","breadcrumb":{"@id":"https:\/\/peoplesphere.be\/fr\/travail-de-nuit-a-partir-de-minuit-desormais-la-fgtb-denonce-un-recul-social\/#breadcrumb"},"inLanguage":"fr-FR","potentialAction":[{"@type":"ReadAction","target":["https:\/\/peoplesphere.be\/fr\/travail-de-nuit-a-partir-de-minuit-desormais-la-fgtb-denonce-un-recul-social\/"]}]},{"@type":"BreadcrumbList","@id":"https:\/\/peoplesphere.be\/fr\/travail-de-nuit-a-partir-de-minuit-desormais-la-fgtb-denonce-un-recul-social\/#breadcrumb","itemListElement":[{"@type":"ListItem","position":1,"name":"Accueil","item":"https:\/\/peoplesphere.be\/fr\/"},{"@type":"ListItem","position":2,"name":"Travail de nuit \u00e0 partir de minuit d\u00e9sormais: la FGTB d\u00e9nonce un recul social."}]},{"@type":"WebSite","@id":"https:\/\/peoplesphere.be\/fr\/#website","url":"https:\/\/peoplesphere.be\/fr\/","name":"Peoplesphere","description":"The People Managers Magazine","publisher":{"@id":"https:\/\/peoplesphere.be\/fr\/#organization"},"potentialAction":[{"@type":"SearchAction","target":{"@type":"EntryPoint","urlTemplate":"https:\/\/peoplesphere.be\/fr\/?s={search_term_string}"},"query-input":"required name=search_term_string"}],"inLanguage":"fr-FR"},{"@type":"Organization","@id":"https:\/\/peoplesphere.be\/fr\/#organization","name":"Peoplesphere Company srl","url":"https:\/\/peoplesphere.be\/fr\/","logo":{"@type":"ImageObject","inLanguage":"fr-FR","@id":"https:\/\/peoplesphere.be\/fr\/#\/schema\/logo\/image\/","url":"https:\/\/peoplesphere.be\/fr\/wp-content\/uploads\/2023\/07\/peoplesphere-lgo-new-generik.jpg","contentUrl":"https:\/\/peoplesphere.be\/fr\/wp-content\/uploads\/2023\/07\/peoplesphere-lgo-new-generik.jpg","width":1031,"height":1479,"caption":"Peoplesphere Company srl"},"image":{"@id":"https:\/\/peoplesphere.be\/fr\/#\/schema\/logo\/image\/"},"sameAs":["https:\/\/www.facebook.com\/peoplesphere","https:\/\/twitter.com\/PeoplesphereMag","https:\/\/www.linkedin.com\/company\/7587361?trk","http:\/\/youtube.com\/peoplesphere"]},{"@type":"Person","@id":"https:\/\/peoplesphere.be\/fr\/#\/schema\/person\/7976225ff17988604334abb7b3536a7e","name":"Jean-Paul Erhard","image":{"@type":"ImageObject","inLanguage":"fr-FR","@id":"https:\/\/peoplesphere.be\/fr\/#\/schema\/person\/image\/","url":"https:\/\/secure.gravatar.com\/avatar\/f941e681460179738071629a51574930?s=96&d=mm&r=g","contentUrl":"https:\/\/secure.gravatar.com\/avatar\/f941e681460179738071629a51574930?s=96&d=mm&r=g","caption":"Jean-Paul Erhard"},"url":"https:\/\/peoplesphere.be\/fr\/author\/jpe\/"}]}},"_links":{"self":[{"href":"https:\/\/peoplesphere.be\/fr\/wp-json\/wp\/v2\/posts\/18020"}],"collection":[{"href":"https:\/\/peoplesphere.be\/fr\/wp-json\/wp\/v2\/posts"}],"about":[{"href":"https:\/\/peoplesphere.be\/fr\/wp-json\/wp\/v2\/types\/post"}],"author":[{"embeddable":true,"href":"https:\/\/peoplesphere.be\/fr\/wp-json\/wp\/v2\/users\/2"}],"replies":[{"embeddable":true,"href":"https:\/\/peoplesphere.be\/fr\/wp-json\/wp\/v2\/comments?post=18020"}],"version-history":[{"count":2,"href":"https:\/\/peoplesphere.be\/fr\/wp-json\/wp\/v2\/posts\/18020\/revisions"}],"predecessor-version":[{"id":18023,"href":"https:\/\/peoplesphere.be\/fr\/wp-json\/wp\/v2\/posts\/18020\/revisions\/18023"}],"wp:featuredmedia":[{"embeddable":true,"href":"https:\/\/peoplesphere.be\/fr\/wp-json\/wp\/v2\/media\/18021"}],"wp:attachment":[{"href":"https:\/\/peoplesphere.be\/fr\/wp-json\/wp\/v2\/media?parent=18020"}],"wp:term":[{"taxonomy":"category","embeddable":true,"href":"https:\/\/peoplesphere.be\/fr\/wp-json\/wp\/v2\/categories?post=18020"},{"taxonomy":"post_tag","embeddable":true,"href":"https:\/\/peoplesphere.be\/fr\/wp-json\/wp\/v2\/tags?post=18020"}],"curies":[{"name":"wp","href":"https:\/\/api.w.org\/{rel}","templated":true}]}}