









{"id":18024,"date":"2025-07-18T10:51:03","date_gmt":"2025-07-18T08:51:03","guid":{"rendered":"https:\/\/peoplesphere.be\/fr\/?p=18024"},"modified":"2025-07-18T10:51:03","modified_gmt":"2025-07-18T08:51:03","slug":"travail-transfrontalier-en-hausse-avec-la-france-et-le-luxembourg-et-en-forte-baisse-avec-les-pays-bas-au-cours-des-5-dernieres-annees","status":"publish","type":"post","link":"https:\/\/peoplesphere.be\/fr\/travail-transfrontalier-en-hausse-avec-la-france-et-le-luxembourg-et-en-forte-baisse-avec-les-pays-bas-au-cours-des-5-dernieres-annees\/","title":{"rendered":"Travail transfrontalier en hausse avec la France et le Luxembourg et en forte baisse avec les Pays-Bas au cours des 5 derni\u00e8res ann\u00e9es."},"content":{"rendered":"<p>De nombreux travailleurs traversent la fronti\u00e8re pour travailler dans nos pays voisins. Selon les chiffres les plus r\u00e9cents de l&rsquo;Institut national d&rsquo;assurance maladie-invalidit\u00e9 (INAMI), \u00e0 la mi-2024, environ 86.000 Belges ont franchi la fronti\u00e8re pour travailler, ce qui repr\u00e9sente 63% de l&rsquo;ensemble du travail transfrontalier. Il s&rsquo;agit d&rsquo;une baisse de pr\u00e8s de 6% par rapport \u00e0 2019. Par rapport \u00e0 l&rsquo;ann\u00e9e derni\u00e8re, la tendance reste stable. De plus, de nombreux travailleurs transfrontaliers \u00e9trangers viennent \u00e9galement travailler en Belgique.<!--more--><\/p>\n<p>Plus de 51 500 travailleurs transfrontaliers des pays voisins font le trajet inverse. Cela repr\u00e9sente une diminution d&rsquo;environ 2% par rapport \u00e0 l&rsquo;ann\u00e9e derni\u00e8re, mais sur cinq ans, la baisse reste limit\u00e9e \u00e0 moins d&rsquo;1% (0,60%, plus pr\u00e9cis\u00e9ment).<\/p>\n<h3><strong><em>Les Belges travaillant \u00e0 l&rsquo;\u00e9tranger : forte baisse vers les Pays-Bas<\/em><\/strong><\/h3>\n<p>En cinq ans, le nombre de Belges travaillant aux Pays-Bas a diminu\u00e9 de pr\u00e8s de 10.000 travailleurs. En revanche, le nombre de Belges travaillant au Luxembourg, en France et en Allemagne a, lui, augment\u00e9. Cette progression ne compense toutefois pas la forte baisse enregistr\u00e9e vers les Pays-Bas (-31%). Au total, le travail transfrontalier sortant a diminu\u00e9 de 6% en cinq ans.<\/p>\n<p><span style=\"text-decoration: underline;\"><em>Ordre des pays comptant le plus de travailleurs frontaliers belges:<\/em><\/span><\/p>\n<p>1. Luxembourg (48.703 ou 57% du travail transfrontalier sortant)<\/p>\n<p>2. Pays-Bas (21.804 ou 25%)<\/p>\n<p>3. France (8.618 ou 10%)<\/p>\n<p>4. Allemagne (6.931 ou 8%)<\/p>\n<p>Plus de la moiti\u00e9 des travailleurs transfrontaliers belges travaillent aujourd&rsquo;hui au Grand-Duch\u00e9 de Luxembourg (57%), la plupart vivant dans la province belge du Luxembourg ou de Li\u00e8ge. Leur nombre a augment\u00e9 de 9% en cinq ans (+3.893, soit pr\u00e8s de 4.000 personnes).<br \/>\nUn quart des travailleurs transfrontaliers belges travaillent aux Pays-Bas ; il s&rsquo;agit principalement d\u2019habitants du Limbourg et de personnes de la province d&rsquo;Anvers.<br \/>\nLe nombre de Belges travaillant en Allemagne a \u00e9galement augment\u00e9 au cours des cinq derni\u00e8res ann\u00e9es (+5%).<br \/>\nEntre 2019 et 2024, le nombre de Belges travaillant en France a augment\u00e9 de 4%.<\/p>\n<p>Val\u00e9rie t&rsquo;Serstevens, Legal HR Managing Consultant chez SD Worx, donne plus d\u2019explications : \u00ab\u00a0<em>Pour les petites comme pour les grandes entreprises, il peut \u00eatre int\u00e9ressant d\u2019envisager de recruter au-del\u00e0 des fronti\u00e8res nationales afin d\u2019attirer des talents \u00e9trangers lorsque les postes vacants sont difficiles \u00e0 pourvoir. Attirer des talents \u00e9trangers offre des opportunit\u00e9s, mais comporte aussi certains points d\u2019attention. Par exemple, un travailleur fran\u00e7ais qui est autoris\u00e9 \u00e0 t\u00e9l\u00e9travailler un jour par semaine depuis son domicile pour un employeur belge devra \u00e9galement payer des imp\u00f4ts en France. Si le t\u00e9l\u00e9travail augmente, cela peut avoir des cons\u00e9quences sur la s\u00e9curit\u00e9 sociale ainsi que sur les conditions salariales et de travail du travailleur.\u00a0\u00bb<\/em><\/p>\n<p>Les Fran\u00e7ais restent les plus nombreux \u00e0 venir travailler dans notre pays : augmentation de 4%<\/p>\n<p>S\u2019agissant des travailleurs transfrontaliers entrants en Belgique, les chiffres sont rest\u00e9s stables par rapport \u00e0 2019 (baisse de 0,6%). Le nombre de N\u00e9erlandais (-12%), d&rsquo;Allemands (-24%) et de Luxembourgeois (-11%) a diminu\u00e9. Seul le nombre de Fran\u00e7ais a augment\u00e9 (+4%). Les Fran\u00e7ais restent largement majoritaires, repr\u00e9sentant, \u00e0 eux seuls, trois quarts du travail transfrontalier entrant. Environ 15.000 Fran\u00e7ais travaillent dans la province du Hainaut. Viennent ensuite les provinces de Namur (12.386), du Luxembourg (3.661) et de la Flandre-Occidentale (3.311). Par rapport \u00e0 il y a cinq ans, l&rsquo;augmentation est particuli\u00e8rement marqu\u00e9e dans les provinces de Namur (+10.850 Fran\u00e7ais) et de Flandre orientale (+2.237 Fran\u00e7ais).<br \/>\nLa Flandre-Orientale et Anvers, en revanche, emploient le plus de N\u00e9erlandais, avec respectivement 7.018 et 2.595 personnes. Pour la Flandre-Orientale, cela repr\u00e9sente une augmentation de 3.128 N\u00e9erlandais, tandis que les employeurs d\u2019Anvers emploient 2.413 N\u00e9erlandais de moins qu&rsquo;il y a cinq ans. Le Limbourg arrive en troisi\u00e8me position (avec 530 N\u00e9erlandais en 2024).<\/p>\n<p>&nbsp;<\/p>\n<p><em>Source: SD Worx &#8211; donn\u00e9es INAMI 2024 \u2013 (chiffres plus r\u00e9cents au 30 juin 2024)<\/em><\/p>\n","protected":false},"excerpt":{"rendered":"<p>De nombreux travailleurs traversent la fronti\u00e8re pour travailler dans nos pays voisins. Selon les chiffres les plus r\u00e9cents de l&rsquo;Institut national d&rsquo;assurance maladie-invalidit\u00e9 (INAMI), \u00e0 la mi-2024, environ 86.000 Belges ont franchi la fronti\u00e8re pour travailler, ce qui repr\u00e9sente 63% [&hellip;]<\/p>\n","protected":false},"author":2,"featured_media":0,"comment_status":"closed","ping_status":"open","sticky":false,"template":"","format":"standard","meta":[],"categories":[65,10],"tags":[1777,2167],"yoast_head":"<!-- This site is optimized with the Yoast SEO plugin v21.0 - https:\/\/yoast.com\/wordpress\/plugins\/seo\/ -->\n<title>Travail transfrontalier en hausse avec la France et le Luxembourg et en forte baisse avec les Pays-Bas au cours des 5 derni\u00e8res ann\u00e9es. - Peoplesphere<\/title>\n<meta name=\"robots\" content=\"index, follow, max-snippet:-1, max-image-preview:large, max-video-preview:-1\" \/>\n<link rel=\"canonical\" href=\"https:\/\/peoplesphere.be\/fr\/travail-transfrontalier-en-hausse-avec-la-france-et-le-luxembourg-et-en-forte-baisse-avec-les-pays-bas-au-cours-des-5-dernieres-annees\/\" \/>\n<meta property=\"og:locale\" content=\"fr_FR\" \/>\n<meta property=\"og:type\" content=\"article\" \/>\n<meta property=\"og:title\" content=\"Travail transfrontalier en hausse avec la France et le Luxembourg et en forte baisse avec les Pays-Bas au cours des 5 derni\u00e8res ann\u00e9es. - Peoplesphere\" \/>\n<meta property=\"og:description\" content=\"De nombreux travailleurs traversent la fronti\u00e8re pour travailler dans nos pays voisins. Selon les chiffres les plus r\u00e9cents de l&rsquo;Institut national d&rsquo;assurance maladie-invalidit\u00e9 (INAMI), \u00e0 la mi-2024, environ 86.000 Belges ont franchi la fronti\u00e8re pour travailler, ce qui repr\u00e9sente 63% [&hellip;]\" \/>\n<meta property=\"og:url\" content=\"https:\/\/peoplesphere.be\/fr\/travail-transfrontalier-en-hausse-avec-la-france-et-le-luxembourg-et-en-forte-baisse-avec-les-pays-bas-au-cours-des-5-dernieres-annees\/\" \/>\n<meta property=\"og:site_name\" content=\"Peoplesphere\" \/>\n<meta property=\"article:publisher\" content=\"https:\/\/www.facebook.com\/peoplesphere\" \/>\n<meta property=\"article:published_time\" content=\"2025-07-18T08:51:03+00:00\" \/>\n<meta property=\"og:image\" content=\"http:\/\/www.peoplesphere.be\/fr\/wp-content\/uploads\/2016\/07\/facebook-default-posting-1200x628px.jpg\" \/>\n<meta name=\"author\" content=\"Jean-Paul Erhard\" \/>\n<meta name=\"twitter:card\" content=\"summary_large_image\" \/>\n<meta name=\"twitter:creator\" content=\"@PeoplesphereMag\" \/>\n<meta name=\"twitter:site\" content=\"@PeoplesphereMag\" \/>\n<meta name=\"twitter:label1\" content=\"\u00c9crit par\" \/>\n\t<meta name=\"twitter:data1\" content=\"Jean-Paul Erhard\" \/>\n\t<meta name=\"twitter:label2\" content=\"Dur\u00e9e de lecture estim\u00e9e\" \/>\n\t<meta name=\"twitter:data2\" content=\"4 minutes\" \/>\n<script type=\"application\/ld+json\" class=\"yoast-schema-graph\">{\"@context\":\"https:\/\/schema.org\",\"@graph\":[{\"@type\":\"Article\",\"@id\":\"https:\/\/peoplesphere.be\/fr\/travail-transfrontalier-en-hausse-avec-la-france-et-le-luxembourg-et-en-forte-baisse-avec-les-pays-bas-au-cours-des-5-dernieres-annees\/#article\",\"isPartOf\":{\"@id\":\"https:\/\/peoplesphere.be\/fr\/travail-transfrontalier-en-hausse-avec-la-france-et-le-luxembourg-et-en-forte-baisse-avec-les-pays-bas-au-cours-des-5-dernieres-annees\/\"},\"author\":{\"name\":\"Jean-Paul Erhard\",\"@id\":\"https:\/\/peoplesphere.be\/fr\/#\/schema\/person\/7976225ff17988604334abb7b3536a7e\"},\"headline\":\"Travail transfrontalier en hausse avec la France et le Luxembourg et en forte baisse avec les Pays-Bas au cours des 5 derni\u00e8res ann\u00e9es.\",\"datePublished\":\"2025-07-18T08:51:03+00:00\",\"dateModified\":\"2025-07-18T08:51:03+00:00\",\"mainEntityOfPage\":{\"@id\":\"https:\/\/peoplesphere.be\/fr\/travail-transfrontalier-en-hausse-avec-la-france-et-le-luxembourg-et-en-forte-baisse-avec-les-pays-bas-au-cours-des-5-dernieres-annees\/\"},\"wordCount\":634,\"publisher\":{\"@id\":\"https:\/\/peoplesphere.be\/fr\/#organization\"},\"keywords\":[\"mobilit\u00e9 interr\u00e9gionale\",\"transfrontaliers\"],\"articleSection\":[\"Actualit\u00e9s\",\"Digital\"],\"inLanguage\":\"fr-FR\"},{\"@type\":\"WebPage\",\"@id\":\"https:\/\/peoplesphere.be\/fr\/travail-transfrontalier-en-hausse-avec-la-france-et-le-luxembourg-et-en-forte-baisse-avec-les-pays-bas-au-cours-des-5-dernieres-annees\/\",\"url\":\"https:\/\/peoplesphere.be\/fr\/travail-transfrontalier-en-hausse-avec-la-france-et-le-luxembourg-et-en-forte-baisse-avec-les-pays-bas-au-cours-des-5-dernieres-annees\/\",\"name\":\"Travail transfrontalier en hausse avec la France et le Luxembourg et en forte baisse avec les Pays-Bas au cours des 5 derni\u00e8res ann\u00e9es. - Peoplesphere\",\"isPartOf\":{\"@id\":\"https:\/\/peoplesphere.be\/fr\/#website\"},\"datePublished\":\"2025-07-18T08:51:03+00:00\",\"dateModified\":\"2025-07-18T08:51:03+00:00\",\"breadcrumb\":{\"@id\":\"https:\/\/peoplesphere.be\/fr\/travail-transfrontalier-en-hausse-avec-la-france-et-le-luxembourg-et-en-forte-baisse-avec-les-pays-bas-au-cours-des-5-dernieres-annees\/#breadcrumb\"},\"inLanguage\":\"fr-FR\",\"potentialAction\":[{\"@type\":\"ReadAction\",\"target\":[\"https:\/\/peoplesphere.be\/fr\/travail-transfrontalier-en-hausse-avec-la-france-et-le-luxembourg-et-en-forte-baisse-avec-les-pays-bas-au-cours-des-5-dernieres-annees\/\"]}]},{\"@type\":\"BreadcrumbList\",\"@id\":\"https:\/\/peoplesphere.be\/fr\/travail-transfrontalier-en-hausse-avec-la-france-et-le-luxembourg-et-en-forte-baisse-avec-les-pays-bas-au-cours-des-5-dernieres-annees\/#breadcrumb\",\"itemListElement\":[{\"@type\":\"ListItem\",\"position\":1,\"name\":\"Accueil\",\"item\":\"https:\/\/peoplesphere.be\/fr\/\"},{\"@type\":\"ListItem\",\"position\":2,\"name\":\"Travail transfrontalier en hausse avec la France et le Luxembourg et en forte baisse avec les Pays-Bas au cours des 5 derni\u00e8res ann\u00e9es.\"}]},{\"@type\":\"WebSite\",\"@id\":\"https:\/\/peoplesphere.be\/fr\/#website\",\"url\":\"https:\/\/peoplesphere.be\/fr\/\",\"name\":\"Peoplesphere\",\"description\":\"The People Managers Magazine\",\"publisher\":{\"@id\":\"https:\/\/peoplesphere.be\/fr\/#organization\"},\"potentialAction\":[{\"@type\":\"SearchAction\",\"target\":{\"@type\":\"EntryPoint\",\"urlTemplate\":\"https:\/\/peoplesphere.be\/fr\/?s={search_term_string}\"},\"query-input\":\"required name=search_term_string\"}],\"inLanguage\":\"fr-FR\"},{\"@type\":\"Organization\",\"@id\":\"https:\/\/peoplesphere.be\/fr\/#organization\",\"name\":\"Peoplesphere Company srl\",\"url\":\"https:\/\/peoplesphere.be\/fr\/\",\"logo\":{\"@type\":\"ImageObject\",\"inLanguage\":\"fr-FR\",\"@id\":\"https:\/\/peoplesphere.be\/fr\/#\/schema\/logo\/image\/\",\"url\":\"https:\/\/peoplesphere.be\/fr\/wp-content\/uploads\/2023\/07\/peoplesphere-lgo-new-generik.jpg\",\"contentUrl\":\"https:\/\/peoplesphere.be\/fr\/wp-content\/uploads\/2023\/07\/peoplesphere-lgo-new-generik.jpg\",\"width\":1031,\"height\":1479,\"caption\":\"Peoplesphere Company srl\"},\"image\":{\"@id\":\"https:\/\/peoplesphere.be\/fr\/#\/schema\/logo\/image\/\"},\"sameAs\":[\"https:\/\/www.facebook.com\/peoplesphere\",\"https:\/\/twitter.com\/PeoplesphereMag\",\"https:\/\/www.linkedin.com\/company\/7587361?trk\",\"http:\/\/youtube.com\/peoplesphere\"]},{\"@type\":\"Person\",\"@id\":\"https:\/\/peoplesphere.be\/fr\/#\/schema\/person\/7976225ff17988604334abb7b3536a7e\",\"name\":\"Jean-Paul Erhard\",\"image\":{\"@type\":\"ImageObject\",\"inLanguage\":\"fr-FR\",\"@id\":\"https:\/\/peoplesphere.be\/fr\/#\/schema\/person\/image\/\",\"url\":\"https:\/\/secure.gravatar.com\/avatar\/f941e681460179738071629a51574930?s=96&d=mm&r=g\",\"contentUrl\":\"https:\/\/secure.gravatar.com\/avatar\/f941e681460179738071629a51574930?s=96&d=mm&r=g\",\"caption\":\"Jean-Paul Erhard\"},\"url\":\"https:\/\/peoplesphere.be\/fr\/author\/jpe\/\"}]}<\/script>\n<!-- \/ Yoast SEO plugin. -->","yoast_head_json":{"title":"Travail transfrontalier en hausse avec la France et le Luxembourg et en forte baisse avec les Pays-Bas au cours des 5 derni\u00e8res ann\u00e9es. - Peoplesphere","robots":{"index":"index","follow":"follow","max-snippet":"max-snippet:-1","max-image-preview":"max-image-preview:large","max-video-preview":"max-video-preview:-1"},"canonical":"https:\/\/peoplesphere.be\/fr\/travail-transfrontalier-en-hausse-avec-la-france-et-le-luxembourg-et-en-forte-baisse-avec-les-pays-bas-au-cours-des-5-dernieres-annees\/","og_locale":"fr_FR","og_type":"article","og_title":"Travail transfrontalier en hausse avec la France et le Luxembourg et en forte baisse avec les Pays-Bas au cours des 5 derni\u00e8res ann\u00e9es. - Peoplesphere","og_description":"De nombreux travailleurs traversent la fronti\u00e8re pour travailler dans nos pays voisins. Selon les chiffres les plus r\u00e9cents de l&rsquo;Institut national d&rsquo;assurance maladie-invalidit\u00e9 (INAMI), \u00e0 la mi-2024, environ 86.000 Belges ont franchi la fronti\u00e8re pour travailler, ce qui repr\u00e9sente 63% [&hellip;]","og_url":"https:\/\/peoplesphere.be\/fr\/travail-transfrontalier-en-hausse-avec-la-france-et-le-luxembourg-et-en-forte-baisse-avec-les-pays-bas-au-cours-des-5-dernieres-annees\/","og_site_name":"Peoplesphere","article_publisher":"https:\/\/www.facebook.com\/peoplesphere","article_published_time":"2025-07-18T08:51:03+00:00","og_image":[{"url":"http:\/\/www.peoplesphere.be\/fr\/wp-content\/uploads\/2016\/07\/facebook-default-posting-1200x628px.jpg"}],"author":"Jean-Paul Erhard","twitter_card":"summary_large_image","twitter_creator":"@PeoplesphereMag","twitter_site":"@PeoplesphereMag","twitter_misc":{"\u00c9crit par":"Jean-Paul Erhard","Dur\u00e9e de lecture estim\u00e9e":"4 minutes"},"schema":{"@context":"https:\/\/schema.org","@graph":[{"@type":"Article","@id":"https:\/\/peoplesphere.be\/fr\/travail-transfrontalier-en-hausse-avec-la-france-et-le-luxembourg-et-en-forte-baisse-avec-les-pays-bas-au-cours-des-5-dernieres-annees\/#article","isPartOf":{"@id":"https:\/\/peoplesphere.be\/fr\/travail-transfrontalier-en-hausse-avec-la-france-et-le-luxembourg-et-en-forte-baisse-avec-les-pays-bas-au-cours-des-5-dernieres-annees\/"},"author":{"name":"Jean-Paul Erhard","@id":"https:\/\/peoplesphere.be\/fr\/#\/schema\/person\/7976225ff17988604334abb7b3536a7e"},"headline":"Travail transfrontalier en hausse avec la France et le Luxembourg et en forte baisse avec les Pays-Bas au cours des 5 derni\u00e8res ann\u00e9es.","datePublished":"2025-07-18T08:51:03+00:00","dateModified":"2025-07-18T08:51:03+00:00","mainEntityOfPage":{"@id":"https:\/\/peoplesphere.be\/fr\/travail-transfrontalier-en-hausse-avec-la-france-et-le-luxembourg-et-en-forte-baisse-avec-les-pays-bas-au-cours-des-5-dernieres-annees\/"},"wordCount":634,"publisher":{"@id":"https:\/\/peoplesphere.be\/fr\/#organization"},"keywords":["mobilit\u00e9 interr\u00e9gionale","transfrontaliers"],"articleSection":["Actualit\u00e9s","Digital"],"inLanguage":"fr-FR"},{"@type":"WebPage","@id":"https:\/\/peoplesphere.be\/fr\/travail-transfrontalier-en-hausse-avec-la-france-et-le-luxembourg-et-en-forte-baisse-avec-les-pays-bas-au-cours-des-5-dernieres-annees\/","url":"https:\/\/peoplesphere.be\/fr\/travail-transfrontalier-en-hausse-avec-la-france-et-le-luxembourg-et-en-forte-baisse-avec-les-pays-bas-au-cours-des-5-dernieres-annees\/","name":"Travail transfrontalier en hausse avec la France et le Luxembourg et en forte baisse avec les Pays-Bas au cours des 5 derni\u00e8res ann\u00e9es. - Peoplesphere","isPartOf":{"@id":"https:\/\/peoplesphere.be\/fr\/#website"},"datePublished":"2025-07-18T08:51:03+00:00","dateModified":"2025-07-18T08:51:03+00:00","breadcrumb":{"@id":"https:\/\/peoplesphere.be\/fr\/travail-transfrontalier-en-hausse-avec-la-france-et-le-luxembourg-et-en-forte-baisse-avec-les-pays-bas-au-cours-des-5-dernieres-annees\/#breadcrumb"},"inLanguage":"fr-FR","potentialAction":[{"@type":"ReadAction","target":["https:\/\/peoplesphere.be\/fr\/travail-transfrontalier-en-hausse-avec-la-france-et-le-luxembourg-et-en-forte-baisse-avec-les-pays-bas-au-cours-des-5-dernieres-annees\/"]}]},{"@type":"BreadcrumbList","@id":"https:\/\/peoplesphere.be\/fr\/travail-transfrontalier-en-hausse-avec-la-france-et-le-luxembourg-et-en-forte-baisse-avec-les-pays-bas-au-cours-des-5-dernieres-annees\/#breadcrumb","itemListElement":[{"@type":"ListItem","position":1,"name":"Accueil","item":"https:\/\/peoplesphere.be\/fr\/"},{"@type":"ListItem","position":2,"name":"Travail transfrontalier en hausse avec la France et le Luxembourg et en forte baisse avec les Pays-Bas au cours des 5 derni\u00e8res ann\u00e9es."}]},{"@type":"WebSite","@id":"https:\/\/peoplesphere.be\/fr\/#website","url":"https:\/\/peoplesphere.be\/fr\/","name":"Peoplesphere","description":"The People Managers Magazine","publisher":{"@id":"https:\/\/peoplesphere.be\/fr\/#organization"},"potentialAction":[{"@type":"SearchAction","target":{"@type":"EntryPoint","urlTemplate":"https:\/\/peoplesphere.be\/fr\/?s={search_term_string}"},"query-input":"required name=search_term_string"}],"inLanguage":"fr-FR"},{"@type":"Organization","@id":"https:\/\/peoplesphere.be\/fr\/#organization","name":"Peoplesphere Company srl","url":"https:\/\/peoplesphere.be\/fr\/","logo":{"@type":"ImageObject","inLanguage":"fr-FR","@id":"https:\/\/peoplesphere.be\/fr\/#\/schema\/logo\/image\/","url":"https:\/\/peoplesphere.be\/fr\/wp-content\/uploads\/2023\/07\/peoplesphere-lgo-new-generik.jpg","contentUrl":"https:\/\/peoplesphere.be\/fr\/wp-content\/uploads\/2023\/07\/peoplesphere-lgo-new-generik.jpg","width":1031,"height":1479,"caption":"Peoplesphere Company srl"},"image":{"@id":"https:\/\/peoplesphere.be\/fr\/#\/schema\/logo\/image\/"},"sameAs":["https:\/\/www.facebook.com\/peoplesphere","https:\/\/twitter.com\/PeoplesphereMag","https:\/\/www.linkedin.com\/company\/7587361?trk","http:\/\/youtube.com\/peoplesphere"]},{"@type":"Person","@id":"https:\/\/peoplesphere.be\/fr\/#\/schema\/person\/7976225ff17988604334abb7b3536a7e","name":"Jean-Paul Erhard","image":{"@type":"ImageObject","inLanguage":"fr-FR","@id":"https:\/\/peoplesphere.be\/fr\/#\/schema\/person\/image\/","url":"https:\/\/secure.gravatar.com\/avatar\/f941e681460179738071629a51574930?s=96&d=mm&r=g","contentUrl":"https:\/\/secure.gravatar.com\/avatar\/f941e681460179738071629a51574930?s=96&d=mm&r=g","caption":"Jean-Paul Erhard"},"url":"https:\/\/peoplesphere.be\/fr\/author\/jpe\/"}]}},"_links":{"self":[{"href":"https:\/\/peoplesphere.be\/fr\/wp-json\/wp\/v2\/posts\/18024"}],"collection":[{"href":"https:\/\/peoplesphere.be\/fr\/wp-json\/wp\/v2\/posts"}],"about":[{"href":"https:\/\/peoplesphere.be\/fr\/wp-json\/wp\/v2\/types\/post"}],"author":[{"embeddable":true,"href":"https:\/\/peoplesphere.be\/fr\/wp-json\/wp\/v2\/users\/2"}],"replies":[{"embeddable":true,"href":"https:\/\/peoplesphere.be\/fr\/wp-json\/wp\/v2\/comments?post=18024"}],"version-history":[{"count":1,"href":"https:\/\/peoplesphere.be\/fr\/wp-json\/wp\/v2\/posts\/18024\/revisions"}],"predecessor-version":[{"id":18025,"href":"https:\/\/peoplesphere.be\/fr\/wp-json\/wp\/v2\/posts\/18024\/revisions\/18025"}],"wp:attachment":[{"href":"https:\/\/peoplesphere.be\/fr\/wp-json\/wp\/v2\/media?parent=18024"}],"wp:term":[{"taxonomy":"category","embeddable":true,"href":"https:\/\/peoplesphere.be\/fr\/wp-json\/wp\/v2\/categories?post=18024"},{"taxonomy":"post_tag","embeddable":true,"href":"https:\/\/peoplesphere.be\/fr\/wp-json\/wp\/v2\/tags?post=18024"}],"curies":[{"name":"wp","href":"https:\/\/api.w.org\/{rel}","templated":true}]}}