









{"id":18032,"date":"2025-07-23T07:22:11","date_gmt":"2025-07-23T05:22:11","guid":{"rendered":"https:\/\/peoplesphere.be\/fr\/?p=18032"},"modified":"2025-07-23T07:22:11","modified_gmt":"2025-07-23T05:22:11","slug":"statut-hybride-un-revenu-complementaire-devient-quasi-indispensable-pour-la-moitie-des-travailleurs-en-belgique","status":"publish","type":"post","link":"https:\/\/peoplesphere.be\/fr\/statut-hybride-un-revenu-complementaire-devient-quasi-indispensable-pour-la-moitie-des-travailleurs-en-belgique\/","title":{"rendered":"Statut hybride: un revenu compl\u00e9mentaire devient quasi indispensable pour la moiti\u00e9 des travailleurs en Belgique."},"content":{"rendered":"<p>Sept travailleurs belges sur dix consid\u00e8rent comme (tr\u00e8s) souhaitable de disposer d&rsquo;un revenu compl\u00e9mentaire, ce dernier \u00e9tant m\u00eame indispensable pour 48% d&rsquo;entre eux. Quelque 20% des travailleurs sont (tr\u00e8s) insatisfaits de leur situation financi\u00e8re, tandis que 57% des Belges actifs professionnellement se d\u00e9clarent satisfaits \u00e0 tr\u00e8s satisfaits. Observation marquante, les moins de 45 ans bouclent plus ais\u00e9ment leurs fins de mois que les g\u00e9n\u00e9rations plus \u00e2g\u00e9es. <!--more--><\/p>\n<p>Cette \u00e9tude men\u00e9e par le guichet d&rsquo;entreprise Xerius aupr\u00e8s de 1.000 travailleurs belges r\u00e9v\u00e8le \u00e9galement que 17% des r\u00e9pondants qui ne disposent pas encore d&rsquo;un revenu compl\u00e9mentaire envisagent de trouver cette ann\u00e9e une activit\u00e9 additionnelle. Assez \u00e9tonnamment, 24% des travailleurs ne savent pas exactement ce que recouvre le statut de &lsquo;ind\u00e9pendant \u00e0 titre compl\u00e9mentaire&rsquo;. Le climat actuel d&rsquo;incertitude \u00e9conomique pousse pr\u00e8s de 4 Belges actifs sur 10 (36%) \u00e0 envisager de s&rsquo;installer comme ind\u00e9pendant \u00e0 titre compl\u00e9mentaire.<\/p>\n<p>Au cours du mois de mai 2025, Xerius a enqu\u00eat\u00e9 aupr\u00e8s d&rsquo;un \u00e9chantillon de 1.000 travailleurs belges (repr\u00e9sentatif en termes de genre, d&rsquo;\u00e2ge et de r\u00e9gion) sur leur int\u00e9r\u00eat pour une activit\u00e9 compl\u00e9mentaire et les raisons qui les poussent \u00e0 envisager un tel job additionnel.<\/p>\n<h3><strong><em>Un revenu compl\u00e9mentaire est indispensable<\/em><\/strong><\/h3>\n<p>L&rsquo;\u00e9tude de Xerius r\u00e9v\u00e8le que plus du tiers des travailleurs belges (35%) estiment qu&rsquo;un revenu compl\u00e9mentaire est indispensable. Ils sont par ailleurs 13% \u00e0 qualifier ce revenu de &lsquo;tr\u00e8s indispensable&rsquo;. Cumul\u00e9s, ces deux chiffres indiquent que pr\u00e8s de la moiti\u00e9 des Belges (48%) ne peuvent se passer d&rsquo;un revenu additionnel. \u00c0 l&rsquo;inverse, ce revenu n&rsquo;est pas n\u00e9cessaire pour 25% des travailleurs.<\/p>\n<p>Enfin, pr\u00e8s de 6 travailleurs belges sur 10 (57%) sont satisfaits \u00e0 tr\u00e8s satisfaits de leur situation financi\u00e8re, contre 20% qui n&rsquo;en sont (pas du tout) satisfaits. Ce pourcentage augmente (\u00e0 25%) \u200b lorsque la personne travaille \u00e0 temps partiel.<\/p>\n<p>Quelque 14% des travailleurs bouclent (tr\u00e8s) difficilement leurs fins de mois. Bien que la majorit\u00e9 des travailleurs belges affirment s&rsquo;en sortir ais\u00e9ment avec leur budget et sont m\u00eame en mesure d&rsquo;\u00e9pargner (44%), cette \u00e9pargne n&rsquo;est pas financi\u00e8rement possible pour pr\u00e8s du tiers des r\u00e9pondants (30%), qui joignent de justesse les deux bouts, mais sans disposer de la moindre marge de man\u0153uvre financi\u00e8re. \u00c0 l&rsquo;autre extr\u00e9mit\u00e9 de l&rsquo;\u00e9chelle, 13% des travailleurs n&rsquo;ont aucun souci de fin de mois.<\/p>\n<p><em>\u00ab\u00a0Ce ne sont pas les jeunes qui ont des probl\u00e8mes financiers, mais les 45+. Dans la tranche 45-55, 17% des travailleurs \u00e9prouvent des difficult\u00e9s \u00e0 boucler leur fin de mois. Pour la jeune g\u00e9n\u00e9ration, le tableau est tr\u00e8s diff\u00e9rent: la g\u00e9n\u00e9ration Z (n\u00e9s entre 1995 et 2012) et la g\u00e9n\u00e9ration Y (1980-1994) s&rsquo;en sortent tr\u00e8s facilement, avec respectivement 20% et 17% de personnes qui affirment s&rsquo;en sortir ais\u00e9ment et \u00eatre en mesure d&rsquo;\u00e9pargner substantiellement. Leur situation diff\u00e8re radicalement de celle de la g\u00e9n\u00e9ration X (1965-1979) et des baby-boomers (1946-1964), pour lesquelles ce pourcentage n&rsquo;est que de 6% et 4%. Ces deux derni\u00e8res g\u00e9n\u00e9rations travaillent davantage \u00e0 temps partiel et ont moins souvent une activit\u00e9 compl\u00e9mentaire\u00a0\u00bb<\/em>, souligne St\u00e9phanie Gowenko (Xerius).<\/p>\n<h3><strong><em>Le climat \u00e9conomique pousse 40% des travailleurs \u00e0 envisager une activit\u00e9 compl\u00e9mentaire<\/em><\/strong><\/h3>\n<p>Dans cette \u00e9tude Xerius (men\u00e9e aupr\u00e8s de personnes professionnellement actives \u00e2g\u00e9es de 18 \u00e0 64 ans), \u200b 26% des r\u00e9pondants exercent une activit\u00e9 compl\u00e9mentaire. Parmi les travailleurs qui n&rsquo;exercent pas d&rsquo;activit\u00e9 compl\u00e9mentaire, 82% sont ouverts \u00e0 cette id\u00e9e, m\u00eame dans un avenir lointain. Plus concr\u00e8tement, 17% des r\u00e9pondants envisagent d&rsquo;entamer une telle activit\u00e9 cette ann\u00e9e encore. \u00c0 l&rsquo;inverse, 18% ne l&rsquo;envisagent pas du tout.<\/p>\n<p>En raison du climat actuel d&rsquo;incertitude \u00e9conomique, 36% des r\u00e9pondants envisagent actuellement de se lancer comme ind\u00e9pendant \u00e0 titre compl\u00e9mentaire.<\/p>\n<h3><strong><em>1 travailleur sur 4 ne conna\u00eet pas le statut d&rsquo;ind\u00e9pendant \u00e0 titre compl\u00e9mentaire<\/em><\/strong><\/h3>\n<p>Parmi les r\u00e9pondants qui n&rsquo;exercent pas d&rsquo;activit\u00e9 compl\u00e9mentaire pour l&rsquo;instant, mais qui envisagent de se lancer, la moiti\u00e9 (48%) commencerait par un flexi-job. L&rsquo;activit\u00e9 comme ind\u00e9pendant \u00e0 titre compl\u00e9mentaire arrive en seconde position (19%), suivie par le b\u00e9n\u00e9volat avec d\u00e9fraiement (15%).<\/p>\n<p>Pour l&rsquo;instant, c&rsquo;est le statut de flexi-job qui est le mieux connu. Souvent, les r\u00e9pondants &lsquo;connaissent quelqu&rsquo;un&rsquo; qui travaille en flexi-job. Seuls 15% d&rsquo;entre eux n&rsquo;ont jamais entendu parler de ce statut. Idem pour le statut d&rsquo;ind\u00e9pendant \u00e0 titre compl\u00e9mentaire, qui n&rsquo;est pas connu de 24% des r\u00e9pondants.<\/p>\n<p><em>\u201cEn Belgique, le potentiel est \u00e9norme: 17% des travailleurs aimeraient se lancer cette ann\u00e9e dans une activit\u00e9 compl\u00e9mentaire. Il s&rsquo;agit essentiellement de personnes qui \u00e9prouvent (beaucoup) de difficult\u00e9s \u00e0 boucler leurs fins de mois. Les incertitudes \u00e9conomiques actuelles les poussent \u00e0 r\u00e9fl\u00e9chir: 36% d&rsquo;entre eux estiment qu&rsquo;il s&rsquo;agit d&rsquo;une bonne raison d&rsquo;envisager une activit\u00e9 d&rsquo;ind\u00e9pendant \u00e0 titre compl\u00e9mentaire, afin d&rsquo;\u00eatre moins d\u00e9pendants de leur profession principale. Bien entendu, les motivations ne sont pas seulement d&rsquo;ordre financier. Nous pensons que chacun a le potentiel de devenir son propre employeur. Une d\u00e9marche encore plus int\u00e9ressante lorsqu&rsquo;elle permet de compl\u00e9ter ses revenus gr\u00e2ce \u00e0 une activit\u00e9 que l&rsquo;on aime\u00a0\u00bb,<\/em> conclut St\u00e9phanie Gowenko (Xerius).<\/p>\n<p>&nbsp;<\/p>\n<p><em>Source: l&rsquo;\u00e9tude Xerius s&rsquo;est d\u00e9roul\u00e9e sous la forme qu&rsquo;un questionnaire en ligne auquel ont r\u00e9pondu int\u00e9gralement 1.000 personnes \u00e2g\u00e9es de 18 \u00e0 64 ans, entre le 20 et le 28 mai. 70% des r\u00e9pondants sont salari\u00e9s, 10% ind\u00e9pendants et 12% fonctionnaires. Quelque 7% ont un autre statut (demandeur d&#8217;emploi, \u00e9tudiant, retrait\u00e9 ou malade de longue dur\u00e9e). Parmi les r\u00e9pondants qui travaillent, 82% le font \u00e0 temps plein et 18% \u00e0 temps partiel. 65% sont mari\u00e9s ou cohabitants et 35% isol\u00e9s. L&rsquo;\u00e9tude est repr\u00e9sentative en termes d&rsquo;\u00e2ge, de genre et de r\u00e9gion. Les facteurs de pond\u00e9ration n&rsquo;ont jamais d\u00e9pass\u00e9 1,5. La marge d&rsquo;erreur, pour l&rsquo;ensemble de cette population de 1.000 Belges actifs professionnellement, est de 3,10% (intervalle de fiabilit\u00e9 = 95%).<\/em><\/p>\n","protected":false},"excerpt":{"rendered":"<p>Sept travailleurs belges sur dix consid\u00e8rent comme (tr\u00e8s) souhaitable de disposer d&rsquo;un revenu compl\u00e9mentaire, ce dernier \u00e9tant m\u00eame indispensable pour 48% d&rsquo;entre eux. Quelque 20% des travailleurs sont (tr\u00e8s) insatisfaits de leur situation financi\u00e8re, tandis que 57% des Belges actifs [&hellip;]<\/p>\n","protected":false},"author":2,"featured_media":0,"comment_status":"closed","ping_status":"open","sticky":false,"template":"","format":"standard","meta":[],"categories":[65,10],"tags":[4315,148,30],"yoast_head":"<!-- This site is optimized with the Yoast SEO plugin v21.0 - https:\/\/yoast.com\/wordpress\/plugins\/seo\/ -->\n<title>Statut hybride: un revenu compl\u00e9mentaire devient quasi indispensable pour la moiti\u00e9 des travailleurs en Belgique. - Peoplesphere<\/title>\n<meta name=\"robots\" content=\"index, follow, max-snippet:-1, max-image-preview:large, max-video-preview:-1\" \/>\n<link rel=\"canonical\" href=\"https:\/\/peoplesphere.be\/fr\/statut-hybride-un-revenu-complementaire-devient-quasi-indispensable-pour-la-moitie-des-travailleurs-en-belgique\/\" \/>\n<meta property=\"og:locale\" content=\"fr_FR\" \/>\n<meta property=\"og:type\" content=\"article\" \/>\n<meta property=\"og:title\" content=\"Statut hybride: un revenu compl\u00e9mentaire devient quasi indispensable pour la moiti\u00e9 des travailleurs en Belgique. - Peoplesphere\" \/>\n<meta property=\"og:description\" content=\"Sept travailleurs belges sur dix consid\u00e8rent comme (tr\u00e8s) souhaitable de disposer d&rsquo;un revenu compl\u00e9mentaire, ce dernier \u00e9tant m\u00eame indispensable pour 48% d&rsquo;entre eux. Quelque 20% des travailleurs sont (tr\u00e8s) insatisfaits de leur situation financi\u00e8re, tandis que 57% des Belges actifs [&hellip;]\" \/>\n<meta property=\"og:url\" content=\"https:\/\/peoplesphere.be\/fr\/statut-hybride-un-revenu-complementaire-devient-quasi-indispensable-pour-la-moitie-des-travailleurs-en-belgique\/\" \/>\n<meta property=\"og:site_name\" content=\"Peoplesphere\" \/>\n<meta property=\"article:publisher\" content=\"https:\/\/www.facebook.com\/peoplesphere\" \/>\n<meta property=\"article:published_time\" content=\"2025-07-23T05:22:11+00:00\" \/>\n<meta property=\"og:image\" content=\"http:\/\/www.peoplesphere.be\/fr\/wp-content\/uploads\/2016\/07\/facebook-default-posting-1200x628px.jpg\" \/>\n<meta name=\"author\" content=\"Jean-Paul Erhard\" \/>\n<meta name=\"twitter:card\" content=\"summary_large_image\" \/>\n<meta name=\"twitter:creator\" content=\"@PeoplesphereMag\" \/>\n<meta name=\"twitter:site\" content=\"@PeoplesphereMag\" \/>\n<meta name=\"twitter:label1\" content=\"\u00c9crit par\" \/>\n\t<meta name=\"twitter:data1\" content=\"Jean-Paul Erhard\" \/>\n\t<meta name=\"twitter:label2\" content=\"Dur\u00e9e de lecture estim\u00e9e\" \/>\n\t<meta name=\"twitter:data2\" content=\"5 minutes\" \/>\n<script type=\"application\/ld+json\" class=\"yoast-schema-graph\">{\"@context\":\"https:\/\/schema.org\",\"@graph\":[{\"@type\":\"Article\",\"@id\":\"https:\/\/peoplesphere.be\/fr\/statut-hybride-un-revenu-complementaire-devient-quasi-indispensable-pour-la-moitie-des-travailleurs-en-belgique\/#article\",\"isPartOf\":{\"@id\":\"https:\/\/peoplesphere.be\/fr\/statut-hybride-un-revenu-complementaire-devient-quasi-indispensable-pour-la-moitie-des-travailleurs-en-belgique\/\"},\"author\":{\"name\":\"Jean-Paul Erhard\",\"@id\":\"https:\/\/peoplesphere.be\/fr\/#\/schema\/person\/7976225ff17988604334abb7b3536a7e\"},\"headline\":\"Statut hybride: un revenu compl\u00e9mentaire devient quasi indispensable pour la moiti\u00e9 des travailleurs en Belgique.\",\"datePublished\":\"2025-07-23T05:22:11+00:00\",\"dateModified\":\"2025-07-23T05:22:11+00:00\",\"mainEntityOfPage\":{\"@id\":\"https:\/\/peoplesphere.be\/fr\/statut-hybride-un-revenu-complementaire-devient-quasi-indispensable-pour-la-moitie-des-travailleurs-en-belgique\/\"},\"wordCount\":976,\"publisher\":{\"@id\":\"https:\/\/peoplesphere.be\/fr\/#organization\"},\"keywords\":[\"ind\u00e9pendant compl\u00e9mentaire\",\"pouvoir d'achat\",\"r\u00e9mun\u00e9ration\"],\"articleSection\":[\"Actualit\u00e9s\",\"Digital\"],\"inLanguage\":\"fr-FR\"},{\"@type\":\"WebPage\",\"@id\":\"https:\/\/peoplesphere.be\/fr\/statut-hybride-un-revenu-complementaire-devient-quasi-indispensable-pour-la-moitie-des-travailleurs-en-belgique\/\",\"url\":\"https:\/\/peoplesphere.be\/fr\/statut-hybride-un-revenu-complementaire-devient-quasi-indispensable-pour-la-moitie-des-travailleurs-en-belgique\/\",\"name\":\"Statut hybride: un revenu compl\u00e9mentaire devient quasi indispensable pour la moiti\u00e9 des travailleurs en Belgique. - Peoplesphere\",\"isPartOf\":{\"@id\":\"https:\/\/peoplesphere.be\/fr\/#website\"},\"datePublished\":\"2025-07-23T05:22:11+00:00\",\"dateModified\":\"2025-07-23T05:22:11+00:00\",\"breadcrumb\":{\"@id\":\"https:\/\/peoplesphere.be\/fr\/statut-hybride-un-revenu-complementaire-devient-quasi-indispensable-pour-la-moitie-des-travailleurs-en-belgique\/#breadcrumb\"},\"inLanguage\":\"fr-FR\",\"potentialAction\":[{\"@type\":\"ReadAction\",\"target\":[\"https:\/\/peoplesphere.be\/fr\/statut-hybride-un-revenu-complementaire-devient-quasi-indispensable-pour-la-moitie-des-travailleurs-en-belgique\/\"]}]},{\"@type\":\"BreadcrumbList\",\"@id\":\"https:\/\/peoplesphere.be\/fr\/statut-hybride-un-revenu-complementaire-devient-quasi-indispensable-pour-la-moitie-des-travailleurs-en-belgique\/#breadcrumb\",\"itemListElement\":[{\"@type\":\"ListItem\",\"position\":1,\"name\":\"Accueil\",\"item\":\"https:\/\/peoplesphere.be\/fr\/\"},{\"@type\":\"ListItem\",\"position\":2,\"name\":\"Statut hybride: un revenu compl\u00e9mentaire devient quasi indispensable pour la moiti\u00e9 des travailleurs en Belgique.\"}]},{\"@type\":\"WebSite\",\"@id\":\"https:\/\/peoplesphere.be\/fr\/#website\",\"url\":\"https:\/\/peoplesphere.be\/fr\/\",\"name\":\"Peoplesphere\",\"description\":\"The People Managers Magazine\",\"publisher\":{\"@id\":\"https:\/\/peoplesphere.be\/fr\/#organization\"},\"potentialAction\":[{\"@type\":\"SearchAction\",\"target\":{\"@type\":\"EntryPoint\",\"urlTemplate\":\"https:\/\/peoplesphere.be\/fr\/?s={search_term_string}\"},\"query-input\":\"required name=search_term_string\"}],\"inLanguage\":\"fr-FR\"},{\"@type\":\"Organization\",\"@id\":\"https:\/\/peoplesphere.be\/fr\/#organization\",\"name\":\"Peoplesphere Company srl\",\"url\":\"https:\/\/peoplesphere.be\/fr\/\",\"logo\":{\"@type\":\"ImageObject\",\"inLanguage\":\"fr-FR\",\"@id\":\"https:\/\/peoplesphere.be\/fr\/#\/schema\/logo\/image\/\",\"url\":\"https:\/\/peoplesphere.be\/fr\/wp-content\/uploads\/2023\/07\/peoplesphere-lgo-new-generik.jpg\",\"contentUrl\":\"https:\/\/peoplesphere.be\/fr\/wp-content\/uploads\/2023\/07\/peoplesphere-lgo-new-generik.jpg\",\"width\":1031,\"height\":1479,\"caption\":\"Peoplesphere Company srl\"},\"image\":{\"@id\":\"https:\/\/peoplesphere.be\/fr\/#\/schema\/logo\/image\/\"},\"sameAs\":[\"https:\/\/www.facebook.com\/peoplesphere\",\"https:\/\/twitter.com\/PeoplesphereMag\",\"https:\/\/www.linkedin.com\/company\/7587361?trk\",\"http:\/\/youtube.com\/peoplesphere\"]},{\"@type\":\"Person\",\"@id\":\"https:\/\/peoplesphere.be\/fr\/#\/schema\/person\/7976225ff17988604334abb7b3536a7e\",\"name\":\"Jean-Paul Erhard\",\"image\":{\"@type\":\"ImageObject\",\"inLanguage\":\"fr-FR\",\"@id\":\"https:\/\/peoplesphere.be\/fr\/#\/schema\/person\/image\/\",\"url\":\"https:\/\/secure.gravatar.com\/avatar\/f941e681460179738071629a51574930?s=96&d=mm&r=g\",\"contentUrl\":\"https:\/\/secure.gravatar.com\/avatar\/f941e681460179738071629a51574930?s=96&d=mm&r=g\",\"caption\":\"Jean-Paul Erhard\"},\"url\":\"https:\/\/peoplesphere.be\/fr\/author\/jpe\/\"}]}<\/script>\n<!-- \/ Yoast SEO plugin. -->","yoast_head_json":{"title":"Statut hybride: un revenu compl\u00e9mentaire devient quasi indispensable pour la moiti\u00e9 des travailleurs en Belgique. - Peoplesphere","robots":{"index":"index","follow":"follow","max-snippet":"max-snippet:-1","max-image-preview":"max-image-preview:large","max-video-preview":"max-video-preview:-1"},"canonical":"https:\/\/peoplesphere.be\/fr\/statut-hybride-un-revenu-complementaire-devient-quasi-indispensable-pour-la-moitie-des-travailleurs-en-belgique\/","og_locale":"fr_FR","og_type":"article","og_title":"Statut hybride: un revenu compl\u00e9mentaire devient quasi indispensable pour la moiti\u00e9 des travailleurs en Belgique. - Peoplesphere","og_description":"Sept travailleurs belges sur dix consid\u00e8rent comme (tr\u00e8s) souhaitable de disposer d&rsquo;un revenu compl\u00e9mentaire, ce dernier \u00e9tant m\u00eame indispensable pour 48% d&rsquo;entre eux. Quelque 20% des travailleurs sont (tr\u00e8s) insatisfaits de leur situation financi\u00e8re, tandis que 57% des Belges actifs [&hellip;]","og_url":"https:\/\/peoplesphere.be\/fr\/statut-hybride-un-revenu-complementaire-devient-quasi-indispensable-pour-la-moitie-des-travailleurs-en-belgique\/","og_site_name":"Peoplesphere","article_publisher":"https:\/\/www.facebook.com\/peoplesphere","article_published_time":"2025-07-23T05:22:11+00:00","og_image":[{"url":"http:\/\/www.peoplesphere.be\/fr\/wp-content\/uploads\/2016\/07\/facebook-default-posting-1200x628px.jpg"}],"author":"Jean-Paul Erhard","twitter_card":"summary_large_image","twitter_creator":"@PeoplesphereMag","twitter_site":"@PeoplesphereMag","twitter_misc":{"\u00c9crit par":"Jean-Paul Erhard","Dur\u00e9e de lecture estim\u00e9e":"5 minutes"},"schema":{"@context":"https:\/\/schema.org","@graph":[{"@type":"Article","@id":"https:\/\/peoplesphere.be\/fr\/statut-hybride-un-revenu-complementaire-devient-quasi-indispensable-pour-la-moitie-des-travailleurs-en-belgique\/#article","isPartOf":{"@id":"https:\/\/peoplesphere.be\/fr\/statut-hybride-un-revenu-complementaire-devient-quasi-indispensable-pour-la-moitie-des-travailleurs-en-belgique\/"},"author":{"name":"Jean-Paul Erhard","@id":"https:\/\/peoplesphere.be\/fr\/#\/schema\/person\/7976225ff17988604334abb7b3536a7e"},"headline":"Statut hybride: un revenu compl\u00e9mentaire devient quasi indispensable pour la moiti\u00e9 des travailleurs en Belgique.","datePublished":"2025-07-23T05:22:11+00:00","dateModified":"2025-07-23T05:22:11+00:00","mainEntityOfPage":{"@id":"https:\/\/peoplesphere.be\/fr\/statut-hybride-un-revenu-complementaire-devient-quasi-indispensable-pour-la-moitie-des-travailleurs-en-belgique\/"},"wordCount":976,"publisher":{"@id":"https:\/\/peoplesphere.be\/fr\/#organization"},"keywords":["ind\u00e9pendant compl\u00e9mentaire","pouvoir d'achat","r\u00e9mun\u00e9ration"],"articleSection":["Actualit\u00e9s","Digital"],"inLanguage":"fr-FR"},{"@type":"WebPage","@id":"https:\/\/peoplesphere.be\/fr\/statut-hybride-un-revenu-complementaire-devient-quasi-indispensable-pour-la-moitie-des-travailleurs-en-belgique\/","url":"https:\/\/peoplesphere.be\/fr\/statut-hybride-un-revenu-complementaire-devient-quasi-indispensable-pour-la-moitie-des-travailleurs-en-belgique\/","name":"Statut hybride: un revenu compl\u00e9mentaire devient quasi indispensable pour la moiti\u00e9 des travailleurs en Belgique. - Peoplesphere","isPartOf":{"@id":"https:\/\/peoplesphere.be\/fr\/#website"},"datePublished":"2025-07-23T05:22:11+00:00","dateModified":"2025-07-23T05:22:11+00:00","breadcrumb":{"@id":"https:\/\/peoplesphere.be\/fr\/statut-hybride-un-revenu-complementaire-devient-quasi-indispensable-pour-la-moitie-des-travailleurs-en-belgique\/#breadcrumb"},"inLanguage":"fr-FR","potentialAction":[{"@type":"ReadAction","target":["https:\/\/peoplesphere.be\/fr\/statut-hybride-un-revenu-complementaire-devient-quasi-indispensable-pour-la-moitie-des-travailleurs-en-belgique\/"]}]},{"@type":"BreadcrumbList","@id":"https:\/\/peoplesphere.be\/fr\/statut-hybride-un-revenu-complementaire-devient-quasi-indispensable-pour-la-moitie-des-travailleurs-en-belgique\/#breadcrumb","itemListElement":[{"@type":"ListItem","position":1,"name":"Accueil","item":"https:\/\/peoplesphere.be\/fr\/"},{"@type":"ListItem","position":2,"name":"Statut hybride: un revenu compl\u00e9mentaire devient quasi indispensable pour la moiti\u00e9 des travailleurs en Belgique."}]},{"@type":"WebSite","@id":"https:\/\/peoplesphere.be\/fr\/#website","url":"https:\/\/peoplesphere.be\/fr\/","name":"Peoplesphere","description":"The People Managers Magazine","publisher":{"@id":"https:\/\/peoplesphere.be\/fr\/#organization"},"potentialAction":[{"@type":"SearchAction","target":{"@type":"EntryPoint","urlTemplate":"https:\/\/peoplesphere.be\/fr\/?s={search_term_string}"},"query-input":"required name=search_term_string"}],"inLanguage":"fr-FR"},{"@type":"Organization","@id":"https:\/\/peoplesphere.be\/fr\/#organization","name":"Peoplesphere Company srl","url":"https:\/\/peoplesphere.be\/fr\/","logo":{"@type":"ImageObject","inLanguage":"fr-FR","@id":"https:\/\/peoplesphere.be\/fr\/#\/schema\/logo\/image\/","url":"https:\/\/peoplesphere.be\/fr\/wp-content\/uploads\/2023\/07\/peoplesphere-lgo-new-generik.jpg","contentUrl":"https:\/\/peoplesphere.be\/fr\/wp-content\/uploads\/2023\/07\/peoplesphere-lgo-new-generik.jpg","width":1031,"height":1479,"caption":"Peoplesphere Company srl"},"image":{"@id":"https:\/\/peoplesphere.be\/fr\/#\/schema\/logo\/image\/"},"sameAs":["https:\/\/www.facebook.com\/peoplesphere","https:\/\/twitter.com\/PeoplesphereMag","https:\/\/www.linkedin.com\/company\/7587361?trk","http:\/\/youtube.com\/peoplesphere"]},{"@type":"Person","@id":"https:\/\/peoplesphere.be\/fr\/#\/schema\/person\/7976225ff17988604334abb7b3536a7e","name":"Jean-Paul Erhard","image":{"@type":"ImageObject","inLanguage":"fr-FR","@id":"https:\/\/peoplesphere.be\/fr\/#\/schema\/person\/image\/","url":"https:\/\/secure.gravatar.com\/avatar\/f941e681460179738071629a51574930?s=96&d=mm&r=g","contentUrl":"https:\/\/secure.gravatar.com\/avatar\/f941e681460179738071629a51574930?s=96&d=mm&r=g","caption":"Jean-Paul Erhard"},"url":"https:\/\/peoplesphere.be\/fr\/author\/jpe\/"}]}},"_links":{"self":[{"href":"https:\/\/peoplesphere.be\/fr\/wp-json\/wp\/v2\/posts\/18032"}],"collection":[{"href":"https:\/\/peoplesphere.be\/fr\/wp-json\/wp\/v2\/posts"}],"about":[{"href":"https:\/\/peoplesphere.be\/fr\/wp-json\/wp\/v2\/types\/post"}],"author":[{"embeddable":true,"href":"https:\/\/peoplesphere.be\/fr\/wp-json\/wp\/v2\/users\/2"}],"replies":[{"embeddable":true,"href":"https:\/\/peoplesphere.be\/fr\/wp-json\/wp\/v2\/comments?post=18032"}],"version-history":[{"count":1,"href":"https:\/\/peoplesphere.be\/fr\/wp-json\/wp\/v2\/posts\/18032\/revisions"}],"predecessor-version":[{"id":18033,"href":"https:\/\/peoplesphere.be\/fr\/wp-json\/wp\/v2\/posts\/18032\/revisions\/18033"}],"wp:attachment":[{"href":"https:\/\/peoplesphere.be\/fr\/wp-json\/wp\/v2\/media?parent=18032"}],"wp:term":[{"taxonomy":"category","embeddable":true,"href":"https:\/\/peoplesphere.be\/fr\/wp-json\/wp\/v2\/categories?post=18032"},{"taxonomy":"post_tag","embeddable":true,"href":"https:\/\/peoplesphere.be\/fr\/wp-json\/wp\/v2\/tags?post=18032"}],"curies":[{"name":"wp","href":"https:\/\/api.w.org\/{rel}","templated":true}]}}