









{"id":18049,"date":"2025-07-28T10:05:21","date_gmt":"2025-07-28T08:05:21","guid":{"rendered":"https:\/\/peoplesphere.be\/fr\/?p=18049"},"modified":"2025-07-28T10:05:21","modified_gmt":"2025-07-28T08:05:21","slug":"nouvelle-reforme-des-pensions-12-avant-projets-de-loi-et-leurs-consequences","status":"publish","type":"post","link":"https:\/\/peoplesphere.be\/fr\/nouvelle-reforme-des-pensions-12-avant-projets-de-loi-et-leurs-consequences\/","title":{"rendered":"Nouvelle r\u00e9forme des pensions : 12 avant-projets de loi et leurs cons\u00e9quences."},"content":{"rendered":"<p>La r\u00e9forme des pensions propos\u00e9e renforcera le lien entre le travail effectif et la constitution des droits \u00e0 la pension, encourageant ainsi une vie active plus longue et am\u00e9liorant la viabilit\u00e9 financi\u00e8re du syst\u00e8me. Sur proposition du ministre des Pensions Jan Jambon et de la ministre des Ind\u00e9pendants El\u00e9onore Simonet, le Conseil des ministres a approuv\u00e9 douze avant-projets de loi qui s\u2019inscrivent dans le cadre de la r\u00e9forme du r\u00e9gime des pensions.<!--more--><\/p>\n<p>Plus concr\u00e8tement, les avant-projets de lois suivants sont approuv\u00e9s :<\/p>\n<ul>\n<li>avant-projet de loi relatif \u00e0 l\u2019extinction de l&rsquo;\u00e2ge pr\u00e9f\u00e9rentiel de d\u00e9part \u00e0 la retraite pour les militaires et le personnel roulant de HR-rail<\/li>\n<li>avant-projet de loi relatif \u00e0 la prolongation du traitement de r\u00e9f\u00e9rence pour le calcul des pensions du secteur public<\/li>\n<li>avant-projet de loi relatif \u00e0 la modification des tanti\u00e8mes et du coefficient d\u2019augmentation (monocam\u00e9ral)<\/li>\n<li>avant-projet de loi modifiant le tanti\u00e8me des magistrats (bicam\u00e9ral optionnel)<\/li>\n<li>avant-projet de loi modifiant l\u2019admissibilit\u00e9 pour la pension des fonctionnaires des p\u00e9riodes de cong\u00e9, de disponibilit\u00e9, d&rsquo;interruption de carri\u00e8re et d&rsquo;autres formes d&rsquo;absence<\/li>\n<li>avant-projet de loi supprimant la p\u00e9r\u00e9quation pour les pensions en cours<\/li>\n<li>avant-projet de loi relatif \u00e0 la pension anticip\u00e9e<\/li>\n<li>avant-projet de loi relatif \u00e0 la pension anticip\u00e9e et \u00e0 la r\u00e9duction ou majoration de la pension attribu\u00e9e avant ou apr\u00e8s l&rsquo;\u00e2ge l\u00e9gal de la pension dans le r\u00e9gime de pension des travailleurs ind\u00e9pendants<\/li>\n<li>avant-projet de loi introduisant une r\u00e9duction ou une majoration de la pension avant ou apr\u00e8s l\u2019\u00e2ge l\u00e9gal de la pension<\/li>\n<li>avant-projet de loi relatif \u00e0 la suppression de la pension pour cause d\u2019inaptitude physique (monocam\u00e9ral)<\/li>\n<li>avant-projet de loi relatif \u00e0 la suppression de la pension pour cause d\u2019inaptitude physique (bicam\u00e9ral optionnel)<\/li>\n<li>avant-projet de loi portant l\u2019introduction d&rsquo;une condition de travail dans les r\u00e9gimes de pension des fonctionnaires, des travailleurs salari\u00e9s et des travailleurs ind\u00e9pendants<\/li>\n<\/ul>\n<p>Les avant-projets pr\u00e9voient les mesures suivantes :<\/p>\n<ul>\n<li>l\u2019extinction des \u00e2ges pr\u00e9f\u00e9rentiels de d\u00e9part \u00e0 la retraite pour les militaires et le personnel roulant de HR-Rail<\/li>\n<li>l\u2019allongement de la p\u00e9riode du traitement de r\u00e9f\u00e9rence pour le calcul de la pension des fonctionnaires<\/li>\n<li>la suppression des tanti\u00e8mes pr\u00e9f\u00e9rentiels et des coefficients de majoration<\/li>\n<li>la modification de l\u2019admissibilit\u00e9 pour la pension des fonctionnaires des p\u00e9riodes de cong\u00e9, de disponibilit\u00e9, d\u2019interruption de carri\u00e8re et d\u2019autres formes d\u2019absence<\/li>\n<li>la suppression de la p\u00e9r\u00e9quation pour les pensions en cours dans le r\u00e9gime de pension des fonctionnaires<\/li>\n<li>l\u2019harmonisation dans les trois r\u00e9gimes de pension de la condition de carri\u00e8re pour l\u2019anticipation<\/li>\n<li>l\u2019introduction, dans les trois r\u00e9gimes de pension, d\u2019une nouvelle possibilit\u00e9 suppl\u00e9mentaire de d\u00e9part \u00e0 la retraite anticip\u00e9e pour une longue carri\u00e8re effectivement travaill\u00e9e \u00e0 partir de 60 ans et 42 ann\u00e9es de carri\u00e8re et o\u00f9 chaque ann\u00e9e de carri\u00e8re compte au moins 234 jours de travail effectif<\/li>\n<li>l\u2019introduction, dans les trois r\u00e9gimes de pension, de la r\u00e9duction ou de la majoration du montant de la pension lors de l\u2019octroi avant ou apr\u00e8s l\u2019\u00e2ge l\u00e9gal de la retraite (bonus\/malus)<\/li>\n<li>la suppression de la pension pour raison d\u2019inaptitude physique<\/li>\n<li>l&rsquo;introduction d&rsquo;une condition de travail dans les r\u00e9gimes de pension pour les fonctionnaires, les travailleurs salari\u00e9s et les travailleurs ind\u00e9pendants<\/li>\n<\/ul>\n<p>&nbsp;<\/p>\n<p><em>Cabinet de Jan Jambon, Vice-premier ministre et ministre des Finances et des Pensions, charg\u00e9 de la Loterie nationale et des Institutions culturelles f\u00e9d\u00e9rales<\/em><\/p>\n","protected":false},"excerpt":{"rendered":"<p>La r\u00e9forme des pensions propos\u00e9e renforcera le lien entre le travail effectif et la constitution des droits \u00e0 la pension, encourageant ainsi une vie active plus longue et am\u00e9liorant la viabilit\u00e9 financi\u00e8re du syst\u00e8me. Sur proposition du ministre des Pensions [&hellip;]<\/p>\n","protected":false},"author":2,"featured_media":0,"comment_status":"closed","ping_status":"open","sticky":false,"template":"","format":"standard","meta":[],"categories":[65,10],"tags":[643,1635,548,688],"yoast_head":"<!-- This site is optimized with the Yoast SEO plugin v21.0 - https:\/\/yoast.com\/wordpress\/plugins\/seo\/ -->\n<title>Nouvelle r\u00e9forme des pensions : 12 avant-projets de loi et leurs cons\u00e9quences. - Peoplesphere<\/title>\n<meta name=\"robots\" content=\"index, follow, max-snippet:-1, max-image-preview:large, max-video-preview:-1\" \/>\n<link rel=\"canonical\" href=\"https:\/\/peoplesphere.be\/fr\/nouvelle-reforme-des-pensions-12-avant-projets-de-loi-et-leurs-consequences\/\" \/>\n<meta property=\"og:locale\" content=\"fr_FR\" \/>\n<meta property=\"og:type\" content=\"article\" \/>\n<meta property=\"og:title\" content=\"Nouvelle r\u00e9forme des pensions : 12 avant-projets de loi et leurs cons\u00e9quences. - Peoplesphere\" \/>\n<meta property=\"og:description\" content=\"La r\u00e9forme des pensions propos\u00e9e renforcera le lien entre le travail effectif et la constitution des droits \u00e0 la pension, encourageant ainsi une vie active plus longue et am\u00e9liorant la viabilit\u00e9 financi\u00e8re du syst\u00e8me. Sur proposition du ministre des Pensions [&hellip;]\" \/>\n<meta property=\"og:url\" content=\"https:\/\/peoplesphere.be\/fr\/nouvelle-reforme-des-pensions-12-avant-projets-de-loi-et-leurs-consequences\/\" \/>\n<meta property=\"og:site_name\" content=\"Peoplesphere\" \/>\n<meta property=\"article:publisher\" content=\"https:\/\/www.facebook.com\/peoplesphere\" \/>\n<meta property=\"article:published_time\" content=\"2025-07-28T08:05:21+00:00\" \/>\n<meta property=\"og:image\" content=\"http:\/\/www.peoplesphere.be\/fr\/wp-content\/uploads\/2016\/07\/facebook-default-posting-1200x628px.jpg\" \/>\n<meta name=\"author\" content=\"Jean-Paul Erhard\" \/>\n<meta name=\"twitter:card\" content=\"summary_large_image\" \/>\n<meta name=\"twitter:creator\" content=\"@PeoplesphereMag\" \/>\n<meta name=\"twitter:site\" content=\"@PeoplesphereMag\" \/>\n<meta name=\"twitter:label1\" content=\"\u00c9crit par\" \/>\n\t<meta name=\"twitter:data1\" content=\"Jean-Paul Erhard\" \/>\n\t<meta name=\"twitter:label2\" content=\"Dur\u00e9e de lecture estim\u00e9e\" \/>\n\t<meta name=\"twitter:data2\" content=\"3 minutes\" \/>\n<script type=\"application\/ld+json\" class=\"yoast-schema-graph\">{\"@context\":\"https:\/\/schema.org\",\"@graph\":[{\"@type\":\"Article\",\"@id\":\"https:\/\/peoplesphere.be\/fr\/nouvelle-reforme-des-pensions-12-avant-projets-de-loi-et-leurs-consequences\/#article\",\"isPartOf\":{\"@id\":\"https:\/\/peoplesphere.be\/fr\/nouvelle-reforme-des-pensions-12-avant-projets-de-loi-et-leurs-consequences\/\"},\"author\":{\"name\":\"Jean-Paul Erhard\",\"@id\":\"https:\/\/peoplesphere.be\/fr\/#\/schema\/person\/7976225ff17988604334abb7b3536a7e\"},\"headline\":\"Nouvelle r\u00e9forme des pensions : 12 avant-projets de loi et leurs cons\u00e9quences.\",\"datePublished\":\"2025-07-28T08:05:21+00:00\",\"dateModified\":\"2025-07-28T08:05:21+00:00\",\"mainEntityOfPage\":{\"@id\":\"https:\/\/peoplesphere.be\/fr\/nouvelle-reforme-des-pensions-12-avant-projets-de-loi-et-leurs-consequences\/\"},\"wordCount\":628,\"publisher\":{\"@id\":\"https:\/\/peoplesphere.be\/fr\/#organization\"},\"keywords\":[\"carri\u00e8re\",\"fonctionnaires\",\"r\u00e9forme des pensions\",\"retraite\"],\"articleSection\":[\"Actualit\u00e9s\",\"Digital\"],\"inLanguage\":\"fr-FR\"},{\"@type\":\"WebPage\",\"@id\":\"https:\/\/peoplesphere.be\/fr\/nouvelle-reforme-des-pensions-12-avant-projets-de-loi-et-leurs-consequences\/\",\"url\":\"https:\/\/peoplesphere.be\/fr\/nouvelle-reforme-des-pensions-12-avant-projets-de-loi-et-leurs-consequences\/\",\"name\":\"Nouvelle r\u00e9forme des pensions : 12 avant-projets de loi et leurs cons\u00e9quences. - Peoplesphere\",\"isPartOf\":{\"@id\":\"https:\/\/peoplesphere.be\/fr\/#website\"},\"datePublished\":\"2025-07-28T08:05:21+00:00\",\"dateModified\":\"2025-07-28T08:05:21+00:00\",\"breadcrumb\":{\"@id\":\"https:\/\/peoplesphere.be\/fr\/nouvelle-reforme-des-pensions-12-avant-projets-de-loi-et-leurs-consequences\/#breadcrumb\"},\"inLanguage\":\"fr-FR\",\"potentialAction\":[{\"@type\":\"ReadAction\",\"target\":[\"https:\/\/peoplesphere.be\/fr\/nouvelle-reforme-des-pensions-12-avant-projets-de-loi-et-leurs-consequences\/\"]}]},{\"@type\":\"BreadcrumbList\",\"@id\":\"https:\/\/peoplesphere.be\/fr\/nouvelle-reforme-des-pensions-12-avant-projets-de-loi-et-leurs-consequences\/#breadcrumb\",\"itemListElement\":[{\"@type\":\"ListItem\",\"position\":1,\"name\":\"Accueil\",\"item\":\"https:\/\/peoplesphere.be\/fr\/\"},{\"@type\":\"ListItem\",\"position\":2,\"name\":\"Nouvelle r\u00e9forme des pensions : 12 avant-projets de loi et leurs cons\u00e9quences.\"}]},{\"@type\":\"WebSite\",\"@id\":\"https:\/\/peoplesphere.be\/fr\/#website\",\"url\":\"https:\/\/peoplesphere.be\/fr\/\",\"name\":\"Peoplesphere\",\"description\":\"The People Managers Magazine\",\"publisher\":{\"@id\":\"https:\/\/peoplesphere.be\/fr\/#organization\"},\"potentialAction\":[{\"@type\":\"SearchAction\",\"target\":{\"@type\":\"EntryPoint\",\"urlTemplate\":\"https:\/\/peoplesphere.be\/fr\/?s={search_term_string}\"},\"query-input\":\"required name=search_term_string\"}],\"inLanguage\":\"fr-FR\"},{\"@type\":\"Organization\",\"@id\":\"https:\/\/peoplesphere.be\/fr\/#organization\",\"name\":\"Peoplesphere Company srl\",\"url\":\"https:\/\/peoplesphere.be\/fr\/\",\"logo\":{\"@type\":\"ImageObject\",\"inLanguage\":\"fr-FR\",\"@id\":\"https:\/\/peoplesphere.be\/fr\/#\/schema\/logo\/image\/\",\"url\":\"https:\/\/peoplesphere.be\/fr\/wp-content\/uploads\/2023\/07\/peoplesphere-lgo-new-generik.jpg\",\"contentUrl\":\"https:\/\/peoplesphere.be\/fr\/wp-content\/uploads\/2023\/07\/peoplesphere-lgo-new-generik.jpg\",\"width\":1031,\"height\":1479,\"caption\":\"Peoplesphere Company srl\"},\"image\":{\"@id\":\"https:\/\/peoplesphere.be\/fr\/#\/schema\/logo\/image\/\"},\"sameAs\":[\"https:\/\/www.facebook.com\/peoplesphere\",\"https:\/\/twitter.com\/PeoplesphereMag\",\"https:\/\/www.linkedin.com\/company\/7587361?trk\",\"http:\/\/youtube.com\/peoplesphere\"]},{\"@type\":\"Person\",\"@id\":\"https:\/\/peoplesphere.be\/fr\/#\/schema\/person\/7976225ff17988604334abb7b3536a7e\",\"name\":\"Jean-Paul Erhard\",\"image\":{\"@type\":\"ImageObject\",\"inLanguage\":\"fr-FR\",\"@id\":\"https:\/\/peoplesphere.be\/fr\/#\/schema\/person\/image\/\",\"url\":\"https:\/\/secure.gravatar.com\/avatar\/f941e681460179738071629a51574930?s=96&d=mm&r=g\",\"contentUrl\":\"https:\/\/secure.gravatar.com\/avatar\/f941e681460179738071629a51574930?s=96&d=mm&r=g\",\"caption\":\"Jean-Paul Erhard\"},\"url\":\"https:\/\/peoplesphere.be\/fr\/author\/jpe\/\"}]}<\/script>\n<!-- \/ Yoast SEO plugin. -->","yoast_head_json":{"title":"Nouvelle r\u00e9forme des pensions : 12 avant-projets de loi et leurs cons\u00e9quences. - Peoplesphere","robots":{"index":"index","follow":"follow","max-snippet":"max-snippet:-1","max-image-preview":"max-image-preview:large","max-video-preview":"max-video-preview:-1"},"canonical":"https:\/\/peoplesphere.be\/fr\/nouvelle-reforme-des-pensions-12-avant-projets-de-loi-et-leurs-consequences\/","og_locale":"fr_FR","og_type":"article","og_title":"Nouvelle r\u00e9forme des pensions : 12 avant-projets de loi et leurs cons\u00e9quences. - Peoplesphere","og_description":"La r\u00e9forme des pensions propos\u00e9e renforcera le lien entre le travail effectif et la constitution des droits \u00e0 la pension, encourageant ainsi une vie active plus longue et am\u00e9liorant la viabilit\u00e9 financi\u00e8re du syst\u00e8me. Sur proposition du ministre des Pensions [&hellip;]","og_url":"https:\/\/peoplesphere.be\/fr\/nouvelle-reforme-des-pensions-12-avant-projets-de-loi-et-leurs-consequences\/","og_site_name":"Peoplesphere","article_publisher":"https:\/\/www.facebook.com\/peoplesphere","article_published_time":"2025-07-28T08:05:21+00:00","og_image":[{"url":"http:\/\/www.peoplesphere.be\/fr\/wp-content\/uploads\/2016\/07\/facebook-default-posting-1200x628px.jpg"}],"author":"Jean-Paul Erhard","twitter_card":"summary_large_image","twitter_creator":"@PeoplesphereMag","twitter_site":"@PeoplesphereMag","twitter_misc":{"\u00c9crit par":"Jean-Paul Erhard","Dur\u00e9e de lecture estim\u00e9e":"3 minutes"},"schema":{"@context":"https:\/\/schema.org","@graph":[{"@type":"Article","@id":"https:\/\/peoplesphere.be\/fr\/nouvelle-reforme-des-pensions-12-avant-projets-de-loi-et-leurs-consequences\/#article","isPartOf":{"@id":"https:\/\/peoplesphere.be\/fr\/nouvelle-reforme-des-pensions-12-avant-projets-de-loi-et-leurs-consequences\/"},"author":{"name":"Jean-Paul Erhard","@id":"https:\/\/peoplesphere.be\/fr\/#\/schema\/person\/7976225ff17988604334abb7b3536a7e"},"headline":"Nouvelle r\u00e9forme des pensions : 12 avant-projets de loi et leurs cons\u00e9quences.","datePublished":"2025-07-28T08:05:21+00:00","dateModified":"2025-07-28T08:05:21+00:00","mainEntityOfPage":{"@id":"https:\/\/peoplesphere.be\/fr\/nouvelle-reforme-des-pensions-12-avant-projets-de-loi-et-leurs-consequences\/"},"wordCount":628,"publisher":{"@id":"https:\/\/peoplesphere.be\/fr\/#organization"},"keywords":["carri\u00e8re","fonctionnaires","r\u00e9forme des pensions","retraite"],"articleSection":["Actualit\u00e9s","Digital"],"inLanguage":"fr-FR"},{"@type":"WebPage","@id":"https:\/\/peoplesphere.be\/fr\/nouvelle-reforme-des-pensions-12-avant-projets-de-loi-et-leurs-consequences\/","url":"https:\/\/peoplesphere.be\/fr\/nouvelle-reforme-des-pensions-12-avant-projets-de-loi-et-leurs-consequences\/","name":"Nouvelle r\u00e9forme des pensions : 12 avant-projets de loi et leurs cons\u00e9quences. - Peoplesphere","isPartOf":{"@id":"https:\/\/peoplesphere.be\/fr\/#website"},"datePublished":"2025-07-28T08:05:21+00:00","dateModified":"2025-07-28T08:05:21+00:00","breadcrumb":{"@id":"https:\/\/peoplesphere.be\/fr\/nouvelle-reforme-des-pensions-12-avant-projets-de-loi-et-leurs-consequences\/#breadcrumb"},"inLanguage":"fr-FR","potentialAction":[{"@type":"ReadAction","target":["https:\/\/peoplesphere.be\/fr\/nouvelle-reforme-des-pensions-12-avant-projets-de-loi-et-leurs-consequences\/"]}]},{"@type":"BreadcrumbList","@id":"https:\/\/peoplesphere.be\/fr\/nouvelle-reforme-des-pensions-12-avant-projets-de-loi-et-leurs-consequences\/#breadcrumb","itemListElement":[{"@type":"ListItem","position":1,"name":"Accueil","item":"https:\/\/peoplesphere.be\/fr\/"},{"@type":"ListItem","position":2,"name":"Nouvelle r\u00e9forme des pensions : 12 avant-projets de loi et leurs cons\u00e9quences."}]},{"@type":"WebSite","@id":"https:\/\/peoplesphere.be\/fr\/#website","url":"https:\/\/peoplesphere.be\/fr\/","name":"Peoplesphere","description":"The People Managers Magazine","publisher":{"@id":"https:\/\/peoplesphere.be\/fr\/#organization"},"potentialAction":[{"@type":"SearchAction","target":{"@type":"EntryPoint","urlTemplate":"https:\/\/peoplesphere.be\/fr\/?s={search_term_string}"},"query-input":"required name=search_term_string"}],"inLanguage":"fr-FR"},{"@type":"Organization","@id":"https:\/\/peoplesphere.be\/fr\/#organization","name":"Peoplesphere Company srl","url":"https:\/\/peoplesphere.be\/fr\/","logo":{"@type":"ImageObject","inLanguage":"fr-FR","@id":"https:\/\/peoplesphere.be\/fr\/#\/schema\/logo\/image\/","url":"https:\/\/peoplesphere.be\/fr\/wp-content\/uploads\/2023\/07\/peoplesphere-lgo-new-generik.jpg","contentUrl":"https:\/\/peoplesphere.be\/fr\/wp-content\/uploads\/2023\/07\/peoplesphere-lgo-new-generik.jpg","width":1031,"height":1479,"caption":"Peoplesphere Company srl"},"image":{"@id":"https:\/\/peoplesphere.be\/fr\/#\/schema\/logo\/image\/"},"sameAs":["https:\/\/www.facebook.com\/peoplesphere","https:\/\/twitter.com\/PeoplesphereMag","https:\/\/www.linkedin.com\/company\/7587361?trk","http:\/\/youtube.com\/peoplesphere"]},{"@type":"Person","@id":"https:\/\/peoplesphere.be\/fr\/#\/schema\/person\/7976225ff17988604334abb7b3536a7e","name":"Jean-Paul Erhard","image":{"@type":"ImageObject","inLanguage":"fr-FR","@id":"https:\/\/peoplesphere.be\/fr\/#\/schema\/person\/image\/","url":"https:\/\/secure.gravatar.com\/avatar\/f941e681460179738071629a51574930?s=96&d=mm&r=g","contentUrl":"https:\/\/secure.gravatar.com\/avatar\/f941e681460179738071629a51574930?s=96&d=mm&r=g","caption":"Jean-Paul Erhard"},"url":"https:\/\/peoplesphere.be\/fr\/author\/jpe\/"}]}},"_links":{"self":[{"href":"https:\/\/peoplesphere.be\/fr\/wp-json\/wp\/v2\/posts\/18049"}],"collection":[{"href":"https:\/\/peoplesphere.be\/fr\/wp-json\/wp\/v2\/posts"}],"about":[{"href":"https:\/\/peoplesphere.be\/fr\/wp-json\/wp\/v2\/types\/post"}],"author":[{"embeddable":true,"href":"https:\/\/peoplesphere.be\/fr\/wp-json\/wp\/v2\/users\/2"}],"replies":[{"embeddable":true,"href":"https:\/\/peoplesphere.be\/fr\/wp-json\/wp\/v2\/comments?post=18049"}],"version-history":[{"count":1,"href":"https:\/\/peoplesphere.be\/fr\/wp-json\/wp\/v2\/posts\/18049\/revisions"}],"predecessor-version":[{"id":18050,"href":"https:\/\/peoplesphere.be\/fr\/wp-json\/wp\/v2\/posts\/18049\/revisions\/18050"}],"wp:attachment":[{"href":"https:\/\/peoplesphere.be\/fr\/wp-json\/wp\/v2\/media?parent=18049"}],"wp:term":[{"taxonomy":"category","embeddable":true,"href":"https:\/\/peoplesphere.be\/fr\/wp-json\/wp\/v2\/categories?post=18049"},{"taxonomy":"post_tag","embeddable":true,"href":"https:\/\/peoplesphere.be\/fr\/wp-json\/wp\/v2\/tags?post=18049"}],"curies":[{"name":"wp","href":"https:\/\/api.w.org\/{rel}","templated":true}]}}