









{"id":18074,"date":"2025-08-06T17:34:47","date_gmt":"2025-08-06T15:34:47","guid":{"rendered":"https:\/\/peoplesphere.be\/fr\/?p=18074"},"modified":"2025-08-06T17:34:47","modified_gmt":"2025-08-06T15:34:47","slug":"editorial-prendre-le-temps-pour-garantir-lalignement-un-luxe-que-beaucoup-de-managers-peinent-a-soffrir","status":"publish","type":"post","link":"https:\/\/peoplesphere.be\/fr\/editorial-prendre-le-temps-pour-garantir-lalignement-un-luxe-que-beaucoup-de-managers-peinent-a-soffrir\/","title":{"rendered":"\u00c9ditorial &#8211; Prendre le temps pour garantir l\u2019alignement, un luxe que beaucoup de managers peinent \u00e0 s\u2019offrir\u2026"},"content":{"rendered":"<p>Besoin de mobiliser les \u00e9quipes pour r\u00e9ussir notre projet de transformation ou de changement. Le dilemme essentiel est le suivant: vitesse ou pr\u00e9paration? Patience ou agilit\u00e9? Et malgr\u00e9 tout, nous d\u00e9cidons souvent de lancer une nouvelle initiative alors que les \u00e9quipes ne sont pas encore correctement pr\u00e9par\u00e9es ni m\u00eame inform\u00e9es. Nous savons que cela va nous co\u00fbter cher de travailler sur l\u2019adh\u00e9sion \u00e0 posteriori et que le temps que nous pensons avoir \u2018gagn\u00e9\u2019 en amont devra finalement \u00eatre consacr\u00e9 \u00e0 r\u00e9parer les d\u00e9g\u00e2ts caus\u00e9s sur la motivation, la confiance et la bonne volont\u00e9 des coll\u00e8gues\u2026 Mais nous y allons quand-m\u00eame, la fleur au fusil en quelque sorte. Quelle est cette force myst\u00e9rieuse qui nous pousse souvent \u00e0 sacrifier le temps de l\u2019alignement ?<!--more--><\/p>\n<h3><strong><em>Le d\u00e9sordre et le progr\u00e8s<\/em><\/strong><\/h3>\n<p>Faire avancer une organisation dans la confusion, c\u2019est une strat\u00e9gie comme une autre qui peut s\u2019appuyer d\u2019ailleurs sur un principe de r\u00e9alit\u00e9. Nous aimerions que nos organisations soient des cohortes parfaitement sym\u00e9triques, des armoires bien rang\u00e9es\u2026 alors que nous sommes la plupart du temps face \u00e0 un joyeux bordel. Chaotique, h\u00e9t\u00e9rog\u00e8ne, \u00e9parpill\u00e9, mobile\u2026 C\u2019est \u00e9reintant sur le plan mental. Est-il raisonnable de vouloir mettre de l\u2019ordre \u00e0 tout prix ?<br \/>\nLe pari sur la capacit\u00e9 d\u2019adaptation des \u00e9quipes soumises \u00e0 rude \u00e9preuve est en effet un bon moyen de provoquer l\u2019innovation. Placer l\u2019organisation en situation d\u2019inconfort permet souvent de changer \u00e0 la fois les rep\u00e8res et la fa\u00e7on de travailler dans un contexte nouveau. Un nouveau paradigme est possible.<br \/>\nInconv\u00e9nient de cette approche, \u00e9voqu\u00e9 furtivement ci-dessus : une consommation d\u2019\u00e9nergies \u00e9norme qu\u2019il faut \u00eatre capable d\u2019absorber, en pr\u00e9voyant par exemple une p\u00e9riode de r\u00e9cup\u00e9ration dans la foul\u00e9e.<\/p>\n<h3><strong><em>Avancer co\u00fbte que co\u00fbte<\/em><\/strong><\/h3>\n<p>Parlons \u00e0 pr\u00e9sent du \u2018momentum\u2019, c\u2019est-\u00e0-dire des opportunit\u00e9s qu\u2019il faut saisir, ici et maintenant.<br \/>\nIl y a (au moins) deux \u00e9coles. La premi\u00e8re consiste \u00e0 y aller vite et fort (litt\u00e9ralement \u2018Fast and Furious\u2019). La seconde vise quant \u00e0 elle \u00e0 pr\u00e9parer soigneusement l\u2019odyss\u00e9e pour faire face au changement en rangs serr\u00e9s.<br \/>\nAu moment de choisir la meilleure strat\u00e9gie et de mettre les troupes en mode action, il y a toujours un peu d\u2019appr\u00e9hension \u2013 \u2018et si nous faisions fausse route ?\u2019 \u2013 et, de temps en temps, un petit manque de courage entrepreneurial.<br \/>\nEmmener une organisation ou une \u00e9quipe dans notre sillage, c\u2019est une sacr\u00e9e responsabilit\u00e9 qui n\u2019est par ailleurs jamais garantie de succ\u00e8s. Le moment peut \u00eatre enivrant\u2026 ou paralysant. Cela d\u00e9pend autant du caract\u00e8re de chacun.e que de notre environnement.<br \/>\nC\u2019est dans ces moments-l\u00e0 que la dynamique de mouvement prend le pas sur la qualit\u00e9 de la pr\u00e9paration. Au fond, ce qui compte, c\u2019est d\u2019y aller. Et pour le reste\u2026 Inchallah.<\/p>\n<h3><strong><em>\u2018Tu souris, tu acquiesces et \u00e0 la fin, tu fais de toute fa\u00e7on comme tu en as envie\u2026\u2019<\/em><\/strong><\/h3>\n<p>Enfin, si nous ne consacrons pas le temps n\u00e9cessaire \u00e0 l\u2019alignement, c\u2019est aussi parce que c\u2019est un mythe\u2026 Une chim\u00e8re ou un doux r\u00eave, comme vous pr\u00e9f\u00e9rez.<br \/>\nIl n\u2019est sans doute pas n\u00e9cessaire de revenir une fois encore sur les probl\u00e9matiques d\u2019egos qui doivent s\u2019exprimer dans nos entreprises, \u00e0 quelque niveau que ce soit. Cela reste d\u2019ailleurs la principale difficult\u00e9 rencontr\u00e9e au sein de nos comit\u00e9s de direction et autres instances de gouvernance.<\/p>\n<p>Mais, au-del\u00e0 de ces pulsions ego-centr\u00e9es \u00e0 satisfaire, nous voyons \u00e0 quel point il est difficile de \u2018r\u00e9cup\u00e9rer\u2019 la bonne volont\u00e9 \u00e0 posteriori des collaborateurs qui consid\u00e8rent que leurs avis auraient d\u00fb \u00eatre pris en compte et que leur v\u00e9rit\u00e9 est la seule et l\u2019unique.<br \/>\nA la frustration de ne pas avoir \u00e9t\u00e9 impliqu\u00e9s au d\u00e9but de \u2018l\u2019aventure\u2019 s\u2019ajoute aujourd\u2019hui le rejet d\u2019un r\u00e9f\u00e9rentiel commun et de valeurs partag\u00e9es. Les principes sur lesquels nous pouvons esp\u00e9rer aujourd\u2019hui engager les \u00e9quipes sont rares\u2026 Tr\u00e8s rares.<\/p>\n<p>In fine, cela veut dire que chacun.e fait ce qu\u2019il lui pla\u00eet ? C\u2019est effectivement ce qu\u2019il se produit si nous ne consacrons pas notre attention et notre \u00e9nergie \u00e0 d\u00e9montrer toute la pertinence d\u2019avancer ensemble.<\/p>\n<p>Oui, c\u2019est un luxe formidable de pouvoir s\u2019octroyer le temps n\u00e9cessaire pour s\u2019assurer que tout le monde est \u00e0 bord, que les objectifs et la m\u00e9thode sont partag\u00e9s et que les revers \u00e9ventuels seront assum\u00e9s et affront\u00e9s ensemble avec une certaine s\u00e9r\u00e9nit\u00e9. Il faut pouvoir se faire plaisir de temps en temps et s\u2019offrir ce temps pr\u00e9cieux. Pour soi et aussi voire surtout pour celles et ceux qui nous entourent. Car \u2013 comme nous aimons le rappeler -, le plaisir le plus d\u00e9licat consiste \u00e0 faire celui d\u2019autrui.<\/p>\n<p>Jean-Paul Erhard<\/p>\n","protected":false},"excerpt":{"rendered":"<p>Besoin de mobiliser les \u00e9quipes pour r\u00e9ussir notre projet de transformation ou de changement. Le dilemme essentiel est le suivant: vitesse ou pr\u00e9paration? Patience ou agilit\u00e9? Et malgr\u00e9 tout, nous d\u00e9cidons souvent de lancer une nouvelle initiative alors que les [&hellip;]<\/p>\n","protected":false},"author":2,"featured_media":18075,"comment_status":"closed","ping_status":"open","sticky":false,"template":"","format":"standard","meta":[],"categories":[65,62,10,2],"tags":[2091,675,1507,610],"yoast_head":"<!-- This site is optimized with the Yoast SEO plugin v21.0 - https:\/\/yoast.com\/wordpress\/plugins\/seo\/ -->\n<title>\u00c9ditorial - Prendre le temps pour garantir l\u2019alignement, un luxe que beaucoup de managers peinent \u00e0 s\u2019offrir\u2026 - Peoplesphere<\/title>\n<meta name=\"robots\" content=\"index, follow, max-snippet:-1, max-image-preview:large, max-video-preview:-1\" \/>\n<link rel=\"canonical\" href=\"https:\/\/peoplesphere.be\/fr\/editorial-prendre-le-temps-pour-garantir-lalignement-un-luxe-que-beaucoup-de-managers-peinent-a-soffrir\/\" \/>\n<meta property=\"og:locale\" content=\"fr_FR\" \/>\n<meta property=\"og:type\" content=\"article\" \/>\n<meta property=\"og:title\" content=\"\u00c9ditorial - Prendre le temps pour garantir l\u2019alignement, un luxe que beaucoup de managers peinent \u00e0 s\u2019offrir\u2026 - Peoplesphere\" \/>\n<meta property=\"og:description\" content=\"Besoin de mobiliser les \u00e9quipes pour r\u00e9ussir notre projet de transformation ou de changement. Le dilemme essentiel est le suivant: vitesse ou pr\u00e9paration? Patience ou agilit\u00e9? Et malgr\u00e9 tout, nous d\u00e9cidons souvent de lancer une nouvelle initiative alors que les [&hellip;]\" \/>\n<meta property=\"og:url\" content=\"https:\/\/peoplesphere.be\/fr\/editorial-prendre-le-temps-pour-garantir-lalignement-un-luxe-que-beaucoup-de-managers-peinent-a-soffrir\/\" \/>\n<meta property=\"og:site_name\" content=\"Peoplesphere\" \/>\n<meta property=\"article:publisher\" content=\"https:\/\/www.facebook.com\/peoplesphere\" \/>\n<meta property=\"article:published_time\" content=\"2025-08-06T15:34:47+00:00\" \/>\n<meta property=\"og:image\" content=\"https:\/\/peoplesphere.be\/fr\/wp-content\/uploads\/2025\/08\/20250807avironvectorillu.jpg\" \/>\n\t<meta property=\"og:image:width\" content=\"740\" \/>\n\t<meta property=\"og:image:height\" content=\"443\" \/>\n\t<meta property=\"og:image:type\" content=\"image\/jpeg\" \/>\n<meta name=\"author\" content=\"Jean-Paul Erhard\" \/>\n<meta name=\"twitter:card\" content=\"summary_large_image\" \/>\n<meta name=\"twitter:creator\" content=\"@PeoplesphereMag\" \/>\n<meta name=\"twitter:site\" content=\"@PeoplesphereMag\" \/>\n<meta name=\"twitter:label1\" content=\"\u00c9crit par\" \/>\n\t<meta name=\"twitter:data1\" content=\"Jean-Paul Erhard\" \/>\n\t<meta name=\"twitter:label2\" content=\"Dur\u00e9e de lecture estim\u00e9e\" \/>\n\t<meta name=\"twitter:data2\" content=\"4 minutes\" \/>\n<script type=\"application\/ld+json\" class=\"yoast-schema-graph\">{\"@context\":\"https:\/\/schema.org\",\"@graph\":[{\"@type\":\"Article\",\"@id\":\"https:\/\/peoplesphere.be\/fr\/editorial-prendre-le-temps-pour-garantir-lalignement-un-luxe-que-beaucoup-de-managers-peinent-a-soffrir\/#article\",\"isPartOf\":{\"@id\":\"https:\/\/peoplesphere.be\/fr\/editorial-prendre-le-temps-pour-garantir-lalignement-un-luxe-que-beaucoup-de-managers-peinent-a-soffrir\/\"},\"author\":{\"name\":\"Jean-Paul Erhard\",\"@id\":\"https:\/\/peoplesphere.be\/fr\/#\/schema\/person\/7976225ff17988604334abb7b3536a7e\"},\"headline\":\"\u00c9ditorial &#8211; Prendre le temps pour garantir l\u2019alignement, un luxe que beaucoup de managers peinent \u00e0 s\u2019offrir\u2026\",\"datePublished\":\"2025-08-06T15:34:47+00:00\",\"dateModified\":\"2025-08-06T15:34:47+00:00\",\"mainEntityOfPage\":{\"@id\":\"https:\/\/peoplesphere.be\/fr\/editorial-prendre-le-temps-pour-garantir-lalignement-un-luxe-que-beaucoup-de-managers-peinent-a-soffrir\/\"},\"wordCount\":864,\"publisher\":{\"@id\":\"https:\/\/peoplesphere.be\/fr\/#organization\"},\"keywords\":[\"alignement\",\"change management\",\"project management\",\"strat\u00e9gie\"],\"articleSection\":[\"Actualit\u00e9s\",\"Articles\",\"Digital\",\"Magazine\"],\"inLanguage\":\"fr-FR\"},{\"@type\":\"WebPage\",\"@id\":\"https:\/\/peoplesphere.be\/fr\/editorial-prendre-le-temps-pour-garantir-lalignement-un-luxe-que-beaucoup-de-managers-peinent-a-soffrir\/\",\"url\":\"https:\/\/peoplesphere.be\/fr\/editorial-prendre-le-temps-pour-garantir-lalignement-un-luxe-que-beaucoup-de-managers-peinent-a-soffrir\/\",\"name\":\"\u00c9ditorial - Prendre le temps pour garantir l\u2019alignement, un luxe que beaucoup de managers peinent \u00e0 s\u2019offrir\u2026 - Peoplesphere\",\"isPartOf\":{\"@id\":\"https:\/\/peoplesphere.be\/fr\/#website\"},\"datePublished\":\"2025-08-06T15:34:47+00:00\",\"dateModified\":\"2025-08-06T15:34:47+00:00\",\"breadcrumb\":{\"@id\":\"https:\/\/peoplesphere.be\/fr\/editorial-prendre-le-temps-pour-garantir-lalignement-un-luxe-que-beaucoup-de-managers-peinent-a-soffrir\/#breadcrumb\"},\"inLanguage\":\"fr-FR\",\"potentialAction\":[{\"@type\":\"ReadAction\",\"target\":[\"https:\/\/peoplesphere.be\/fr\/editorial-prendre-le-temps-pour-garantir-lalignement-un-luxe-que-beaucoup-de-managers-peinent-a-soffrir\/\"]}]},{\"@type\":\"BreadcrumbList\",\"@id\":\"https:\/\/peoplesphere.be\/fr\/editorial-prendre-le-temps-pour-garantir-lalignement-un-luxe-que-beaucoup-de-managers-peinent-a-soffrir\/#breadcrumb\",\"itemListElement\":[{\"@type\":\"ListItem\",\"position\":1,\"name\":\"Accueil\",\"item\":\"https:\/\/peoplesphere.be\/fr\/\"},{\"@type\":\"ListItem\",\"position\":2,\"name\":\"\u00c9ditorial &#8211; Prendre le temps pour garantir l\u2019alignement, un luxe que beaucoup de managers peinent \u00e0 s\u2019offrir\u2026\"}]},{\"@type\":\"WebSite\",\"@id\":\"https:\/\/peoplesphere.be\/fr\/#website\",\"url\":\"https:\/\/peoplesphere.be\/fr\/\",\"name\":\"Peoplesphere\",\"description\":\"The People Managers Magazine\",\"publisher\":{\"@id\":\"https:\/\/peoplesphere.be\/fr\/#organization\"},\"potentialAction\":[{\"@type\":\"SearchAction\",\"target\":{\"@type\":\"EntryPoint\",\"urlTemplate\":\"https:\/\/peoplesphere.be\/fr\/?s={search_term_string}\"},\"query-input\":\"required name=search_term_string\"}],\"inLanguage\":\"fr-FR\"},{\"@type\":\"Organization\",\"@id\":\"https:\/\/peoplesphere.be\/fr\/#organization\",\"name\":\"Peoplesphere Company srl\",\"url\":\"https:\/\/peoplesphere.be\/fr\/\",\"logo\":{\"@type\":\"ImageObject\",\"inLanguage\":\"fr-FR\",\"@id\":\"https:\/\/peoplesphere.be\/fr\/#\/schema\/logo\/image\/\",\"url\":\"https:\/\/peoplesphere.be\/fr\/wp-content\/uploads\/2023\/07\/peoplesphere-lgo-new-generik.jpg\",\"contentUrl\":\"https:\/\/peoplesphere.be\/fr\/wp-content\/uploads\/2023\/07\/peoplesphere-lgo-new-generik.jpg\",\"width\":1031,\"height\":1479,\"caption\":\"Peoplesphere Company srl\"},\"image\":{\"@id\":\"https:\/\/peoplesphere.be\/fr\/#\/schema\/logo\/image\/\"},\"sameAs\":[\"https:\/\/www.facebook.com\/peoplesphere\",\"https:\/\/twitter.com\/PeoplesphereMag\",\"https:\/\/www.linkedin.com\/company\/7587361?trk\",\"http:\/\/youtube.com\/peoplesphere\"]},{\"@type\":\"Person\",\"@id\":\"https:\/\/peoplesphere.be\/fr\/#\/schema\/person\/7976225ff17988604334abb7b3536a7e\",\"name\":\"Jean-Paul Erhard\",\"image\":{\"@type\":\"ImageObject\",\"inLanguage\":\"fr-FR\",\"@id\":\"https:\/\/peoplesphere.be\/fr\/#\/schema\/person\/image\/\",\"url\":\"https:\/\/secure.gravatar.com\/avatar\/f941e681460179738071629a51574930?s=96&d=mm&r=g\",\"contentUrl\":\"https:\/\/secure.gravatar.com\/avatar\/f941e681460179738071629a51574930?s=96&d=mm&r=g\",\"caption\":\"Jean-Paul Erhard\"},\"url\":\"https:\/\/peoplesphere.be\/fr\/author\/jpe\/\"}]}<\/script>\n<!-- \/ Yoast SEO plugin. -->","yoast_head_json":{"title":"\u00c9ditorial - Prendre le temps pour garantir l\u2019alignement, un luxe que beaucoup de managers peinent \u00e0 s\u2019offrir\u2026 - Peoplesphere","robots":{"index":"index","follow":"follow","max-snippet":"max-snippet:-1","max-image-preview":"max-image-preview:large","max-video-preview":"max-video-preview:-1"},"canonical":"https:\/\/peoplesphere.be\/fr\/editorial-prendre-le-temps-pour-garantir-lalignement-un-luxe-que-beaucoup-de-managers-peinent-a-soffrir\/","og_locale":"fr_FR","og_type":"article","og_title":"\u00c9ditorial - Prendre le temps pour garantir l\u2019alignement, un luxe que beaucoup de managers peinent \u00e0 s\u2019offrir\u2026 - Peoplesphere","og_description":"Besoin de mobiliser les \u00e9quipes pour r\u00e9ussir notre projet de transformation ou de changement. Le dilemme essentiel est le suivant: vitesse ou pr\u00e9paration? Patience ou agilit\u00e9? Et malgr\u00e9 tout, nous d\u00e9cidons souvent de lancer une nouvelle initiative alors que les [&hellip;]","og_url":"https:\/\/peoplesphere.be\/fr\/editorial-prendre-le-temps-pour-garantir-lalignement-un-luxe-que-beaucoup-de-managers-peinent-a-soffrir\/","og_site_name":"Peoplesphere","article_publisher":"https:\/\/www.facebook.com\/peoplesphere","article_published_time":"2025-08-06T15:34:47+00:00","og_image":[{"width":740,"height":443,"url":"https:\/\/peoplesphere.be\/fr\/wp-content\/uploads\/2025\/08\/20250807avironvectorillu.jpg","type":"image\/jpeg"}],"author":"Jean-Paul Erhard","twitter_card":"summary_large_image","twitter_creator":"@PeoplesphereMag","twitter_site":"@PeoplesphereMag","twitter_misc":{"\u00c9crit par":"Jean-Paul Erhard","Dur\u00e9e de lecture estim\u00e9e":"4 minutes"},"schema":{"@context":"https:\/\/schema.org","@graph":[{"@type":"Article","@id":"https:\/\/peoplesphere.be\/fr\/editorial-prendre-le-temps-pour-garantir-lalignement-un-luxe-que-beaucoup-de-managers-peinent-a-soffrir\/#article","isPartOf":{"@id":"https:\/\/peoplesphere.be\/fr\/editorial-prendre-le-temps-pour-garantir-lalignement-un-luxe-que-beaucoup-de-managers-peinent-a-soffrir\/"},"author":{"name":"Jean-Paul Erhard","@id":"https:\/\/peoplesphere.be\/fr\/#\/schema\/person\/7976225ff17988604334abb7b3536a7e"},"headline":"\u00c9ditorial &#8211; Prendre le temps pour garantir l\u2019alignement, un luxe que beaucoup de managers peinent \u00e0 s\u2019offrir\u2026","datePublished":"2025-08-06T15:34:47+00:00","dateModified":"2025-08-06T15:34:47+00:00","mainEntityOfPage":{"@id":"https:\/\/peoplesphere.be\/fr\/editorial-prendre-le-temps-pour-garantir-lalignement-un-luxe-que-beaucoup-de-managers-peinent-a-soffrir\/"},"wordCount":864,"publisher":{"@id":"https:\/\/peoplesphere.be\/fr\/#organization"},"keywords":["alignement","change management","project management","strat\u00e9gie"],"articleSection":["Actualit\u00e9s","Articles","Digital","Magazine"],"inLanguage":"fr-FR"},{"@type":"WebPage","@id":"https:\/\/peoplesphere.be\/fr\/editorial-prendre-le-temps-pour-garantir-lalignement-un-luxe-que-beaucoup-de-managers-peinent-a-soffrir\/","url":"https:\/\/peoplesphere.be\/fr\/editorial-prendre-le-temps-pour-garantir-lalignement-un-luxe-que-beaucoup-de-managers-peinent-a-soffrir\/","name":"\u00c9ditorial - Prendre le temps pour garantir l\u2019alignement, un luxe que beaucoup de managers peinent \u00e0 s\u2019offrir\u2026 - Peoplesphere","isPartOf":{"@id":"https:\/\/peoplesphere.be\/fr\/#website"},"datePublished":"2025-08-06T15:34:47+00:00","dateModified":"2025-08-06T15:34:47+00:00","breadcrumb":{"@id":"https:\/\/peoplesphere.be\/fr\/editorial-prendre-le-temps-pour-garantir-lalignement-un-luxe-que-beaucoup-de-managers-peinent-a-soffrir\/#breadcrumb"},"inLanguage":"fr-FR","potentialAction":[{"@type":"ReadAction","target":["https:\/\/peoplesphere.be\/fr\/editorial-prendre-le-temps-pour-garantir-lalignement-un-luxe-que-beaucoup-de-managers-peinent-a-soffrir\/"]}]},{"@type":"BreadcrumbList","@id":"https:\/\/peoplesphere.be\/fr\/editorial-prendre-le-temps-pour-garantir-lalignement-un-luxe-que-beaucoup-de-managers-peinent-a-soffrir\/#breadcrumb","itemListElement":[{"@type":"ListItem","position":1,"name":"Accueil","item":"https:\/\/peoplesphere.be\/fr\/"},{"@type":"ListItem","position":2,"name":"\u00c9ditorial &#8211; Prendre le temps pour garantir l\u2019alignement, un luxe que beaucoup de managers peinent \u00e0 s\u2019offrir\u2026"}]},{"@type":"WebSite","@id":"https:\/\/peoplesphere.be\/fr\/#website","url":"https:\/\/peoplesphere.be\/fr\/","name":"Peoplesphere","description":"The People Managers Magazine","publisher":{"@id":"https:\/\/peoplesphere.be\/fr\/#organization"},"potentialAction":[{"@type":"SearchAction","target":{"@type":"EntryPoint","urlTemplate":"https:\/\/peoplesphere.be\/fr\/?s={search_term_string}"},"query-input":"required name=search_term_string"}],"inLanguage":"fr-FR"},{"@type":"Organization","@id":"https:\/\/peoplesphere.be\/fr\/#organization","name":"Peoplesphere Company srl","url":"https:\/\/peoplesphere.be\/fr\/","logo":{"@type":"ImageObject","inLanguage":"fr-FR","@id":"https:\/\/peoplesphere.be\/fr\/#\/schema\/logo\/image\/","url":"https:\/\/peoplesphere.be\/fr\/wp-content\/uploads\/2023\/07\/peoplesphere-lgo-new-generik.jpg","contentUrl":"https:\/\/peoplesphere.be\/fr\/wp-content\/uploads\/2023\/07\/peoplesphere-lgo-new-generik.jpg","width":1031,"height":1479,"caption":"Peoplesphere Company srl"},"image":{"@id":"https:\/\/peoplesphere.be\/fr\/#\/schema\/logo\/image\/"},"sameAs":["https:\/\/www.facebook.com\/peoplesphere","https:\/\/twitter.com\/PeoplesphereMag","https:\/\/www.linkedin.com\/company\/7587361?trk","http:\/\/youtube.com\/peoplesphere"]},{"@type":"Person","@id":"https:\/\/peoplesphere.be\/fr\/#\/schema\/person\/7976225ff17988604334abb7b3536a7e","name":"Jean-Paul Erhard","image":{"@type":"ImageObject","inLanguage":"fr-FR","@id":"https:\/\/peoplesphere.be\/fr\/#\/schema\/person\/image\/","url":"https:\/\/secure.gravatar.com\/avatar\/f941e681460179738071629a51574930?s=96&d=mm&r=g","contentUrl":"https:\/\/secure.gravatar.com\/avatar\/f941e681460179738071629a51574930?s=96&d=mm&r=g","caption":"Jean-Paul Erhard"},"url":"https:\/\/peoplesphere.be\/fr\/author\/jpe\/"}]}},"_links":{"self":[{"href":"https:\/\/peoplesphere.be\/fr\/wp-json\/wp\/v2\/posts\/18074"}],"collection":[{"href":"https:\/\/peoplesphere.be\/fr\/wp-json\/wp\/v2\/posts"}],"about":[{"href":"https:\/\/peoplesphere.be\/fr\/wp-json\/wp\/v2\/types\/post"}],"author":[{"embeddable":true,"href":"https:\/\/peoplesphere.be\/fr\/wp-json\/wp\/v2\/users\/2"}],"replies":[{"embeddable":true,"href":"https:\/\/peoplesphere.be\/fr\/wp-json\/wp\/v2\/comments?post=18074"}],"version-history":[{"count":1,"href":"https:\/\/peoplesphere.be\/fr\/wp-json\/wp\/v2\/posts\/18074\/revisions"}],"predecessor-version":[{"id":18076,"href":"https:\/\/peoplesphere.be\/fr\/wp-json\/wp\/v2\/posts\/18074\/revisions\/18076"}],"wp:featuredmedia":[{"embeddable":true,"href":"https:\/\/peoplesphere.be\/fr\/wp-json\/wp\/v2\/media\/18075"}],"wp:attachment":[{"href":"https:\/\/peoplesphere.be\/fr\/wp-json\/wp\/v2\/media?parent=18074"}],"wp:term":[{"taxonomy":"category","embeddable":true,"href":"https:\/\/peoplesphere.be\/fr\/wp-json\/wp\/v2\/categories?post=18074"},{"taxonomy":"post_tag","embeddable":true,"href":"https:\/\/peoplesphere.be\/fr\/wp-json\/wp\/v2\/tags?post=18074"}],"curies":[{"name":"wp","href":"https:\/\/api.w.org\/{rel}","templated":true}]}}