









{"id":18081,"date":"2025-08-12T06:26:47","date_gmt":"2025-08-12T04:26:47","guid":{"rendered":"https:\/\/peoplesphere.be\/fr\/?p=18081"},"modified":"2025-08-12T06:26:47","modified_gmt":"2025-08-12T04:26:47","slug":"75-des-travailleurs-pensent-etre-capables-de-rester-cool-malgre-le-stress-et-la-forte-pression-au-travail","status":"publish","type":"post","link":"https:\/\/peoplesphere.be\/fr\/75-des-travailleurs-pensent-etre-capables-de-rester-cool-malgre-le-stress-et-la-forte-pression-au-travail\/","title":{"rendered":"75% des travailleurs pensent \u00eatre capables de rester cool malgr\u00e9 le stress et la forte pression au travail."},"content":{"rendered":"<p>Trois Belges sur quatre affirment \u00eatre capables de garder la t\u00eate froide malgr\u00e9 une forte pression au travail. Selon une \u00e9tude men\u00e9e par Mensura, les travailleurs qui b\u00e9n\u00e9ficient d\u2019un meilleur \u00e9quilibre entre vie professionnelle et vie priv\u00e9e sont plus r\u00e9silients dans les situations stressantes.<!--more--><\/p>\n<p>Bien que plus de la moiti\u00e9 des travailleurs ressentent du stress au travail, trois quarts d\u2019entre eux d\u00e9clarent \u00eatre capables de bien ou tr\u00e8s bien le g\u00e9rer. Un peu plus d\u2019un quart des travailleurs n\u2019arrivent pas ou peu \u00e0 \u00e9vacuer le stress li\u00e9 au travail. Ce chiffre stagne depuis plusieurs ann\u00e9es, malgr\u00e9 les efforts des pouvoirs publics et des entreprises. C\u2019est ce qui ressort d\u2019une enqu\u00eate men\u00e9e par Mensura, le plus grand service de pr\u00e9vention du pays, aupr\u00e8s de plus de 72 000 travailleurs belges. Ce qui aide les travailleurs \u00e0 transformer le stress en \u00e9nergie positive ? Un \u00e9quilibre entre vie professionnelle et vie priv\u00e9e et la motivation intrins\u00e8que de bien faire son travail. <em>\u00ab\u00a0Le stress au travail n\u2019est pas toujours n\u00e9gatif et ne conduit pas n\u00e9cessairement au burn-out. Les responsables hi\u00e9rarchiques peuvent aider leur \u00e9quipe \u00e0 bien g\u00e9rer la pression au travail\u00a0\u00bb<\/em>, explique Koen Van Hulst de Mensura.<\/p>\n<p>Le nombre de travailleurs en burn-out a fortement augment\u00e9 ces derni\u00e8res ann\u00e9es. Le stress au travail en est-il le principal responsable ? C\u2019est la question sur laquelle s\u2019est pench\u00e9 Mensura, expert en pr\u00e9vention et bien-\u00eatre. Que ressort-il de cette enqu\u00eate ? Bien qu\u2019un peu plus de la moiti\u00e9 des Belges actifs (52%) se disent assez ou tr\u00e8s stress\u00e9s par leur travail, la plupart des travailleurs ne consid\u00e8rent pas n\u00e9cessairement le stress comme quelque chose de n\u00e9gatif : trois quarts (75,8%) affirment \u00eatre capables de g\u00e9rer leur stress de mani\u00e8re saine. Cela signifie, entre autres, qu\u2019ils tirent leur \u00e9nergie de la satisfaction des t\u00e2ches accomplies et qu\u2019ils savent \u00e9vacuer le stress apr\u00e8s une journ\u00e9e de travail. En revanche, un peu plus d\u2019un quart des travailleurs n\u2019y parviennent pas et risquent de souffrir de stress chronique.<\/p>\n<p><em>\u00ab\u00a0Les entreprises d\u00e9ploient d\u00e9j\u00e0 beaucoup d\u2019efforts sur le lieu de travail pour r\u00e9duire le stress et la pression au travail. Ainsi, en tant que service de pr\u00e9vention, nous avons d\u00e9j\u00e0 re\u00e7u cette ann\u00e9e un cinqui\u00e8me de demandes suppl\u00e9mentaires d\u2019entreprises qui souhaitent mieux armer leurs travailleurs contre le stress. Malgr\u00e9 tous les efforts d\u00e9ploy\u00e9s, nous ne pouvons bien s\u00fbr pas ignorer le fait que l\u2019augmentation de la pression au travail reste un probl\u00e8me. Dans notre enqu\u00eate, un Belge actif sur quatre d\u00e9clare ne pas avoir suffisamment de capacit\u00e9s pour bien r\u00e9cup\u00e9rer d\u2019un \u00e9chec ou d\u2019un stress au travail. Un chiffre qui n\u2019a pas \u00e9volu\u00e9 ces derni\u00e8res ann\u00e9es. Ce stress chronique peut entra\u00eener des absences de longue dur\u00e9e. Les actions ponctuelles ne suffisent pas, les entreprises doivent accorder une attention permanente \u00e0 cette probl\u00e9matique.\u00a0\u00bb<\/em> selon Koen Van Hulst de Mensura<\/p>\n<h3><strong><em>Facteurs de r\u00e9sistance au stress<\/em><\/strong><\/h3>\n<p>Les hommes (77%) semblent l\u00e9g\u00e8rement plus r\u00e9sistants au stress que les femmes (71%). De mani\u00e8re g\u00e9n\u00e9rale, les jeunes de moins de 25 ans (81%) g\u00e8rent \u00e9galement mieux le stress que les travailleurs plus \u00e2g\u00e9s (74%). La fonction joue \u00e9galement un r\u00f4le. Les ouvriers (77%) font preuve d\u2019une r\u00e9silience l\u00e9g\u00e8rement sup\u00e9rieure \u00e0 celle des employ\u00e9s (74%) et des cadres et managers (72%).<\/p>\n<p>Toutefois, le sexe, l\u2019\u00e2ge et la fonction ne sont pas les facteurs les plus importants en mati\u00e8re de r\u00e9sistance au stress et de r\u00e9silience, comme le montre le mod\u00e8le d\u00e9velopp\u00e9 par Mensura pour aider les sup\u00e9rieurs hi\u00e9rarchiques \u00e0 maintenir leurs collaborateurs en bonne sant\u00e9 physique et mentale sur leur lieu de travail.<\/p>\n<p><em>\u00ab\u00a0Si une personne parvient \u00e0 maintenir un bon \u00e9quilibre entre sa vie professionnelle et sa vie priv\u00e9e, elle sera g\u00e9n\u00e9ralement mieux \u00e0 m\u00eame de g\u00e9rer la pression et le stress au travail. La motivation au travail est \u00e9galement un facteur important qui influence positivement la r\u00e9silience des travailleurs, comme le montre notre mod\u00e8le pr\u00e9dictif. L\u2019inverse est \u00e9galement vrai : une charge mentale et \u00e9motionnelle \u00e9lev\u00e9e sur le lieu de travail, tout comme une charge de travail importante, a un impact n\u00e9gatif sur la r\u00e9silience des travailleurs. Les sup\u00e9rieurs hi\u00e9rarchiques ont \u00e9galement un r\u00f4le important \u00e0 jouer dans la mise en place d\u2019un contexte de travail optimal pour leurs travailleurs. Ils peuvent par exemple instaurer une culture de la d\u00e9connexion, o\u00f9 les travailleurs ne se sentent pas oblig\u00e9s de consulter leurs e-mails ou de r\u00e9pondre \u00e0 leurs appels t\u00e9l\u00e9phoniques apr\u00e8s les heures de travail. Les sup\u00e9rieurs hi\u00e9rarchiques ont \u00e9galement un impact important sur l\u2019ambiance au sein de l\u2019\u00e9quipe : ils peuvent veiller \u00e0 ce que les travailleurs se sentent motiv\u00e9s et valoris\u00e9s, et \u00e0 ce qu\u2019il y ait suffisamment de back-ups pour que l\u2019\u00e9quipe puisse continuer \u00e0 fonctionner en cas d\u2019absence. Les personnes qui se sentent bien soutenues et encourag\u00e9es par leur sup\u00e9rieur hi\u00e9rarchique seront plus enclines \u00e0 faire un effort suppl\u00e9mentaire sans cons\u00e9quences n\u00e9gatives sur leur mental.\u00a0\u00bb<\/em> explique Julie Daenen de Mensura.<\/p>\n<h3><strong><em>Equilibre entre vie professionnelle et vie priv\u00e9e<\/em><\/strong><\/h3>\n<p>Une derni\u00e8re constatation de l\u2019\u00e9tude de Mensura : l\u2019\u00e9quilibre entre vie professionnelle et vie priv\u00e9e est globalement satisfaisant pour la plupart des Belges. Sept travailleurs sur dix (70%) d\u00e9clarent parvenir \u00e0 trouver un bon \u00e9quilibre entre leur vie professionnelle et leur vie priv\u00e9e. Ce sont principalement les ouvriers qui d\u00e9clarent le plus souvent avoir un (relativement) bon \u00e9quilibre entre vie professionnelle et vie priv\u00e9e (70,8%), plut\u00f4t que les employ\u00e9s (66,5%) et les cadres (60,5%).<\/p>\n<p>&nbsp;<\/p>\n<p><em>Source: les chiffres sont bas\u00e9s sur les analyses des risques psychosociaux r\u00e9alis\u00e9es par Mensura dans des entreprises belges. Ces chiffres sont repr\u00e9sentatifs de la population active belge en termes de r\u00e9partition par sexe et par \u00e2ge. Au total, plus de 72.000 travailleurs ont \u00e9t\u00e9 interrog\u00e9s sur une p\u00e9riode de 5 ans.<\/em><\/p>\n","protected":false},"excerpt":{"rendered":"<p>Trois Belges sur quatre affirment \u00eatre capables de garder la t\u00eate froide malgr\u00e9 une forte pression au travail. Selon une \u00e9tude men\u00e9e par Mensura, les travailleurs qui b\u00e9n\u00e9ficient d\u2019un meilleur \u00e9quilibre entre vie professionnelle et vie priv\u00e9e sont plus r\u00e9silients [&hellip;]<\/p>\n","protected":false},"author":2,"featured_media":18082,"comment_status":"closed","ping_status":"open","sticky":false,"template":"","format":"standard","meta":[],"categories":[65,10],"tags":[96,20,1823,17,18],"yoast_head":"<!-- This site is optimized with the Yoast SEO plugin v21.0 - https:\/\/yoast.com\/wordpress\/plugins\/seo\/ -->\n<title>75% des travailleurs pensent \u00eatre capables de rester cool malgr\u00e9 le stress et la forte pression au travail. - Peoplesphere<\/title>\n<meta name=\"robots\" content=\"index, follow, max-snippet:-1, max-image-preview:large, max-video-preview:-1\" \/>\n<link rel=\"canonical\" href=\"https:\/\/peoplesphere.be\/fr\/75-des-travailleurs-pensent-etre-capables-de-rester-cool-malgre-le-stress-et-la-forte-pression-au-travail\/\" \/>\n<meta property=\"og:locale\" content=\"fr_FR\" \/>\n<meta property=\"og:type\" content=\"article\" \/>\n<meta property=\"og:title\" content=\"75% des travailleurs pensent \u00eatre capables de rester cool malgr\u00e9 le stress et la forte pression au travail. - Peoplesphere\" \/>\n<meta property=\"og:description\" content=\"Trois Belges sur quatre affirment \u00eatre capables de garder la t\u00eate froide malgr\u00e9 une forte pression au travail. Selon une \u00e9tude men\u00e9e par Mensura, les travailleurs qui b\u00e9n\u00e9ficient d\u2019un meilleur \u00e9quilibre entre vie professionnelle et vie priv\u00e9e sont plus r\u00e9silients [&hellip;]\" \/>\n<meta property=\"og:url\" content=\"https:\/\/peoplesphere.be\/fr\/75-des-travailleurs-pensent-etre-capables-de-rester-cool-malgre-le-stress-et-la-forte-pression-au-travail\/\" \/>\n<meta property=\"og:site_name\" content=\"Peoplesphere\" \/>\n<meta property=\"article:publisher\" content=\"https:\/\/www.facebook.com\/peoplesphere\" \/>\n<meta property=\"article:published_time\" content=\"2025-08-12T04:26:47+00:00\" \/>\n<meta property=\"og:image\" content=\"https:\/\/peoplesphere.be\/fr\/wp-content\/uploads\/2025\/08\/20250812stresscalor.jpg\" \/>\n\t<meta property=\"og:image:width\" content=\"1120\" \/>\n\t<meta property=\"og:image:height\" content=\"627\" \/>\n\t<meta property=\"og:image:type\" content=\"image\/jpeg\" \/>\n<meta name=\"author\" content=\"Jean-Paul Erhard\" \/>\n<meta name=\"twitter:card\" content=\"summary_large_image\" \/>\n<meta name=\"twitter:creator\" content=\"@PeoplesphereMag\" \/>\n<meta name=\"twitter:site\" content=\"@PeoplesphereMag\" \/>\n<meta name=\"twitter:label1\" content=\"\u00c9crit par\" \/>\n\t<meta name=\"twitter:data1\" content=\"Jean-Paul Erhard\" \/>\n\t<meta name=\"twitter:label2\" content=\"Dur\u00e9e de lecture estim\u00e9e\" \/>\n\t<meta name=\"twitter:data2\" content=\"5 minutes\" \/>\n<script type=\"application\/ld+json\" class=\"yoast-schema-graph\">{\"@context\":\"https:\/\/schema.org\",\"@graph\":[{\"@type\":\"Article\",\"@id\":\"https:\/\/peoplesphere.be\/fr\/75-des-travailleurs-pensent-etre-capables-de-rester-cool-malgre-le-stress-et-la-forte-pression-au-travail\/#article\",\"isPartOf\":{\"@id\":\"https:\/\/peoplesphere.be\/fr\/75-des-travailleurs-pensent-etre-capables-de-rester-cool-malgre-le-stress-et-la-forte-pression-au-travail\/\"},\"author\":{\"name\":\"Jean-Paul Erhard\",\"@id\":\"https:\/\/peoplesphere.be\/fr\/#\/schema\/person\/7976225ff17988604334abb7b3536a7e\"},\"headline\":\"75% des travailleurs pensent \u00eatre capables de rester cool malgr\u00e9 le stress et la forte pression au travail.\",\"datePublished\":\"2025-08-12T04:26:47+00:00\",\"dateModified\":\"2025-08-12T04:26:47+00:00\",\"mainEntityOfPage\":{\"@id\":\"https:\/\/peoplesphere.be\/fr\/75-des-travailleurs-pensent-etre-capables-de-rester-cool-malgre-le-stress-et-la-forte-pression-au-travail\/\"},\"wordCount\":1073,\"publisher\":{\"@id\":\"https:\/\/peoplesphere.be\/fr\/#organization\"},\"keywords\":[\"bien-\u00eatre\",\"Burn-out\",\"pression\",\"Sant\u00e9\",\"Stress\"],\"articleSection\":[\"Actualit\u00e9s\",\"Digital\"],\"inLanguage\":\"fr-FR\"},{\"@type\":\"WebPage\",\"@id\":\"https:\/\/peoplesphere.be\/fr\/75-des-travailleurs-pensent-etre-capables-de-rester-cool-malgre-le-stress-et-la-forte-pression-au-travail\/\",\"url\":\"https:\/\/peoplesphere.be\/fr\/75-des-travailleurs-pensent-etre-capables-de-rester-cool-malgre-le-stress-et-la-forte-pression-au-travail\/\",\"name\":\"75% des travailleurs pensent \u00eatre capables de rester cool malgr\u00e9 le stress et la forte pression au travail. - Peoplesphere\",\"isPartOf\":{\"@id\":\"https:\/\/peoplesphere.be\/fr\/#website\"},\"datePublished\":\"2025-08-12T04:26:47+00:00\",\"dateModified\":\"2025-08-12T04:26:47+00:00\",\"breadcrumb\":{\"@id\":\"https:\/\/peoplesphere.be\/fr\/75-des-travailleurs-pensent-etre-capables-de-rester-cool-malgre-le-stress-et-la-forte-pression-au-travail\/#breadcrumb\"},\"inLanguage\":\"fr-FR\",\"potentialAction\":[{\"@type\":\"ReadAction\",\"target\":[\"https:\/\/peoplesphere.be\/fr\/75-des-travailleurs-pensent-etre-capables-de-rester-cool-malgre-le-stress-et-la-forte-pression-au-travail\/\"]}]},{\"@type\":\"BreadcrumbList\",\"@id\":\"https:\/\/peoplesphere.be\/fr\/75-des-travailleurs-pensent-etre-capables-de-rester-cool-malgre-le-stress-et-la-forte-pression-au-travail\/#breadcrumb\",\"itemListElement\":[{\"@type\":\"ListItem\",\"position\":1,\"name\":\"Accueil\",\"item\":\"https:\/\/peoplesphere.be\/fr\/\"},{\"@type\":\"ListItem\",\"position\":2,\"name\":\"75% des travailleurs pensent \u00eatre capables de rester cool malgr\u00e9 le stress et la forte pression au travail.\"}]},{\"@type\":\"WebSite\",\"@id\":\"https:\/\/peoplesphere.be\/fr\/#website\",\"url\":\"https:\/\/peoplesphere.be\/fr\/\",\"name\":\"Peoplesphere\",\"description\":\"The People Managers Magazine\",\"publisher\":{\"@id\":\"https:\/\/peoplesphere.be\/fr\/#organization\"},\"potentialAction\":[{\"@type\":\"SearchAction\",\"target\":{\"@type\":\"EntryPoint\",\"urlTemplate\":\"https:\/\/peoplesphere.be\/fr\/?s={search_term_string}\"},\"query-input\":\"required name=search_term_string\"}],\"inLanguage\":\"fr-FR\"},{\"@type\":\"Organization\",\"@id\":\"https:\/\/peoplesphere.be\/fr\/#organization\",\"name\":\"Peoplesphere Company srl\",\"url\":\"https:\/\/peoplesphere.be\/fr\/\",\"logo\":{\"@type\":\"ImageObject\",\"inLanguage\":\"fr-FR\",\"@id\":\"https:\/\/peoplesphere.be\/fr\/#\/schema\/logo\/image\/\",\"url\":\"https:\/\/peoplesphere.be\/fr\/wp-content\/uploads\/2023\/07\/peoplesphere-lgo-new-generik.jpg\",\"contentUrl\":\"https:\/\/peoplesphere.be\/fr\/wp-content\/uploads\/2023\/07\/peoplesphere-lgo-new-generik.jpg\",\"width\":1031,\"height\":1479,\"caption\":\"Peoplesphere Company srl\"},\"image\":{\"@id\":\"https:\/\/peoplesphere.be\/fr\/#\/schema\/logo\/image\/\"},\"sameAs\":[\"https:\/\/www.facebook.com\/peoplesphere\",\"https:\/\/twitter.com\/PeoplesphereMag\",\"https:\/\/www.linkedin.com\/company\/7587361?trk\",\"http:\/\/youtube.com\/peoplesphere\"]},{\"@type\":\"Person\",\"@id\":\"https:\/\/peoplesphere.be\/fr\/#\/schema\/person\/7976225ff17988604334abb7b3536a7e\",\"name\":\"Jean-Paul Erhard\",\"image\":{\"@type\":\"ImageObject\",\"inLanguage\":\"fr-FR\",\"@id\":\"https:\/\/peoplesphere.be\/fr\/#\/schema\/person\/image\/\",\"url\":\"https:\/\/secure.gravatar.com\/avatar\/f941e681460179738071629a51574930?s=96&d=mm&r=g\",\"contentUrl\":\"https:\/\/secure.gravatar.com\/avatar\/f941e681460179738071629a51574930?s=96&d=mm&r=g\",\"caption\":\"Jean-Paul Erhard\"},\"url\":\"https:\/\/peoplesphere.be\/fr\/author\/jpe\/\"}]}<\/script>\n<!-- \/ Yoast SEO plugin. -->","yoast_head_json":{"title":"75% des travailleurs pensent \u00eatre capables de rester cool malgr\u00e9 le stress et la forte pression au travail. - Peoplesphere","robots":{"index":"index","follow":"follow","max-snippet":"max-snippet:-1","max-image-preview":"max-image-preview:large","max-video-preview":"max-video-preview:-1"},"canonical":"https:\/\/peoplesphere.be\/fr\/75-des-travailleurs-pensent-etre-capables-de-rester-cool-malgre-le-stress-et-la-forte-pression-au-travail\/","og_locale":"fr_FR","og_type":"article","og_title":"75% des travailleurs pensent \u00eatre capables de rester cool malgr\u00e9 le stress et la forte pression au travail. - Peoplesphere","og_description":"Trois Belges sur quatre affirment \u00eatre capables de garder la t\u00eate froide malgr\u00e9 une forte pression au travail. Selon une \u00e9tude men\u00e9e par Mensura, les travailleurs qui b\u00e9n\u00e9ficient d\u2019un meilleur \u00e9quilibre entre vie professionnelle et vie priv\u00e9e sont plus r\u00e9silients [&hellip;]","og_url":"https:\/\/peoplesphere.be\/fr\/75-des-travailleurs-pensent-etre-capables-de-rester-cool-malgre-le-stress-et-la-forte-pression-au-travail\/","og_site_name":"Peoplesphere","article_publisher":"https:\/\/www.facebook.com\/peoplesphere","article_published_time":"2025-08-12T04:26:47+00:00","og_image":[{"width":1120,"height":627,"url":"https:\/\/peoplesphere.be\/fr\/wp-content\/uploads\/2025\/08\/20250812stresscalor.jpg","type":"image\/jpeg"}],"author":"Jean-Paul Erhard","twitter_card":"summary_large_image","twitter_creator":"@PeoplesphereMag","twitter_site":"@PeoplesphereMag","twitter_misc":{"\u00c9crit par":"Jean-Paul Erhard","Dur\u00e9e de lecture estim\u00e9e":"5 minutes"},"schema":{"@context":"https:\/\/schema.org","@graph":[{"@type":"Article","@id":"https:\/\/peoplesphere.be\/fr\/75-des-travailleurs-pensent-etre-capables-de-rester-cool-malgre-le-stress-et-la-forte-pression-au-travail\/#article","isPartOf":{"@id":"https:\/\/peoplesphere.be\/fr\/75-des-travailleurs-pensent-etre-capables-de-rester-cool-malgre-le-stress-et-la-forte-pression-au-travail\/"},"author":{"name":"Jean-Paul Erhard","@id":"https:\/\/peoplesphere.be\/fr\/#\/schema\/person\/7976225ff17988604334abb7b3536a7e"},"headline":"75% des travailleurs pensent \u00eatre capables de rester cool malgr\u00e9 le stress et la forte pression au travail.","datePublished":"2025-08-12T04:26:47+00:00","dateModified":"2025-08-12T04:26:47+00:00","mainEntityOfPage":{"@id":"https:\/\/peoplesphere.be\/fr\/75-des-travailleurs-pensent-etre-capables-de-rester-cool-malgre-le-stress-et-la-forte-pression-au-travail\/"},"wordCount":1073,"publisher":{"@id":"https:\/\/peoplesphere.be\/fr\/#organization"},"keywords":["bien-\u00eatre","Burn-out","pression","Sant\u00e9","Stress"],"articleSection":["Actualit\u00e9s","Digital"],"inLanguage":"fr-FR"},{"@type":"WebPage","@id":"https:\/\/peoplesphere.be\/fr\/75-des-travailleurs-pensent-etre-capables-de-rester-cool-malgre-le-stress-et-la-forte-pression-au-travail\/","url":"https:\/\/peoplesphere.be\/fr\/75-des-travailleurs-pensent-etre-capables-de-rester-cool-malgre-le-stress-et-la-forte-pression-au-travail\/","name":"75% des travailleurs pensent \u00eatre capables de rester cool malgr\u00e9 le stress et la forte pression au travail. - Peoplesphere","isPartOf":{"@id":"https:\/\/peoplesphere.be\/fr\/#website"},"datePublished":"2025-08-12T04:26:47+00:00","dateModified":"2025-08-12T04:26:47+00:00","breadcrumb":{"@id":"https:\/\/peoplesphere.be\/fr\/75-des-travailleurs-pensent-etre-capables-de-rester-cool-malgre-le-stress-et-la-forte-pression-au-travail\/#breadcrumb"},"inLanguage":"fr-FR","potentialAction":[{"@type":"ReadAction","target":["https:\/\/peoplesphere.be\/fr\/75-des-travailleurs-pensent-etre-capables-de-rester-cool-malgre-le-stress-et-la-forte-pression-au-travail\/"]}]},{"@type":"BreadcrumbList","@id":"https:\/\/peoplesphere.be\/fr\/75-des-travailleurs-pensent-etre-capables-de-rester-cool-malgre-le-stress-et-la-forte-pression-au-travail\/#breadcrumb","itemListElement":[{"@type":"ListItem","position":1,"name":"Accueil","item":"https:\/\/peoplesphere.be\/fr\/"},{"@type":"ListItem","position":2,"name":"75% des travailleurs pensent \u00eatre capables de rester cool malgr\u00e9 le stress et la forte pression au travail."}]},{"@type":"WebSite","@id":"https:\/\/peoplesphere.be\/fr\/#website","url":"https:\/\/peoplesphere.be\/fr\/","name":"Peoplesphere","description":"The People Managers Magazine","publisher":{"@id":"https:\/\/peoplesphere.be\/fr\/#organization"},"potentialAction":[{"@type":"SearchAction","target":{"@type":"EntryPoint","urlTemplate":"https:\/\/peoplesphere.be\/fr\/?s={search_term_string}"},"query-input":"required name=search_term_string"}],"inLanguage":"fr-FR"},{"@type":"Organization","@id":"https:\/\/peoplesphere.be\/fr\/#organization","name":"Peoplesphere Company srl","url":"https:\/\/peoplesphere.be\/fr\/","logo":{"@type":"ImageObject","inLanguage":"fr-FR","@id":"https:\/\/peoplesphere.be\/fr\/#\/schema\/logo\/image\/","url":"https:\/\/peoplesphere.be\/fr\/wp-content\/uploads\/2023\/07\/peoplesphere-lgo-new-generik.jpg","contentUrl":"https:\/\/peoplesphere.be\/fr\/wp-content\/uploads\/2023\/07\/peoplesphere-lgo-new-generik.jpg","width":1031,"height":1479,"caption":"Peoplesphere Company srl"},"image":{"@id":"https:\/\/peoplesphere.be\/fr\/#\/schema\/logo\/image\/"},"sameAs":["https:\/\/www.facebook.com\/peoplesphere","https:\/\/twitter.com\/PeoplesphereMag","https:\/\/www.linkedin.com\/company\/7587361?trk","http:\/\/youtube.com\/peoplesphere"]},{"@type":"Person","@id":"https:\/\/peoplesphere.be\/fr\/#\/schema\/person\/7976225ff17988604334abb7b3536a7e","name":"Jean-Paul Erhard","image":{"@type":"ImageObject","inLanguage":"fr-FR","@id":"https:\/\/peoplesphere.be\/fr\/#\/schema\/person\/image\/","url":"https:\/\/secure.gravatar.com\/avatar\/f941e681460179738071629a51574930?s=96&d=mm&r=g","contentUrl":"https:\/\/secure.gravatar.com\/avatar\/f941e681460179738071629a51574930?s=96&d=mm&r=g","caption":"Jean-Paul Erhard"},"url":"https:\/\/peoplesphere.be\/fr\/author\/jpe\/"}]}},"_links":{"self":[{"href":"https:\/\/peoplesphere.be\/fr\/wp-json\/wp\/v2\/posts\/18081"}],"collection":[{"href":"https:\/\/peoplesphere.be\/fr\/wp-json\/wp\/v2\/posts"}],"about":[{"href":"https:\/\/peoplesphere.be\/fr\/wp-json\/wp\/v2\/types\/post"}],"author":[{"embeddable":true,"href":"https:\/\/peoplesphere.be\/fr\/wp-json\/wp\/v2\/users\/2"}],"replies":[{"embeddable":true,"href":"https:\/\/peoplesphere.be\/fr\/wp-json\/wp\/v2\/comments?post=18081"}],"version-history":[{"count":1,"href":"https:\/\/peoplesphere.be\/fr\/wp-json\/wp\/v2\/posts\/18081\/revisions"}],"predecessor-version":[{"id":18083,"href":"https:\/\/peoplesphere.be\/fr\/wp-json\/wp\/v2\/posts\/18081\/revisions\/18083"}],"wp:featuredmedia":[{"embeddable":true,"href":"https:\/\/peoplesphere.be\/fr\/wp-json\/wp\/v2\/media\/18082"}],"wp:attachment":[{"href":"https:\/\/peoplesphere.be\/fr\/wp-json\/wp\/v2\/media?parent=18081"}],"wp:term":[{"taxonomy":"category","embeddable":true,"href":"https:\/\/peoplesphere.be\/fr\/wp-json\/wp\/v2\/categories?post=18081"},{"taxonomy":"post_tag","embeddable":true,"href":"https:\/\/peoplesphere.be\/fr\/wp-json\/wp\/v2\/tags?post=18081"}],"curies":[{"name":"wp","href":"https:\/\/api.w.org\/{rel}","templated":true}]}}