









{"id":18102,"date":"2025-08-20T09:06:15","date_gmt":"2025-08-20T07:06:15","guid":{"rendered":"https:\/\/peoplesphere.be\/fr\/?p=18102"},"modified":"2025-08-20T09:06:15","modified_gmt":"2025-08-20T07:06:15","slug":"syndicats-ou-capac-qui-a-la-palme-de-la-performance-en-matiere-de-payement-des-allocations-de-chomage","status":"publish","type":"post","link":"https:\/\/peoplesphere.be\/fr\/syndicats-ou-capac-qui-a-la-palme-de-la-performance-en-matiere-de-payement-des-allocations-de-chomage\/","title":{"rendered":"Syndicats ou CAPAC ? Qui a la palme de la performance en mati\u00e8re de payement des allocations de ch\u00f4mage?"},"content":{"rendered":"<p>La FGTB r\u00e9agit suite \u00e0 la d\u00e9claration du d\u00e9put\u00e9 de la N-VA, Axel Ronse, quant aux retards de payement des allocations de ch\u00f4mage : <em>\u00ab\u00a0Les syndicats versent les allocations de ch\u00f4mage et le font selon des r\u00e8gles strictes. Les chiffres montrent que la FGTB est plus performante que la CAPAC en tant qu\u2019organisme de paiement. Si le d\u00e9bat politique se nourrit d\u2019opinions tranch\u00e9es, la v\u00e9rit\u00e9 a aussi ses droits.\u00a0\u00bb<\/em><!--more--><\/p>\n<p>Le d\u00e9put\u00e9 N-VA, Axel Ronse affirme que : <em>\u00ab\u00a0La Belgique est le seul pays o\u00f9 les syndicats paient le ch\u00f4mage. Et Ils le font mal \u2013 400 000 paiements en retard ! Les communes doivent avancer les fonds, donc les syndicats doivent sortir de la CAPAC.\u00a0\u00bb<\/em><\/p>\n<p>La Belgique n\u2019est absolument pas \u00ab\u00a0le seul pays au monde\u00a0\u00bb \u00e0 avoir un syst\u00e8me dans lequel les syndicats jouent un r\u00f4le dans le paiement des allocations de ch\u00f4mage. C\u2019est \u00e9galement le cas dans les pays scandinaves, comme l&rsquo;explique la FGTB.<\/p>\n<p><em>\u00ab\u00a0C\u2019est l\u2019ONEM qui d\u00e9cide du droit et du montant. Les organismes de paiement \u2013 syndicats et la Caisse auxiliaire de paiement des allocations de ch\u00f4mage (CAPAC) \u2013 constituent le dossier et effectuent le paiement. Ce n\u2019est pas une anomalie, c\u2019est la r\u00e9alit\u00e9 institutionnelle de notre pays. Que Monsieur Ronse fasse des d\u00e9clarations sur les organismes de paiement, c\u2019est une chose. Qu\u2019il en ignore le fonctionnement et mente, c\u2019est plus grave\u00a0\u00bb<\/em>, ass\u00e8ne Thierry Bodson, Pr\u00e9sident de la FGTB.<\/p>\n<h3><strong><em>\u00c0 propos des retards<\/em><\/strong><\/h3>\n<p><em>\u00ab\u00a0Sur l\u2019ensemble des dossiers en retard, la moiti\u00e9 n\u2019implique aucunement les organismes de paiement (il s\u2019agit soit d\u2019erreurs de l\u2019ONEM, soit d\u2019\u00e9l\u00e9ments manquants ind\u00e9pendants des organismes de paiement). Pour l\u2019autre moiti\u00e9, le dossier est peut-\u00eatre incomplet, mais cela ne signifie pas que la responsabilit\u00e9 incombe uniquement \u00e0 l\u2019organisme de paiement.\u00a0\u00bb<\/em><\/p>\n<p><em>\u00ab\u00a0Quiconque conna\u00eet la pratique sait pourquoi les dossiers prennent du retard : un formulaire C4 remis tardivement ou mal compl\u00e9t\u00e9 par l\u2019employeur, une attestation de travail envoy\u00e9e trop tard, un acc\u00e8s des donn\u00e9es bloqu\u00e9es au sein d\u2019une instance publique, un formulaire mal rempli&#8230; les r\u00e8gles sont tellement complexes qu\u2019 un nouveau collaborateur ou une nouvelle collaboratrice n\u2019est pleinement op\u00e9rationnel\u00b7le qu\u2019apr\u00e8s environ un an ; la digitalisation et des moyens de fonctionnement suffisants ne sont donc pas un luxe, mais un service de base.\u00a0\u00bb<\/em><\/p>\n<h3><strong><em>Faire plus avec moins.<\/em><\/strong><\/h3>\n<p><em>\u00ab\u00a0Quid des avances du CPAS que Monsieur Ronse brandit si volontiers ? Elles existent, elles p\u00e8sent sur les services locaux et appellent des solutions structurelles. Mais l\u00e0 aussi, les chiffres sont le meilleur antidote contre les slogans. En 2024, \u00e0 peine 1,37% concernent des avances faites par les CPAS des dossiers ch\u00f4mage aupr\u00e8s de la FGTB. C\u2019est g\u00eanant, et tr\u00e8s douloureux pour les personnes concern\u00e9es, mais ce n\u2019est pas une \u00ab\u00a0externalisation\u00a0\u00bb du paiement vers les communes. C\u2019est avant tout le sympt\u00f4me d\u2019un \u00e9change de donn\u00e9es lent et d\u2019une r\u00e9glementation lourde.<\/em><br \/>\n<em>Les chiffres de qualit\u00e9 sont \u00e9galement r\u00e9v\u00e9lateurs. En 2023, les syndicats ont vu moins de dossiers renvoy\u00e9s pour erreurs ou incompl\u00e9tudes (8,5 %) que la CAPAC (10 %). Lors des contr\u00f4les de l\u2019ONEM, les syndicats obtiennent syst\u00e9matiquement de meilleurs r\u00e9sultats en mati\u00e8re de paiements indus ou erron\u00e9s. Et en termes de productivit\u00e9, l\u2019\u00e9cart est encore plus flagrant : en 2022, un travaileur \u00e0 temps plein dans un syndicat a trait\u00e9 en moyenne 11 062 paiements par an, contre 1 932 \u00e0 la CAPAC. Les syndicats disposent par ailleurs de 344 bureaux r\u00e9partis sur l\u2019ensemble du pays, contre 35 pour la CAPAC.\u00a0\u00bb<\/em><\/p>\n<p>Le d\u00e9put\u00e9 Ronse pr\u00e9tend que \u00ab\u00a0les syndicats\u00a0\u00bb dirigent la CAPAC et doivent donc en \u00eatre exclus. <em>\u00ab\u00a0C\u2019est faux. La CAPAC est un organisme public de s\u00e9curit\u00e9 sociale et comme dans beaucoup d\u2019autres, sa gestion est partag\u00e9e avec les repr\u00e9sentants des employeurs et des travailleurs. Si l\u2019on retire les syndicats de l\u2019organe de gestion de la CAPAC, il serait logique que le financement soit \u00e0 la m\u00eame hauteur pour tous les organismes de paiement. Selon nos calculs, une telle \u00e9galisation signifierait soit une r\u00e9duction d\u2019environ 27 millions d\u2019euros pour la CAPAC, soit une augmentation des moyens octroy\u00e9s aux autres organismes de paiement. Ce serait la cons\u00e9quence logique du \u00ab\u00a0traitement \u00e9gal\u00a0\u00bb que Monsieur Ronse r\u00e9clame bruyamment.\u00a0\u00bb<\/em><\/p>\n<p>&nbsp;<\/p>\n<p><em>Source: FGTB<\/em><\/p>\n","protected":false},"excerpt":{"rendered":"<p>La FGTB r\u00e9agit suite \u00e0 la d\u00e9claration du d\u00e9put\u00e9 de la N-VA, Axel Ronse, quant aux retards de payement des allocations de ch\u00f4mage : \u00ab\u00a0Les syndicats versent les allocations de ch\u00f4mage et le font selon des r\u00e8gles strictes. Les chiffres [&hellip;]<\/p>\n","protected":false},"author":2,"featured_media":0,"comment_status":"closed","ping_status":"open","sticky":false,"template":"","format":"standard","meta":[],"categories":[65,10],"tags":[1489,1186,110],"yoast_head":"<!-- This site is optimized with the Yoast SEO plugin v21.0 - https:\/\/yoast.com\/wordpress\/plugins\/seo\/ -->\n<title>Syndicats ou CAPAC ? Qui a la palme de la performance en mati\u00e8re de payement des allocations de ch\u00f4mage? - Peoplesphere<\/title>\n<meta name=\"robots\" content=\"index, follow, max-snippet:-1, max-image-preview:large, max-video-preview:-1\" \/>\n<link rel=\"canonical\" href=\"https:\/\/peoplesphere.be\/fr\/syndicats-ou-capac-qui-a-la-palme-de-la-performance-en-matiere-de-payement-des-allocations-de-chomage\/\" \/>\n<meta property=\"og:locale\" content=\"fr_FR\" \/>\n<meta property=\"og:type\" content=\"article\" \/>\n<meta property=\"og:title\" content=\"Syndicats ou CAPAC ? Qui a la palme de la performance en mati\u00e8re de payement des allocations de ch\u00f4mage? - Peoplesphere\" \/>\n<meta property=\"og:description\" content=\"La FGTB r\u00e9agit suite \u00e0 la d\u00e9claration du d\u00e9put\u00e9 de la N-VA, Axel Ronse, quant aux retards de payement des allocations de ch\u00f4mage : \u00ab\u00a0Les syndicats versent les allocations de ch\u00f4mage et le font selon des r\u00e8gles strictes. Les chiffres [&hellip;]\" \/>\n<meta property=\"og:url\" content=\"https:\/\/peoplesphere.be\/fr\/syndicats-ou-capac-qui-a-la-palme-de-la-performance-en-matiere-de-payement-des-allocations-de-chomage\/\" \/>\n<meta property=\"og:site_name\" content=\"Peoplesphere\" \/>\n<meta property=\"article:publisher\" content=\"https:\/\/www.facebook.com\/peoplesphere\" \/>\n<meta property=\"article:published_time\" content=\"2025-08-20T07:06:15+00:00\" \/>\n<meta property=\"og:image\" content=\"http:\/\/www.peoplesphere.be\/fr\/wp-content\/uploads\/2016\/07\/facebook-default-posting-1200x628px.jpg\" \/>\n<meta name=\"author\" content=\"Jean-Paul Erhard\" \/>\n<meta name=\"twitter:card\" content=\"summary_large_image\" \/>\n<meta name=\"twitter:creator\" content=\"@PeoplesphereMag\" \/>\n<meta name=\"twitter:site\" content=\"@PeoplesphereMag\" \/>\n<meta name=\"twitter:label1\" content=\"\u00c9crit par\" \/>\n\t<meta name=\"twitter:data1\" content=\"Jean-Paul Erhard\" \/>\n\t<meta name=\"twitter:label2\" content=\"Dur\u00e9e de lecture estim\u00e9e\" \/>\n\t<meta name=\"twitter:data2\" content=\"4 minutes\" \/>\n<script type=\"application\/ld+json\" class=\"yoast-schema-graph\">{\"@context\":\"https:\/\/schema.org\",\"@graph\":[{\"@type\":\"Article\",\"@id\":\"https:\/\/peoplesphere.be\/fr\/syndicats-ou-capac-qui-a-la-palme-de-la-performance-en-matiere-de-payement-des-allocations-de-chomage\/#article\",\"isPartOf\":{\"@id\":\"https:\/\/peoplesphere.be\/fr\/syndicats-ou-capac-qui-a-la-palme-de-la-performance-en-matiere-de-payement-des-allocations-de-chomage\/\"},\"author\":{\"name\":\"Jean-Paul Erhard\",\"@id\":\"https:\/\/peoplesphere.be\/fr\/#\/schema\/person\/7976225ff17988604334abb7b3536a7e\"},\"headline\":\"Syndicats ou CAPAC ? Qui a la palme de la performance en mati\u00e8re de payement des allocations de ch\u00f4mage?\",\"datePublished\":\"2025-08-20T07:06:15+00:00\",\"dateModified\":\"2025-08-20T07:06:15+00:00\",\"mainEntityOfPage\":{\"@id\":\"https:\/\/peoplesphere.be\/fr\/syndicats-ou-capac-qui-a-la-palme-de-la-performance-en-matiere-de-payement-des-allocations-de-chomage\/\"},\"wordCount\":765,\"publisher\":{\"@id\":\"https:\/\/peoplesphere.be\/fr\/#organization\"},\"keywords\":[\"allocations de ch\u00f4mage\",\"FGTB\",\"syndicats\"],\"articleSection\":[\"Actualit\u00e9s\",\"Digital\"],\"inLanguage\":\"fr-FR\"},{\"@type\":\"WebPage\",\"@id\":\"https:\/\/peoplesphere.be\/fr\/syndicats-ou-capac-qui-a-la-palme-de-la-performance-en-matiere-de-payement-des-allocations-de-chomage\/\",\"url\":\"https:\/\/peoplesphere.be\/fr\/syndicats-ou-capac-qui-a-la-palme-de-la-performance-en-matiere-de-payement-des-allocations-de-chomage\/\",\"name\":\"Syndicats ou CAPAC ? Qui a la palme de la performance en mati\u00e8re de payement des allocations de ch\u00f4mage? - Peoplesphere\",\"isPartOf\":{\"@id\":\"https:\/\/peoplesphere.be\/fr\/#website\"},\"datePublished\":\"2025-08-20T07:06:15+00:00\",\"dateModified\":\"2025-08-20T07:06:15+00:00\",\"breadcrumb\":{\"@id\":\"https:\/\/peoplesphere.be\/fr\/syndicats-ou-capac-qui-a-la-palme-de-la-performance-en-matiere-de-payement-des-allocations-de-chomage\/#breadcrumb\"},\"inLanguage\":\"fr-FR\",\"potentialAction\":[{\"@type\":\"ReadAction\",\"target\":[\"https:\/\/peoplesphere.be\/fr\/syndicats-ou-capac-qui-a-la-palme-de-la-performance-en-matiere-de-payement-des-allocations-de-chomage\/\"]}]},{\"@type\":\"BreadcrumbList\",\"@id\":\"https:\/\/peoplesphere.be\/fr\/syndicats-ou-capac-qui-a-la-palme-de-la-performance-en-matiere-de-payement-des-allocations-de-chomage\/#breadcrumb\",\"itemListElement\":[{\"@type\":\"ListItem\",\"position\":1,\"name\":\"Accueil\",\"item\":\"https:\/\/peoplesphere.be\/fr\/\"},{\"@type\":\"ListItem\",\"position\":2,\"name\":\"Syndicats ou CAPAC ? Qui a la palme de la performance en mati\u00e8re de payement des allocations de ch\u00f4mage?\"}]},{\"@type\":\"WebSite\",\"@id\":\"https:\/\/peoplesphere.be\/fr\/#website\",\"url\":\"https:\/\/peoplesphere.be\/fr\/\",\"name\":\"Peoplesphere\",\"description\":\"The People Managers Magazine\",\"publisher\":{\"@id\":\"https:\/\/peoplesphere.be\/fr\/#organization\"},\"potentialAction\":[{\"@type\":\"SearchAction\",\"target\":{\"@type\":\"EntryPoint\",\"urlTemplate\":\"https:\/\/peoplesphere.be\/fr\/?s={search_term_string}\"},\"query-input\":\"required name=search_term_string\"}],\"inLanguage\":\"fr-FR\"},{\"@type\":\"Organization\",\"@id\":\"https:\/\/peoplesphere.be\/fr\/#organization\",\"name\":\"Peoplesphere Company srl\",\"url\":\"https:\/\/peoplesphere.be\/fr\/\",\"logo\":{\"@type\":\"ImageObject\",\"inLanguage\":\"fr-FR\",\"@id\":\"https:\/\/peoplesphere.be\/fr\/#\/schema\/logo\/image\/\",\"url\":\"https:\/\/peoplesphere.be\/fr\/wp-content\/uploads\/2023\/07\/peoplesphere-lgo-new-generik.jpg\",\"contentUrl\":\"https:\/\/peoplesphere.be\/fr\/wp-content\/uploads\/2023\/07\/peoplesphere-lgo-new-generik.jpg\",\"width\":1031,\"height\":1479,\"caption\":\"Peoplesphere Company srl\"},\"image\":{\"@id\":\"https:\/\/peoplesphere.be\/fr\/#\/schema\/logo\/image\/\"},\"sameAs\":[\"https:\/\/www.facebook.com\/peoplesphere\",\"https:\/\/twitter.com\/PeoplesphereMag\",\"https:\/\/www.linkedin.com\/company\/7587361?trk\",\"http:\/\/youtube.com\/peoplesphere\"]},{\"@type\":\"Person\",\"@id\":\"https:\/\/peoplesphere.be\/fr\/#\/schema\/person\/7976225ff17988604334abb7b3536a7e\",\"name\":\"Jean-Paul Erhard\",\"image\":{\"@type\":\"ImageObject\",\"inLanguage\":\"fr-FR\",\"@id\":\"https:\/\/peoplesphere.be\/fr\/#\/schema\/person\/image\/\",\"url\":\"https:\/\/secure.gravatar.com\/avatar\/f941e681460179738071629a51574930?s=96&d=mm&r=g\",\"contentUrl\":\"https:\/\/secure.gravatar.com\/avatar\/f941e681460179738071629a51574930?s=96&d=mm&r=g\",\"caption\":\"Jean-Paul Erhard\"},\"url\":\"https:\/\/peoplesphere.be\/fr\/author\/jpe\/\"}]}<\/script>\n<!-- \/ Yoast SEO plugin. -->","yoast_head_json":{"title":"Syndicats ou CAPAC ? Qui a la palme de la performance en mati\u00e8re de payement des allocations de ch\u00f4mage? - Peoplesphere","robots":{"index":"index","follow":"follow","max-snippet":"max-snippet:-1","max-image-preview":"max-image-preview:large","max-video-preview":"max-video-preview:-1"},"canonical":"https:\/\/peoplesphere.be\/fr\/syndicats-ou-capac-qui-a-la-palme-de-la-performance-en-matiere-de-payement-des-allocations-de-chomage\/","og_locale":"fr_FR","og_type":"article","og_title":"Syndicats ou CAPAC ? Qui a la palme de la performance en mati\u00e8re de payement des allocations de ch\u00f4mage? - Peoplesphere","og_description":"La FGTB r\u00e9agit suite \u00e0 la d\u00e9claration du d\u00e9put\u00e9 de la N-VA, Axel Ronse, quant aux retards de payement des allocations de ch\u00f4mage : \u00ab\u00a0Les syndicats versent les allocations de ch\u00f4mage et le font selon des r\u00e8gles strictes. Les chiffres [&hellip;]","og_url":"https:\/\/peoplesphere.be\/fr\/syndicats-ou-capac-qui-a-la-palme-de-la-performance-en-matiere-de-payement-des-allocations-de-chomage\/","og_site_name":"Peoplesphere","article_publisher":"https:\/\/www.facebook.com\/peoplesphere","article_published_time":"2025-08-20T07:06:15+00:00","og_image":[{"url":"http:\/\/www.peoplesphere.be\/fr\/wp-content\/uploads\/2016\/07\/facebook-default-posting-1200x628px.jpg"}],"author":"Jean-Paul Erhard","twitter_card":"summary_large_image","twitter_creator":"@PeoplesphereMag","twitter_site":"@PeoplesphereMag","twitter_misc":{"\u00c9crit par":"Jean-Paul Erhard","Dur\u00e9e de lecture estim\u00e9e":"4 minutes"},"schema":{"@context":"https:\/\/schema.org","@graph":[{"@type":"Article","@id":"https:\/\/peoplesphere.be\/fr\/syndicats-ou-capac-qui-a-la-palme-de-la-performance-en-matiere-de-payement-des-allocations-de-chomage\/#article","isPartOf":{"@id":"https:\/\/peoplesphere.be\/fr\/syndicats-ou-capac-qui-a-la-palme-de-la-performance-en-matiere-de-payement-des-allocations-de-chomage\/"},"author":{"name":"Jean-Paul Erhard","@id":"https:\/\/peoplesphere.be\/fr\/#\/schema\/person\/7976225ff17988604334abb7b3536a7e"},"headline":"Syndicats ou CAPAC ? Qui a la palme de la performance en mati\u00e8re de payement des allocations de ch\u00f4mage?","datePublished":"2025-08-20T07:06:15+00:00","dateModified":"2025-08-20T07:06:15+00:00","mainEntityOfPage":{"@id":"https:\/\/peoplesphere.be\/fr\/syndicats-ou-capac-qui-a-la-palme-de-la-performance-en-matiere-de-payement-des-allocations-de-chomage\/"},"wordCount":765,"publisher":{"@id":"https:\/\/peoplesphere.be\/fr\/#organization"},"keywords":["allocations de ch\u00f4mage","FGTB","syndicats"],"articleSection":["Actualit\u00e9s","Digital"],"inLanguage":"fr-FR"},{"@type":"WebPage","@id":"https:\/\/peoplesphere.be\/fr\/syndicats-ou-capac-qui-a-la-palme-de-la-performance-en-matiere-de-payement-des-allocations-de-chomage\/","url":"https:\/\/peoplesphere.be\/fr\/syndicats-ou-capac-qui-a-la-palme-de-la-performance-en-matiere-de-payement-des-allocations-de-chomage\/","name":"Syndicats ou CAPAC ? Qui a la palme de la performance en mati\u00e8re de payement des allocations de ch\u00f4mage? - Peoplesphere","isPartOf":{"@id":"https:\/\/peoplesphere.be\/fr\/#website"},"datePublished":"2025-08-20T07:06:15+00:00","dateModified":"2025-08-20T07:06:15+00:00","breadcrumb":{"@id":"https:\/\/peoplesphere.be\/fr\/syndicats-ou-capac-qui-a-la-palme-de-la-performance-en-matiere-de-payement-des-allocations-de-chomage\/#breadcrumb"},"inLanguage":"fr-FR","potentialAction":[{"@type":"ReadAction","target":["https:\/\/peoplesphere.be\/fr\/syndicats-ou-capac-qui-a-la-palme-de-la-performance-en-matiere-de-payement-des-allocations-de-chomage\/"]}]},{"@type":"BreadcrumbList","@id":"https:\/\/peoplesphere.be\/fr\/syndicats-ou-capac-qui-a-la-palme-de-la-performance-en-matiere-de-payement-des-allocations-de-chomage\/#breadcrumb","itemListElement":[{"@type":"ListItem","position":1,"name":"Accueil","item":"https:\/\/peoplesphere.be\/fr\/"},{"@type":"ListItem","position":2,"name":"Syndicats ou CAPAC ? Qui a la palme de la performance en mati\u00e8re de payement des allocations de ch\u00f4mage?"}]},{"@type":"WebSite","@id":"https:\/\/peoplesphere.be\/fr\/#website","url":"https:\/\/peoplesphere.be\/fr\/","name":"Peoplesphere","description":"The People Managers Magazine","publisher":{"@id":"https:\/\/peoplesphere.be\/fr\/#organization"},"potentialAction":[{"@type":"SearchAction","target":{"@type":"EntryPoint","urlTemplate":"https:\/\/peoplesphere.be\/fr\/?s={search_term_string}"},"query-input":"required name=search_term_string"}],"inLanguage":"fr-FR"},{"@type":"Organization","@id":"https:\/\/peoplesphere.be\/fr\/#organization","name":"Peoplesphere Company srl","url":"https:\/\/peoplesphere.be\/fr\/","logo":{"@type":"ImageObject","inLanguage":"fr-FR","@id":"https:\/\/peoplesphere.be\/fr\/#\/schema\/logo\/image\/","url":"https:\/\/peoplesphere.be\/fr\/wp-content\/uploads\/2023\/07\/peoplesphere-lgo-new-generik.jpg","contentUrl":"https:\/\/peoplesphere.be\/fr\/wp-content\/uploads\/2023\/07\/peoplesphere-lgo-new-generik.jpg","width":1031,"height":1479,"caption":"Peoplesphere Company srl"},"image":{"@id":"https:\/\/peoplesphere.be\/fr\/#\/schema\/logo\/image\/"},"sameAs":["https:\/\/www.facebook.com\/peoplesphere","https:\/\/twitter.com\/PeoplesphereMag","https:\/\/www.linkedin.com\/company\/7587361?trk","http:\/\/youtube.com\/peoplesphere"]},{"@type":"Person","@id":"https:\/\/peoplesphere.be\/fr\/#\/schema\/person\/7976225ff17988604334abb7b3536a7e","name":"Jean-Paul Erhard","image":{"@type":"ImageObject","inLanguage":"fr-FR","@id":"https:\/\/peoplesphere.be\/fr\/#\/schema\/person\/image\/","url":"https:\/\/secure.gravatar.com\/avatar\/f941e681460179738071629a51574930?s=96&d=mm&r=g","contentUrl":"https:\/\/secure.gravatar.com\/avatar\/f941e681460179738071629a51574930?s=96&d=mm&r=g","caption":"Jean-Paul Erhard"},"url":"https:\/\/peoplesphere.be\/fr\/author\/jpe\/"}]}},"_links":{"self":[{"href":"https:\/\/peoplesphere.be\/fr\/wp-json\/wp\/v2\/posts\/18102"}],"collection":[{"href":"https:\/\/peoplesphere.be\/fr\/wp-json\/wp\/v2\/posts"}],"about":[{"href":"https:\/\/peoplesphere.be\/fr\/wp-json\/wp\/v2\/types\/post"}],"author":[{"embeddable":true,"href":"https:\/\/peoplesphere.be\/fr\/wp-json\/wp\/v2\/users\/2"}],"replies":[{"embeddable":true,"href":"https:\/\/peoplesphere.be\/fr\/wp-json\/wp\/v2\/comments?post=18102"}],"version-history":[{"count":1,"href":"https:\/\/peoplesphere.be\/fr\/wp-json\/wp\/v2\/posts\/18102\/revisions"}],"predecessor-version":[{"id":18103,"href":"https:\/\/peoplesphere.be\/fr\/wp-json\/wp\/v2\/posts\/18102\/revisions\/18103"}],"wp:attachment":[{"href":"https:\/\/peoplesphere.be\/fr\/wp-json\/wp\/v2\/media?parent=18102"}],"wp:term":[{"taxonomy":"category","embeddable":true,"href":"https:\/\/peoplesphere.be\/fr\/wp-json\/wp\/v2\/categories?post=18102"},{"taxonomy":"post_tag","embeddable":true,"href":"https:\/\/peoplesphere.be\/fr\/wp-json\/wp\/v2\/tags?post=18102"}],"curies":[{"name":"wp","href":"https:\/\/api.w.org\/{rel}","templated":true}]}}