









{"id":18104,"date":"2025-08-20T17:29:10","date_gmt":"2025-08-20T15:29:10","guid":{"rendered":"https:\/\/peoplesphere.be\/fr\/?p=18104"},"modified":"2025-08-20T17:29:10","modified_gmt":"2025-08-20T15:29:10","slug":"humain-rentabilite-lunion-sacree-rdv-le-25-septembre-a-namur-pour-le-premier-seminaire-du-cycle-organise-par-akt-for-wallonia","status":"publish","type":"post","link":"https:\/\/peoplesphere.be\/fr\/humain-rentabilite-lunion-sacree-rdv-le-25-septembre-a-namur-pour-le-premier-seminaire-du-cycle-organise-par-akt-for-wallonia\/","title":{"rendered":"&lsquo;Humain &#038; Rentabilit\u00e9: l&rsquo;union sacr\u00e9e&rsquo;: rdv le 25 septembre \u00e0 Namur pour le premier s\u00e9minaire du cycle organis\u00e9 par AKT for Wallonia"},"content":{"rendered":"<p>Et si le facteur humain devenait le levier cl\u00e9 de la rentabilit\u00e9 et de la croissance de votre entreprise ? Dans un contexte o\u00f9 le recrutement et la r\u00e9tention des talents restent des d\u00e9fis majeurs, comment transformer ces enjeux en opportunit\u00e9s concr\u00e8tes ? Comment concilier performance \u00e9conomique et \u00e9panouissement des collaborateurs, tout en brisant les id\u00e9es re\u00e7ues sur le \u00ab\u00a0co\u00fbt\u00a0\u00bb des ressources humaines ? <a href=\"https:\/\/docs.google.com\/forms\/d\/e\/1FAIpQLScdQK5xBeFBqe9uU_jNpV5fYeXEBApjP2_XpFDUmGKiThMd4w\/viewform\">Rendez-vous \u00e0 Ecolys Namur le 25 septembre prochain pour le premier s\u00e9minaire du cycle RH<\/a> propos\u00e9 par AKT for Wallonia et ses partenaires, avec le soutien de Peoplesphere.<!--more--><\/p>\n<p><strong><em>Au programme :<\/em><\/strong><br \/>\nUn constat partag\u00e9 pour agir diff\u00e9remment : malgr\u00e9 un march\u00e9 du travail marqu\u00e9 par un taux de ch\u00f4mage persistant et un nombre \u00e9lev\u00e9 d\u2019emplois non pourvus, comment d\u00e9passer les paradoxes et transformer ces d\u00e9fis en opportunit\u00e9s strat\u00e9giques ?<\/p>\n<p><strong><em>3 t\u00e9moignages inspirants :<\/em> <\/strong>D\u00e9couvrez les strat\u00e9gies gagnantes de Belfius, Thomas &amp; Piron et Colona \u2013 des entreprises aux profils vari\u00e9s, mais unies par une approche innovante et efficace du People Management.<\/p>\n<p><strong><em>Pourquoi participer ?<\/em><\/strong><br \/>\nS\u2019inspirer de cas concrets et de r\u00e9sultats probants<br \/>\nRepenser votre approche RH pour en faire un v\u00e9ritable levier de croissance<br \/>\n\u00c9changer avec des experts et des pairs lors du networking lunch<\/p>\n<p><strong><em>Un cycle pour r\u00e9concilier humain et rentabilit\u00e9<\/em><\/strong><br \/>\nPremi\u00e8re \u00e9tape : oser une nouvelle vision des talents<\/p>\n<p style=\"font-weight: 400;\"><em><strong>&gt; S\u00e9minaire 1 : Strat\u00e9gies, outils et arguments pour attirer, fid\u00e9liser et d\u00e9velopper les talents &#8211; <\/strong><\/em>25 septembre 2025 \u2013 Ecolys \u2013 Accueil d\u00e8s 8h30 &#8211; matin\u00e9e cl\u00f4tur\u00e9e par networking et lunch<\/p>\n<p><a href=\"https:\/\/docs.google.com\/forms\/d\/e\/1FAIpQLScdQK5xBeFBqe9uU_jNpV5fYeXEBApjP2_XpFDUmGKiThMd4w\/viewform\">Inscriptions ouvertes ici <\/a>\u00a0\u2013 Places limit\u00e9es !<\/p>\n<p>&nbsp;<\/p>\n","protected":false},"excerpt":{"rendered":"<p>Et si le facteur humain devenait le levier cl\u00e9 de la rentabilit\u00e9 et de la croissance de votre entreprise ? Dans un contexte o\u00f9 le recrutement et la r\u00e9tention des talents restent des d\u00e9fis majeurs, comment transformer ces enjeux en [&hellip;]<\/p>\n","protected":false},"author":2,"featured_media":18105,"comment_status":"closed","ping_status":"open","sticky":false,"template":"","format":"standard","meta":[],"categories":[65,67,10,8],"tags":[4321,303,302,48,72,299,73],"yoast_head":"<!-- This site is optimized with the Yoast SEO plugin v21.0 - https:\/\/yoast.com\/wordpress\/plugins\/seo\/ -->\n<title>&#039;Humain &amp; Rentabilit\u00e9: l&#039;union sacr\u00e9e&#039;: rdv le 25 septembre \u00e0 Namur pour le premier s\u00e9minaire du cycle organis\u00e9 par AKT for Wallonia - Peoplesphere<\/title>\n<meta name=\"robots\" content=\"index, follow, max-snippet:-1, max-image-preview:large, max-video-preview:-1\" \/>\n<link rel=\"canonical\" href=\"https:\/\/peoplesphere.be\/fr\/humain-rentabilite-lunion-sacree-rdv-le-25-septembre-a-namur-pour-le-premier-seminaire-du-cycle-organise-par-akt-for-wallonia\/\" \/>\n<meta property=\"og:locale\" content=\"fr_FR\" \/>\n<meta property=\"og:type\" content=\"article\" \/>\n<meta property=\"og:title\" content=\"&#039;Humain &amp; Rentabilit\u00e9: l&#039;union sacr\u00e9e&#039;: rdv le 25 septembre \u00e0 Namur pour le premier s\u00e9minaire du cycle organis\u00e9 par AKT for Wallonia - Peoplesphere\" \/>\n<meta property=\"og:description\" content=\"Et si le facteur humain devenait le levier cl\u00e9 de la rentabilit\u00e9 et de la croissance de votre entreprise ? Dans un contexte o\u00f9 le recrutement et la r\u00e9tention des talents restent des d\u00e9fis majeurs, comment transformer ces enjeux en [&hellip;]\" \/>\n<meta property=\"og:url\" content=\"https:\/\/peoplesphere.be\/fr\/humain-rentabilite-lunion-sacree-rdv-le-25-septembre-a-namur-pour-le-premier-seminaire-du-cycle-organise-par-akt-for-wallonia\/\" \/>\n<meta property=\"og:site_name\" content=\"Peoplesphere\" \/>\n<meta property=\"article:publisher\" content=\"https:\/\/www.facebook.com\/peoplesphere\" \/>\n<meta property=\"article:published_time\" content=\"2025-08-20T15:29:10+00:00\" \/>\n<meta property=\"og:image\" content=\"https:\/\/peoplesphere.be\/fr\/wp-content\/uploads\/2025\/08\/20250821AKTevent20250925.png\" \/>\n\t<meta property=\"og:image:width\" content=\"510\" \/>\n\t<meta property=\"og:image:height\" content=\"235\" \/>\n\t<meta property=\"og:image:type\" content=\"image\/png\" \/>\n<meta name=\"author\" content=\"Jean-Paul Erhard\" \/>\n<meta name=\"twitter:card\" content=\"summary_large_image\" \/>\n<meta name=\"twitter:creator\" content=\"@PeoplesphereMag\" \/>\n<meta name=\"twitter:site\" content=\"@PeoplesphereMag\" \/>\n<meta name=\"twitter:label1\" content=\"\u00c9crit par\" \/>\n\t<meta name=\"twitter:data1\" content=\"Jean-Paul Erhard\" \/>\n\t<meta name=\"twitter:label2\" content=\"Dur\u00e9e de lecture estim\u00e9e\" \/>\n\t<meta name=\"twitter:data2\" content=\"2 minutes\" \/>\n<script type=\"application\/ld+json\" class=\"yoast-schema-graph\">{\"@context\":\"https:\/\/schema.org\",\"@graph\":[{\"@type\":\"Article\",\"@id\":\"https:\/\/peoplesphere.be\/fr\/humain-rentabilite-lunion-sacree-rdv-le-25-septembre-a-namur-pour-le-premier-seminaire-du-cycle-organise-par-akt-for-wallonia\/#article\",\"isPartOf\":{\"@id\":\"https:\/\/peoplesphere.be\/fr\/humain-rentabilite-lunion-sacree-rdv-le-25-septembre-a-namur-pour-le-premier-seminaire-du-cycle-organise-par-akt-for-wallonia\/\"},\"author\":{\"name\":\"Jean-Paul Erhard\",\"@id\":\"https:\/\/peoplesphere.be\/fr\/#\/schema\/person\/7976225ff17988604334abb7b3536a7e\"},\"headline\":\"&lsquo;Humain &#038; Rentabilit\u00e9: l&rsquo;union sacr\u00e9e&rsquo;: rdv le 25 septembre \u00e0 Namur pour le premier s\u00e9minaire du cycle organis\u00e9 par AKT for Wallonia\",\"datePublished\":\"2025-08-20T15:29:10+00:00\",\"dateModified\":\"2025-08-20T15:29:10+00:00\",\"mainEntityOfPage\":{\"@id\":\"https:\/\/peoplesphere.be\/fr\/humain-rentabilite-lunion-sacree-rdv-le-25-septembre-a-namur-pour-le-premier-seminaire-du-cycle-organise-par-akt-for-wallonia\/\"},\"wordCount\":288,\"publisher\":{\"@id\":\"https:\/\/peoplesphere.be\/fr\/#organization\"},\"keywords\":[\"AKT for Wallonia\",\"d\u00e9veloppement\",\"fid\u00e9lisation\",\"Formation\",\"recrutement\",\"r\u00e9tention\",\"talent\"],\"articleSection\":[\"Actualit\u00e9s\",\"Calendrier\",\"Digital\",\"Events\"],\"inLanguage\":\"fr-FR\"},{\"@type\":\"WebPage\",\"@id\":\"https:\/\/peoplesphere.be\/fr\/humain-rentabilite-lunion-sacree-rdv-le-25-septembre-a-namur-pour-le-premier-seminaire-du-cycle-organise-par-akt-for-wallonia\/\",\"url\":\"https:\/\/peoplesphere.be\/fr\/humain-rentabilite-lunion-sacree-rdv-le-25-septembre-a-namur-pour-le-premier-seminaire-du-cycle-organise-par-akt-for-wallonia\/\",\"name\":\"'Humain & Rentabilit\u00e9: l'union sacr\u00e9e': rdv le 25 septembre \u00e0 Namur pour le premier s\u00e9minaire du cycle organis\u00e9 par AKT for Wallonia - Peoplesphere\",\"isPartOf\":{\"@id\":\"https:\/\/peoplesphere.be\/fr\/#website\"},\"datePublished\":\"2025-08-20T15:29:10+00:00\",\"dateModified\":\"2025-08-20T15:29:10+00:00\",\"breadcrumb\":{\"@id\":\"https:\/\/peoplesphere.be\/fr\/humain-rentabilite-lunion-sacree-rdv-le-25-septembre-a-namur-pour-le-premier-seminaire-du-cycle-organise-par-akt-for-wallonia\/#breadcrumb\"},\"inLanguage\":\"fr-FR\",\"potentialAction\":[{\"@type\":\"ReadAction\",\"target\":[\"https:\/\/peoplesphere.be\/fr\/humain-rentabilite-lunion-sacree-rdv-le-25-septembre-a-namur-pour-le-premier-seminaire-du-cycle-organise-par-akt-for-wallonia\/\"]}]},{\"@type\":\"BreadcrumbList\",\"@id\":\"https:\/\/peoplesphere.be\/fr\/humain-rentabilite-lunion-sacree-rdv-le-25-septembre-a-namur-pour-le-premier-seminaire-du-cycle-organise-par-akt-for-wallonia\/#breadcrumb\",\"itemListElement\":[{\"@type\":\"ListItem\",\"position\":1,\"name\":\"Accueil\",\"item\":\"https:\/\/peoplesphere.be\/fr\/\"},{\"@type\":\"ListItem\",\"position\":2,\"name\":\"&lsquo;Humain &#038; Rentabilit\u00e9: l&rsquo;union sacr\u00e9e&rsquo;: rdv le 25 septembre \u00e0 Namur pour le premier s\u00e9minaire du cycle organis\u00e9 par AKT for Wallonia\"}]},{\"@type\":\"WebSite\",\"@id\":\"https:\/\/peoplesphere.be\/fr\/#website\",\"url\":\"https:\/\/peoplesphere.be\/fr\/\",\"name\":\"Peoplesphere\",\"description\":\"The People Managers Magazine\",\"publisher\":{\"@id\":\"https:\/\/peoplesphere.be\/fr\/#organization\"},\"potentialAction\":[{\"@type\":\"SearchAction\",\"target\":{\"@type\":\"EntryPoint\",\"urlTemplate\":\"https:\/\/peoplesphere.be\/fr\/?s={search_term_string}\"},\"query-input\":\"required name=search_term_string\"}],\"inLanguage\":\"fr-FR\"},{\"@type\":\"Organization\",\"@id\":\"https:\/\/peoplesphere.be\/fr\/#organization\",\"name\":\"Peoplesphere Company srl\",\"url\":\"https:\/\/peoplesphere.be\/fr\/\",\"logo\":{\"@type\":\"ImageObject\",\"inLanguage\":\"fr-FR\",\"@id\":\"https:\/\/peoplesphere.be\/fr\/#\/schema\/logo\/image\/\",\"url\":\"https:\/\/peoplesphere.be\/fr\/wp-content\/uploads\/2023\/07\/peoplesphere-lgo-new-generik.jpg\",\"contentUrl\":\"https:\/\/peoplesphere.be\/fr\/wp-content\/uploads\/2023\/07\/peoplesphere-lgo-new-generik.jpg\",\"width\":1031,\"height\":1479,\"caption\":\"Peoplesphere Company srl\"},\"image\":{\"@id\":\"https:\/\/peoplesphere.be\/fr\/#\/schema\/logo\/image\/\"},\"sameAs\":[\"https:\/\/www.facebook.com\/peoplesphere\",\"https:\/\/twitter.com\/PeoplesphereMag\",\"https:\/\/www.linkedin.com\/company\/7587361?trk\",\"http:\/\/youtube.com\/peoplesphere\"]},{\"@type\":\"Person\",\"@id\":\"https:\/\/peoplesphere.be\/fr\/#\/schema\/person\/7976225ff17988604334abb7b3536a7e\",\"name\":\"Jean-Paul Erhard\",\"image\":{\"@type\":\"ImageObject\",\"inLanguage\":\"fr-FR\",\"@id\":\"https:\/\/peoplesphere.be\/fr\/#\/schema\/person\/image\/\",\"url\":\"https:\/\/secure.gravatar.com\/avatar\/f941e681460179738071629a51574930?s=96&d=mm&r=g\",\"contentUrl\":\"https:\/\/secure.gravatar.com\/avatar\/f941e681460179738071629a51574930?s=96&d=mm&r=g\",\"caption\":\"Jean-Paul Erhard\"},\"url\":\"https:\/\/peoplesphere.be\/fr\/author\/jpe\/\"}]}<\/script>\n<!-- \/ Yoast SEO plugin. -->","yoast_head_json":{"title":"'Humain & Rentabilit\u00e9: l'union sacr\u00e9e': rdv le 25 septembre \u00e0 Namur pour le premier s\u00e9minaire du cycle organis\u00e9 par AKT for Wallonia - Peoplesphere","robots":{"index":"index","follow":"follow","max-snippet":"max-snippet:-1","max-image-preview":"max-image-preview:large","max-video-preview":"max-video-preview:-1"},"canonical":"https:\/\/peoplesphere.be\/fr\/humain-rentabilite-lunion-sacree-rdv-le-25-septembre-a-namur-pour-le-premier-seminaire-du-cycle-organise-par-akt-for-wallonia\/","og_locale":"fr_FR","og_type":"article","og_title":"'Humain & Rentabilit\u00e9: l'union sacr\u00e9e': rdv le 25 septembre \u00e0 Namur pour le premier s\u00e9minaire du cycle organis\u00e9 par AKT for Wallonia - Peoplesphere","og_description":"Et si le facteur humain devenait le levier cl\u00e9 de la rentabilit\u00e9 et de la croissance de votre entreprise ? Dans un contexte o\u00f9 le recrutement et la r\u00e9tention des talents restent des d\u00e9fis majeurs, comment transformer ces enjeux en [&hellip;]","og_url":"https:\/\/peoplesphere.be\/fr\/humain-rentabilite-lunion-sacree-rdv-le-25-septembre-a-namur-pour-le-premier-seminaire-du-cycle-organise-par-akt-for-wallonia\/","og_site_name":"Peoplesphere","article_publisher":"https:\/\/www.facebook.com\/peoplesphere","article_published_time":"2025-08-20T15:29:10+00:00","og_image":[{"width":510,"height":235,"url":"https:\/\/peoplesphere.be\/fr\/wp-content\/uploads\/2025\/08\/20250821AKTevent20250925.png","type":"image\/png"}],"author":"Jean-Paul Erhard","twitter_card":"summary_large_image","twitter_creator":"@PeoplesphereMag","twitter_site":"@PeoplesphereMag","twitter_misc":{"\u00c9crit par":"Jean-Paul Erhard","Dur\u00e9e de lecture estim\u00e9e":"2 minutes"},"schema":{"@context":"https:\/\/schema.org","@graph":[{"@type":"Article","@id":"https:\/\/peoplesphere.be\/fr\/humain-rentabilite-lunion-sacree-rdv-le-25-septembre-a-namur-pour-le-premier-seminaire-du-cycle-organise-par-akt-for-wallonia\/#article","isPartOf":{"@id":"https:\/\/peoplesphere.be\/fr\/humain-rentabilite-lunion-sacree-rdv-le-25-septembre-a-namur-pour-le-premier-seminaire-du-cycle-organise-par-akt-for-wallonia\/"},"author":{"name":"Jean-Paul Erhard","@id":"https:\/\/peoplesphere.be\/fr\/#\/schema\/person\/7976225ff17988604334abb7b3536a7e"},"headline":"&lsquo;Humain &#038; Rentabilit\u00e9: l&rsquo;union sacr\u00e9e&rsquo;: rdv le 25 septembre \u00e0 Namur pour le premier s\u00e9minaire du cycle organis\u00e9 par AKT for Wallonia","datePublished":"2025-08-20T15:29:10+00:00","dateModified":"2025-08-20T15:29:10+00:00","mainEntityOfPage":{"@id":"https:\/\/peoplesphere.be\/fr\/humain-rentabilite-lunion-sacree-rdv-le-25-septembre-a-namur-pour-le-premier-seminaire-du-cycle-organise-par-akt-for-wallonia\/"},"wordCount":288,"publisher":{"@id":"https:\/\/peoplesphere.be\/fr\/#organization"},"keywords":["AKT for Wallonia","d\u00e9veloppement","fid\u00e9lisation","Formation","recrutement","r\u00e9tention","talent"],"articleSection":["Actualit\u00e9s","Calendrier","Digital","Events"],"inLanguage":"fr-FR"},{"@type":"WebPage","@id":"https:\/\/peoplesphere.be\/fr\/humain-rentabilite-lunion-sacree-rdv-le-25-septembre-a-namur-pour-le-premier-seminaire-du-cycle-organise-par-akt-for-wallonia\/","url":"https:\/\/peoplesphere.be\/fr\/humain-rentabilite-lunion-sacree-rdv-le-25-septembre-a-namur-pour-le-premier-seminaire-du-cycle-organise-par-akt-for-wallonia\/","name":"'Humain & Rentabilit\u00e9: l'union sacr\u00e9e': rdv le 25 septembre \u00e0 Namur pour le premier s\u00e9minaire du cycle organis\u00e9 par AKT for Wallonia - Peoplesphere","isPartOf":{"@id":"https:\/\/peoplesphere.be\/fr\/#website"},"datePublished":"2025-08-20T15:29:10+00:00","dateModified":"2025-08-20T15:29:10+00:00","breadcrumb":{"@id":"https:\/\/peoplesphere.be\/fr\/humain-rentabilite-lunion-sacree-rdv-le-25-septembre-a-namur-pour-le-premier-seminaire-du-cycle-organise-par-akt-for-wallonia\/#breadcrumb"},"inLanguage":"fr-FR","potentialAction":[{"@type":"ReadAction","target":["https:\/\/peoplesphere.be\/fr\/humain-rentabilite-lunion-sacree-rdv-le-25-septembre-a-namur-pour-le-premier-seminaire-du-cycle-organise-par-akt-for-wallonia\/"]}]},{"@type":"BreadcrumbList","@id":"https:\/\/peoplesphere.be\/fr\/humain-rentabilite-lunion-sacree-rdv-le-25-septembre-a-namur-pour-le-premier-seminaire-du-cycle-organise-par-akt-for-wallonia\/#breadcrumb","itemListElement":[{"@type":"ListItem","position":1,"name":"Accueil","item":"https:\/\/peoplesphere.be\/fr\/"},{"@type":"ListItem","position":2,"name":"&lsquo;Humain &#038; Rentabilit\u00e9: l&rsquo;union sacr\u00e9e&rsquo;: rdv le 25 septembre \u00e0 Namur pour le premier s\u00e9minaire du cycle organis\u00e9 par AKT for Wallonia"}]},{"@type":"WebSite","@id":"https:\/\/peoplesphere.be\/fr\/#website","url":"https:\/\/peoplesphere.be\/fr\/","name":"Peoplesphere","description":"The People Managers Magazine","publisher":{"@id":"https:\/\/peoplesphere.be\/fr\/#organization"},"potentialAction":[{"@type":"SearchAction","target":{"@type":"EntryPoint","urlTemplate":"https:\/\/peoplesphere.be\/fr\/?s={search_term_string}"},"query-input":"required name=search_term_string"}],"inLanguage":"fr-FR"},{"@type":"Organization","@id":"https:\/\/peoplesphere.be\/fr\/#organization","name":"Peoplesphere Company srl","url":"https:\/\/peoplesphere.be\/fr\/","logo":{"@type":"ImageObject","inLanguage":"fr-FR","@id":"https:\/\/peoplesphere.be\/fr\/#\/schema\/logo\/image\/","url":"https:\/\/peoplesphere.be\/fr\/wp-content\/uploads\/2023\/07\/peoplesphere-lgo-new-generik.jpg","contentUrl":"https:\/\/peoplesphere.be\/fr\/wp-content\/uploads\/2023\/07\/peoplesphere-lgo-new-generik.jpg","width":1031,"height":1479,"caption":"Peoplesphere Company srl"},"image":{"@id":"https:\/\/peoplesphere.be\/fr\/#\/schema\/logo\/image\/"},"sameAs":["https:\/\/www.facebook.com\/peoplesphere","https:\/\/twitter.com\/PeoplesphereMag","https:\/\/www.linkedin.com\/company\/7587361?trk","http:\/\/youtube.com\/peoplesphere"]},{"@type":"Person","@id":"https:\/\/peoplesphere.be\/fr\/#\/schema\/person\/7976225ff17988604334abb7b3536a7e","name":"Jean-Paul Erhard","image":{"@type":"ImageObject","inLanguage":"fr-FR","@id":"https:\/\/peoplesphere.be\/fr\/#\/schema\/person\/image\/","url":"https:\/\/secure.gravatar.com\/avatar\/f941e681460179738071629a51574930?s=96&d=mm&r=g","contentUrl":"https:\/\/secure.gravatar.com\/avatar\/f941e681460179738071629a51574930?s=96&d=mm&r=g","caption":"Jean-Paul Erhard"},"url":"https:\/\/peoplesphere.be\/fr\/author\/jpe\/"}]}},"_links":{"self":[{"href":"https:\/\/peoplesphere.be\/fr\/wp-json\/wp\/v2\/posts\/18104"}],"collection":[{"href":"https:\/\/peoplesphere.be\/fr\/wp-json\/wp\/v2\/posts"}],"about":[{"href":"https:\/\/peoplesphere.be\/fr\/wp-json\/wp\/v2\/types\/post"}],"author":[{"embeddable":true,"href":"https:\/\/peoplesphere.be\/fr\/wp-json\/wp\/v2\/users\/2"}],"replies":[{"embeddable":true,"href":"https:\/\/peoplesphere.be\/fr\/wp-json\/wp\/v2\/comments?post=18104"}],"version-history":[{"count":3,"href":"https:\/\/peoplesphere.be\/fr\/wp-json\/wp\/v2\/posts\/18104\/revisions"}],"predecessor-version":[{"id":18109,"href":"https:\/\/peoplesphere.be\/fr\/wp-json\/wp\/v2\/posts\/18104\/revisions\/18109"}],"wp:featuredmedia":[{"embeddable":true,"href":"https:\/\/peoplesphere.be\/fr\/wp-json\/wp\/v2\/media\/18105"}],"wp:attachment":[{"href":"https:\/\/peoplesphere.be\/fr\/wp-json\/wp\/v2\/media?parent=18104"}],"wp:term":[{"taxonomy":"category","embeddable":true,"href":"https:\/\/peoplesphere.be\/fr\/wp-json\/wp\/v2\/categories?post=18104"},{"taxonomy":"post_tag","embeddable":true,"href":"https:\/\/peoplesphere.be\/fr\/wp-json\/wp\/v2\/tags?post=18104"}],"curies":[{"name":"wp","href":"https:\/\/api.w.org\/{rel}","templated":true}]}}