









{"id":18152,"date":"2025-09-01T10:30:41","date_gmt":"2025-09-01T08:30:41","guid":{"rendered":"https:\/\/peoplesphere.be\/fr\/?p=18152"},"modified":"2025-09-01T10:30:41","modified_gmt":"2025-09-01T08:30:41","slug":"petit-dejeuner-de-ladp-liege-le-26-septembre-reformes-sociales-du-gouvernement-arizona-ou-en-est-on-vraiment","status":"publish","type":"post","link":"https:\/\/peoplesphere.be\/fr\/petit-dejeuner-de-ladp-liege-le-26-septembre-reformes-sociales-du-gouvernement-arizona-ou-en-est-on-vraiment\/","title":{"rendered":"Petit d\u00e9jeuner de l&rsquo;ADP Li\u00e8ge le 26 septembre &#8211; R\u00e9formes sociales du gouvernement Arizona, o\u00f9 en est-on vraiment ?"},"content":{"rendered":"<p>Le prochain \u00ab Petit D\u00e9jeuner Ressources Humaines \u00bb organis\u00e9 par l&rsquo;ADP Li\u00e8ge se tiendra le vendredi 26 septembre 2025 de 8h30 \u00e0 10h00 (accueil d\u00e8s 8h) avec pour th\u00e8me central les r\u00e9formes sociales du gouvernement Arizona.<!--more--><\/p>\n<p>Entre les d\u00e9clarations qui ont suivi la mise en place du nouveau gouvernement, les accords d\u2019\u00e9t\u00e9, leurs amendements et leurs contestations, il est bien difficile aujourd\u2019hui de s\u2019y retrouver pr\u00e9cis\u00e9ment.<\/p>\n<p>Les questions des managers et du personnel sont nombreuses, en termes de risques et d\u2019opportunit\u00e9s tant pour les entreprises que pour les travailleurs.<\/p>\n<p>Jean-Paul Lacomble, Avocat &#8211; Associ\u00e9 chez Claeys &amp; Engels, \u00a0nous pr\u00e9sentera un \u00e9tat des lieux du large \u00e9ventail des mesures pr\u00e9vues pour vous permettre de vous y retrouver concr\u00e8tement et de conna\u00eetre :<\/p>\n<p><strong><em>R\u00e9formes sociales du gouvernement Arizona, o\u00f9 en est-on vraiment ?<\/em><\/strong><\/p>\n<ul>\n<li>Les mesures qui ont \u00e9t\u00e9 annonc\u00e9es mais pas encore envisag\u00e9es<\/li>\n<li>Les textes l\u00e9gislatifs en cours<\/li>\n<li>Les mesures qui ont \u00e9t\u00e9 vot\u00e9es avec leur date d\u2019application<\/li>\n<\/ul>\n<p>Les traditionnelles \u00ab\u00a010 minutes d\u2019actualit\u00e9s socio-juridiques\u00a0\u00bb seront int\u00e9gr\u00e9es \u00e0 la pr\u00e9sentation.<\/p>\n<p>INSCRIPTION OBLIGATOIRE via le lien suivant : <a href=\"https:\/\/www.adp-liege.be\/activite\/reformes-sociales-du-gouvernement-arizona--ou-en-est-on-vraiment%C2%A0-\/\">ADP-Liege\/Inscription petit-d\u00e9jeuner<\/a><\/p>\n<p><strong><em>O\u00f9 ?<\/em><\/strong> Li\u00e8ge Airport (BIERSET), dans le restaurant \u00ab L\u2019\u00c9CHAPP\u00c9E BOEUF \u00bb (Hall de d\u00e9part 2e \u00e9tage). Parking gratuit pour les 3 premi\u00e8res heures. Possibilit\u00e9 de se connecter \u00e0 distance pour ceux qui le souhaitent.<\/p>\n<p><strong><em>Participation aux frais :<\/em><\/strong> gratuit pour les membres ADP, leurs invit\u00e9s et partenaires et les participants en ligne, 25,00\u20ac pour les non-membres en pr\u00e9sentiel. Le montant est \u00e0 verser ANTICIPATIVEMENT sur le compte BE40 0689 3870 1763 de l&rsquo;ADP avec mention: \u00abPetit D\u00e9jeuner ADP 26.09.2025 NOM et Pr\u00e9nom\u00bb. Toute inscription enregistr\u00e9e qui n\u2019est pas annul\u00e9e 24 heures avant sera factur\u00e9e 25\u20ac. Les inscriptions seront cl\u00f4tur\u00e9es le jeudi 25 septembre 2025 \u00e0 midi.<\/p>\n<p>&nbsp;<\/p>\n<p>&nbsp;<\/p>\n","protected":false},"excerpt":{"rendered":"<p>Le prochain \u00ab Petit D\u00e9jeuner Ressources Humaines \u00bb organis\u00e9 par l&rsquo;ADP Li\u00e8ge se tiendra le vendredi 26 septembre 2025 de 8h30 \u00e0 10h00 (accueil d\u00e8s 8h) avec pour th\u00e8me central les r\u00e9formes sociales du gouvernement Arizona.<\/p>\n","protected":false},"author":2,"featured_media":0,"comment_status":"closed","ping_status":"open","sticky":false,"template":"","format":"standard","meta":[],"categories":[65,67,10,8],"tags":[274,4245,557,687,272],"yoast_head":"<!-- This site is optimized with the Yoast SEO plugin v21.0 - https:\/\/yoast.com\/wordpress\/plugins\/seo\/ -->\n<title>Petit d\u00e9jeuner de l&#039;ADP Li\u00e8ge le 26 septembre - R\u00e9formes sociales du gouvernement Arizona, o\u00f9 en est-on vraiment ? - Peoplesphere<\/title>\n<meta name=\"robots\" content=\"index, follow, max-snippet:-1, max-image-preview:large, max-video-preview:-1\" \/>\n<link rel=\"canonical\" href=\"https:\/\/peoplesphere.be\/fr\/petit-dejeuner-de-ladp-liege-le-26-septembre-reformes-sociales-du-gouvernement-arizona-ou-en-est-on-vraiment\/\" \/>\n<meta property=\"og:locale\" content=\"fr_FR\" \/>\n<meta property=\"og:type\" content=\"article\" \/>\n<meta property=\"og:title\" content=\"Petit d\u00e9jeuner de l&#039;ADP Li\u00e8ge le 26 septembre - R\u00e9formes sociales du gouvernement Arizona, o\u00f9 en est-on vraiment ? - Peoplesphere\" \/>\n<meta property=\"og:description\" content=\"Le prochain \u00ab Petit D\u00e9jeuner Ressources Humaines \u00bb organis\u00e9 par l&rsquo;ADP Li\u00e8ge se tiendra le vendredi 26 septembre 2025 de 8h30 \u00e0 10h00 (accueil d\u00e8s 8h) avec pour th\u00e8me central les r\u00e9formes sociales du gouvernement Arizona.\" \/>\n<meta property=\"og:url\" content=\"https:\/\/peoplesphere.be\/fr\/petit-dejeuner-de-ladp-liege-le-26-septembre-reformes-sociales-du-gouvernement-arizona-ou-en-est-on-vraiment\/\" \/>\n<meta property=\"og:site_name\" content=\"Peoplesphere\" \/>\n<meta property=\"article:publisher\" content=\"https:\/\/www.facebook.com\/peoplesphere\" \/>\n<meta property=\"article:published_time\" content=\"2025-09-01T08:30:41+00:00\" \/>\n<meta property=\"og:image\" content=\"http:\/\/www.peoplesphere.be\/fr\/wp-content\/uploads\/2016\/07\/facebook-default-posting-1200x628px.jpg\" \/>\n<meta name=\"author\" content=\"Jean-Paul Erhard\" \/>\n<meta name=\"twitter:card\" content=\"summary_large_image\" \/>\n<meta name=\"twitter:creator\" content=\"@PeoplesphereMag\" \/>\n<meta name=\"twitter:site\" content=\"@PeoplesphereMag\" \/>\n<meta name=\"twitter:label1\" content=\"\u00c9crit par\" \/>\n\t<meta name=\"twitter:data1\" content=\"Jean-Paul Erhard\" \/>\n\t<meta name=\"twitter:label2\" content=\"Dur\u00e9e de lecture estim\u00e9e\" \/>\n\t<meta name=\"twitter:data2\" content=\"2 minutes\" \/>\n<script type=\"application\/ld+json\" class=\"yoast-schema-graph\">{\"@context\":\"https:\/\/schema.org\",\"@graph\":[{\"@type\":\"Article\",\"@id\":\"https:\/\/peoplesphere.be\/fr\/petit-dejeuner-de-ladp-liege-le-26-septembre-reformes-sociales-du-gouvernement-arizona-ou-en-est-on-vraiment\/#article\",\"isPartOf\":{\"@id\":\"https:\/\/peoplesphere.be\/fr\/petit-dejeuner-de-ladp-liege-le-26-septembre-reformes-sociales-du-gouvernement-arizona-ou-en-est-on-vraiment\/\"},\"author\":{\"name\":\"Jean-Paul Erhard\",\"@id\":\"https:\/\/peoplesphere.be\/fr\/#\/schema\/person\/7976225ff17988604334abb7b3536a7e\"},\"headline\":\"Petit d\u00e9jeuner de l&rsquo;ADP Li\u00e8ge le 26 septembre &#8211; R\u00e9formes sociales du gouvernement Arizona, o\u00f9 en est-on vraiment ?\",\"datePublished\":\"2025-09-01T08:30:41+00:00\",\"dateModified\":\"2025-09-01T08:30:41+00:00\",\"mainEntityOfPage\":{\"@id\":\"https:\/\/peoplesphere.be\/fr\/petit-dejeuner-de-ladp-liege-le-26-septembre-reformes-sociales-du-gouvernement-arizona-ou-en-est-on-vraiment\/\"},\"wordCount\":324,\"publisher\":{\"@id\":\"https:\/\/peoplesphere.be\/fr\/#organization\"},\"keywords\":[\"ADP Li\u00e8ge\",\"Arizona\",\"droit social\",\"r\u00e9forme\",\"r\u00e9glementation\"],\"articleSection\":[\"Actualit\u00e9s\",\"Calendrier\",\"Digital\",\"Events\"],\"inLanguage\":\"fr-FR\"},{\"@type\":\"WebPage\",\"@id\":\"https:\/\/peoplesphere.be\/fr\/petit-dejeuner-de-ladp-liege-le-26-septembre-reformes-sociales-du-gouvernement-arizona-ou-en-est-on-vraiment\/\",\"url\":\"https:\/\/peoplesphere.be\/fr\/petit-dejeuner-de-ladp-liege-le-26-septembre-reformes-sociales-du-gouvernement-arizona-ou-en-est-on-vraiment\/\",\"name\":\"Petit d\u00e9jeuner de l'ADP Li\u00e8ge le 26 septembre - R\u00e9formes sociales du gouvernement Arizona, o\u00f9 en est-on vraiment ? - Peoplesphere\",\"isPartOf\":{\"@id\":\"https:\/\/peoplesphere.be\/fr\/#website\"},\"datePublished\":\"2025-09-01T08:30:41+00:00\",\"dateModified\":\"2025-09-01T08:30:41+00:00\",\"breadcrumb\":{\"@id\":\"https:\/\/peoplesphere.be\/fr\/petit-dejeuner-de-ladp-liege-le-26-septembre-reformes-sociales-du-gouvernement-arizona-ou-en-est-on-vraiment\/#breadcrumb\"},\"inLanguage\":\"fr-FR\",\"potentialAction\":[{\"@type\":\"ReadAction\",\"target\":[\"https:\/\/peoplesphere.be\/fr\/petit-dejeuner-de-ladp-liege-le-26-septembre-reformes-sociales-du-gouvernement-arizona-ou-en-est-on-vraiment\/\"]}]},{\"@type\":\"BreadcrumbList\",\"@id\":\"https:\/\/peoplesphere.be\/fr\/petit-dejeuner-de-ladp-liege-le-26-septembre-reformes-sociales-du-gouvernement-arizona-ou-en-est-on-vraiment\/#breadcrumb\",\"itemListElement\":[{\"@type\":\"ListItem\",\"position\":1,\"name\":\"Accueil\",\"item\":\"https:\/\/peoplesphere.be\/fr\/\"},{\"@type\":\"ListItem\",\"position\":2,\"name\":\"Petit d\u00e9jeuner de l&rsquo;ADP Li\u00e8ge le 26 septembre &#8211; R\u00e9formes sociales du gouvernement Arizona, o\u00f9 en est-on vraiment ?\"}]},{\"@type\":\"WebSite\",\"@id\":\"https:\/\/peoplesphere.be\/fr\/#website\",\"url\":\"https:\/\/peoplesphere.be\/fr\/\",\"name\":\"Peoplesphere\",\"description\":\"The People Managers Magazine\",\"publisher\":{\"@id\":\"https:\/\/peoplesphere.be\/fr\/#organization\"},\"potentialAction\":[{\"@type\":\"SearchAction\",\"target\":{\"@type\":\"EntryPoint\",\"urlTemplate\":\"https:\/\/peoplesphere.be\/fr\/?s={search_term_string}\"},\"query-input\":\"required name=search_term_string\"}],\"inLanguage\":\"fr-FR\"},{\"@type\":\"Organization\",\"@id\":\"https:\/\/peoplesphere.be\/fr\/#organization\",\"name\":\"Peoplesphere Company srl\",\"url\":\"https:\/\/peoplesphere.be\/fr\/\",\"logo\":{\"@type\":\"ImageObject\",\"inLanguage\":\"fr-FR\",\"@id\":\"https:\/\/peoplesphere.be\/fr\/#\/schema\/logo\/image\/\",\"url\":\"https:\/\/peoplesphere.be\/fr\/wp-content\/uploads\/2023\/07\/peoplesphere-lgo-new-generik.jpg\",\"contentUrl\":\"https:\/\/peoplesphere.be\/fr\/wp-content\/uploads\/2023\/07\/peoplesphere-lgo-new-generik.jpg\",\"width\":1031,\"height\":1479,\"caption\":\"Peoplesphere Company srl\"},\"image\":{\"@id\":\"https:\/\/peoplesphere.be\/fr\/#\/schema\/logo\/image\/\"},\"sameAs\":[\"https:\/\/www.facebook.com\/peoplesphere\",\"https:\/\/twitter.com\/PeoplesphereMag\",\"https:\/\/www.linkedin.com\/company\/7587361?trk\",\"http:\/\/youtube.com\/peoplesphere\"]},{\"@type\":\"Person\",\"@id\":\"https:\/\/peoplesphere.be\/fr\/#\/schema\/person\/7976225ff17988604334abb7b3536a7e\",\"name\":\"Jean-Paul Erhard\",\"image\":{\"@type\":\"ImageObject\",\"inLanguage\":\"fr-FR\",\"@id\":\"https:\/\/peoplesphere.be\/fr\/#\/schema\/person\/image\/\",\"url\":\"https:\/\/secure.gravatar.com\/avatar\/f941e681460179738071629a51574930?s=96&d=mm&r=g\",\"contentUrl\":\"https:\/\/secure.gravatar.com\/avatar\/f941e681460179738071629a51574930?s=96&d=mm&r=g\",\"caption\":\"Jean-Paul Erhard\"},\"url\":\"https:\/\/peoplesphere.be\/fr\/author\/jpe\/\"}]}<\/script>\n<!-- \/ Yoast SEO plugin. -->","yoast_head_json":{"title":"Petit d\u00e9jeuner de l'ADP Li\u00e8ge le 26 septembre - R\u00e9formes sociales du gouvernement Arizona, o\u00f9 en est-on vraiment ? - Peoplesphere","robots":{"index":"index","follow":"follow","max-snippet":"max-snippet:-1","max-image-preview":"max-image-preview:large","max-video-preview":"max-video-preview:-1"},"canonical":"https:\/\/peoplesphere.be\/fr\/petit-dejeuner-de-ladp-liege-le-26-septembre-reformes-sociales-du-gouvernement-arizona-ou-en-est-on-vraiment\/","og_locale":"fr_FR","og_type":"article","og_title":"Petit d\u00e9jeuner de l'ADP Li\u00e8ge le 26 septembre - R\u00e9formes sociales du gouvernement Arizona, o\u00f9 en est-on vraiment ? - Peoplesphere","og_description":"Le prochain \u00ab Petit D\u00e9jeuner Ressources Humaines \u00bb organis\u00e9 par l&rsquo;ADP Li\u00e8ge se tiendra le vendredi 26 septembre 2025 de 8h30 \u00e0 10h00 (accueil d\u00e8s 8h) avec pour th\u00e8me central les r\u00e9formes sociales du gouvernement Arizona.","og_url":"https:\/\/peoplesphere.be\/fr\/petit-dejeuner-de-ladp-liege-le-26-septembre-reformes-sociales-du-gouvernement-arizona-ou-en-est-on-vraiment\/","og_site_name":"Peoplesphere","article_publisher":"https:\/\/www.facebook.com\/peoplesphere","article_published_time":"2025-09-01T08:30:41+00:00","og_image":[{"url":"http:\/\/www.peoplesphere.be\/fr\/wp-content\/uploads\/2016\/07\/facebook-default-posting-1200x628px.jpg"}],"author":"Jean-Paul Erhard","twitter_card":"summary_large_image","twitter_creator":"@PeoplesphereMag","twitter_site":"@PeoplesphereMag","twitter_misc":{"\u00c9crit par":"Jean-Paul Erhard","Dur\u00e9e de lecture estim\u00e9e":"2 minutes"},"schema":{"@context":"https:\/\/schema.org","@graph":[{"@type":"Article","@id":"https:\/\/peoplesphere.be\/fr\/petit-dejeuner-de-ladp-liege-le-26-septembre-reformes-sociales-du-gouvernement-arizona-ou-en-est-on-vraiment\/#article","isPartOf":{"@id":"https:\/\/peoplesphere.be\/fr\/petit-dejeuner-de-ladp-liege-le-26-septembre-reformes-sociales-du-gouvernement-arizona-ou-en-est-on-vraiment\/"},"author":{"name":"Jean-Paul Erhard","@id":"https:\/\/peoplesphere.be\/fr\/#\/schema\/person\/7976225ff17988604334abb7b3536a7e"},"headline":"Petit d\u00e9jeuner de l&rsquo;ADP Li\u00e8ge le 26 septembre &#8211; R\u00e9formes sociales du gouvernement Arizona, o\u00f9 en est-on vraiment ?","datePublished":"2025-09-01T08:30:41+00:00","dateModified":"2025-09-01T08:30:41+00:00","mainEntityOfPage":{"@id":"https:\/\/peoplesphere.be\/fr\/petit-dejeuner-de-ladp-liege-le-26-septembre-reformes-sociales-du-gouvernement-arizona-ou-en-est-on-vraiment\/"},"wordCount":324,"publisher":{"@id":"https:\/\/peoplesphere.be\/fr\/#organization"},"keywords":["ADP Li\u00e8ge","Arizona","droit social","r\u00e9forme","r\u00e9glementation"],"articleSection":["Actualit\u00e9s","Calendrier","Digital","Events"],"inLanguage":"fr-FR"},{"@type":"WebPage","@id":"https:\/\/peoplesphere.be\/fr\/petit-dejeuner-de-ladp-liege-le-26-septembre-reformes-sociales-du-gouvernement-arizona-ou-en-est-on-vraiment\/","url":"https:\/\/peoplesphere.be\/fr\/petit-dejeuner-de-ladp-liege-le-26-septembre-reformes-sociales-du-gouvernement-arizona-ou-en-est-on-vraiment\/","name":"Petit d\u00e9jeuner de l'ADP Li\u00e8ge le 26 septembre - R\u00e9formes sociales du gouvernement Arizona, o\u00f9 en est-on vraiment ? - Peoplesphere","isPartOf":{"@id":"https:\/\/peoplesphere.be\/fr\/#website"},"datePublished":"2025-09-01T08:30:41+00:00","dateModified":"2025-09-01T08:30:41+00:00","breadcrumb":{"@id":"https:\/\/peoplesphere.be\/fr\/petit-dejeuner-de-ladp-liege-le-26-septembre-reformes-sociales-du-gouvernement-arizona-ou-en-est-on-vraiment\/#breadcrumb"},"inLanguage":"fr-FR","potentialAction":[{"@type":"ReadAction","target":["https:\/\/peoplesphere.be\/fr\/petit-dejeuner-de-ladp-liege-le-26-septembre-reformes-sociales-du-gouvernement-arizona-ou-en-est-on-vraiment\/"]}]},{"@type":"BreadcrumbList","@id":"https:\/\/peoplesphere.be\/fr\/petit-dejeuner-de-ladp-liege-le-26-septembre-reformes-sociales-du-gouvernement-arizona-ou-en-est-on-vraiment\/#breadcrumb","itemListElement":[{"@type":"ListItem","position":1,"name":"Accueil","item":"https:\/\/peoplesphere.be\/fr\/"},{"@type":"ListItem","position":2,"name":"Petit d\u00e9jeuner de l&rsquo;ADP Li\u00e8ge le 26 septembre &#8211; R\u00e9formes sociales du gouvernement Arizona, o\u00f9 en est-on vraiment ?"}]},{"@type":"WebSite","@id":"https:\/\/peoplesphere.be\/fr\/#website","url":"https:\/\/peoplesphere.be\/fr\/","name":"Peoplesphere","description":"The People Managers Magazine","publisher":{"@id":"https:\/\/peoplesphere.be\/fr\/#organization"},"potentialAction":[{"@type":"SearchAction","target":{"@type":"EntryPoint","urlTemplate":"https:\/\/peoplesphere.be\/fr\/?s={search_term_string}"},"query-input":"required name=search_term_string"}],"inLanguage":"fr-FR"},{"@type":"Organization","@id":"https:\/\/peoplesphere.be\/fr\/#organization","name":"Peoplesphere Company srl","url":"https:\/\/peoplesphere.be\/fr\/","logo":{"@type":"ImageObject","inLanguage":"fr-FR","@id":"https:\/\/peoplesphere.be\/fr\/#\/schema\/logo\/image\/","url":"https:\/\/peoplesphere.be\/fr\/wp-content\/uploads\/2023\/07\/peoplesphere-lgo-new-generik.jpg","contentUrl":"https:\/\/peoplesphere.be\/fr\/wp-content\/uploads\/2023\/07\/peoplesphere-lgo-new-generik.jpg","width":1031,"height":1479,"caption":"Peoplesphere Company srl"},"image":{"@id":"https:\/\/peoplesphere.be\/fr\/#\/schema\/logo\/image\/"},"sameAs":["https:\/\/www.facebook.com\/peoplesphere","https:\/\/twitter.com\/PeoplesphereMag","https:\/\/www.linkedin.com\/company\/7587361?trk","http:\/\/youtube.com\/peoplesphere"]},{"@type":"Person","@id":"https:\/\/peoplesphere.be\/fr\/#\/schema\/person\/7976225ff17988604334abb7b3536a7e","name":"Jean-Paul Erhard","image":{"@type":"ImageObject","inLanguage":"fr-FR","@id":"https:\/\/peoplesphere.be\/fr\/#\/schema\/person\/image\/","url":"https:\/\/secure.gravatar.com\/avatar\/f941e681460179738071629a51574930?s=96&d=mm&r=g","contentUrl":"https:\/\/secure.gravatar.com\/avatar\/f941e681460179738071629a51574930?s=96&d=mm&r=g","caption":"Jean-Paul Erhard"},"url":"https:\/\/peoplesphere.be\/fr\/author\/jpe\/"}]}},"_links":{"self":[{"href":"https:\/\/peoplesphere.be\/fr\/wp-json\/wp\/v2\/posts\/18152"}],"collection":[{"href":"https:\/\/peoplesphere.be\/fr\/wp-json\/wp\/v2\/posts"}],"about":[{"href":"https:\/\/peoplesphere.be\/fr\/wp-json\/wp\/v2\/types\/post"}],"author":[{"embeddable":true,"href":"https:\/\/peoplesphere.be\/fr\/wp-json\/wp\/v2\/users\/2"}],"replies":[{"embeddable":true,"href":"https:\/\/peoplesphere.be\/fr\/wp-json\/wp\/v2\/comments?post=18152"}],"version-history":[{"count":1,"href":"https:\/\/peoplesphere.be\/fr\/wp-json\/wp\/v2\/posts\/18152\/revisions"}],"predecessor-version":[{"id":18153,"href":"https:\/\/peoplesphere.be\/fr\/wp-json\/wp\/v2\/posts\/18152\/revisions\/18153"}],"wp:attachment":[{"href":"https:\/\/peoplesphere.be\/fr\/wp-json\/wp\/v2\/media?parent=18152"}],"wp:term":[{"taxonomy":"category","embeddable":true,"href":"https:\/\/peoplesphere.be\/fr\/wp-json\/wp\/v2\/categories?post=18152"},{"taxonomy":"post_tag","embeddable":true,"href":"https:\/\/peoplesphere.be\/fr\/wp-json\/wp\/v2\/tags?post=18152"}],"curies":[{"name":"wp","href":"https:\/\/api.w.org\/{rel}","templated":true}]}}