









{"id":18177,"date":"2025-09-08T16:16:17","date_gmt":"2025-09-08T14:16:17","guid":{"rendered":"https:\/\/peoplesphere.be\/fr\/?p=18177"},"modified":"2025-09-08T16:16:17","modified_gmt":"2025-09-08T14:16:17","slug":"la-croissance-economique-annoncee-pour-2025-et-2026-aura-un-impact-limite-sur-lemploi-en-belgique","status":"publish","type":"post","link":"https:\/\/peoplesphere.be\/fr\/la-croissance-economique-annoncee-pour-2025-et-2026-aura-un-impact-limite-sur-lemploi-en-belgique\/","title":{"rendered":"La croissance \u00e9conomique annonc\u00e9e pour 2025 et 2026 aura un impact limit\u00e9 sur l&#8217;emploi en Belgique."},"content":{"rendered":"<p>L\u2019\u00e9conomie belge devrait cro\u00eetre de 1,2% en 2025 et de 1,1% en 2026. Cette ann\u00e9e, l\u2019emploi devrait augmenter de 26.000 personnes et, l\u2019ann\u00e9e prochaine, de 38.000 personnes. Le nombre de ch\u00f4meurs indemnis\u00e9s devrait reculer de 117.000 en 2026 suite \u00e0 la limitation dans le temps des allocations de ch\u00f4mage. L&rsquo;inflation devrait atteindre 2,4% cette ann\u00e9e et redescendre \u00e0 1,4% en 2026. C\u2019est ce qui ressort des nouvelles pr\u00e9visions \u00e9conomiques du Bureau f\u00e9d\u00e9ral du Plan.<!--more--><\/p>\n<h3><strong><em>La croissance \u00e9conomique dans la zone euro se redresse malgr\u00e9 les tensions commerciales<\/em><\/strong><\/h3>\n<p>Les hausses de droits de douane par le gouvernement am\u00e9ricain ont, jusqu\u2019\u00e0 pr\u00e9sent, eu des r\u00e9percussions moins n\u00e9gatives que craint initialement sur l&rsquo;activit\u00e9 \u00e9conomique aux \u00c9tats-Unis et dans le reste du monde. La croissance du PIB am\u00e9ricain ne devrait cependant pas d\u00e9passer 1,6% en 2025 et en 2026, contre 2,8% en 2024. Dans la zone euro, par contre, la croissance \u00e9conomique devrait s\u2019acc\u00e9l\u00e9rer, passant de 0,9% l\u2019an dernier \u00e0 1,3% en 2025 et 1,4% en 2026, sous l\u2019impulsion des mesures de relance budg\u00e9taire et de l&rsquo;assouplissement de la politique mon\u00e9taire.<\/p>\n<h3><strong><em>La croissance du PIB belge reste relativement stable<\/em><\/strong><\/h3>\n<p>L&rsquo;\u00e9conomie belge a enregistr\u00e9 une croissance de 1,0% en 2024. En 2025, la croissance du PIB devrait l\u00e9g\u00e8rement s&rsquo;acc\u00e9l\u00e9rer pour atteindre 1,2 %, port\u00e9e par la consommation des particuliers \u2013 qui, pour la deuxi\u00e8me ann\u00e9e cons\u00e9cutive, progresse plus rapidement que le revenu disponible \u2013 et les investissements des entreprises. La consommation publique et les investissements publics continuent d&rsquo;augmenter significativement, principalement en raison de la hausse des d\u00e9penses de la D\u00e9fense. En 2026, la croissance du PIB devrait l\u00e9g\u00e8rement ralentir pour s&rsquo;\u00e9tablir \u00e0 1,1%. Les exportations et les investissements en logements devraient alors conna\u00eetre une reprise modeste apr\u00e8s plusieurs ann\u00e9es de recul, mais la croissance de la consommation des particuliers et celle des d\u00e9penses publiques devraient nettement s\u2019essouffler.<\/p>\n<h3><strong><em>La croissance de l&#8217;emploi dans le secteur priv\u00e9 se redresse et le nombre de ch\u00f4meurs indemnis\u00e9s diminue fortement<\/em><\/strong><\/h3>\n<p>En 2024, l\u2019augmentation de l\u2019emploi int\u00e9rieur a \u00e9t\u00e9 enti\u00e8rement attribuable \u00e0 la hausse de l\u2019emploi ind\u00e9pendant et de l\u2019emploi public, le nombre de salari\u00e9s du secteur priv\u00e9 ayant \u00e9t\u00e9 en l\u00e9ger recul. Cette ann\u00e9e, l\u2019emploi ind\u00e9pendant et l\u2019emploi public continueraient leur progression mais le nombre de salari\u00e9s du secteur priv\u00e9, lui aussi, augmenterait, surtout au second semestre. En 2026, cette tendance positive devrait se poursuivre dans le secteur priv\u00e9 tandis que la croissance de l\u2019emploi public ralentit fortement en raison des mesures d\u2019\u00e9conomies budg\u00e9taires. Au total, la cr\u00e9ation nette d\u2019emplois passerait de 17 000 en 2024 \u00e0 26 000 en 2025 et 38 000 en 2026.<\/p>\n<p>Le nombre de ch\u00f4meurs b\u00e9n\u00e9ficiant d&rsquo;une allocation de l&rsquo;ONEM est rest\u00e9 quasiment stable en 2024 et devrait augmenter d\u2019un peu plus de 2.000 personnes cette ann\u00e9e. En 2026, par contre, il baisserait, \u00e0 la suite de la limitation dans le temps de cette allocation, de pr\u00e8s de 117.000 personnes. Le ch\u00f4mage total mesur\u00e9 administrativement (qui comprend, notamment, les ch\u00f4meurs non indemnis\u00e9s inscrits volontairement) ne devrait toutefois diminuer que de 26.000 personnes.<\/p>\n<h3><strong><em>L\u2019inflation devrait continuer de ralentir<\/em><\/strong><\/h3>\n<p>L\u2019inflation, qui s&rsquo;\u00e9levait encore \u00e0 4% d\u00e9but 2025, est retomb\u00e9e \u00e0 moins de 2% en juillet et ao\u00fbt. Cette baisse s\u2019explique, dans une large mesure, par l\u2019\u00e9volution des prix de l\u2019\u00e9nergie qui devrait continuer d\u2019exercer une pression \u00e0 la baisse sur l&rsquo;inflation jusqu&rsquo;\u00e0 la fin de 2026. La hausse de l\u2019indice des prix \u00e0 la consommation devrait d\u00e8s lors s&rsquo;\u00e9tablir, en moyenne, \u00e0 2,4% en 2025 et \u00e0 1,4% en 2026, tandis que la croissance de l&rsquo;indice sant\u00e9 atteindrait, respectivement, 2,6% et 1,5%.<\/p>\n<p>&nbsp;<\/p>\n<p><em>Source: Bureau F\u00e9d\u00e9ral du Plan<\/em><\/p>\n","protected":false},"excerpt":{"rendered":"<p>L\u2019\u00e9conomie belge devrait cro\u00eetre de 1,2% en 2025 et de 1,1% en 2026. Cette ann\u00e9e, l\u2019emploi devrait augmenter de 26.000 personnes et, l\u2019ann\u00e9e prochaine, de 38.000 personnes. Le nombre de ch\u00f4meurs indemnis\u00e9s devrait reculer de 117.000 en 2026 suite \u00e0 [&hellip;]<\/p>\n","protected":false},"author":2,"featured_media":0,"comment_status":"closed","ping_status":"open","sticky":false,"template":"","format":"standard","meta":[],"categories":[65,10],"tags":[152,394],"yoast_head":"<!-- This site is optimized with the Yoast SEO plugin v21.0 - https:\/\/yoast.com\/wordpress\/plugins\/seo\/ -->\n<title>La croissance \u00e9conomique annonc\u00e9e pour 2025 et 2026 aura un impact limit\u00e9 sur l&#039;emploi en Belgique. - Peoplesphere<\/title>\n<meta name=\"robots\" content=\"index, follow, max-snippet:-1, max-image-preview:large, max-video-preview:-1\" \/>\n<link rel=\"canonical\" href=\"https:\/\/peoplesphere.be\/fr\/la-croissance-economique-annoncee-pour-2025-et-2026-aura-un-impact-limite-sur-lemploi-en-belgique\/\" \/>\n<meta property=\"og:locale\" content=\"fr_FR\" \/>\n<meta property=\"og:type\" content=\"article\" \/>\n<meta property=\"og:title\" content=\"La croissance \u00e9conomique annonc\u00e9e pour 2025 et 2026 aura un impact limit\u00e9 sur l&#039;emploi en Belgique. - Peoplesphere\" \/>\n<meta property=\"og:description\" content=\"L\u2019\u00e9conomie belge devrait cro\u00eetre de 1,2% en 2025 et de 1,1% en 2026. Cette ann\u00e9e, l\u2019emploi devrait augmenter de 26.000 personnes et, l\u2019ann\u00e9e prochaine, de 38.000 personnes. Le nombre de ch\u00f4meurs indemnis\u00e9s devrait reculer de 117.000 en 2026 suite \u00e0 [&hellip;]\" \/>\n<meta property=\"og:url\" content=\"https:\/\/peoplesphere.be\/fr\/la-croissance-economique-annoncee-pour-2025-et-2026-aura-un-impact-limite-sur-lemploi-en-belgique\/\" \/>\n<meta property=\"og:site_name\" content=\"Peoplesphere\" \/>\n<meta property=\"article:publisher\" content=\"https:\/\/www.facebook.com\/peoplesphere\" \/>\n<meta property=\"article:published_time\" content=\"2025-09-08T14:16:17+00:00\" \/>\n<meta property=\"og:image\" content=\"http:\/\/www.peoplesphere.be\/fr\/wp-content\/uploads\/2016\/07\/facebook-default-posting-1200x628px.jpg\" \/>\n<meta name=\"author\" content=\"Jean-Paul Erhard\" \/>\n<meta name=\"twitter:card\" content=\"summary_large_image\" \/>\n<meta name=\"twitter:creator\" content=\"@PeoplesphereMag\" \/>\n<meta name=\"twitter:site\" content=\"@PeoplesphereMag\" \/>\n<meta name=\"twitter:label1\" content=\"\u00c9crit par\" \/>\n\t<meta name=\"twitter:data1\" content=\"Jean-Paul Erhard\" \/>\n\t<meta name=\"twitter:label2\" content=\"Dur\u00e9e de lecture estim\u00e9e\" \/>\n\t<meta name=\"twitter:data2\" content=\"4 minutes\" \/>\n<script type=\"application\/ld+json\" class=\"yoast-schema-graph\">{\"@context\":\"https:\/\/schema.org\",\"@graph\":[{\"@type\":\"Article\",\"@id\":\"https:\/\/peoplesphere.be\/fr\/la-croissance-economique-annoncee-pour-2025-et-2026-aura-un-impact-limite-sur-lemploi-en-belgique\/#article\",\"isPartOf\":{\"@id\":\"https:\/\/peoplesphere.be\/fr\/la-croissance-economique-annoncee-pour-2025-et-2026-aura-un-impact-limite-sur-lemploi-en-belgique\/\"},\"author\":{\"name\":\"Jean-Paul Erhard\",\"@id\":\"https:\/\/peoplesphere.be\/fr\/#\/schema\/person\/7976225ff17988604334abb7b3536a7e\"},\"headline\":\"La croissance \u00e9conomique annonc\u00e9e pour 2025 et 2026 aura un impact limit\u00e9 sur l&#8217;emploi en Belgique.\",\"datePublished\":\"2025-09-08T14:16:17+00:00\",\"dateModified\":\"2025-09-08T14:16:17+00:00\",\"mainEntityOfPage\":{\"@id\":\"https:\/\/peoplesphere.be\/fr\/la-croissance-economique-annoncee-pour-2025-et-2026-aura-un-impact-limite-sur-lemploi-en-belgique\/\"},\"wordCount\":628,\"publisher\":{\"@id\":\"https:\/\/peoplesphere.be\/fr\/#organization\"},\"keywords\":[\"croissance\",\"taux d'emploi\"],\"articleSection\":[\"Actualit\u00e9s\",\"Digital\"],\"inLanguage\":\"fr-FR\"},{\"@type\":\"WebPage\",\"@id\":\"https:\/\/peoplesphere.be\/fr\/la-croissance-economique-annoncee-pour-2025-et-2026-aura-un-impact-limite-sur-lemploi-en-belgique\/\",\"url\":\"https:\/\/peoplesphere.be\/fr\/la-croissance-economique-annoncee-pour-2025-et-2026-aura-un-impact-limite-sur-lemploi-en-belgique\/\",\"name\":\"La croissance \u00e9conomique annonc\u00e9e pour 2025 et 2026 aura un impact limit\u00e9 sur l'emploi en Belgique. - Peoplesphere\",\"isPartOf\":{\"@id\":\"https:\/\/peoplesphere.be\/fr\/#website\"},\"datePublished\":\"2025-09-08T14:16:17+00:00\",\"dateModified\":\"2025-09-08T14:16:17+00:00\",\"breadcrumb\":{\"@id\":\"https:\/\/peoplesphere.be\/fr\/la-croissance-economique-annoncee-pour-2025-et-2026-aura-un-impact-limite-sur-lemploi-en-belgique\/#breadcrumb\"},\"inLanguage\":\"fr-FR\",\"potentialAction\":[{\"@type\":\"ReadAction\",\"target\":[\"https:\/\/peoplesphere.be\/fr\/la-croissance-economique-annoncee-pour-2025-et-2026-aura-un-impact-limite-sur-lemploi-en-belgique\/\"]}]},{\"@type\":\"BreadcrumbList\",\"@id\":\"https:\/\/peoplesphere.be\/fr\/la-croissance-economique-annoncee-pour-2025-et-2026-aura-un-impact-limite-sur-lemploi-en-belgique\/#breadcrumb\",\"itemListElement\":[{\"@type\":\"ListItem\",\"position\":1,\"name\":\"Accueil\",\"item\":\"https:\/\/peoplesphere.be\/fr\/\"},{\"@type\":\"ListItem\",\"position\":2,\"name\":\"La croissance \u00e9conomique annonc\u00e9e pour 2025 et 2026 aura un impact limit\u00e9 sur l&#8217;emploi en Belgique.\"}]},{\"@type\":\"WebSite\",\"@id\":\"https:\/\/peoplesphere.be\/fr\/#website\",\"url\":\"https:\/\/peoplesphere.be\/fr\/\",\"name\":\"Peoplesphere\",\"description\":\"The People Managers Magazine\",\"publisher\":{\"@id\":\"https:\/\/peoplesphere.be\/fr\/#organization\"},\"potentialAction\":[{\"@type\":\"SearchAction\",\"target\":{\"@type\":\"EntryPoint\",\"urlTemplate\":\"https:\/\/peoplesphere.be\/fr\/?s={search_term_string}\"},\"query-input\":\"required name=search_term_string\"}],\"inLanguage\":\"fr-FR\"},{\"@type\":\"Organization\",\"@id\":\"https:\/\/peoplesphere.be\/fr\/#organization\",\"name\":\"Peoplesphere Company srl\",\"url\":\"https:\/\/peoplesphere.be\/fr\/\",\"logo\":{\"@type\":\"ImageObject\",\"inLanguage\":\"fr-FR\",\"@id\":\"https:\/\/peoplesphere.be\/fr\/#\/schema\/logo\/image\/\",\"url\":\"https:\/\/peoplesphere.be\/fr\/wp-content\/uploads\/2023\/07\/peoplesphere-lgo-new-generik.jpg\",\"contentUrl\":\"https:\/\/peoplesphere.be\/fr\/wp-content\/uploads\/2023\/07\/peoplesphere-lgo-new-generik.jpg\",\"width\":1031,\"height\":1479,\"caption\":\"Peoplesphere Company srl\"},\"image\":{\"@id\":\"https:\/\/peoplesphere.be\/fr\/#\/schema\/logo\/image\/\"},\"sameAs\":[\"https:\/\/www.facebook.com\/peoplesphere\",\"https:\/\/twitter.com\/PeoplesphereMag\",\"https:\/\/www.linkedin.com\/company\/7587361?trk\",\"http:\/\/youtube.com\/peoplesphere\"]},{\"@type\":\"Person\",\"@id\":\"https:\/\/peoplesphere.be\/fr\/#\/schema\/person\/7976225ff17988604334abb7b3536a7e\",\"name\":\"Jean-Paul Erhard\",\"image\":{\"@type\":\"ImageObject\",\"inLanguage\":\"fr-FR\",\"@id\":\"https:\/\/peoplesphere.be\/fr\/#\/schema\/person\/image\/\",\"url\":\"https:\/\/secure.gravatar.com\/avatar\/f941e681460179738071629a51574930?s=96&d=mm&r=g\",\"contentUrl\":\"https:\/\/secure.gravatar.com\/avatar\/f941e681460179738071629a51574930?s=96&d=mm&r=g\",\"caption\":\"Jean-Paul Erhard\"},\"url\":\"https:\/\/peoplesphere.be\/fr\/author\/jpe\/\"}]}<\/script>\n<!-- \/ Yoast SEO plugin. -->","yoast_head_json":{"title":"La croissance \u00e9conomique annonc\u00e9e pour 2025 et 2026 aura un impact limit\u00e9 sur l'emploi en Belgique. - Peoplesphere","robots":{"index":"index","follow":"follow","max-snippet":"max-snippet:-1","max-image-preview":"max-image-preview:large","max-video-preview":"max-video-preview:-1"},"canonical":"https:\/\/peoplesphere.be\/fr\/la-croissance-economique-annoncee-pour-2025-et-2026-aura-un-impact-limite-sur-lemploi-en-belgique\/","og_locale":"fr_FR","og_type":"article","og_title":"La croissance \u00e9conomique annonc\u00e9e pour 2025 et 2026 aura un impact limit\u00e9 sur l'emploi en Belgique. - Peoplesphere","og_description":"L\u2019\u00e9conomie belge devrait cro\u00eetre de 1,2% en 2025 et de 1,1% en 2026. Cette ann\u00e9e, l\u2019emploi devrait augmenter de 26.000 personnes et, l\u2019ann\u00e9e prochaine, de 38.000 personnes. Le nombre de ch\u00f4meurs indemnis\u00e9s devrait reculer de 117.000 en 2026 suite \u00e0 [&hellip;]","og_url":"https:\/\/peoplesphere.be\/fr\/la-croissance-economique-annoncee-pour-2025-et-2026-aura-un-impact-limite-sur-lemploi-en-belgique\/","og_site_name":"Peoplesphere","article_publisher":"https:\/\/www.facebook.com\/peoplesphere","article_published_time":"2025-09-08T14:16:17+00:00","og_image":[{"url":"http:\/\/www.peoplesphere.be\/fr\/wp-content\/uploads\/2016\/07\/facebook-default-posting-1200x628px.jpg"}],"author":"Jean-Paul Erhard","twitter_card":"summary_large_image","twitter_creator":"@PeoplesphereMag","twitter_site":"@PeoplesphereMag","twitter_misc":{"\u00c9crit par":"Jean-Paul Erhard","Dur\u00e9e de lecture estim\u00e9e":"4 minutes"},"schema":{"@context":"https:\/\/schema.org","@graph":[{"@type":"Article","@id":"https:\/\/peoplesphere.be\/fr\/la-croissance-economique-annoncee-pour-2025-et-2026-aura-un-impact-limite-sur-lemploi-en-belgique\/#article","isPartOf":{"@id":"https:\/\/peoplesphere.be\/fr\/la-croissance-economique-annoncee-pour-2025-et-2026-aura-un-impact-limite-sur-lemploi-en-belgique\/"},"author":{"name":"Jean-Paul Erhard","@id":"https:\/\/peoplesphere.be\/fr\/#\/schema\/person\/7976225ff17988604334abb7b3536a7e"},"headline":"La croissance \u00e9conomique annonc\u00e9e pour 2025 et 2026 aura un impact limit\u00e9 sur l&#8217;emploi en Belgique.","datePublished":"2025-09-08T14:16:17+00:00","dateModified":"2025-09-08T14:16:17+00:00","mainEntityOfPage":{"@id":"https:\/\/peoplesphere.be\/fr\/la-croissance-economique-annoncee-pour-2025-et-2026-aura-un-impact-limite-sur-lemploi-en-belgique\/"},"wordCount":628,"publisher":{"@id":"https:\/\/peoplesphere.be\/fr\/#organization"},"keywords":["croissance","taux d'emploi"],"articleSection":["Actualit\u00e9s","Digital"],"inLanguage":"fr-FR"},{"@type":"WebPage","@id":"https:\/\/peoplesphere.be\/fr\/la-croissance-economique-annoncee-pour-2025-et-2026-aura-un-impact-limite-sur-lemploi-en-belgique\/","url":"https:\/\/peoplesphere.be\/fr\/la-croissance-economique-annoncee-pour-2025-et-2026-aura-un-impact-limite-sur-lemploi-en-belgique\/","name":"La croissance \u00e9conomique annonc\u00e9e pour 2025 et 2026 aura un impact limit\u00e9 sur l'emploi en Belgique. - Peoplesphere","isPartOf":{"@id":"https:\/\/peoplesphere.be\/fr\/#website"},"datePublished":"2025-09-08T14:16:17+00:00","dateModified":"2025-09-08T14:16:17+00:00","breadcrumb":{"@id":"https:\/\/peoplesphere.be\/fr\/la-croissance-economique-annoncee-pour-2025-et-2026-aura-un-impact-limite-sur-lemploi-en-belgique\/#breadcrumb"},"inLanguage":"fr-FR","potentialAction":[{"@type":"ReadAction","target":["https:\/\/peoplesphere.be\/fr\/la-croissance-economique-annoncee-pour-2025-et-2026-aura-un-impact-limite-sur-lemploi-en-belgique\/"]}]},{"@type":"BreadcrumbList","@id":"https:\/\/peoplesphere.be\/fr\/la-croissance-economique-annoncee-pour-2025-et-2026-aura-un-impact-limite-sur-lemploi-en-belgique\/#breadcrumb","itemListElement":[{"@type":"ListItem","position":1,"name":"Accueil","item":"https:\/\/peoplesphere.be\/fr\/"},{"@type":"ListItem","position":2,"name":"La croissance \u00e9conomique annonc\u00e9e pour 2025 et 2026 aura un impact limit\u00e9 sur l&#8217;emploi en Belgique."}]},{"@type":"WebSite","@id":"https:\/\/peoplesphere.be\/fr\/#website","url":"https:\/\/peoplesphere.be\/fr\/","name":"Peoplesphere","description":"The People Managers Magazine","publisher":{"@id":"https:\/\/peoplesphere.be\/fr\/#organization"},"potentialAction":[{"@type":"SearchAction","target":{"@type":"EntryPoint","urlTemplate":"https:\/\/peoplesphere.be\/fr\/?s={search_term_string}"},"query-input":"required name=search_term_string"}],"inLanguage":"fr-FR"},{"@type":"Organization","@id":"https:\/\/peoplesphere.be\/fr\/#organization","name":"Peoplesphere Company srl","url":"https:\/\/peoplesphere.be\/fr\/","logo":{"@type":"ImageObject","inLanguage":"fr-FR","@id":"https:\/\/peoplesphere.be\/fr\/#\/schema\/logo\/image\/","url":"https:\/\/peoplesphere.be\/fr\/wp-content\/uploads\/2023\/07\/peoplesphere-lgo-new-generik.jpg","contentUrl":"https:\/\/peoplesphere.be\/fr\/wp-content\/uploads\/2023\/07\/peoplesphere-lgo-new-generik.jpg","width":1031,"height":1479,"caption":"Peoplesphere Company srl"},"image":{"@id":"https:\/\/peoplesphere.be\/fr\/#\/schema\/logo\/image\/"},"sameAs":["https:\/\/www.facebook.com\/peoplesphere","https:\/\/twitter.com\/PeoplesphereMag","https:\/\/www.linkedin.com\/company\/7587361?trk","http:\/\/youtube.com\/peoplesphere"]},{"@type":"Person","@id":"https:\/\/peoplesphere.be\/fr\/#\/schema\/person\/7976225ff17988604334abb7b3536a7e","name":"Jean-Paul Erhard","image":{"@type":"ImageObject","inLanguage":"fr-FR","@id":"https:\/\/peoplesphere.be\/fr\/#\/schema\/person\/image\/","url":"https:\/\/secure.gravatar.com\/avatar\/f941e681460179738071629a51574930?s=96&d=mm&r=g","contentUrl":"https:\/\/secure.gravatar.com\/avatar\/f941e681460179738071629a51574930?s=96&d=mm&r=g","caption":"Jean-Paul Erhard"},"url":"https:\/\/peoplesphere.be\/fr\/author\/jpe\/"}]}},"_links":{"self":[{"href":"https:\/\/peoplesphere.be\/fr\/wp-json\/wp\/v2\/posts\/18177"}],"collection":[{"href":"https:\/\/peoplesphere.be\/fr\/wp-json\/wp\/v2\/posts"}],"about":[{"href":"https:\/\/peoplesphere.be\/fr\/wp-json\/wp\/v2\/types\/post"}],"author":[{"embeddable":true,"href":"https:\/\/peoplesphere.be\/fr\/wp-json\/wp\/v2\/users\/2"}],"replies":[{"embeddable":true,"href":"https:\/\/peoplesphere.be\/fr\/wp-json\/wp\/v2\/comments?post=18177"}],"version-history":[{"count":1,"href":"https:\/\/peoplesphere.be\/fr\/wp-json\/wp\/v2\/posts\/18177\/revisions"}],"predecessor-version":[{"id":18178,"href":"https:\/\/peoplesphere.be\/fr\/wp-json\/wp\/v2\/posts\/18177\/revisions\/18178"}],"wp:attachment":[{"href":"https:\/\/peoplesphere.be\/fr\/wp-json\/wp\/v2\/media?parent=18177"}],"wp:term":[{"taxonomy":"category","embeddable":true,"href":"https:\/\/peoplesphere.be\/fr\/wp-json\/wp\/v2\/categories?post=18177"},{"taxonomy":"post_tag","embeddable":true,"href":"https:\/\/peoplesphere.be\/fr\/wp-json\/wp\/v2\/tags?post=18177"}],"curies":[{"name":"wp","href":"https:\/\/api.w.org\/{rel}","templated":true}]}}