









{"id":18197,"date":"2025-09-12T19:18:53","date_gmt":"2025-09-12T17:18:53","guid":{"rendered":"https:\/\/peoplesphere.be\/fr\/?p=18197"},"modified":"2025-09-13T19:19:35","modified_gmt":"2025-09-13T17:19:35","slug":"300-actions-de-recherche-demploi-avant-la-fin-de-lannee-les-chomeurs-en-passe-de-perdre-leurs-allocations-doivent-retrouver-le-chemin-du-travail","status":"publish","type":"post","link":"https:\/\/peoplesphere.be\/fr\/300-actions-de-recherche-demploi-avant-la-fin-de-lannee-les-chomeurs-en-passe-de-perdre-leurs-allocations-doivent-retrouver-le-chemin-du-travail\/","title":{"rendered":"300 actions de recherche d&#8217;emploi avant la fin de l&rsquo;ann\u00e9e : les ch\u00f4meurs en passe de perdre leurs allocations doivent retrouver le chemin du travail."},"content":{"rendered":"<p>Afin de soutenir dans leur recherche d\u2019emploi les chercheurs d\u2019emploi qui ne b\u00e9n\u00e9ficieront plus des allocations de ch\u00f4mage ou d\u2019insertion \u00e0 partir du 1er janvier 2026, le Forem organise pr\u00e8s de 300 actions de recherche d\u2019emploi et ouvre 5.000 places de formation partout en Wallonie, et ce d\u2019ici la fin de l\u2019ann\u00e9e. Pour aider les chercheurs d\u2019emploi \u00e0 faire les bons choix, plus de 600 s\u00e9ances d\u2019information sont programm\u00e9es en amont des formations. Autant d\u2019occasions de d\u00e9couvrir les m\u00e9tiers qui recrutent et d\u2019augmenter leurs chances de d\u00e9crocher l\u2019un des 40.000 emplois propos\u00e9s actuellement sur le site web du service public de l&#8217;emploi wallon.<!--more--><\/p>\n<p>La r\u00e9forme de la r\u00e9glementation du ch\u00f4mage, publi\u00e9e au Moniteur belge, produira ses effets \u00e0 partir du 1er janvier 2026. Mise en \u0153uvre de mani\u00e8re \u00e9chelonn\u00e9e, elle concernera plusieurs vagues de chercheurs d\u2019emploi. La premi\u00e8re vague visera des jeunes qui b\u00e9n\u00e9ficient d\u2019allocations d\u2019insertion depuis plus d\u2019un an et les personnes au ch\u00f4mage depuis plus de 20 ans. Comme annonc\u00e9 par l\u2019ONEM, les personnes concern\u00e9es seront inform\u00e9es \u00e0 partir du 13 septembre prochain.<\/p>\n<p><strong><em>Chiffres communiqu\u00e9s par l\u2019ONEM :<\/em><\/strong><\/p>\n<ul>\n<li>103.091 personnes concern\u00e9es par la fin des allocations entre janvier 2026 et juillet 2027.<\/li>\n<li>Premi\u00e8re vague d\u00e8s le 1er janvier : 18.731.<\/li>\n<\/ul>\n<h3><strong><em>Des s\u00e9ances d\u2019information pour tous<\/em><\/strong><\/h3>\n<p>Depuis le d\u00e9but de l\u2019\u00e9t\u00e9, le Forem organise des s\u00e9ances d\u2019information pour pr\u00e9senter l\u2019\u00e9ventail des services qu\u2019il met \u00e0 disposition de ces chercheurs d\u2019emploi vis\u00e9s par la r\u00e9forme du ch\u00f4mage1. En plus des s\u00e9ances d\u2019information collectives qui vont \u00e9galement \u00eatre organis\u00e9es avec les CPAS, le Forem a planifi\u00e9 pr\u00e8s de 300 actions de recherche d\u2019emploi d\u2019ici la fin de l\u2019ann\u00e9e. Parmi celles-ci, on retrouve des ateliers CV, des s\u00e9ances de pr\u00e9paration \u00e0 des entretiens d\u2019embauche, des ateliers pour booster la recherche d\u2019emploi&#8230;<\/p>\n<p>En plus de ces premi\u00e8res actions et sur la base du listing que l\u2019ONEM vient de lui communiquer, le Forem leur proposera un accompagnement personnalis\u00e9 et renforc\u00e9. Chaque personne concern\u00e9e sera invit\u00e9e afin de refaire le point sur ses perspectives d\u2019insertion avec un conseiller emploi.<\/p>\n<h3><strong><em>Plus de liens avec les employeurs et des opportunit\u00e9s concr\u00e8tes<\/em><\/strong><\/h3>\n<p>D\u2019ici la fin de l\u2019ann\u00e9e, 49 jobdays du Forem sont d\u00e9j\u00e0 planifi\u00e9s pour permettre aux chercheurs d\u2019emploi de rencontrer des entreprises qui recrutent et de s\u2019ins\u00e9rer avant la fin de leurs allocations de ch\u00f4mage.<\/p>\n<p>Actuellement, pr\u00e8s de 40.000 offres d\u2019emplois sont disponibles sur le site du Forem, dont plus de 12.000 sont accessibles sans exp\u00e9rience professionnelle. \u00c0 partir du 7 octobre, en plus de leurs recherches personnelles d\u2019emploi, chaque chercheur d\u2019emploi dont le profil est publi\u00e9 sur l\u2019application Mon Profil recevra de nouvelles offres d\u2019emploi correspondant \u00e0 son positionnement m\u00e9tier et \u00e0 son profil, via son canal pr\u00e9f\u00e9rentiel (SMS, mail, espace personnel), tous les 15 jours. Ce push plus r\u00e9gulier d\u2019opportunit\u00e9s d\u2019emploi permettra de mobiliser d&rsquo;avantage et plus rapidement les chercheurs d&#8217;emploi en s\u2019adaptant aux canaux de communication avec lesquels ils sont le plus familiers.<\/p>\n<h3><strong><em>Former vite, former bien : un levier essentiel pour le retour \u00e0 l\u2019emploi<\/em><\/strong><\/h3>\n<p>Les personnes concern\u00e9es par la r\u00e9forme des allocations de ch\u00f4mage et dont les comp\u00e9tences ne sont pas en ad\u00e9quation avec les besoins du march\u00e9 pourront \u00e9galement b\u00e9n\u00e9ficier d\u2019une formation cibl\u00e9e : le Forem propose en effet plus de 5.000 places dans 270 formations qui d\u00e9marrent d\u2019ici fin 2025, avec des modules courts et pratiques pour permettre un retour rapide \u00e0 l\u2019emploi. Se former permet aux chercheurs d\u2019emploi d\u2019augmenter drastiquement leurs chances de s\u2019ins\u00e9rer sur le march\u00e9 du travail. Ainsi, 2.234 places sont disponibles en province de Hainaut, 1.710 en province de Li\u00e8ge, 629 pour les provinces de Namur et du Brabant wallon\u00b2, et 408 pour la province du Luxembourg. Les formations \u00e0 distance offrent quant \u00e0 elles 190 places. D\u2019une dur\u00e9e de quelques jours \u00e0 plusieurs semaines, ces formations modulaires sont con\u00e7ues pour permettre aux chercheurs d\u2019emploi d\u2019acqu\u00e9rir rapidement les comp\u00e9tences dont ils ont besoin pour pouvoir postuler. Une place de formation sur trois concerne le secteur du transport et de la logistique (1.602). Viennent ensuite l\u2019industrie alimentaire (675), la construction (599), le management et commerce (442), le num\u00e9rique (378) et l\u2019industrie technologique (192).<\/p>\n<p>Et ce n\u2019est pas tout : le Forem travaille en \u00e9troite collaboration avec les autres acteurs de l\u2019insertion et de la formation qui proposent \u00e9galement des places de formation identifi\u00e9es dans le catalogue wallon de l\u2019offre de formation.<\/p>\n<p>Pour le Vice-Pr\u00e9sident et Ministre de l\u2019Emploi et de la Formation, Pierre-Yves Jeholet : <em>\u00ab\u00a0La limitation des allocations ch\u00f4mage dans le temps n\u2019est pas une sanction, c\u2019est une mesure d\u2019activation sociale et un acc\u00e9l\u00e9rateur d\u2019insertion. En Wallonie, nous sommes pleinement mobilis\u00e9s pour que personne ne soit laiss\u00e9 sur le bord du chemin : pr\u00e8s de 300 actions de recherche d\u2019emploi, 5.000 places de formation et un suivi personnalis\u00e9 permettront \u00e0 chaque chercheur d\u2019emploi de b\u00e9n\u00e9ficier d\u2019un maximum de chances de retrouver un emploi adapt\u00e9 \u00e0 ses comp\u00e9tences et \u00e0 ses capacit\u00e9s. Travailler, c\u2019est se r\u00e9aliser et contribuer \u00e0 la solidarit\u00e9.\u00a0\u00bb<\/em><\/p>\n<p>Pour l\u2019Administratrice g\u00e9n\u00e9rale du Forem : \u00ab\u00a0<em>Le Forem se mobilise fortement pour accompagner les chercheurs d\u2019emploi concern\u00e9s par la r\u00e9forme du ch\u00f4mage. Concr\u00e8tement, d\u2019ici la fin de l\u2019ann\u00e9e, nous avons planifi\u00e9 pr\u00e8s de 300 actions de recherche d\u2019emploi, 49 jobdays pour cr\u00e9er un contact direct avec les entreprises qui recrutent et plus de 5.000 places de formation disponibles partout en Wallonie. Notre priorit\u00e9 est d\u2019offrir \u00e0 chacun des solutions concr\u00e8tes pour que ces chercheurs d\u2019emploi puissent retrouver une place sur le march\u00e9 du travail.\u00a0\u00bb<\/em><\/p>\n<p>&nbsp;<\/p>\n<p><em>Source: Forem<\/em><\/p>\n","protected":false},"excerpt":{"rendered":"<p>Afin de soutenir dans leur recherche d\u2019emploi les chercheurs d\u2019emploi qui ne b\u00e9n\u00e9ficieront plus des allocations de ch\u00f4mage ou d\u2019insertion \u00e0 partir du 1er janvier 2026, le Forem organise pr\u00e8s de 300 actions de recherche d\u2019emploi et ouvre 5.000 places [&hellip;]<\/p>\n","protected":false},"author":2,"featured_media":0,"comment_status":"closed","ping_status":"open","sticky":false,"template":"","format":"standard","meta":[],"categories":[65,10],"tags":[92,653,331,48,105,28],"yoast_head":"<!-- This site is optimized with the Yoast SEO plugin v21.0 - https:\/\/yoast.com\/wordpress\/plugins\/seo\/ -->\n<title>300 actions de recherche d&#039;emploi avant la fin de l&#039;ann\u00e9e : les ch\u00f4meurs en passe de perdre leurs allocations doivent retrouver le chemin du travail. - Peoplesphere<\/title>\n<meta name=\"robots\" content=\"index, follow, max-snippet:-1, max-image-preview:large, max-video-preview:-1\" \/>\n<link rel=\"canonical\" href=\"https:\/\/peoplesphere.be\/fr\/300-actions-de-recherche-demploi-avant-la-fin-de-lannee-les-chomeurs-en-passe-de-perdre-leurs-allocations-doivent-retrouver-le-chemin-du-travail\/\" \/>\n<meta property=\"og:locale\" content=\"fr_FR\" \/>\n<meta property=\"og:type\" content=\"article\" \/>\n<meta property=\"og:title\" content=\"300 actions de recherche d&#039;emploi avant la fin de l&#039;ann\u00e9e : les ch\u00f4meurs en passe de perdre leurs allocations doivent retrouver le chemin du travail. - Peoplesphere\" \/>\n<meta property=\"og:description\" content=\"Afin de soutenir dans leur recherche d\u2019emploi les chercheurs d\u2019emploi qui ne b\u00e9n\u00e9ficieront plus des allocations de ch\u00f4mage ou d\u2019insertion \u00e0 partir du 1er janvier 2026, le Forem organise pr\u00e8s de 300 actions de recherche d\u2019emploi et ouvre 5.000 places [&hellip;]\" \/>\n<meta property=\"og:url\" content=\"https:\/\/peoplesphere.be\/fr\/300-actions-de-recherche-demploi-avant-la-fin-de-lannee-les-chomeurs-en-passe-de-perdre-leurs-allocations-doivent-retrouver-le-chemin-du-travail\/\" \/>\n<meta property=\"og:site_name\" content=\"Peoplesphere\" \/>\n<meta property=\"article:publisher\" content=\"https:\/\/www.facebook.com\/peoplesphere\" \/>\n<meta property=\"article:published_time\" content=\"2025-09-12T17:18:53+00:00\" \/>\n<meta property=\"article:modified_time\" content=\"2025-09-13T17:19:35+00:00\" \/>\n<meta property=\"og:image\" content=\"http:\/\/www.peoplesphere.be\/fr\/wp-content\/uploads\/2016\/07\/facebook-default-posting-1200x628px.jpg\" \/>\n<meta name=\"author\" content=\"Jean-Paul Erhard\" \/>\n<meta name=\"twitter:card\" content=\"summary_large_image\" \/>\n<meta name=\"twitter:creator\" content=\"@PeoplesphereMag\" \/>\n<meta name=\"twitter:site\" content=\"@PeoplesphereMag\" \/>\n<meta name=\"twitter:label1\" content=\"\u00c9crit par\" \/>\n\t<meta name=\"twitter:data1\" content=\"Jean-Paul Erhard\" \/>\n\t<meta name=\"twitter:label2\" content=\"Dur\u00e9e de lecture estim\u00e9e\" \/>\n\t<meta name=\"twitter:data2\" content=\"5 minutes\" \/>\n<script type=\"application\/ld+json\" class=\"yoast-schema-graph\">{\"@context\":\"https:\/\/schema.org\",\"@graph\":[{\"@type\":\"Article\",\"@id\":\"https:\/\/peoplesphere.be\/fr\/300-actions-de-recherche-demploi-avant-la-fin-de-lannee-les-chomeurs-en-passe-de-perdre-leurs-allocations-doivent-retrouver-le-chemin-du-travail\/#article\",\"isPartOf\":{\"@id\":\"https:\/\/peoplesphere.be\/fr\/300-actions-de-recherche-demploi-avant-la-fin-de-lannee-les-chomeurs-en-passe-de-perdre-leurs-allocations-doivent-retrouver-le-chemin-du-travail\/\"},\"author\":{\"name\":\"Jean-Paul Erhard\",\"@id\":\"https:\/\/peoplesphere.be\/fr\/#\/schema\/person\/7976225ff17988604334abb7b3536a7e\"},\"headline\":\"300 actions de recherche d&#8217;emploi avant la fin de l&rsquo;ann\u00e9e : les ch\u00f4meurs en passe de perdre leurs allocations doivent retrouver le chemin du travail.\",\"datePublished\":\"2025-09-12T17:18:53+00:00\",\"dateModified\":\"2025-09-13T17:19:35+00:00\",\"mainEntityOfPage\":{\"@id\":\"https:\/\/peoplesphere.be\/fr\/300-actions-de-recherche-demploi-avant-la-fin-de-lannee-les-chomeurs-en-passe-de-perdre-leurs-allocations-doivent-retrouver-le-chemin-du-travail\/\"},\"wordCount\":1031,\"publisher\":{\"@id\":\"https:\/\/peoplesphere.be\/fr\/#organization\"},\"keywords\":[\"ch\u00f4mage\",\"demandeurs d'emploi\",\"forem\",\"Formation\",\"offres d'emploi\",\"Wallonie\"],\"articleSection\":[\"Actualit\u00e9s\",\"Digital\"],\"inLanguage\":\"fr-FR\"},{\"@type\":\"WebPage\",\"@id\":\"https:\/\/peoplesphere.be\/fr\/300-actions-de-recherche-demploi-avant-la-fin-de-lannee-les-chomeurs-en-passe-de-perdre-leurs-allocations-doivent-retrouver-le-chemin-du-travail\/\",\"url\":\"https:\/\/peoplesphere.be\/fr\/300-actions-de-recherche-demploi-avant-la-fin-de-lannee-les-chomeurs-en-passe-de-perdre-leurs-allocations-doivent-retrouver-le-chemin-du-travail\/\",\"name\":\"300 actions de recherche d'emploi avant la fin de l'ann\u00e9e : les ch\u00f4meurs en passe de perdre leurs allocations doivent retrouver le chemin du travail. - Peoplesphere\",\"isPartOf\":{\"@id\":\"https:\/\/peoplesphere.be\/fr\/#website\"},\"datePublished\":\"2025-09-12T17:18:53+00:00\",\"dateModified\":\"2025-09-13T17:19:35+00:00\",\"breadcrumb\":{\"@id\":\"https:\/\/peoplesphere.be\/fr\/300-actions-de-recherche-demploi-avant-la-fin-de-lannee-les-chomeurs-en-passe-de-perdre-leurs-allocations-doivent-retrouver-le-chemin-du-travail\/#breadcrumb\"},\"inLanguage\":\"fr-FR\",\"potentialAction\":[{\"@type\":\"ReadAction\",\"target\":[\"https:\/\/peoplesphere.be\/fr\/300-actions-de-recherche-demploi-avant-la-fin-de-lannee-les-chomeurs-en-passe-de-perdre-leurs-allocations-doivent-retrouver-le-chemin-du-travail\/\"]}]},{\"@type\":\"BreadcrumbList\",\"@id\":\"https:\/\/peoplesphere.be\/fr\/300-actions-de-recherche-demploi-avant-la-fin-de-lannee-les-chomeurs-en-passe-de-perdre-leurs-allocations-doivent-retrouver-le-chemin-du-travail\/#breadcrumb\",\"itemListElement\":[{\"@type\":\"ListItem\",\"position\":1,\"name\":\"Accueil\",\"item\":\"https:\/\/peoplesphere.be\/fr\/\"},{\"@type\":\"ListItem\",\"position\":2,\"name\":\"300 actions de recherche d&#8217;emploi avant la fin de l&rsquo;ann\u00e9e : les ch\u00f4meurs en passe de perdre leurs allocations doivent retrouver le chemin du travail.\"}]},{\"@type\":\"WebSite\",\"@id\":\"https:\/\/peoplesphere.be\/fr\/#website\",\"url\":\"https:\/\/peoplesphere.be\/fr\/\",\"name\":\"Peoplesphere\",\"description\":\"The People Managers Magazine\",\"publisher\":{\"@id\":\"https:\/\/peoplesphere.be\/fr\/#organization\"},\"potentialAction\":[{\"@type\":\"SearchAction\",\"target\":{\"@type\":\"EntryPoint\",\"urlTemplate\":\"https:\/\/peoplesphere.be\/fr\/?s={search_term_string}\"},\"query-input\":\"required name=search_term_string\"}],\"inLanguage\":\"fr-FR\"},{\"@type\":\"Organization\",\"@id\":\"https:\/\/peoplesphere.be\/fr\/#organization\",\"name\":\"Peoplesphere Company srl\",\"url\":\"https:\/\/peoplesphere.be\/fr\/\",\"logo\":{\"@type\":\"ImageObject\",\"inLanguage\":\"fr-FR\",\"@id\":\"https:\/\/peoplesphere.be\/fr\/#\/schema\/logo\/image\/\",\"url\":\"https:\/\/peoplesphere.be\/fr\/wp-content\/uploads\/2023\/07\/peoplesphere-lgo-new-generik.jpg\",\"contentUrl\":\"https:\/\/peoplesphere.be\/fr\/wp-content\/uploads\/2023\/07\/peoplesphere-lgo-new-generik.jpg\",\"width\":1031,\"height\":1479,\"caption\":\"Peoplesphere Company srl\"},\"image\":{\"@id\":\"https:\/\/peoplesphere.be\/fr\/#\/schema\/logo\/image\/\"},\"sameAs\":[\"https:\/\/www.facebook.com\/peoplesphere\",\"https:\/\/twitter.com\/PeoplesphereMag\",\"https:\/\/www.linkedin.com\/company\/7587361?trk\",\"http:\/\/youtube.com\/peoplesphere\"]},{\"@type\":\"Person\",\"@id\":\"https:\/\/peoplesphere.be\/fr\/#\/schema\/person\/7976225ff17988604334abb7b3536a7e\",\"name\":\"Jean-Paul Erhard\",\"image\":{\"@type\":\"ImageObject\",\"inLanguage\":\"fr-FR\",\"@id\":\"https:\/\/peoplesphere.be\/fr\/#\/schema\/person\/image\/\",\"url\":\"https:\/\/secure.gravatar.com\/avatar\/f941e681460179738071629a51574930?s=96&d=mm&r=g\",\"contentUrl\":\"https:\/\/secure.gravatar.com\/avatar\/f941e681460179738071629a51574930?s=96&d=mm&r=g\",\"caption\":\"Jean-Paul Erhard\"},\"url\":\"https:\/\/peoplesphere.be\/fr\/author\/jpe\/\"}]}<\/script>\n<!-- \/ Yoast SEO plugin. -->","yoast_head_json":{"title":"300 actions de recherche d'emploi avant la fin de l'ann\u00e9e : les ch\u00f4meurs en passe de perdre leurs allocations doivent retrouver le chemin du travail. - Peoplesphere","robots":{"index":"index","follow":"follow","max-snippet":"max-snippet:-1","max-image-preview":"max-image-preview:large","max-video-preview":"max-video-preview:-1"},"canonical":"https:\/\/peoplesphere.be\/fr\/300-actions-de-recherche-demploi-avant-la-fin-de-lannee-les-chomeurs-en-passe-de-perdre-leurs-allocations-doivent-retrouver-le-chemin-du-travail\/","og_locale":"fr_FR","og_type":"article","og_title":"300 actions de recherche d'emploi avant la fin de l'ann\u00e9e : les ch\u00f4meurs en passe de perdre leurs allocations doivent retrouver le chemin du travail. - Peoplesphere","og_description":"Afin de soutenir dans leur recherche d\u2019emploi les chercheurs d\u2019emploi qui ne b\u00e9n\u00e9ficieront plus des allocations de ch\u00f4mage ou d\u2019insertion \u00e0 partir du 1er janvier 2026, le Forem organise pr\u00e8s de 300 actions de recherche d\u2019emploi et ouvre 5.000 places [&hellip;]","og_url":"https:\/\/peoplesphere.be\/fr\/300-actions-de-recherche-demploi-avant-la-fin-de-lannee-les-chomeurs-en-passe-de-perdre-leurs-allocations-doivent-retrouver-le-chemin-du-travail\/","og_site_name":"Peoplesphere","article_publisher":"https:\/\/www.facebook.com\/peoplesphere","article_published_time":"2025-09-12T17:18:53+00:00","article_modified_time":"2025-09-13T17:19:35+00:00","og_image":[{"url":"http:\/\/www.peoplesphere.be\/fr\/wp-content\/uploads\/2016\/07\/facebook-default-posting-1200x628px.jpg"}],"author":"Jean-Paul Erhard","twitter_card":"summary_large_image","twitter_creator":"@PeoplesphereMag","twitter_site":"@PeoplesphereMag","twitter_misc":{"\u00c9crit par":"Jean-Paul Erhard","Dur\u00e9e de lecture estim\u00e9e":"5 minutes"},"schema":{"@context":"https:\/\/schema.org","@graph":[{"@type":"Article","@id":"https:\/\/peoplesphere.be\/fr\/300-actions-de-recherche-demploi-avant-la-fin-de-lannee-les-chomeurs-en-passe-de-perdre-leurs-allocations-doivent-retrouver-le-chemin-du-travail\/#article","isPartOf":{"@id":"https:\/\/peoplesphere.be\/fr\/300-actions-de-recherche-demploi-avant-la-fin-de-lannee-les-chomeurs-en-passe-de-perdre-leurs-allocations-doivent-retrouver-le-chemin-du-travail\/"},"author":{"name":"Jean-Paul Erhard","@id":"https:\/\/peoplesphere.be\/fr\/#\/schema\/person\/7976225ff17988604334abb7b3536a7e"},"headline":"300 actions de recherche d&#8217;emploi avant la fin de l&rsquo;ann\u00e9e : les ch\u00f4meurs en passe de perdre leurs allocations doivent retrouver le chemin du travail.","datePublished":"2025-09-12T17:18:53+00:00","dateModified":"2025-09-13T17:19:35+00:00","mainEntityOfPage":{"@id":"https:\/\/peoplesphere.be\/fr\/300-actions-de-recherche-demploi-avant-la-fin-de-lannee-les-chomeurs-en-passe-de-perdre-leurs-allocations-doivent-retrouver-le-chemin-du-travail\/"},"wordCount":1031,"publisher":{"@id":"https:\/\/peoplesphere.be\/fr\/#organization"},"keywords":["ch\u00f4mage","demandeurs d'emploi","forem","Formation","offres d'emploi","Wallonie"],"articleSection":["Actualit\u00e9s","Digital"],"inLanguage":"fr-FR"},{"@type":"WebPage","@id":"https:\/\/peoplesphere.be\/fr\/300-actions-de-recherche-demploi-avant-la-fin-de-lannee-les-chomeurs-en-passe-de-perdre-leurs-allocations-doivent-retrouver-le-chemin-du-travail\/","url":"https:\/\/peoplesphere.be\/fr\/300-actions-de-recherche-demploi-avant-la-fin-de-lannee-les-chomeurs-en-passe-de-perdre-leurs-allocations-doivent-retrouver-le-chemin-du-travail\/","name":"300 actions de recherche d'emploi avant la fin de l'ann\u00e9e : les ch\u00f4meurs en passe de perdre leurs allocations doivent retrouver le chemin du travail. - Peoplesphere","isPartOf":{"@id":"https:\/\/peoplesphere.be\/fr\/#website"},"datePublished":"2025-09-12T17:18:53+00:00","dateModified":"2025-09-13T17:19:35+00:00","breadcrumb":{"@id":"https:\/\/peoplesphere.be\/fr\/300-actions-de-recherche-demploi-avant-la-fin-de-lannee-les-chomeurs-en-passe-de-perdre-leurs-allocations-doivent-retrouver-le-chemin-du-travail\/#breadcrumb"},"inLanguage":"fr-FR","potentialAction":[{"@type":"ReadAction","target":["https:\/\/peoplesphere.be\/fr\/300-actions-de-recherche-demploi-avant-la-fin-de-lannee-les-chomeurs-en-passe-de-perdre-leurs-allocations-doivent-retrouver-le-chemin-du-travail\/"]}]},{"@type":"BreadcrumbList","@id":"https:\/\/peoplesphere.be\/fr\/300-actions-de-recherche-demploi-avant-la-fin-de-lannee-les-chomeurs-en-passe-de-perdre-leurs-allocations-doivent-retrouver-le-chemin-du-travail\/#breadcrumb","itemListElement":[{"@type":"ListItem","position":1,"name":"Accueil","item":"https:\/\/peoplesphere.be\/fr\/"},{"@type":"ListItem","position":2,"name":"300 actions de recherche d&#8217;emploi avant la fin de l&rsquo;ann\u00e9e : les ch\u00f4meurs en passe de perdre leurs allocations doivent retrouver le chemin du travail."}]},{"@type":"WebSite","@id":"https:\/\/peoplesphere.be\/fr\/#website","url":"https:\/\/peoplesphere.be\/fr\/","name":"Peoplesphere","description":"The People Managers Magazine","publisher":{"@id":"https:\/\/peoplesphere.be\/fr\/#organization"},"potentialAction":[{"@type":"SearchAction","target":{"@type":"EntryPoint","urlTemplate":"https:\/\/peoplesphere.be\/fr\/?s={search_term_string}"},"query-input":"required name=search_term_string"}],"inLanguage":"fr-FR"},{"@type":"Organization","@id":"https:\/\/peoplesphere.be\/fr\/#organization","name":"Peoplesphere Company srl","url":"https:\/\/peoplesphere.be\/fr\/","logo":{"@type":"ImageObject","inLanguage":"fr-FR","@id":"https:\/\/peoplesphere.be\/fr\/#\/schema\/logo\/image\/","url":"https:\/\/peoplesphere.be\/fr\/wp-content\/uploads\/2023\/07\/peoplesphere-lgo-new-generik.jpg","contentUrl":"https:\/\/peoplesphere.be\/fr\/wp-content\/uploads\/2023\/07\/peoplesphere-lgo-new-generik.jpg","width":1031,"height":1479,"caption":"Peoplesphere Company srl"},"image":{"@id":"https:\/\/peoplesphere.be\/fr\/#\/schema\/logo\/image\/"},"sameAs":["https:\/\/www.facebook.com\/peoplesphere","https:\/\/twitter.com\/PeoplesphereMag","https:\/\/www.linkedin.com\/company\/7587361?trk","http:\/\/youtube.com\/peoplesphere"]},{"@type":"Person","@id":"https:\/\/peoplesphere.be\/fr\/#\/schema\/person\/7976225ff17988604334abb7b3536a7e","name":"Jean-Paul Erhard","image":{"@type":"ImageObject","inLanguage":"fr-FR","@id":"https:\/\/peoplesphere.be\/fr\/#\/schema\/person\/image\/","url":"https:\/\/secure.gravatar.com\/avatar\/f941e681460179738071629a51574930?s=96&d=mm&r=g","contentUrl":"https:\/\/secure.gravatar.com\/avatar\/f941e681460179738071629a51574930?s=96&d=mm&r=g","caption":"Jean-Paul Erhard"},"url":"https:\/\/peoplesphere.be\/fr\/author\/jpe\/"}]}},"_links":{"self":[{"href":"https:\/\/peoplesphere.be\/fr\/wp-json\/wp\/v2\/posts\/18197"}],"collection":[{"href":"https:\/\/peoplesphere.be\/fr\/wp-json\/wp\/v2\/posts"}],"about":[{"href":"https:\/\/peoplesphere.be\/fr\/wp-json\/wp\/v2\/types\/post"}],"author":[{"embeddable":true,"href":"https:\/\/peoplesphere.be\/fr\/wp-json\/wp\/v2\/users\/2"}],"replies":[{"embeddable":true,"href":"https:\/\/peoplesphere.be\/fr\/wp-json\/wp\/v2\/comments?post=18197"}],"version-history":[{"count":1,"href":"https:\/\/peoplesphere.be\/fr\/wp-json\/wp\/v2\/posts\/18197\/revisions"}],"predecessor-version":[{"id":18198,"href":"https:\/\/peoplesphere.be\/fr\/wp-json\/wp\/v2\/posts\/18197\/revisions\/18198"}],"wp:attachment":[{"href":"https:\/\/peoplesphere.be\/fr\/wp-json\/wp\/v2\/media?parent=18197"}],"wp:term":[{"taxonomy":"category","embeddable":true,"href":"https:\/\/peoplesphere.be\/fr\/wp-json\/wp\/v2\/categories?post=18197"},{"taxonomy":"post_tag","embeddable":true,"href":"https:\/\/peoplesphere.be\/fr\/wp-json\/wp\/v2\/tags?post=18197"}],"curies":[{"name":"wp","href":"https:\/\/api.w.org\/{rel}","templated":true}]}}