









{"id":18202,"date":"2025-09-16T07:21:15","date_gmt":"2025-09-16T05:21:15","guid":{"rendered":"https:\/\/peoplesphere.be\/fr\/?p=18202"},"modified":"2025-09-16T07:24:53","modified_gmt":"2025-09-16T05:24:53","slug":"le-defi-de-la-retention-sintensifie-le-nombre-de-travailleurs-ayant-quitte-leur-employeur-cette-annee-a-deja-atteint-un-record","status":"publish","type":"post","link":"https:\/\/peoplesphere.be\/fr\/le-defi-de-la-retention-sintensifie-le-nombre-de-travailleurs-ayant-quitte-leur-employeur-cette-annee-a-deja-atteint-un-record\/","title":{"rendered":"Le d\u00e9fi de la r\u00e9tention s&rsquo;intensifie: le nombre de travailleurs ayant quitt\u00e9 leur employeur cette ann\u00e9e a d\u00e9j\u00e0 atteint un record."},"content":{"rendered":"<p>Pr\u00e8s d&rsquo;un travailleur sur douze (7,9%) dans notre pays a d\u00e9j\u00e0 quitt\u00e9 son employeur cette ann\u00e9e. Ce taux n\u2019a jamais \u00e9t\u00e9 aussi \u00e9lev\u00e9 ces derni\u00e8res ann\u00e9es. Les entreprises des secteurs de l\u2019horeca, de l\u2019int\u00e9rim et des titres-services ainsi que du transport ont d\u00e9j\u00e0 vu partir le plus de travailleurs cette ann\u00e9e. En raison du nombre \u00e9lev\u00e9 de d\u00e9parts, l\u2019anciennet\u00e9 moyenne des travailleurs sortants diminue. Les travailleurs qui ont quitt\u00e9 leur emploi cette ann\u00e9e \u00e9taient au service de leur employeur depuis 7 ans et 10 mois moyenne. L\u2019ann\u00e9e derni\u00e8re, il s\u2019agissait d\u2019environ 8 ans et 4 mois. <!--more--><\/p>\n<p>Le chiffre est encore plus frappant en cette p\u00e9riode d\u2019incertitude \u00e9conomique : pr\u00e8s d&rsquo;un travailleur sur douze (7,9%) a r\u00e9sili\u00e9 son contrat \u00e0 dur\u00e9e ind\u00e9termin\u00e9e aupr\u00e8s de son employeur ces derniers mois. Il s\u2019agit d\u2019un record. L\u2019ann\u00e9e derni\u00e8re, ce chiffre \u00e9tait l\u00e9g\u00e8rement inf\u00e9rieur durant les 6 premiers mois de l\u2019ann\u00e9e (7,5%). Par rapport \u00e0 la crise du coronavirus (2020), 41,2% de travailleurs en plus ont d\u00e9j\u00e0 quitt\u00e9 leur employeur.<\/p>\n<p>La plupart de ces r\u00e9siliations de contrat surviennent \u00e0 l\u2019initiative du travailleur m\u00eame (38,4%). C\u2019est un peu plus que ces derni\u00e8res ann\u00e9es, mais toujours moins qu\u2019en 2021 (39,9%) et 2022 (42,3%), durant l\u2019apr\u00e8s-coronavirus. Dans environ un cas sur cinq (22,4%), l\u2019employeur prend l\u2019initiative de mettre un terme \u00e0 la collaboration. Ce chiffre est le plus \u00e9lev\u00e9 depuis quatre ans. Dans les autres cas, il s\u2019agit d\u2019une d\u00e9cision mutuelle (28%) ou d\u2019un d\u00e9part \u00e0 la retraite (11,2%). \u200b<\/p>\n<p>Nathalie Florent, Senior Tax &amp; Legal Consultant chez Acerta Consult : <em>\u00ab\u00a0Il y a plusieurs raisons de rompre un contrat fixe. La p\u00e9nurie sur le march\u00e9 de l\u2019emploi joue un r\u00f4le chez les travailleurs, surtout ceux ayant un profil convoit\u00e9. Ils peuvent opter pour de meilleures conditions. Cela vaut notamment pour les jeunes. Les chiffres montrent que les jeunes travailleurs prennent plus souvent l\u2019initiative de changer d\u2019employeur. Ils sont attentifs \u00e0 l\u2019\u00e9quilibre vie priv\u00e9e-vie professionnelle, \u00e0 la culture d\u2019entreprise, aux possibilit\u00e9s de formation et d\u2019\u00e9volution et aux avantages (financiers). Lorsque les employeurs d\u00e9cident de mettre fin \u00e0 un contrat, l\u2019incertitude (geo)politique et \u00e9conomique peut avoir une influence, car elle entra\u00eene \u00e0 certains endroits des r\u00e9organisations et des restructurations.\u00a0\u00bb<\/em><\/p>\n<h3><strong><em>Diff\u00e9rences par secteur<\/em><\/strong><\/h3>\n<p>Les moyennes g\u00e9n\u00e9rales des r\u00e9siliations \u200b de contrat cachent de grandes diff\u00e9rences entre les secteurs. Ainsi, un peu plus de 16,5% du personnel fixe est parti dans l\u2019horeca. Dans le secteur de l\u2019int\u00e9rim et des titres-services, il s\u2019agit d\u2019un peu de plus de 15,7% et dans le transport et la logistique de 11,5% cette ann\u00e9e. Le non-marchand et le secteur chimique\/pharmaceutique\/de l\u2019\u00e9nergie ont, quant \u00e0 eux, enregistr\u00e9 le moins de d\u00e9parts de travailleurs fixes, avec respectivement 5,8% et 6,2%.<\/p>\n<h3><strong><em>Le nombre moyen d\u2019ann\u00e9es de service aupr\u00e8s du m\u00eame employeur a baiss\u00e9<\/em><\/strong><\/h3>\n<p>Les chiffres d\u2019Acerta r\u00e9v\u00e8lent aussi que l\u2019anciennet\u00e9 moyenne des travailleurs fixes a diminu\u00e9 par rapport \u00e0 l\u2019ann\u00e9e derni\u00e8re. Les travailleurs fixes qui ont quitt\u00e9 l\u2019entreprise durant les premiers 6 mois de cette ann\u00e9e avaient constitu\u00e9 7 ans et 10 mois \u200b d\u2019anciennet\u00e9 aupr\u00e8s de leur employeur \u00e0 ce moment-l\u00e0. L\u2019ann\u00e9e derni\u00e8re, l\u2019anciennet\u00e9 moyenne au moment du d\u00e9part \u00e9tait encore de 8 ans et 4 mois, soit environ 6,4% de plus qu\u2019aujourd\u2019hui.<\/p>\n<p>&nbsp;<\/p>\n<p><em>Source: pour cette analyse, Acerta utilise les donn\u00e9es r\u00e9elles d\u2019un ensemble fixe d\u2019employeurs pour les ann\u00e9es 2020 \u00e0 2025 et compare syst\u00e9matiquement les chiffres de la p\u00e9riode allant du 1er janvier au 31 mai. Il s\u2019agit de 17.900 employeurs qui occupent ensemble 257.000 travailleurs, ouvriers et employ\u00e9s, uniquement sous contrat \u00e0 dur\u00e9e ind\u00e9termin\u00e9e. Nous pouvons affirmer que cet ensemble de donn\u00e9es est repr\u00e9sentatif du march\u00e9 de l\u2019emploi priv\u00e9 belge, compte tenu de la repr\u00e9sentation des statuts, sexes, \u00e2ges et r\u00e9gimes de travail des travailleurs, de la r\u00e9gion et de la taille des entreprises.<\/em><\/p>\n","protected":false},"excerpt":{"rendered":"<p>Pr\u00e8s d&rsquo;un travailleur sur douze (7,9%) dans notre pays a d\u00e9j\u00e0 quitt\u00e9 son employeur cette ann\u00e9e. Ce taux n\u2019a jamais \u00e9t\u00e9 aussi \u00e9lev\u00e9 ces derni\u00e8res ann\u00e9es. Les entreprises des secteurs de l\u2019horeca, de l\u2019int\u00e9rim et des titres-services ainsi que du [&hellip;]<\/p>\n","protected":false},"author":2,"featured_media":0,"comment_status":"closed","ping_status":"open","sticky":false,"template":"","format":"standard","meta":[],"categories":[65,10],"tags":[1256,1061,1379,299],"yoast_head":"<!-- This site is optimized with the Yoast SEO plugin v21.0 - https:\/\/yoast.com\/wordpress\/plugins\/seo\/ -->\n<title>Le d\u00e9fi de la r\u00e9tention s&#039;intensifie: le nombre de travailleurs ayant quitt\u00e9 leur employeur cette ann\u00e9e a d\u00e9j\u00e0 atteint un record. - Peoplesphere<\/title>\n<meta name=\"robots\" content=\"index, follow, max-snippet:-1, max-image-preview:large, max-video-preview:-1\" \/>\n<link rel=\"canonical\" href=\"https:\/\/peoplesphere.be\/fr\/le-defi-de-la-retention-sintensifie-le-nombre-de-travailleurs-ayant-quitte-leur-employeur-cette-annee-a-deja-atteint-un-record\/\" \/>\n<meta property=\"og:locale\" content=\"fr_FR\" \/>\n<meta property=\"og:type\" content=\"article\" \/>\n<meta property=\"og:title\" content=\"Le d\u00e9fi de la r\u00e9tention s&#039;intensifie: le nombre de travailleurs ayant quitt\u00e9 leur employeur cette ann\u00e9e a d\u00e9j\u00e0 atteint un record. - Peoplesphere\" \/>\n<meta property=\"og:description\" content=\"Pr\u00e8s d&rsquo;un travailleur sur douze (7,9%) dans notre pays a d\u00e9j\u00e0 quitt\u00e9 son employeur cette ann\u00e9e. Ce taux n\u2019a jamais \u00e9t\u00e9 aussi \u00e9lev\u00e9 ces derni\u00e8res ann\u00e9es. Les entreprises des secteurs de l\u2019horeca, de l\u2019int\u00e9rim et des titres-services ainsi que du [&hellip;]\" \/>\n<meta property=\"og:url\" content=\"https:\/\/peoplesphere.be\/fr\/le-defi-de-la-retention-sintensifie-le-nombre-de-travailleurs-ayant-quitte-leur-employeur-cette-annee-a-deja-atteint-un-record\/\" \/>\n<meta property=\"og:site_name\" content=\"Peoplesphere\" \/>\n<meta property=\"article:publisher\" content=\"https:\/\/www.facebook.com\/peoplesphere\" \/>\n<meta property=\"article:published_time\" content=\"2025-09-16T05:21:15+00:00\" \/>\n<meta property=\"article:modified_time\" content=\"2025-09-16T05:24:53+00:00\" \/>\n<meta property=\"og:image\" content=\"http:\/\/www.peoplesphere.be\/fr\/wp-content\/uploads\/2016\/07\/facebook-default-posting-1200x628px.jpg\" \/>\n<meta name=\"author\" content=\"Jean-Paul Erhard\" \/>\n<meta name=\"twitter:card\" content=\"summary_large_image\" \/>\n<meta name=\"twitter:creator\" content=\"@PeoplesphereMag\" \/>\n<meta name=\"twitter:site\" content=\"@PeoplesphereMag\" \/>\n<meta name=\"twitter:label1\" content=\"\u00c9crit par\" \/>\n\t<meta name=\"twitter:data1\" content=\"Jean-Paul Erhard\" \/>\n\t<meta name=\"twitter:label2\" content=\"Dur\u00e9e de lecture estim\u00e9e\" \/>\n\t<meta name=\"twitter:data2\" content=\"4 minutes\" \/>\n<script type=\"application\/ld+json\" class=\"yoast-schema-graph\">{\"@context\":\"https:\/\/schema.org\",\"@graph\":[{\"@type\":\"Article\",\"@id\":\"https:\/\/peoplesphere.be\/fr\/le-defi-de-la-retention-sintensifie-le-nombre-de-travailleurs-ayant-quitte-leur-employeur-cette-annee-a-deja-atteint-un-record\/#article\",\"isPartOf\":{\"@id\":\"https:\/\/peoplesphere.be\/fr\/le-defi-de-la-retention-sintensifie-le-nombre-de-travailleurs-ayant-quitte-leur-employeur-cette-annee-a-deja-atteint-un-record\/\"},\"author\":{\"name\":\"Jean-Paul Erhard\",\"@id\":\"https:\/\/peoplesphere.be\/fr\/#\/schema\/person\/7976225ff17988604334abb7b3536a7e\"},\"headline\":\"Le d\u00e9fi de la r\u00e9tention s&rsquo;intensifie: le nombre de travailleurs ayant quitt\u00e9 leur employeur cette ann\u00e9e a d\u00e9j\u00e0 atteint un record.\",\"datePublished\":\"2025-09-16T05:21:15+00:00\",\"dateModified\":\"2025-09-16T05:24:53+00:00\",\"mainEntityOfPage\":{\"@id\":\"https:\/\/peoplesphere.be\/fr\/le-defi-de-la-retention-sintensifie-le-nombre-de-travailleurs-ayant-quitte-leur-employeur-cette-annee-a-deja-atteint-un-record\/\"},\"wordCount\":715,\"publisher\":{\"@id\":\"https:\/\/peoplesphere.be\/fr\/#organization\"},\"keywords\":[\"contrats de travail\",\"d\u00e9mission\",\"mobilit\u00e9 professionnelle\",\"r\u00e9tention\"],\"articleSection\":[\"Actualit\u00e9s\",\"Digital\"],\"inLanguage\":\"fr-FR\"},{\"@type\":\"WebPage\",\"@id\":\"https:\/\/peoplesphere.be\/fr\/le-defi-de-la-retention-sintensifie-le-nombre-de-travailleurs-ayant-quitte-leur-employeur-cette-annee-a-deja-atteint-un-record\/\",\"url\":\"https:\/\/peoplesphere.be\/fr\/le-defi-de-la-retention-sintensifie-le-nombre-de-travailleurs-ayant-quitte-leur-employeur-cette-annee-a-deja-atteint-un-record\/\",\"name\":\"Le d\u00e9fi de la r\u00e9tention s'intensifie: le nombre de travailleurs ayant quitt\u00e9 leur employeur cette ann\u00e9e a d\u00e9j\u00e0 atteint un record. - Peoplesphere\",\"isPartOf\":{\"@id\":\"https:\/\/peoplesphere.be\/fr\/#website\"},\"datePublished\":\"2025-09-16T05:21:15+00:00\",\"dateModified\":\"2025-09-16T05:24:53+00:00\",\"breadcrumb\":{\"@id\":\"https:\/\/peoplesphere.be\/fr\/le-defi-de-la-retention-sintensifie-le-nombre-de-travailleurs-ayant-quitte-leur-employeur-cette-annee-a-deja-atteint-un-record\/#breadcrumb\"},\"inLanguage\":\"fr-FR\",\"potentialAction\":[{\"@type\":\"ReadAction\",\"target\":[\"https:\/\/peoplesphere.be\/fr\/le-defi-de-la-retention-sintensifie-le-nombre-de-travailleurs-ayant-quitte-leur-employeur-cette-annee-a-deja-atteint-un-record\/\"]}]},{\"@type\":\"BreadcrumbList\",\"@id\":\"https:\/\/peoplesphere.be\/fr\/le-defi-de-la-retention-sintensifie-le-nombre-de-travailleurs-ayant-quitte-leur-employeur-cette-annee-a-deja-atteint-un-record\/#breadcrumb\",\"itemListElement\":[{\"@type\":\"ListItem\",\"position\":1,\"name\":\"Accueil\",\"item\":\"https:\/\/peoplesphere.be\/fr\/\"},{\"@type\":\"ListItem\",\"position\":2,\"name\":\"Le d\u00e9fi de la r\u00e9tention s&rsquo;intensifie: le nombre de travailleurs ayant quitt\u00e9 leur employeur cette ann\u00e9e a d\u00e9j\u00e0 atteint un record.\"}]},{\"@type\":\"WebSite\",\"@id\":\"https:\/\/peoplesphere.be\/fr\/#website\",\"url\":\"https:\/\/peoplesphere.be\/fr\/\",\"name\":\"Peoplesphere\",\"description\":\"The People Managers Magazine\",\"publisher\":{\"@id\":\"https:\/\/peoplesphere.be\/fr\/#organization\"},\"potentialAction\":[{\"@type\":\"SearchAction\",\"target\":{\"@type\":\"EntryPoint\",\"urlTemplate\":\"https:\/\/peoplesphere.be\/fr\/?s={search_term_string}\"},\"query-input\":\"required name=search_term_string\"}],\"inLanguage\":\"fr-FR\"},{\"@type\":\"Organization\",\"@id\":\"https:\/\/peoplesphere.be\/fr\/#organization\",\"name\":\"Peoplesphere Company srl\",\"url\":\"https:\/\/peoplesphere.be\/fr\/\",\"logo\":{\"@type\":\"ImageObject\",\"inLanguage\":\"fr-FR\",\"@id\":\"https:\/\/peoplesphere.be\/fr\/#\/schema\/logo\/image\/\",\"url\":\"https:\/\/peoplesphere.be\/fr\/wp-content\/uploads\/2023\/07\/peoplesphere-lgo-new-generik.jpg\",\"contentUrl\":\"https:\/\/peoplesphere.be\/fr\/wp-content\/uploads\/2023\/07\/peoplesphere-lgo-new-generik.jpg\",\"width\":1031,\"height\":1479,\"caption\":\"Peoplesphere Company srl\"},\"image\":{\"@id\":\"https:\/\/peoplesphere.be\/fr\/#\/schema\/logo\/image\/\"},\"sameAs\":[\"https:\/\/www.facebook.com\/peoplesphere\",\"https:\/\/twitter.com\/PeoplesphereMag\",\"https:\/\/www.linkedin.com\/company\/7587361?trk\",\"http:\/\/youtube.com\/peoplesphere\"]},{\"@type\":\"Person\",\"@id\":\"https:\/\/peoplesphere.be\/fr\/#\/schema\/person\/7976225ff17988604334abb7b3536a7e\",\"name\":\"Jean-Paul Erhard\",\"image\":{\"@type\":\"ImageObject\",\"inLanguage\":\"fr-FR\",\"@id\":\"https:\/\/peoplesphere.be\/fr\/#\/schema\/person\/image\/\",\"url\":\"https:\/\/secure.gravatar.com\/avatar\/f941e681460179738071629a51574930?s=96&d=mm&r=g\",\"contentUrl\":\"https:\/\/secure.gravatar.com\/avatar\/f941e681460179738071629a51574930?s=96&d=mm&r=g\",\"caption\":\"Jean-Paul Erhard\"},\"url\":\"https:\/\/peoplesphere.be\/fr\/author\/jpe\/\"}]}<\/script>\n<!-- \/ Yoast SEO plugin. -->","yoast_head_json":{"title":"Le d\u00e9fi de la r\u00e9tention s'intensifie: le nombre de travailleurs ayant quitt\u00e9 leur employeur cette ann\u00e9e a d\u00e9j\u00e0 atteint un record. - Peoplesphere","robots":{"index":"index","follow":"follow","max-snippet":"max-snippet:-1","max-image-preview":"max-image-preview:large","max-video-preview":"max-video-preview:-1"},"canonical":"https:\/\/peoplesphere.be\/fr\/le-defi-de-la-retention-sintensifie-le-nombre-de-travailleurs-ayant-quitte-leur-employeur-cette-annee-a-deja-atteint-un-record\/","og_locale":"fr_FR","og_type":"article","og_title":"Le d\u00e9fi de la r\u00e9tention s'intensifie: le nombre de travailleurs ayant quitt\u00e9 leur employeur cette ann\u00e9e a d\u00e9j\u00e0 atteint un record. - Peoplesphere","og_description":"Pr\u00e8s d&rsquo;un travailleur sur douze (7,9%) dans notre pays a d\u00e9j\u00e0 quitt\u00e9 son employeur cette ann\u00e9e. Ce taux n\u2019a jamais \u00e9t\u00e9 aussi \u00e9lev\u00e9 ces derni\u00e8res ann\u00e9es. Les entreprises des secteurs de l\u2019horeca, de l\u2019int\u00e9rim et des titres-services ainsi que du [&hellip;]","og_url":"https:\/\/peoplesphere.be\/fr\/le-defi-de-la-retention-sintensifie-le-nombre-de-travailleurs-ayant-quitte-leur-employeur-cette-annee-a-deja-atteint-un-record\/","og_site_name":"Peoplesphere","article_publisher":"https:\/\/www.facebook.com\/peoplesphere","article_published_time":"2025-09-16T05:21:15+00:00","article_modified_time":"2025-09-16T05:24:53+00:00","og_image":[{"url":"http:\/\/www.peoplesphere.be\/fr\/wp-content\/uploads\/2016\/07\/facebook-default-posting-1200x628px.jpg"}],"author":"Jean-Paul Erhard","twitter_card":"summary_large_image","twitter_creator":"@PeoplesphereMag","twitter_site":"@PeoplesphereMag","twitter_misc":{"\u00c9crit par":"Jean-Paul Erhard","Dur\u00e9e de lecture estim\u00e9e":"4 minutes"},"schema":{"@context":"https:\/\/schema.org","@graph":[{"@type":"Article","@id":"https:\/\/peoplesphere.be\/fr\/le-defi-de-la-retention-sintensifie-le-nombre-de-travailleurs-ayant-quitte-leur-employeur-cette-annee-a-deja-atteint-un-record\/#article","isPartOf":{"@id":"https:\/\/peoplesphere.be\/fr\/le-defi-de-la-retention-sintensifie-le-nombre-de-travailleurs-ayant-quitte-leur-employeur-cette-annee-a-deja-atteint-un-record\/"},"author":{"name":"Jean-Paul Erhard","@id":"https:\/\/peoplesphere.be\/fr\/#\/schema\/person\/7976225ff17988604334abb7b3536a7e"},"headline":"Le d\u00e9fi de la r\u00e9tention s&rsquo;intensifie: le nombre de travailleurs ayant quitt\u00e9 leur employeur cette ann\u00e9e a d\u00e9j\u00e0 atteint un record.","datePublished":"2025-09-16T05:21:15+00:00","dateModified":"2025-09-16T05:24:53+00:00","mainEntityOfPage":{"@id":"https:\/\/peoplesphere.be\/fr\/le-defi-de-la-retention-sintensifie-le-nombre-de-travailleurs-ayant-quitte-leur-employeur-cette-annee-a-deja-atteint-un-record\/"},"wordCount":715,"publisher":{"@id":"https:\/\/peoplesphere.be\/fr\/#organization"},"keywords":["contrats de travail","d\u00e9mission","mobilit\u00e9 professionnelle","r\u00e9tention"],"articleSection":["Actualit\u00e9s","Digital"],"inLanguage":"fr-FR"},{"@type":"WebPage","@id":"https:\/\/peoplesphere.be\/fr\/le-defi-de-la-retention-sintensifie-le-nombre-de-travailleurs-ayant-quitte-leur-employeur-cette-annee-a-deja-atteint-un-record\/","url":"https:\/\/peoplesphere.be\/fr\/le-defi-de-la-retention-sintensifie-le-nombre-de-travailleurs-ayant-quitte-leur-employeur-cette-annee-a-deja-atteint-un-record\/","name":"Le d\u00e9fi de la r\u00e9tention s'intensifie: le nombre de travailleurs ayant quitt\u00e9 leur employeur cette ann\u00e9e a d\u00e9j\u00e0 atteint un record. - Peoplesphere","isPartOf":{"@id":"https:\/\/peoplesphere.be\/fr\/#website"},"datePublished":"2025-09-16T05:21:15+00:00","dateModified":"2025-09-16T05:24:53+00:00","breadcrumb":{"@id":"https:\/\/peoplesphere.be\/fr\/le-defi-de-la-retention-sintensifie-le-nombre-de-travailleurs-ayant-quitte-leur-employeur-cette-annee-a-deja-atteint-un-record\/#breadcrumb"},"inLanguage":"fr-FR","potentialAction":[{"@type":"ReadAction","target":["https:\/\/peoplesphere.be\/fr\/le-defi-de-la-retention-sintensifie-le-nombre-de-travailleurs-ayant-quitte-leur-employeur-cette-annee-a-deja-atteint-un-record\/"]}]},{"@type":"BreadcrumbList","@id":"https:\/\/peoplesphere.be\/fr\/le-defi-de-la-retention-sintensifie-le-nombre-de-travailleurs-ayant-quitte-leur-employeur-cette-annee-a-deja-atteint-un-record\/#breadcrumb","itemListElement":[{"@type":"ListItem","position":1,"name":"Accueil","item":"https:\/\/peoplesphere.be\/fr\/"},{"@type":"ListItem","position":2,"name":"Le d\u00e9fi de la r\u00e9tention s&rsquo;intensifie: le nombre de travailleurs ayant quitt\u00e9 leur employeur cette ann\u00e9e a d\u00e9j\u00e0 atteint un record."}]},{"@type":"WebSite","@id":"https:\/\/peoplesphere.be\/fr\/#website","url":"https:\/\/peoplesphere.be\/fr\/","name":"Peoplesphere","description":"The People Managers Magazine","publisher":{"@id":"https:\/\/peoplesphere.be\/fr\/#organization"},"potentialAction":[{"@type":"SearchAction","target":{"@type":"EntryPoint","urlTemplate":"https:\/\/peoplesphere.be\/fr\/?s={search_term_string}"},"query-input":"required name=search_term_string"}],"inLanguage":"fr-FR"},{"@type":"Organization","@id":"https:\/\/peoplesphere.be\/fr\/#organization","name":"Peoplesphere Company srl","url":"https:\/\/peoplesphere.be\/fr\/","logo":{"@type":"ImageObject","inLanguage":"fr-FR","@id":"https:\/\/peoplesphere.be\/fr\/#\/schema\/logo\/image\/","url":"https:\/\/peoplesphere.be\/fr\/wp-content\/uploads\/2023\/07\/peoplesphere-lgo-new-generik.jpg","contentUrl":"https:\/\/peoplesphere.be\/fr\/wp-content\/uploads\/2023\/07\/peoplesphere-lgo-new-generik.jpg","width":1031,"height":1479,"caption":"Peoplesphere Company srl"},"image":{"@id":"https:\/\/peoplesphere.be\/fr\/#\/schema\/logo\/image\/"},"sameAs":["https:\/\/www.facebook.com\/peoplesphere","https:\/\/twitter.com\/PeoplesphereMag","https:\/\/www.linkedin.com\/company\/7587361?trk","http:\/\/youtube.com\/peoplesphere"]},{"@type":"Person","@id":"https:\/\/peoplesphere.be\/fr\/#\/schema\/person\/7976225ff17988604334abb7b3536a7e","name":"Jean-Paul Erhard","image":{"@type":"ImageObject","inLanguage":"fr-FR","@id":"https:\/\/peoplesphere.be\/fr\/#\/schema\/person\/image\/","url":"https:\/\/secure.gravatar.com\/avatar\/f941e681460179738071629a51574930?s=96&d=mm&r=g","contentUrl":"https:\/\/secure.gravatar.com\/avatar\/f941e681460179738071629a51574930?s=96&d=mm&r=g","caption":"Jean-Paul Erhard"},"url":"https:\/\/peoplesphere.be\/fr\/author\/jpe\/"}]}},"_links":{"self":[{"href":"https:\/\/peoplesphere.be\/fr\/wp-json\/wp\/v2\/posts\/18202"}],"collection":[{"href":"https:\/\/peoplesphere.be\/fr\/wp-json\/wp\/v2\/posts"}],"about":[{"href":"https:\/\/peoplesphere.be\/fr\/wp-json\/wp\/v2\/types\/post"}],"author":[{"embeddable":true,"href":"https:\/\/peoplesphere.be\/fr\/wp-json\/wp\/v2\/users\/2"}],"replies":[{"embeddable":true,"href":"https:\/\/peoplesphere.be\/fr\/wp-json\/wp\/v2\/comments?post=18202"}],"version-history":[{"count":2,"href":"https:\/\/peoplesphere.be\/fr\/wp-json\/wp\/v2\/posts\/18202\/revisions"}],"predecessor-version":[{"id":18204,"href":"https:\/\/peoplesphere.be\/fr\/wp-json\/wp\/v2\/posts\/18202\/revisions\/18204"}],"wp:attachment":[{"href":"https:\/\/peoplesphere.be\/fr\/wp-json\/wp\/v2\/media?parent=18202"}],"wp:term":[{"taxonomy":"category","embeddable":true,"href":"https:\/\/peoplesphere.be\/fr\/wp-json\/wp\/v2\/categories?post=18202"},{"taxonomy":"post_tag","embeddable":true,"href":"https:\/\/peoplesphere.be\/fr\/wp-json\/wp\/v2\/tags?post=18202"}],"curies":[{"name":"wp","href":"https:\/\/api.w.org\/{rel}","templated":true}]}}