









{"id":18228,"date":"2025-09-19T12:03:58","date_gmt":"2025-09-19T10:03:58","guid":{"rendered":"https:\/\/peoplesphere.be\/fr\/?p=18228"},"modified":"2025-09-22T08:07:41","modified_gmt":"2025-09-22T06:07:41","slug":"pres-de-deux-fois-plus-de-travailleurs-se-rendent-au-travail-en-velo-par-rapport-a-2019","status":"publish","type":"post","link":"https:\/\/peoplesphere.be\/fr\/pres-de-deux-fois-plus-de-travailleurs-se-rendent-au-travail-en-velo-par-rapport-a-2019\/","title":{"rendered":"Pr\u00e8s de deux fois plus de travailleurs se rendent au travail en v\u00e9lo (par rapport \u00e0 2019)."},"content":{"rendered":"<p>Au premier semestre 2025, le nombre de salari\u00e9s se rendant au travail \u00e0 v\u00e9lo (avec indemnit\u00e9) a de nouveau augment\u00e9. Par rapport \u00e0 2019, il s&rsquo;agit presque d&rsquo;un doublement. SD Worx a calcul\u00e9 cela sur la base des d\u00e9placements domicile-travail enregistr\u00e9s \u00e0 v\u00e9lo de plus de 185.000 travailleurs, sur un total de 1,2 millions dans le secteur priv\u00e9.<!--more--><\/p>\n<p>Juillet, ao\u00fbt et septembre sont traditionnellement les trois mois les plus pris\u00e9s pour aller au travail \u00e0 v\u00e9lo mais, cette ann\u00e9e, davantage de personnes ont opt\u00e9 pour le v\u00e9lo bien plus t\u00f4t, d\u00e8s le mois de mars. La poursuite de cette hausse d\u00e9pendra aussi des conditions m\u00e9t\u00e9orologiques. En moyenne, l\u2019indemnit\u00e9 v\u00e9lo s\u2019\u00e9l\u00e8ve \u00e0 45\u20ac nets par mois.<\/p>\n<h3><strong><em>Plus de personnes prennent le v\u00e9lo plus t\u00f4t dans l&rsquo;ann\u00e9e<\/em><\/strong><\/h3>\n<p>Cette ann\u00e9e, un travailleur sur dix (13%) a d\u00e9j\u00e0 utilis\u00e9 le v\u00e9lo pour se rendre au travail en mars et a re\u00e7u une indemnit\u00e9. C&rsquo;est un chiffre fort car, l&rsquo;ann\u00e9e derni\u00e8re, cette proportion n\u2019\u00e9tait pas atteinte m\u00eame pendant les mois d\u2019\u00e9t\u00e9. En mai 2025, la part des travailleurs cyclistes est m\u00eame pass\u00e9e \u00e0 14%, soit deux fois plus qu&rsquo;en 2019, o\u00f9 seulement 7% venaient \u00e0 v\u00e9lo.<\/p>\n<p>Ayoub Lamrini, Advanced Reward Consultant chez SD Worx explique : <em>\u00ab\u00a0Cette ann\u00e9e, plus de personnes ont pris le v\u00e9lo plus t\u00f4t pour se rendre au travail. La hausse la plus marqu\u00e9e par rapport \u00e0 l\u2019an dernier s\u2019observe surtout entre mars et juin, avec une augmentation relative de 10 \u00e0 12%. Chaque ann\u00e9e, juillet, ao\u00fbt et septembre sont les trois mois phares. Nous parcourons alors de nombreux kilom\u00e8tres, avec une belle indemnit\u00e9 \u00e0 la cl\u00e9. En moyenne, cela repr\u00e9sente 45\u20ac nets par mois. L&rsquo;indemnit\u00e9 totale moyenne pour v\u00e9lo atteint d\u00e9j\u00e0 350\u20ac net et il reste encore quatre mois. La m\u00e9t\u00e9o influencera la poursuite de cette tendance.\u00a0\u00bb<\/em><\/p>\n<p>\u00c0 ce jour, l&rsquo;indemnit\u00e9 v\u00e9lo moyenne totale pour 2025 s\u2019\u00e9l\u00e8ve d\u00e9j\u00e0 \u00e0 350 \u20ac. La m\u00e9diane est de 200 \u20ac par an : la moiti\u00e9 des Belges a per\u00e7u moins de 200 \u20ac jusqu\u2019\u00e0 pr\u00e9sent ; l\u2019autre moiti\u00e9 plus de 200 \u20ac.<\/p>\n<h3><strong><em>Doublement d&#8217;employeurs proposant une indemnit\u00e9 v\u00e9lo en six ans<\/em><\/strong><\/h3>\n<p>En 2025, un employeur sur trois en Belgique propose une indemnit\u00e9 v\u00e9lo (33,13%). En 2019, ce taux \u00e9tait de 17,85%, soit environ la moiti\u00e9.<\/p>\n<p>Ayoub Lamrini de chez SD Worx ajoute : \u00ab\u00a0<em>Cette hausse est certainement li\u00e9e \u00e0 l&rsquo;introduction de l&rsquo;indemnit\u00e9 v\u00e9lo g\u00e9n\u00e9ralis\u00e9e, pour ceux qui n&rsquo;y avaient pas encore droit via une convention collective d\u2019entreprise ou de secteur. Ainsi, plus de la moiti\u00e9 des employeurs du secteur socioculturel (CP 329.01) et du secteur des soins de sant\u00e9 proposent une indemnit\u00e9 v\u00e9lo de 36 centimes par kilom\u00e8tre parcouru (montant maximal exon\u00e9r\u00e9 socialement et fiscalement). On constate que plus de femmes (17%) que d\u2019hommes (14%) se rendent au travail \u00e0 v\u00e9lo. Il existe aussi des diff\u00e9rences r\u00e9gionales notables.\u00a0\u00bb<\/em><\/p>\n<p>En Flandre, davantage d&#8217;employeurs proposent cette indemnit\u00e9 (40%) et plus de travailleurs viennent \u00e0 v\u00e9lo (20%), soit dix fois plus qu&rsquo;en Wallonie (pr\u00e8s de 2,50%). On observe \u00e9galement une hausse en Wallonie par rapport \u00e0 2019, o\u00f9 moins de 1% des travailleurs b\u00e9n\u00e9ficiaient d\u2019une indemnit\u00e9 v\u00e9lo. En Wallonie, 13% des employeurs proposent une indemnit\u00e9 v\u00e9lo. Bruxelles se situe entre les deux avec 28% des employeurs et 7% des travailleurs.<\/p>\n<p><strong><em>Top cinq des secteurs b\u00e9n\u00e9ficiant d&rsquo;une indemnit\u00e9 v\u00e9lo (en % de travailleurs concern\u00e9s) :<\/em><\/strong><\/p>\n<ul>\n<li>Soins de sant\u00e9 et action sociale (28 %)<\/li>\n<li>Industrie (19%)<\/li>\n<li>Distribution d&rsquo;eau, gestion des d\u00e9chets et assainissement (17 %)<\/li>\n<li>Administration publique et d\u00e9fense, s\u00e9curit\u00e9 sociale obligatoire (15 %)<\/li>\n<li>Autres services (nace S) (15 %)<\/li>\n<\/ul>\n<h3><strong><em>Conditions d&rsquo;octroi de l&rsquo;indemnit\u00e9 nette pour v\u00e9lo<\/em><\/strong><\/h3>\n<p>Un travailleur peut demander l&rsquo;une des deux indemnit\u00e9s v\u00e9lo suivantes :<br \/>\nL\u2019indemnit\u00e9 v\u00e9lo g\u00e9n\u00e9ralis\u00e9e, introduite en mai 2023 \u00e0 l\u2019initiative des partenaires sociaux. Cette mesure permet \u00e0 davantage de travailleurs de b\u00e9n\u00e9ficier de cette indemnit\u00e9 v\u00e9lo, en particulier ceux travaillant dans un secteur o\u00f9 aucune indemnit\u00e9 v\u00e9lo n\u2019\u00e9tait pr\u00e9vue dans la CCT. En 2024, cette indemnit\u00e9 v\u00e9lo \u00e9tait de 28 centimes par kilom\u00e8tre, pour un maximum de 20 kilom\u00e8tres par trajet. En 2025, elle est de 29 centimes. Les travailleurs disposant d\u2019une voiture de soci\u00e9t\u00e9 ne peuvent pas en b\u00e9n\u00e9ficier.<\/p>\n<p>L\u2019indemnit\u00e9 v\u00e9lo dite \u00ab facultative \u00bb, existant depuis longtemps. Elle \u00e9tait de maximum 35 centimes par kilom\u00e8tre en 2024 et de 36 centimes en 2025.<br \/>\nPour les deux types d\u2019indemnit\u00e9, un plafond annuel a \u00e9t\u00e9 fix\u00e9. Pour 2024, il \u00e9tait de 3 500 \u20ac. Pour 2025, le plafond est de 3 610 \u20ac. Ce qui s\u2019ajoute \u00e0 l\u2019indemnit\u00e9 v\u00e9lo est alors consid\u00e9r\u00e9 comme un salaire et, par cons\u00e9quent, soumis aux cotisations de s\u00e9curit\u00e9 sociale et aux imp\u00f4ts.<\/p>\n<p>&nbsp;<\/p>\n<p><em>Source: SD Worx<\/em><\/p>\n","protected":false},"excerpt":{"rendered":"<p>Au premier semestre 2025, le nombre de salari\u00e9s se rendant au travail \u00e0 v\u00e9lo (avec indemnit\u00e9) a de nouveau augment\u00e9. Par rapport \u00e0 2019, il s&rsquo;agit presque d&rsquo;un doublement. SD Worx a calcul\u00e9 cela sur la base des d\u00e9placements domicile-travail [&hellip;]<\/p>\n","protected":false},"author":2,"featured_media":0,"comment_status":"closed","ping_status":"open","sticky":false,"template":"","format":"standard","meta":[],"categories":[65,10],"tags":[1269,3817,136],"yoast_head":"<!-- This site is optimized with the Yoast SEO plugin v21.0 - https:\/\/yoast.com\/wordpress\/plugins\/seo\/ -->\n<title>Pr\u00e8s de deux fois plus de travailleurs se rendent au travail en v\u00e9lo (par rapport \u00e0 2019). - Peoplesphere<\/title>\n<meta name=\"robots\" content=\"index, follow, max-snippet:-1, max-image-preview:large, max-video-preview:-1\" \/>\n<link rel=\"canonical\" href=\"https:\/\/peoplesphere.be\/fr\/pres-de-deux-fois-plus-de-travailleurs-se-rendent-au-travail-en-velo-par-rapport-a-2019\/\" \/>\n<meta property=\"og:locale\" content=\"fr_FR\" \/>\n<meta property=\"og:type\" content=\"article\" \/>\n<meta property=\"og:title\" content=\"Pr\u00e8s de deux fois plus de travailleurs se rendent au travail en v\u00e9lo (par rapport \u00e0 2019). - Peoplesphere\" \/>\n<meta property=\"og:description\" content=\"Au premier semestre 2025, le nombre de salari\u00e9s se rendant au travail \u00e0 v\u00e9lo (avec indemnit\u00e9) a de nouveau augment\u00e9. Par rapport \u00e0 2019, il s&rsquo;agit presque d&rsquo;un doublement. SD Worx a calcul\u00e9 cela sur la base des d\u00e9placements domicile-travail [&hellip;]\" \/>\n<meta property=\"og:url\" content=\"https:\/\/peoplesphere.be\/fr\/pres-de-deux-fois-plus-de-travailleurs-se-rendent-au-travail-en-velo-par-rapport-a-2019\/\" \/>\n<meta property=\"og:site_name\" content=\"Peoplesphere\" \/>\n<meta property=\"article:publisher\" content=\"https:\/\/www.facebook.com\/peoplesphere\" \/>\n<meta property=\"article:published_time\" content=\"2025-09-19T10:03:58+00:00\" \/>\n<meta property=\"article:modified_time\" content=\"2025-09-22T06:07:41+00:00\" \/>\n<meta property=\"og:image\" content=\"http:\/\/www.peoplesphere.be\/fr\/wp-content\/uploads\/2016\/07\/facebook-default-posting-1200x628px.jpg\" \/>\n<meta name=\"author\" content=\"Jean-Paul Erhard\" \/>\n<meta name=\"twitter:card\" content=\"summary_large_image\" \/>\n<meta name=\"twitter:creator\" content=\"@PeoplesphereMag\" \/>\n<meta name=\"twitter:site\" content=\"@PeoplesphereMag\" \/>\n<meta name=\"twitter:label1\" content=\"\u00c9crit par\" \/>\n\t<meta name=\"twitter:data1\" content=\"Jean-Paul Erhard\" \/>\n\t<meta name=\"twitter:label2\" content=\"Dur\u00e9e de lecture estim\u00e9e\" \/>\n\t<meta name=\"twitter:data2\" content=\"4 minutes\" \/>\n<script type=\"application\/ld+json\" class=\"yoast-schema-graph\">{\"@context\":\"https:\/\/schema.org\",\"@graph\":[{\"@type\":\"Article\",\"@id\":\"https:\/\/peoplesphere.be\/fr\/pres-de-deux-fois-plus-de-travailleurs-se-rendent-au-travail-en-velo-par-rapport-a-2019\/#article\",\"isPartOf\":{\"@id\":\"https:\/\/peoplesphere.be\/fr\/pres-de-deux-fois-plus-de-travailleurs-se-rendent-au-travail-en-velo-par-rapport-a-2019\/\"},\"author\":{\"name\":\"Jean-Paul Erhard\",\"@id\":\"https:\/\/peoplesphere.be\/fr\/#\/schema\/person\/7976225ff17988604334abb7b3536a7e\"},\"headline\":\"Pr\u00e8s de deux fois plus de travailleurs se rendent au travail en v\u00e9lo (par rapport \u00e0 2019).\",\"datePublished\":\"2025-09-19T10:03:58+00:00\",\"dateModified\":\"2025-09-22T06:07:41+00:00\",\"mainEntityOfPage\":{\"@id\":\"https:\/\/peoplesphere.be\/fr\/pres-de-deux-fois-plus-de-travailleurs-se-rendent-au-travail-en-velo-par-rapport-a-2019\/\"},\"wordCount\":800,\"publisher\":{\"@id\":\"https:\/\/peoplesphere.be\/fr\/#organization\"},\"keywords\":[\"budget mobilit\u00e9\",\"indemnit\u00e9s de d\u00e9placement\",\"mobilit\u00e9\"],\"articleSection\":[\"Actualit\u00e9s\",\"Digital\"],\"inLanguage\":\"fr-FR\"},{\"@type\":\"WebPage\",\"@id\":\"https:\/\/peoplesphere.be\/fr\/pres-de-deux-fois-plus-de-travailleurs-se-rendent-au-travail-en-velo-par-rapport-a-2019\/\",\"url\":\"https:\/\/peoplesphere.be\/fr\/pres-de-deux-fois-plus-de-travailleurs-se-rendent-au-travail-en-velo-par-rapport-a-2019\/\",\"name\":\"Pr\u00e8s de deux fois plus de travailleurs se rendent au travail en v\u00e9lo (par rapport \u00e0 2019). - Peoplesphere\",\"isPartOf\":{\"@id\":\"https:\/\/peoplesphere.be\/fr\/#website\"},\"datePublished\":\"2025-09-19T10:03:58+00:00\",\"dateModified\":\"2025-09-22T06:07:41+00:00\",\"breadcrumb\":{\"@id\":\"https:\/\/peoplesphere.be\/fr\/pres-de-deux-fois-plus-de-travailleurs-se-rendent-au-travail-en-velo-par-rapport-a-2019\/#breadcrumb\"},\"inLanguage\":\"fr-FR\",\"potentialAction\":[{\"@type\":\"ReadAction\",\"target\":[\"https:\/\/peoplesphere.be\/fr\/pres-de-deux-fois-plus-de-travailleurs-se-rendent-au-travail-en-velo-par-rapport-a-2019\/\"]}]},{\"@type\":\"BreadcrumbList\",\"@id\":\"https:\/\/peoplesphere.be\/fr\/pres-de-deux-fois-plus-de-travailleurs-se-rendent-au-travail-en-velo-par-rapport-a-2019\/#breadcrumb\",\"itemListElement\":[{\"@type\":\"ListItem\",\"position\":1,\"name\":\"Accueil\",\"item\":\"https:\/\/peoplesphere.be\/fr\/\"},{\"@type\":\"ListItem\",\"position\":2,\"name\":\"Pr\u00e8s de deux fois plus de travailleurs se rendent au travail en v\u00e9lo (par rapport \u00e0 2019).\"}]},{\"@type\":\"WebSite\",\"@id\":\"https:\/\/peoplesphere.be\/fr\/#website\",\"url\":\"https:\/\/peoplesphere.be\/fr\/\",\"name\":\"Peoplesphere\",\"description\":\"The People Managers Magazine\",\"publisher\":{\"@id\":\"https:\/\/peoplesphere.be\/fr\/#organization\"},\"potentialAction\":[{\"@type\":\"SearchAction\",\"target\":{\"@type\":\"EntryPoint\",\"urlTemplate\":\"https:\/\/peoplesphere.be\/fr\/?s={search_term_string}\"},\"query-input\":\"required name=search_term_string\"}],\"inLanguage\":\"fr-FR\"},{\"@type\":\"Organization\",\"@id\":\"https:\/\/peoplesphere.be\/fr\/#organization\",\"name\":\"Peoplesphere Company srl\",\"url\":\"https:\/\/peoplesphere.be\/fr\/\",\"logo\":{\"@type\":\"ImageObject\",\"inLanguage\":\"fr-FR\",\"@id\":\"https:\/\/peoplesphere.be\/fr\/#\/schema\/logo\/image\/\",\"url\":\"https:\/\/peoplesphere.be\/fr\/wp-content\/uploads\/2023\/07\/peoplesphere-lgo-new-generik.jpg\",\"contentUrl\":\"https:\/\/peoplesphere.be\/fr\/wp-content\/uploads\/2023\/07\/peoplesphere-lgo-new-generik.jpg\",\"width\":1031,\"height\":1479,\"caption\":\"Peoplesphere Company srl\"},\"image\":{\"@id\":\"https:\/\/peoplesphere.be\/fr\/#\/schema\/logo\/image\/\"},\"sameAs\":[\"https:\/\/www.facebook.com\/peoplesphere\",\"https:\/\/twitter.com\/PeoplesphereMag\",\"https:\/\/www.linkedin.com\/company\/7587361?trk\",\"http:\/\/youtube.com\/peoplesphere\"]},{\"@type\":\"Person\",\"@id\":\"https:\/\/peoplesphere.be\/fr\/#\/schema\/person\/7976225ff17988604334abb7b3536a7e\",\"name\":\"Jean-Paul Erhard\",\"image\":{\"@type\":\"ImageObject\",\"inLanguage\":\"fr-FR\",\"@id\":\"https:\/\/peoplesphere.be\/fr\/#\/schema\/person\/image\/\",\"url\":\"https:\/\/secure.gravatar.com\/avatar\/f941e681460179738071629a51574930?s=96&d=mm&r=g\",\"contentUrl\":\"https:\/\/secure.gravatar.com\/avatar\/f941e681460179738071629a51574930?s=96&d=mm&r=g\",\"caption\":\"Jean-Paul Erhard\"},\"url\":\"https:\/\/peoplesphere.be\/fr\/author\/jpe\/\"}]}<\/script>\n<!-- \/ Yoast SEO plugin. -->","yoast_head_json":{"title":"Pr\u00e8s de deux fois plus de travailleurs se rendent au travail en v\u00e9lo (par rapport \u00e0 2019). - Peoplesphere","robots":{"index":"index","follow":"follow","max-snippet":"max-snippet:-1","max-image-preview":"max-image-preview:large","max-video-preview":"max-video-preview:-1"},"canonical":"https:\/\/peoplesphere.be\/fr\/pres-de-deux-fois-plus-de-travailleurs-se-rendent-au-travail-en-velo-par-rapport-a-2019\/","og_locale":"fr_FR","og_type":"article","og_title":"Pr\u00e8s de deux fois plus de travailleurs se rendent au travail en v\u00e9lo (par rapport \u00e0 2019). - Peoplesphere","og_description":"Au premier semestre 2025, le nombre de salari\u00e9s se rendant au travail \u00e0 v\u00e9lo (avec indemnit\u00e9) a de nouveau augment\u00e9. Par rapport \u00e0 2019, il s&rsquo;agit presque d&rsquo;un doublement. SD Worx a calcul\u00e9 cela sur la base des d\u00e9placements domicile-travail [&hellip;]","og_url":"https:\/\/peoplesphere.be\/fr\/pres-de-deux-fois-plus-de-travailleurs-se-rendent-au-travail-en-velo-par-rapport-a-2019\/","og_site_name":"Peoplesphere","article_publisher":"https:\/\/www.facebook.com\/peoplesphere","article_published_time":"2025-09-19T10:03:58+00:00","article_modified_time":"2025-09-22T06:07:41+00:00","og_image":[{"url":"http:\/\/www.peoplesphere.be\/fr\/wp-content\/uploads\/2016\/07\/facebook-default-posting-1200x628px.jpg"}],"author":"Jean-Paul Erhard","twitter_card":"summary_large_image","twitter_creator":"@PeoplesphereMag","twitter_site":"@PeoplesphereMag","twitter_misc":{"\u00c9crit par":"Jean-Paul Erhard","Dur\u00e9e de lecture estim\u00e9e":"4 minutes"},"schema":{"@context":"https:\/\/schema.org","@graph":[{"@type":"Article","@id":"https:\/\/peoplesphere.be\/fr\/pres-de-deux-fois-plus-de-travailleurs-se-rendent-au-travail-en-velo-par-rapport-a-2019\/#article","isPartOf":{"@id":"https:\/\/peoplesphere.be\/fr\/pres-de-deux-fois-plus-de-travailleurs-se-rendent-au-travail-en-velo-par-rapport-a-2019\/"},"author":{"name":"Jean-Paul Erhard","@id":"https:\/\/peoplesphere.be\/fr\/#\/schema\/person\/7976225ff17988604334abb7b3536a7e"},"headline":"Pr\u00e8s de deux fois plus de travailleurs se rendent au travail en v\u00e9lo (par rapport \u00e0 2019).","datePublished":"2025-09-19T10:03:58+00:00","dateModified":"2025-09-22T06:07:41+00:00","mainEntityOfPage":{"@id":"https:\/\/peoplesphere.be\/fr\/pres-de-deux-fois-plus-de-travailleurs-se-rendent-au-travail-en-velo-par-rapport-a-2019\/"},"wordCount":800,"publisher":{"@id":"https:\/\/peoplesphere.be\/fr\/#organization"},"keywords":["budget mobilit\u00e9","indemnit\u00e9s de d\u00e9placement","mobilit\u00e9"],"articleSection":["Actualit\u00e9s","Digital"],"inLanguage":"fr-FR"},{"@type":"WebPage","@id":"https:\/\/peoplesphere.be\/fr\/pres-de-deux-fois-plus-de-travailleurs-se-rendent-au-travail-en-velo-par-rapport-a-2019\/","url":"https:\/\/peoplesphere.be\/fr\/pres-de-deux-fois-plus-de-travailleurs-se-rendent-au-travail-en-velo-par-rapport-a-2019\/","name":"Pr\u00e8s de deux fois plus de travailleurs se rendent au travail en v\u00e9lo (par rapport \u00e0 2019). - Peoplesphere","isPartOf":{"@id":"https:\/\/peoplesphere.be\/fr\/#website"},"datePublished":"2025-09-19T10:03:58+00:00","dateModified":"2025-09-22T06:07:41+00:00","breadcrumb":{"@id":"https:\/\/peoplesphere.be\/fr\/pres-de-deux-fois-plus-de-travailleurs-se-rendent-au-travail-en-velo-par-rapport-a-2019\/#breadcrumb"},"inLanguage":"fr-FR","potentialAction":[{"@type":"ReadAction","target":["https:\/\/peoplesphere.be\/fr\/pres-de-deux-fois-plus-de-travailleurs-se-rendent-au-travail-en-velo-par-rapport-a-2019\/"]}]},{"@type":"BreadcrumbList","@id":"https:\/\/peoplesphere.be\/fr\/pres-de-deux-fois-plus-de-travailleurs-se-rendent-au-travail-en-velo-par-rapport-a-2019\/#breadcrumb","itemListElement":[{"@type":"ListItem","position":1,"name":"Accueil","item":"https:\/\/peoplesphere.be\/fr\/"},{"@type":"ListItem","position":2,"name":"Pr\u00e8s de deux fois plus de travailleurs se rendent au travail en v\u00e9lo (par rapport \u00e0 2019)."}]},{"@type":"WebSite","@id":"https:\/\/peoplesphere.be\/fr\/#website","url":"https:\/\/peoplesphere.be\/fr\/","name":"Peoplesphere","description":"The People Managers Magazine","publisher":{"@id":"https:\/\/peoplesphere.be\/fr\/#organization"},"potentialAction":[{"@type":"SearchAction","target":{"@type":"EntryPoint","urlTemplate":"https:\/\/peoplesphere.be\/fr\/?s={search_term_string}"},"query-input":"required name=search_term_string"}],"inLanguage":"fr-FR"},{"@type":"Organization","@id":"https:\/\/peoplesphere.be\/fr\/#organization","name":"Peoplesphere Company srl","url":"https:\/\/peoplesphere.be\/fr\/","logo":{"@type":"ImageObject","inLanguage":"fr-FR","@id":"https:\/\/peoplesphere.be\/fr\/#\/schema\/logo\/image\/","url":"https:\/\/peoplesphere.be\/fr\/wp-content\/uploads\/2023\/07\/peoplesphere-lgo-new-generik.jpg","contentUrl":"https:\/\/peoplesphere.be\/fr\/wp-content\/uploads\/2023\/07\/peoplesphere-lgo-new-generik.jpg","width":1031,"height":1479,"caption":"Peoplesphere Company srl"},"image":{"@id":"https:\/\/peoplesphere.be\/fr\/#\/schema\/logo\/image\/"},"sameAs":["https:\/\/www.facebook.com\/peoplesphere","https:\/\/twitter.com\/PeoplesphereMag","https:\/\/www.linkedin.com\/company\/7587361?trk","http:\/\/youtube.com\/peoplesphere"]},{"@type":"Person","@id":"https:\/\/peoplesphere.be\/fr\/#\/schema\/person\/7976225ff17988604334abb7b3536a7e","name":"Jean-Paul Erhard","image":{"@type":"ImageObject","inLanguage":"fr-FR","@id":"https:\/\/peoplesphere.be\/fr\/#\/schema\/person\/image\/","url":"https:\/\/secure.gravatar.com\/avatar\/f941e681460179738071629a51574930?s=96&d=mm&r=g","contentUrl":"https:\/\/secure.gravatar.com\/avatar\/f941e681460179738071629a51574930?s=96&d=mm&r=g","caption":"Jean-Paul Erhard"},"url":"https:\/\/peoplesphere.be\/fr\/author\/jpe\/"}]}},"_links":{"self":[{"href":"https:\/\/peoplesphere.be\/fr\/wp-json\/wp\/v2\/posts\/18228"}],"collection":[{"href":"https:\/\/peoplesphere.be\/fr\/wp-json\/wp\/v2\/posts"}],"about":[{"href":"https:\/\/peoplesphere.be\/fr\/wp-json\/wp\/v2\/types\/post"}],"author":[{"embeddable":true,"href":"https:\/\/peoplesphere.be\/fr\/wp-json\/wp\/v2\/users\/2"}],"replies":[{"embeddable":true,"href":"https:\/\/peoplesphere.be\/fr\/wp-json\/wp\/v2\/comments?post=18228"}],"version-history":[{"count":1,"href":"https:\/\/peoplesphere.be\/fr\/wp-json\/wp\/v2\/posts\/18228\/revisions"}],"predecessor-version":[{"id":18229,"href":"https:\/\/peoplesphere.be\/fr\/wp-json\/wp\/v2\/posts\/18228\/revisions\/18229"}],"wp:attachment":[{"href":"https:\/\/peoplesphere.be\/fr\/wp-json\/wp\/v2\/media?parent=18228"}],"wp:term":[{"taxonomy":"category","embeddable":true,"href":"https:\/\/peoplesphere.be\/fr\/wp-json\/wp\/v2\/categories?post=18228"},{"taxonomy":"post_tag","embeddable":true,"href":"https:\/\/peoplesphere.be\/fr\/wp-json\/wp\/v2\/tags?post=18228"}],"curies":[{"name":"wp","href":"https:\/\/api.w.org\/{rel}","templated":true}]}}