









{"id":18248,"date":"2025-09-25T17:55:36","date_gmt":"2025-09-25T15:55:36","guid":{"rendered":"https:\/\/peoplesphere.be\/fr\/?p=18248"},"modified":"2025-09-25T17:55:36","modified_gmt":"2025-09-25T15:55:36","slug":"editorial-ce-que-veulent-les-travailleurs-du-sens-ou-du-bon-sens","status":"publish","type":"post","link":"https:\/\/peoplesphere.be\/fr\/editorial-ce-que-veulent-les-travailleurs-du-sens-ou-du-bon-sens\/","title":{"rendered":"\u00c9ditorial \u2013 Ce que veulent les travailleurs\u2026 Du sens ou du bon sens?"},"content":{"rendered":"<p>Nous ne connaissons aucune entreprise qui subsiste sans vocation. Le monde est vaste ; les \u2018probl\u00e8mes\u2019 \u00e0 r\u00e9soudre sont nombreux. C\u2019est pourquoi toutes les organisations, anciennes et r\u00e9centes, et toutes les \u00e9quipes qui y travaillent au quotidien ont leur raison d\u2019\u00eatre. En cela, la question du sens que chacun.e veut trouver dans son travail nous agace car elle est (tr\u00e8s) souvent superflue et constitue une fausse excuse \u00e0 la d\u00e9motivation et au d\u00e9sengagement. Il faut arr\u00eater de se demander sans arr\u00eat pourquoi nous sommes l\u00e0\u2026<br \/>\nLa cause profonde du d\u00e9crochage des travailleurs dans nos entreprises, ce n\u2019est pas un manque de sens. C\u2019est plut\u00f4t l\u2019absence fr\u00e9quente de bon sens qui brise nos r\u00eaves et notre motivation. Nous avons besoin de coh\u00e9rence, d\u2019efficacit\u00e9, de clart\u00e9. De la simplicit\u00e9 dans des environnements complexes\u2026 Du bon sens terrien. Et tout ira bien.<!--more--><\/p>\n<h3><strong><em>Une mission collective qui doit correspondre \u00e0 nos ambitions personnelles.<\/em><\/strong><\/h3>\n<p>La question du sens est r\u00e9solue tout en amont, au moment de choisir son employeur, \u00e7\u00e0d un secteur d\u2019activit\u00e9s, une culture d\u2019entreprise et un leader qui nous ont s\u00e9duit.<br \/>\nVient ensuite le temps de l\u2019accord et celui des promesses mutuelles. C\u2019est \u00e0 ce moment-l\u00e0 que les parties, \u00e7\u00e0d l\u2019employeur et le salari\u00e9, s\u2019engagent ensemble \u00e0 respecter une liste de conditions pour remplir le projet d\u2019entreprise qui correspond aux aspirations du travailleur. Il suffit alors de tenir ces engagements.<\/p>\n<p>Bien s\u00fbr, nous pouvons (devons?) r\u00e9fl\u00e9chir en continu \u00e0 notre rapport \u00e0 la \u2018Valeur\u2019 Travail \u2013 quelle place nous souhaitons lui donner dans notre vie &#8211; mais cela n\u2019est qu\u2019une des nombreuses composantes de ce que nous appelons l\u2019Exp\u00e9rience Collaborateur. Il y a en outre la dimension sociale et relationnelle. Il y a aussi le volet du d\u00e9veloppement personnel. Ainsi que celui des conditions mat\u00e9rielles qui devraient s\u2019adapter aux \u00e9v\u00e9nements de la vie. Et bien d\u2019autres domaines encore. Bref, la question du sens au travail est multiple et c\u2019est pour cela qu\u2019elle sort du seul champ d\u2019action de l\u2019employeur.<\/p>\n<h3><strong><em>Le d\u00e9but de la fin d\u2019une belle histoire.<\/em><\/strong><\/h3>\n<p>Les attentes des travailleurs vis-\u00e0-vis de leur entreprise sont raisonnables (dans l\u2019\u00e9norme majorit\u00e9 des cas). Les collaborateurs ont d\u2019ailleurs le droit d\u2019\u00eatre exigeants puisqu\u2019il s\u2019agit, tout simplement, d\u2019incarner au quotidien ce que l\u2019on pr\u00e9tend \u00eatre. Le respect est dans notre syst\u00e8me de valeurs ? Soyons respectueux. L\u2019innovation est au c\u0153ur de notre culture d\u2019entreprise ? Laissons nos coll\u00e8gues penser diff\u00e9remment. Le d\u00e9veloppement personnel est une priorit\u00e9 RH strat\u00e9gique ? Pensons \u00e0 offrir spontan\u00e9ment de nouvelles missions \u00e0 celles et ceux qui peinent ou qui stagnent dans leurs fonctions actuelles. Simple et basique.<br \/>\nMais quel est donc ce grand malheur qui provoque le d\u00e9senchantement et la ranc\u0153ur dans le chef de nos collaborateurs, et que nous attribuons erron\u00e9ment \u00e0 une perte de sens au travail ?<\/p>\n<p>Le contrat moral est bris\u00e9 lorsque le fonctionnement quotidien de l\u2019entreprise n\u2019est pas conforme \u00e0 ce qui \u00e9tait pr\u00e9vu. Lorsque ses proc\u00e9dures sont absurdes. Lorsque son leadership est pervers. Lorsque les conditions de travail sont insupportables. Lorsque la justice n\u2019est plus garantie.<br \/>\nL\u2019absence de coh\u00e9rence dans la mise en application des r\u00e8gles de vie commune est souvent fatale. Et c\u2019est affligeant pour la bonne et simple raison que c\u2019est \u00e9vitable.<\/p>\n<h3><strong><em>Le choix de la simplicit\u00e9, toujours.<\/em><\/strong><\/h3>\n<p>La demande est facile \u00e0 comprendre : de la coh\u00e9rence, s\u2019il vous pla\u00eet. Agir en conformit\u00e9 avec les principes qui nous r\u00e9unissent, \u00e0 tous les niveaux hi\u00e9rarchiques et dans toutes les circonstances. Ce n\u2019est compliqu\u00e9 que lorsque les fondations de l\u2019organisation sont instables. C\u2019est-\u00e0-dire ? Lorsque les r\u00e8gles et les valeurs ne sont pas d\u00e9finies, ou lorsqu\u2019elles sont incompr\u00e9hensibles. Revenons donc \u00e0 des accords simples que tout le monde peut comprendre.<\/p>\n<p>Nous pouvons certes avoir la sensation que la marge d\u2019erreur accord\u00e9e au management se r\u00e9duit de jour en jour. Que le degr\u00e9 de tol\u00e9rance des travailleurs vis-\u00e0-vis de leurs employeurs est minime. Peut-\u00eatre\u2026 C\u2019est la raison pour laquelle chacun.e est appel\u00e9.e aujourd\u2019hui \u00e0 faire preuve de plus de bon sens encore et de compr\u00e9hension vis-\u00e0-vis des attentes l\u00e9gitimes de l\u2019autre partie.<\/p>\n<p>La perfection n\u2019\u00e9tant pas de ce monde, nous pouvons accepter qu\u2019il y ait des \u00e9carts, voire des erreurs, et parfois de profonds d\u00e9saccords. Puisque nous savons qu\u2019un r\u00e8glement de travail n\u2019a jamais r\u00e9solu un conflit, acceptons que c\u2019est par le dialogue, m\u00eame s\u2019il est difficile, que l\u2019on peut se retrouver ou se s\u00e9parer, sans haine ni violence.<\/p>\n<p>Jean-Paul Erhard<\/p>\n","protected":false},"excerpt":{"rendered":"<p>Nous ne connaissons aucune entreprise qui subsiste sans vocation. Le monde est vaste ; les \u2018probl\u00e8mes\u2019 \u00e0 r\u00e9soudre sont nombreux. C\u2019est pourquoi toutes les organisations, anciennes et r\u00e9centes, et toutes les \u00e9quipes qui y travaillent au quotidien ont leur raison [&hellip;]<\/p>\n","protected":false},"author":2,"featured_media":18249,"comment_status":"closed","ping_status":"open","sticky":false,"template":"","format":"standard","meta":[],"categories":[65,62,10,2],"tags":[208,3864,90,3869,383],"yoast_head":"<!-- This site is optimized with the Yoast SEO plugin v21.0 - https:\/\/yoast.com\/wordpress\/plugins\/seo\/ -->\n<title>\u00c9ditorial \u2013 Ce que veulent les travailleurs\u2026 Du sens ou du bon sens? - Peoplesphere<\/title>\n<meta name=\"robots\" content=\"index, follow, max-snippet:-1, max-image-preview:large, max-video-preview:-1\" \/>\n<link rel=\"canonical\" href=\"https:\/\/peoplesphere.be\/fr\/editorial-ce-que-veulent-les-travailleurs-du-sens-ou-du-bon-sens\/\" \/>\n<meta property=\"og:locale\" content=\"fr_FR\" \/>\n<meta property=\"og:type\" content=\"article\" \/>\n<meta property=\"og:title\" content=\"\u00c9ditorial \u2013 Ce que veulent les travailleurs\u2026 Du sens ou du bon sens? - Peoplesphere\" \/>\n<meta property=\"og:description\" content=\"Nous ne connaissons aucune entreprise qui subsiste sans vocation. Le monde est vaste ; les \u2018probl\u00e8mes\u2019 \u00e0 r\u00e9soudre sont nombreux. C\u2019est pourquoi toutes les organisations, anciennes et r\u00e9centes, et toutes les \u00e9quipes qui y travaillent au quotidien ont leur raison [&hellip;]\" \/>\n<meta property=\"og:url\" content=\"https:\/\/peoplesphere.be\/fr\/editorial-ce-que-veulent-les-travailleurs-du-sens-ou-du-bon-sens\/\" \/>\n<meta property=\"og:site_name\" content=\"Peoplesphere\" \/>\n<meta property=\"article:publisher\" content=\"https:\/\/www.facebook.com\/peoplesphere\" \/>\n<meta property=\"article:published_time\" content=\"2025-09-25T15:55:36+00:00\" \/>\n<meta property=\"og:image\" content=\"https:\/\/peoplesphere.be\/fr\/wp-content\/uploads\/2025\/09\/20250925bonsenscommun.jpg\" \/>\n\t<meta property=\"og:image:width\" content=\"1000\" \/>\n\t<meta property=\"og:image:height\" content=\"571\" \/>\n\t<meta property=\"og:image:type\" content=\"image\/jpeg\" \/>\n<meta name=\"author\" content=\"Jean-Paul Erhard\" \/>\n<meta name=\"twitter:card\" content=\"summary_large_image\" \/>\n<meta name=\"twitter:creator\" content=\"@PeoplesphereMag\" \/>\n<meta name=\"twitter:site\" content=\"@PeoplesphereMag\" \/>\n<meta name=\"twitter:label1\" content=\"\u00c9crit par\" \/>\n\t<meta name=\"twitter:data1\" content=\"Jean-Paul Erhard\" \/>\n\t<meta name=\"twitter:label2\" content=\"Dur\u00e9e de lecture estim\u00e9e\" \/>\n\t<meta name=\"twitter:data2\" content=\"4 minutes\" \/>\n<script type=\"application\/ld+json\" class=\"yoast-schema-graph\">{\"@context\":\"https:\/\/schema.org\",\"@graph\":[{\"@type\":\"Article\",\"@id\":\"https:\/\/peoplesphere.be\/fr\/editorial-ce-que-veulent-les-travailleurs-du-sens-ou-du-bon-sens\/#article\",\"isPartOf\":{\"@id\":\"https:\/\/peoplesphere.be\/fr\/editorial-ce-que-veulent-les-travailleurs-du-sens-ou-du-bon-sens\/\"},\"author\":{\"name\":\"Jean-Paul Erhard\",\"@id\":\"https:\/\/peoplesphere.be\/fr\/#\/schema\/person\/7976225ff17988604334abb7b3536a7e\"},\"headline\":\"\u00c9ditorial \u2013 Ce que veulent les travailleurs\u2026 Du sens ou du bon sens?\",\"datePublished\":\"2025-09-25T15:55:36+00:00\",\"dateModified\":\"2025-09-25T15:55:36+00:00\",\"mainEntityOfPage\":{\"@id\":\"https:\/\/peoplesphere.be\/fr\/editorial-ce-que-veulent-les-travailleurs-du-sens-ou-du-bon-sens\/\"},\"wordCount\":833,\"publisher\":{\"@id\":\"https:\/\/peoplesphere.be\/fr\/#organization\"},\"keywords\":[\"engagement\",\"mission\",\"motivation\",\"r\u00e9glement\",\"valeurs\"],\"articleSection\":[\"Actualit\u00e9s\",\"Articles\",\"Digital\",\"Magazine\"],\"inLanguage\":\"fr-FR\"},{\"@type\":\"WebPage\",\"@id\":\"https:\/\/peoplesphere.be\/fr\/editorial-ce-que-veulent-les-travailleurs-du-sens-ou-du-bon-sens\/\",\"url\":\"https:\/\/peoplesphere.be\/fr\/editorial-ce-que-veulent-les-travailleurs-du-sens-ou-du-bon-sens\/\",\"name\":\"\u00c9ditorial \u2013 Ce que veulent les travailleurs\u2026 Du sens ou du bon sens? - Peoplesphere\",\"isPartOf\":{\"@id\":\"https:\/\/peoplesphere.be\/fr\/#website\"},\"datePublished\":\"2025-09-25T15:55:36+00:00\",\"dateModified\":\"2025-09-25T15:55:36+00:00\",\"breadcrumb\":{\"@id\":\"https:\/\/peoplesphere.be\/fr\/editorial-ce-que-veulent-les-travailleurs-du-sens-ou-du-bon-sens\/#breadcrumb\"},\"inLanguage\":\"fr-FR\",\"potentialAction\":[{\"@type\":\"ReadAction\",\"target\":[\"https:\/\/peoplesphere.be\/fr\/editorial-ce-que-veulent-les-travailleurs-du-sens-ou-du-bon-sens\/\"]}]},{\"@type\":\"BreadcrumbList\",\"@id\":\"https:\/\/peoplesphere.be\/fr\/editorial-ce-que-veulent-les-travailleurs-du-sens-ou-du-bon-sens\/#breadcrumb\",\"itemListElement\":[{\"@type\":\"ListItem\",\"position\":1,\"name\":\"Accueil\",\"item\":\"https:\/\/peoplesphere.be\/fr\/\"},{\"@type\":\"ListItem\",\"position\":2,\"name\":\"\u00c9ditorial \u2013 Ce que veulent les travailleurs\u2026 Du sens ou du bon sens?\"}]},{\"@type\":\"WebSite\",\"@id\":\"https:\/\/peoplesphere.be\/fr\/#website\",\"url\":\"https:\/\/peoplesphere.be\/fr\/\",\"name\":\"Peoplesphere\",\"description\":\"The People Managers Magazine\",\"publisher\":{\"@id\":\"https:\/\/peoplesphere.be\/fr\/#organization\"},\"potentialAction\":[{\"@type\":\"SearchAction\",\"target\":{\"@type\":\"EntryPoint\",\"urlTemplate\":\"https:\/\/peoplesphere.be\/fr\/?s={search_term_string}\"},\"query-input\":\"required name=search_term_string\"}],\"inLanguage\":\"fr-FR\"},{\"@type\":\"Organization\",\"@id\":\"https:\/\/peoplesphere.be\/fr\/#organization\",\"name\":\"Peoplesphere Company srl\",\"url\":\"https:\/\/peoplesphere.be\/fr\/\",\"logo\":{\"@type\":\"ImageObject\",\"inLanguage\":\"fr-FR\",\"@id\":\"https:\/\/peoplesphere.be\/fr\/#\/schema\/logo\/image\/\",\"url\":\"https:\/\/peoplesphere.be\/fr\/wp-content\/uploads\/2023\/07\/peoplesphere-lgo-new-generik.jpg\",\"contentUrl\":\"https:\/\/peoplesphere.be\/fr\/wp-content\/uploads\/2023\/07\/peoplesphere-lgo-new-generik.jpg\",\"width\":1031,\"height\":1479,\"caption\":\"Peoplesphere Company srl\"},\"image\":{\"@id\":\"https:\/\/peoplesphere.be\/fr\/#\/schema\/logo\/image\/\"},\"sameAs\":[\"https:\/\/www.facebook.com\/peoplesphere\",\"https:\/\/twitter.com\/PeoplesphereMag\",\"https:\/\/www.linkedin.com\/company\/7587361?trk\",\"http:\/\/youtube.com\/peoplesphere\"]},{\"@type\":\"Person\",\"@id\":\"https:\/\/peoplesphere.be\/fr\/#\/schema\/person\/7976225ff17988604334abb7b3536a7e\",\"name\":\"Jean-Paul Erhard\",\"image\":{\"@type\":\"ImageObject\",\"inLanguage\":\"fr-FR\",\"@id\":\"https:\/\/peoplesphere.be\/fr\/#\/schema\/person\/image\/\",\"url\":\"https:\/\/secure.gravatar.com\/avatar\/f941e681460179738071629a51574930?s=96&d=mm&r=g\",\"contentUrl\":\"https:\/\/secure.gravatar.com\/avatar\/f941e681460179738071629a51574930?s=96&d=mm&r=g\",\"caption\":\"Jean-Paul Erhard\"},\"url\":\"https:\/\/peoplesphere.be\/fr\/author\/jpe\/\"}]}<\/script>\n<!-- \/ Yoast SEO plugin. -->","yoast_head_json":{"title":"\u00c9ditorial \u2013 Ce que veulent les travailleurs\u2026 Du sens ou du bon sens? - Peoplesphere","robots":{"index":"index","follow":"follow","max-snippet":"max-snippet:-1","max-image-preview":"max-image-preview:large","max-video-preview":"max-video-preview:-1"},"canonical":"https:\/\/peoplesphere.be\/fr\/editorial-ce-que-veulent-les-travailleurs-du-sens-ou-du-bon-sens\/","og_locale":"fr_FR","og_type":"article","og_title":"\u00c9ditorial \u2013 Ce que veulent les travailleurs\u2026 Du sens ou du bon sens? - Peoplesphere","og_description":"Nous ne connaissons aucune entreprise qui subsiste sans vocation. Le monde est vaste ; les \u2018probl\u00e8mes\u2019 \u00e0 r\u00e9soudre sont nombreux. C\u2019est pourquoi toutes les organisations, anciennes et r\u00e9centes, et toutes les \u00e9quipes qui y travaillent au quotidien ont leur raison [&hellip;]","og_url":"https:\/\/peoplesphere.be\/fr\/editorial-ce-que-veulent-les-travailleurs-du-sens-ou-du-bon-sens\/","og_site_name":"Peoplesphere","article_publisher":"https:\/\/www.facebook.com\/peoplesphere","article_published_time":"2025-09-25T15:55:36+00:00","og_image":[{"width":1000,"height":571,"url":"https:\/\/peoplesphere.be\/fr\/wp-content\/uploads\/2025\/09\/20250925bonsenscommun.jpg","type":"image\/jpeg"}],"author":"Jean-Paul Erhard","twitter_card":"summary_large_image","twitter_creator":"@PeoplesphereMag","twitter_site":"@PeoplesphereMag","twitter_misc":{"\u00c9crit par":"Jean-Paul Erhard","Dur\u00e9e de lecture estim\u00e9e":"4 minutes"},"schema":{"@context":"https:\/\/schema.org","@graph":[{"@type":"Article","@id":"https:\/\/peoplesphere.be\/fr\/editorial-ce-que-veulent-les-travailleurs-du-sens-ou-du-bon-sens\/#article","isPartOf":{"@id":"https:\/\/peoplesphere.be\/fr\/editorial-ce-que-veulent-les-travailleurs-du-sens-ou-du-bon-sens\/"},"author":{"name":"Jean-Paul Erhard","@id":"https:\/\/peoplesphere.be\/fr\/#\/schema\/person\/7976225ff17988604334abb7b3536a7e"},"headline":"\u00c9ditorial \u2013 Ce que veulent les travailleurs\u2026 Du sens ou du bon sens?","datePublished":"2025-09-25T15:55:36+00:00","dateModified":"2025-09-25T15:55:36+00:00","mainEntityOfPage":{"@id":"https:\/\/peoplesphere.be\/fr\/editorial-ce-que-veulent-les-travailleurs-du-sens-ou-du-bon-sens\/"},"wordCount":833,"publisher":{"@id":"https:\/\/peoplesphere.be\/fr\/#organization"},"keywords":["engagement","mission","motivation","r\u00e9glement","valeurs"],"articleSection":["Actualit\u00e9s","Articles","Digital","Magazine"],"inLanguage":"fr-FR"},{"@type":"WebPage","@id":"https:\/\/peoplesphere.be\/fr\/editorial-ce-que-veulent-les-travailleurs-du-sens-ou-du-bon-sens\/","url":"https:\/\/peoplesphere.be\/fr\/editorial-ce-que-veulent-les-travailleurs-du-sens-ou-du-bon-sens\/","name":"\u00c9ditorial \u2013 Ce que veulent les travailleurs\u2026 Du sens ou du bon sens? - Peoplesphere","isPartOf":{"@id":"https:\/\/peoplesphere.be\/fr\/#website"},"datePublished":"2025-09-25T15:55:36+00:00","dateModified":"2025-09-25T15:55:36+00:00","breadcrumb":{"@id":"https:\/\/peoplesphere.be\/fr\/editorial-ce-que-veulent-les-travailleurs-du-sens-ou-du-bon-sens\/#breadcrumb"},"inLanguage":"fr-FR","potentialAction":[{"@type":"ReadAction","target":["https:\/\/peoplesphere.be\/fr\/editorial-ce-que-veulent-les-travailleurs-du-sens-ou-du-bon-sens\/"]}]},{"@type":"BreadcrumbList","@id":"https:\/\/peoplesphere.be\/fr\/editorial-ce-que-veulent-les-travailleurs-du-sens-ou-du-bon-sens\/#breadcrumb","itemListElement":[{"@type":"ListItem","position":1,"name":"Accueil","item":"https:\/\/peoplesphere.be\/fr\/"},{"@type":"ListItem","position":2,"name":"\u00c9ditorial \u2013 Ce que veulent les travailleurs\u2026 Du sens ou du bon sens?"}]},{"@type":"WebSite","@id":"https:\/\/peoplesphere.be\/fr\/#website","url":"https:\/\/peoplesphere.be\/fr\/","name":"Peoplesphere","description":"The People Managers Magazine","publisher":{"@id":"https:\/\/peoplesphere.be\/fr\/#organization"},"potentialAction":[{"@type":"SearchAction","target":{"@type":"EntryPoint","urlTemplate":"https:\/\/peoplesphere.be\/fr\/?s={search_term_string}"},"query-input":"required name=search_term_string"}],"inLanguage":"fr-FR"},{"@type":"Organization","@id":"https:\/\/peoplesphere.be\/fr\/#organization","name":"Peoplesphere Company srl","url":"https:\/\/peoplesphere.be\/fr\/","logo":{"@type":"ImageObject","inLanguage":"fr-FR","@id":"https:\/\/peoplesphere.be\/fr\/#\/schema\/logo\/image\/","url":"https:\/\/peoplesphere.be\/fr\/wp-content\/uploads\/2023\/07\/peoplesphere-lgo-new-generik.jpg","contentUrl":"https:\/\/peoplesphere.be\/fr\/wp-content\/uploads\/2023\/07\/peoplesphere-lgo-new-generik.jpg","width":1031,"height":1479,"caption":"Peoplesphere Company srl"},"image":{"@id":"https:\/\/peoplesphere.be\/fr\/#\/schema\/logo\/image\/"},"sameAs":["https:\/\/www.facebook.com\/peoplesphere","https:\/\/twitter.com\/PeoplesphereMag","https:\/\/www.linkedin.com\/company\/7587361?trk","http:\/\/youtube.com\/peoplesphere"]},{"@type":"Person","@id":"https:\/\/peoplesphere.be\/fr\/#\/schema\/person\/7976225ff17988604334abb7b3536a7e","name":"Jean-Paul Erhard","image":{"@type":"ImageObject","inLanguage":"fr-FR","@id":"https:\/\/peoplesphere.be\/fr\/#\/schema\/person\/image\/","url":"https:\/\/secure.gravatar.com\/avatar\/f941e681460179738071629a51574930?s=96&d=mm&r=g","contentUrl":"https:\/\/secure.gravatar.com\/avatar\/f941e681460179738071629a51574930?s=96&d=mm&r=g","caption":"Jean-Paul Erhard"},"url":"https:\/\/peoplesphere.be\/fr\/author\/jpe\/"}]}},"_links":{"self":[{"href":"https:\/\/peoplesphere.be\/fr\/wp-json\/wp\/v2\/posts\/18248"}],"collection":[{"href":"https:\/\/peoplesphere.be\/fr\/wp-json\/wp\/v2\/posts"}],"about":[{"href":"https:\/\/peoplesphere.be\/fr\/wp-json\/wp\/v2\/types\/post"}],"author":[{"embeddable":true,"href":"https:\/\/peoplesphere.be\/fr\/wp-json\/wp\/v2\/users\/2"}],"replies":[{"embeddable":true,"href":"https:\/\/peoplesphere.be\/fr\/wp-json\/wp\/v2\/comments?post=18248"}],"version-history":[{"count":1,"href":"https:\/\/peoplesphere.be\/fr\/wp-json\/wp\/v2\/posts\/18248\/revisions"}],"predecessor-version":[{"id":18250,"href":"https:\/\/peoplesphere.be\/fr\/wp-json\/wp\/v2\/posts\/18248\/revisions\/18250"}],"wp:featuredmedia":[{"embeddable":true,"href":"https:\/\/peoplesphere.be\/fr\/wp-json\/wp\/v2\/media\/18249"}],"wp:attachment":[{"href":"https:\/\/peoplesphere.be\/fr\/wp-json\/wp\/v2\/media?parent=18248"}],"wp:term":[{"taxonomy":"category","embeddable":true,"href":"https:\/\/peoplesphere.be\/fr\/wp-json\/wp\/v2\/categories?post=18248"},{"taxonomy":"post_tag","embeddable":true,"href":"https:\/\/peoplesphere.be\/fr\/wp-json\/wp\/v2\/tags?post=18248"}],"curies":[{"name":"wp","href":"https:\/\/api.w.org\/{rel}","templated":true}]}}