









{"id":18251,"date":"2025-09-29T07:41:21","date_gmt":"2025-09-29T05:41:21","guid":{"rendered":"https:\/\/peoplesphere.be\/fr\/?p=18251"},"modified":"2025-09-29T07:41:54","modified_gmt":"2025-09-29T05:41:54","slug":"les-collaborateurs-du-groupe-spie-sont-desormais-le-premier-actionnaire-de-reference-de-leur-entreprise","status":"publish","type":"post","link":"https:\/\/peoplesphere.be\/fr\/les-collaborateurs-du-groupe-spie-sont-desormais-le-premier-actionnaire-de-reference-de-leur-entreprise\/","title":{"rendered":"Les collaborateurs du groupe SPIE sont d\u00e9sormais le premier actionnaire de r\u00e9f\u00e9rence de leur entreprise."},"content":{"rendered":"<p>SPIE, leader europ\u00e9en ind\u00e9pendant des services multi-techniques dans les domaines de l\u2019\u00e9nergie et des communications, annonce le lancement de la 9e \u00e9dition de son programme d\u2019actionnariat salari\u00e9, SHARE FOR YOU. Du 25 septembre au 16 octobre 2025, les collaborateurs auront \u00e0 nouveau la possibilit\u00e9 de devenir actionnaires du Groupe ou de renforcer leur position dans le capital de SPIE, en direct ou via un fonds commun de placement d\u2019entreprise. <!--more--><\/p>\n<p>En 2024, le programme SHARE FOR YOU a remport\u00e9 un immense succ\u00e8s puisque plus de 20.000 collaborateurs de l\u2019entreprise y ont souscrit.<br \/>\nAvec cette nouvelle \u00e9dition, SPIE propose une fois de plus \u00e0 ses collaborateurs de s\u2019associer durablement \u00e0 sa performance.<\/p>\n<p>Le prix de souscription a \u00e9t\u00e9 fix\u00e9 \u00e0 38,55 euros. Celui-ci tient compte d\u2019une d\u00e9cote de 20% appliqu\u00e9e \u00e0 la moyenne des cours d\u2019ouverture de l\u2019action SPIE sur le march\u00e9 Euronext Paris, durant les 20 jours de bourse pr\u00e9c\u00e9dant le 19 septembre 2025, soit entre le 22 ao\u00fbt et le 18 septembre 2025 inclus.<\/p>\n<p>Cette 9e \u00e9dition du programme SHARE FOR YOU depuis l\u2019entr\u00e9e en bourse de SPIE en 2015, est ouverte \u00e0 plus de 49 000 salari\u00e9s issus de 17 pays: Allemagne, Australie, Autriche, Belgique, Emirats Arabes Unis, Espagne, France, Hongrie, Luxembourg, Mexique, Pays-Bas, Pologne, R\u00e9publique Tch\u00e8que, Roumanie, Royaume-Uni, Slovaquie et Suisse.<\/p>\n<p>Depuis d\u00e9cembre 2021, les salari\u00e9s sont devenus les premiers actionnaires du Groupe. Ils d\u00e9tiennent 9,4% du capital au 30 juin 2025.<\/p>\n","protected":false},"excerpt":{"rendered":"<p>SPIE, leader europ\u00e9en ind\u00e9pendant des services multi-techniques dans les domaines de l\u2019\u00e9nergie et des communications, annonce le lancement de la 9e \u00e9dition de son programme d\u2019actionnariat salari\u00e9, SHARE FOR YOU. Du 25 septembre au 16 octobre 2025, les collaborateurs auront [&hellip;]<\/p>\n","protected":false},"author":2,"featured_media":0,"comment_status":"closed","ping_status":"open","sticky":false,"template":"","format":"standard","meta":[],"categories":[65,10],"tags":[1106,2375],"yoast_head":"<!-- This site is optimized with the Yoast SEO plugin v21.0 - https:\/\/yoast.com\/wordpress\/plugins\/seo\/ -->\n<title>Les collaborateurs du groupe SPIE sont d\u00e9sormais le premier actionnaire de r\u00e9f\u00e9rence de leur entreprise. - Peoplesphere<\/title>\n<meta name=\"robots\" content=\"index, follow, max-snippet:-1, max-image-preview:large, max-video-preview:-1\" \/>\n<link rel=\"canonical\" href=\"https:\/\/peoplesphere.be\/fr\/les-collaborateurs-du-groupe-spie-sont-desormais-le-premier-actionnaire-de-reference-de-leur-entreprise\/\" \/>\n<meta property=\"og:locale\" content=\"fr_FR\" \/>\n<meta property=\"og:type\" content=\"article\" \/>\n<meta property=\"og:title\" content=\"Les collaborateurs du groupe SPIE sont d\u00e9sormais le premier actionnaire de r\u00e9f\u00e9rence de leur entreprise. - Peoplesphere\" \/>\n<meta property=\"og:description\" content=\"SPIE, leader europ\u00e9en ind\u00e9pendant des services multi-techniques dans les domaines de l\u2019\u00e9nergie et des communications, annonce le lancement de la 9e \u00e9dition de son programme d\u2019actionnariat salari\u00e9, SHARE FOR YOU. Du 25 septembre au 16 octobre 2025, les collaborateurs auront [&hellip;]\" \/>\n<meta property=\"og:url\" content=\"https:\/\/peoplesphere.be\/fr\/les-collaborateurs-du-groupe-spie-sont-desormais-le-premier-actionnaire-de-reference-de-leur-entreprise\/\" \/>\n<meta property=\"og:site_name\" content=\"Peoplesphere\" \/>\n<meta property=\"article:publisher\" content=\"https:\/\/www.facebook.com\/peoplesphere\" \/>\n<meta property=\"article:published_time\" content=\"2025-09-29T05:41:21+00:00\" \/>\n<meta property=\"article:modified_time\" content=\"2025-09-29T05:41:54+00:00\" \/>\n<meta property=\"og:image\" content=\"http:\/\/www.peoplesphere.be\/fr\/wp-content\/uploads\/2016\/07\/facebook-default-posting-1200x628px.jpg\" \/>\n<meta name=\"author\" content=\"Jean-Paul Erhard\" \/>\n<meta name=\"twitter:card\" content=\"summary_large_image\" \/>\n<meta name=\"twitter:creator\" content=\"@PeoplesphereMag\" \/>\n<meta name=\"twitter:site\" content=\"@PeoplesphereMag\" \/>\n<meta name=\"twitter:label1\" content=\"\u00c9crit par\" \/>\n\t<meta name=\"twitter:data1\" content=\"Jean-Paul Erhard\" \/>\n\t<meta name=\"twitter:label2\" content=\"Dur\u00e9e de lecture estim\u00e9e\" \/>\n\t<meta name=\"twitter:data2\" content=\"2 minutes\" \/>\n<script type=\"application\/ld+json\" class=\"yoast-schema-graph\">{\"@context\":\"https:\/\/schema.org\",\"@graph\":[{\"@type\":\"Article\",\"@id\":\"https:\/\/peoplesphere.be\/fr\/les-collaborateurs-du-groupe-spie-sont-desormais-le-premier-actionnaire-de-reference-de-leur-entreprise\/#article\",\"isPartOf\":{\"@id\":\"https:\/\/peoplesphere.be\/fr\/les-collaborateurs-du-groupe-spie-sont-desormais-le-premier-actionnaire-de-reference-de-leur-entreprise\/\"},\"author\":{\"name\":\"Jean-Paul Erhard\",\"@id\":\"https:\/\/peoplesphere.be\/fr\/#\/schema\/person\/7976225ff17988604334abb7b3536a7e\"},\"headline\":\"Les collaborateurs du groupe SPIE sont d\u00e9sormais le premier actionnaire de r\u00e9f\u00e9rence de leur entreprise.\",\"datePublished\":\"2025-09-29T05:41:21+00:00\",\"dateModified\":\"2025-09-29T05:41:54+00:00\",\"mainEntityOfPage\":{\"@id\":\"https:\/\/peoplesphere.be\/fr\/les-collaborateurs-du-groupe-spie-sont-desormais-le-premier-actionnaire-de-reference-de-leur-entreprise\/\"},\"wordCount\":249,\"publisher\":{\"@id\":\"https:\/\/peoplesphere.be\/fr\/#organization\"},\"keywords\":[\"actionnariat salari\u00e9\",\"participation\"],\"articleSection\":[\"Actualit\u00e9s\",\"Digital\"],\"inLanguage\":\"fr-FR\"},{\"@type\":\"WebPage\",\"@id\":\"https:\/\/peoplesphere.be\/fr\/les-collaborateurs-du-groupe-spie-sont-desormais-le-premier-actionnaire-de-reference-de-leur-entreprise\/\",\"url\":\"https:\/\/peoplesphere.be\/fr\/les-collaborateurs-du-groupe-spie-sont-desormais-le-premier-actionnaire-de-reference-de-leur-entreprise\/\",\"name\":\"Les collaborateurs du groupe SPIE sont d\u00e9sormais le premier actionnaire de r\u00e9f\u00e9rence de leur entreprise. - Peoplesphere\",\"isPartOf\":{\"@id\":\"https:\/\/peoplesphere.be\/fr\/#website\"},\"datePublished\":\"2025-09-29T05:41:21+00:00\",\"dateModified\":\"2025-09-29T05:41:54+00:00\",\"breadcrumb\":{\"@id\":\"https:\/\/peoplesphere.be\/fr\/les-collaborateurs-du-groupe-spie-sont-desormais-le-premier-actionnaire-de-reference-de-leur-entreprise\/#breadcrumb\"},\"inLanguage\":\"fr-FR\",\"potentialAction\":[{\"@type\":\"ReadAction\",\"target\":[\"https:\/\/peoplesphere.be\/fr\/les-collaborateurs-du-groupe-spie-sont-desormais-le-premier-actionnaire-de-reference-de-leur-entreprise\/\"]}]},{\"@type\":\"BreadcrumbList\",\"@id\":\"https:\/\/peoplesphere.be\/fr\/les-collaborateurs-du-groupe-spie-sont-desormais-le-premier-actionnaire-de-reference-de-leur-entreprise\/#breadcrumb\",\"itemListElement\":[{\"@type\":\"ListItem\",\"position\":1,\"name\":\"Accueil\",\"item\":\"https:\/\/peoplesphere.be\/fr\/\"},{\"@type\":\"ListItem\",\"position\":2,\"name\":\"Les collaborateurs du groupe SPIE sont d\u00e9sormais le premier actionnaire de r\u00e9f\u00e9rence de leur entreprise.\"}]},{\"@type\":\"WebSite\",\"@id\":\"https:\/\/peoplesphere.be\/fr\/#website\",\"url\":\"https:\/\/peoplesphere.be\/fr\/\",\"name\":\"Peoplesphere\",\"description\":\"The People Managers Magazine\",\"publisher\":{\"@id\":\"https:\/\/peoplesphere.be\/fr\/#organization\"},\"potentialAction\":[{\"@type\":\"SearchAction\",\"target\":{\"@type\":\"EntryPoint\",\"urlTemplate\":\"https:\/\/peoplesphere.be\/fr\/?s={search_term_string}\"},\"query-input\":\"required name=search_term_string\"}],\"inLanguage\":\"fr-FR\"},{\"@type\":\"Organization\",\"@id\":\"https:\/\/peoplesphere.be\/fr\/#organization\",\"name\":\"Peoplesphere Company srl\",\"url\":\"https:\/\/peoplesphere.be\/fr\/\",\"logo\":{\"@type\":\"ImageObject\",\"inLanguage\":\"fr-FR\",\"@id\":\"https:\/\/peoplesphere.be\/fr\/#\/schema\/logo\/image\/\",\"url\":\"https:\/\/peoplesphere.be\/fr\/wp-content\/uploads\/2023\/07\/peoplesphere-lgo-new-generik.jpg\",\"contentUrl\":\"https:\/\/peoplesphere.be\/fr\/wp-content\/uploads\/2023\/07\/peoplesphere-lgo-new-generik.jpg\",\"width\":1031,\"height\":1479,\"caption\":\"Peoplesphere Company srl\"},\"image\":{\"@id\":\"https:\/\/peoplesphere.be\/fr\/#\/schema\/logo\/image\/\"},\"sameAs\":[\"https:\/\/www.facebook.com\/peoplesphere\",\"https:\/\/twitter.com\/PeoplesphereMag\",\"https:\/\/www.linkedin.com\/company\/7587361?trk\",\"http:\/\/youtube.com\/peoplesphere\"]},{\"@type\":\"Person\",\"@id\":\"https:\/\/peoplesphere.be\/fr\/#\/schema\/person\/7976225ff17988604334abb7b3536a7e\",\"name\":\"Jean-Paul Erhard\",\"image\":{\"@type\":\"ImageObject\",\"inLanguage\":\"fr-FR\",\"@id\":\"https:\/\/peoplesphere.be\/fr\/#\/schema\/person\/image\/\",\"url\":\"https:\/\/secure.gravatar.com\/avatar\/f941e681460179738071629a51574930?s=96&d=mm&r=g\",\"contentUrl\":\"https:\/\/secure.gravatar.com\/avatar\/f941e681460179738071629a51574930?s=96&d=mm&r=g\",\"caption\":\"Jean-Paul Erhard\"},\"url\":\"https:\/\/peoplesphere.be\/fr\/author\/jpe\/\"}]}<\/script>\n<!-- \/ Yoast SEO plugin. -->","yoast_head_json":{"title":"Les collaborateurs du groupe SPIE sont d\u00e9sormais le premier actionnaire de r\u00e9f\u00e9rence de leur entreprise. - Peoplesphere","robots":{"index":"index","follow":"follow","max-snippet":"max-snippet:-1","max-image-preview":"max-image-preview:large","max-video-preview":"max-video-preview:-1"},"canonical":"https:\/\/peoplesphere.be\/fr\/les-collaborateurs-du-groupe-spie-sont-desormais-le-premier-actionnaire-de-reference-de-leur-entreprise\/","og_locale":"fr_FR","og_type":"article","og_title":"Les collaborateurs du groupe SPIE sont d\u00e9sormais le premier actionnaire de r\u00e9f\u00e9rence de leur entreprise. - Peoplesphere","og_description":"SPIE, leader europ\u00e9en ind\u00e9pendant des services multi-techniques dans les domaines de l\u2019\u00e9nergie et des communications, annonce le lancement de la 9e \u00e9dition de son programme d\u2019actionnariat salari\u00e9, SHARE FOR YOU. Du 25 septembre au 16 octobre 2025, les collaborateurs auront [&hellip;]","og_url":"https:\/\/peoplesphere.be\/fr\/les-collaborateurs-du-groupe-spie-sont-desormais-le-premier-actionnaire-de-reference-de-leur-entreprise\/","og_site_name":"Peoplesphere","article_publisher":"https:\/\/www.facebook.com\/peoplesphere","article_published_time":"2025-09-29T05:41:21+00:00","article_modified_time":"2025-09-29T05:41:54+00:00","og_image":[{"url":"http:\/\/www.peoplesphere.be\/fr\/wp-content\/uploads\/2016\/07\/facebook-default-posting-1200x628px.jpg"}],"author":"Jean-Paul Erhard","twitter_card":"summary_large_image","twitter_creator":"@PeoplesphereMag","twitter_site":"@PeoplesphereMag","twitter_misc":{"\u00c9crit par":"Jean-Paul Erhard","Dur\u00e9e de lecture estim\u00e9e":"2 minutes"},"schema":{"@context":"https:\/\/schema.org","@graph":[{"@type":"Article","@id":"https:\/\/peoplesphere.be\/fr\/les-collaborateurs-du-groupe-spie-sont-desormais-le-premier-actionnaire-de-reference-de-leur-entreprise\/#article","isPartOf":{"@id":"https:\/\/peoplesphere.be\/fr\/les-collaborateurs-du-groupe-spie-sont-desormais-le-premier-actionnaire-de-reference-de-leur-entreprise\/"},"author":{"name":"Jean-Paul Erhard","@id":"https:\/\/peoplesphere.be\/fr\/#\/schema\/person\/7976225ff17988604334abb7b3536a7e"},"headline":"Les collaborateurs du groupe SPIE sont d\u00e9sormais le premier actionnaire de r\u00e9f\u00e9rence de leur entreprise.","datePublished":"2025-09-29T05:41:21+00:00","dateModified":"2025-09-29T05:41:54+00:00","mainEntityOfPage":{"@id":"https:\/\/peoplesphere.be\/fr\/les-collaborateurs-du-groupe-spie-sont-desormais-le-premier-actionnaire-de-reference-de-leur-entreprise\/"},"wordCount":249,"publisher":{"@id":"https:\/\/peoplesphere.be\/fr\/#organization"},"keywords":["actionnariat salari\u00e9","participation"],"articleSection":["Actualit\u00e9s","Digital"],"inLanguage":"fr-FR"},{"@type":"WebPage","@id":"https:\/\/peoplesphere.be\/fr\/les-collaborateurs-du-groupe-spie-sont-desormais-le-premier-actionnaire-de-reference-de-leur-entreprise\/","url":"https:\/\/peoplesphere.be\/fr\/les-collaborateurs-du-groupe-spie-sont-desormais-le-premier-actionnaire-de-reference-de-leur-entreprise\/","name":"Les collaborateurs du groupe SPIE sont d\u00e9sormais le premier actionnaire de r\u00e9f\u00e9rence de leur entreprise. - Peoplesphere","isPartOf":{"@id":"https:\/\/peoplesphere.be\/fr\/#website"},"datePublished":"2025-09-29T05:41:21+00:00","dateModified":"2025-09-29T05:41:54+00:00","breadcrumb":{"@id":"https:\/\/peoplesphere.be\/fr\/les-collaborateurs-du-groupe-spie-sont-desormais-le-premier-actionnaire-de-reference-de-leur-entreprise\/#breadcrumb"},"inLanguage":"fr-FR","potentialAction":[{"@type":"ReadAction","target":["https:\/\/peoplesphere.be\/fr\/les-collaborateurs-du-groupe-spie-sont-desormais-le-premier-actionnaire-de-reference-de-leur-entreprise\/"]}]},{"@type":"BreadcrumbList","@id":"https:\/\/peoplesphere.be\/fr\/les-collaborateurs-du-groupe-spie-sont-desormais-le-premier-actionnaire-de-reference-de-leur-entreprise\/#breadcrumb","itemListElement":[{"@type":"ListItem","position":1,"name":"Accueil","item":"https:\/\/peoplesphere.be\/fr\/"},{"@type":"ListItem","position":2,"name":"Les collaborateurs du groupe SPIE sont d\u00e9sormais le premier actionnaire de r\u00e9f\u00e9rence de leur entreprise."}]},{"@type":"WebSite","@id":"https:\/\/peoplesphere.be\/fr\/#website","url":"https:\/\/peoplesphere.be\/fr\/","name":"Peoplesphere","description":"The People Managers Magazine","publisher":{"@id":"https:\/\/peoplesphere.be\/fr\/#organization"},"potentialAction":[{"@type":"SearchAction","target":{"@type":"EntryPoint","urlTemplate":"https:\/\/peoplesphere.be\/fr\/?s={search_term_string}"},"query-input":"required name=search_term_string"}],"inLanguage":"fr-FR"},{"@type":"Organization","@id":"https:\/\/peoplesphere.be\/fr\/#organization","name":"Peoplesphere Company srl","url":"https:\/\/peoplesphere.be\/fr\/","logo":{"@type":"ImageObject","inLanguage":"fr-FR","@id":"https:\/\/peoplesphere.be\/fr\/#\/schema\/logo\/image\/","url":"https:\/\/peoplesphere.be\/fr\/wp-content\/uploads\/2023\/07\/peoplesphere-lgo-new-generik.jpg","contentUrl":"https:\/\/peoplesphere.be\/fr\/wp-content\/uploads\/2023\/07\/peoplesphere-lgo-new-generik.jpg","width":1031,"height":1479,"caption":"Peoplesphere Company srl"},"image":{"@id":"https:\/\/peoplesphere.be\/fr\/#\/schema\/logo\/image\/"},"sameAs":["https:\/\/www.facebook.com\/peoplesphere","https:\/\/twitter.com\/PeoplesphereMag","https:\/\/www.linkedin.com\/company\/7587361?trk","http:\/\/youtube.com\/peoplesphere"]},{"@type":"Person","@id":"https:\/\/peoplesphere.be\/fr\/#\/schema\/person\/7976225ff17988604334abb7b3536a7e","name":"Jean-Paul Erhard","image":{"@type":"ImageObject","inLanguage":"fr-FR","@id":"https:\/\/peoplesphere.be\/fr\/#\/schema\/person\/image\/","url":"https:\/\/secure.gravatar.com\/avatar\/f941e681460179738071629a51574930?s=96&d=mm&r=g","contentUrl":"https:\/\/secure.gravatar.com\/avatar\/f941e681460179738071629a51574930?s=96&d=mm&r=g","caption":"Jean-Paul Erhard"},"url":"https:\/\/peoplesphere.be\/fr\/author\/jpe\/"}]}},"_links":{"self":[{"href":"https:\/\/peoplesphere.be\/fr\/wp-json\/wp\/v2\/posts\/18251"}],"collection":[{"href":"https:\/\/peoplesphere.be\/fr\/wp-json\/wp\/v2\/posts"}],"about":[{"href":"https:\/\/peoplesphere.be\/fr\/wp-json\/wp\/v2\/types\/post"}],"author":[{"embeddable":true,"href":"https:\/\/peoplesphere.be\/fr\/wp-json\/wp\/v2\/users\/2"}],"replies":[{"embeddable":true,"href":"https:\/\/peoplesphere.be\/fr\/wp-json\/wp\/v2\/comments?post=18251"}],"version-history":[{"count":1,"href":"https:\/\/peoplesphere.be\/fr\/wp-json\/wp\/v2\/posts\/18251\/revisions"}],"predecessor-version":[{"id":18252,"href":"https:\/\/peoplesphere.be\/fr\/wp-json\/wp\/v2\/posts\/18251\/revisions\/18252"}],"wp:attachment":[{"href":"https:\/\/peoplesphere.be\/fr\/wp-json\/wp\/v2\/media?parent=18251"}],"wp:term":[{"taxonomy":"category","embeddable":true,"href":"https:\/\/peoplesphere.be\/fr\/wp-json\/wp\/v2\/categories?post=18251"},{"taxonomy":"post_tag","embeddable":true,"href":"https:\/\/peoplesphere.be\/fr\/wp-json\/wp\/v2\/tags?post=18251"}],"curies":[{"name":"wp","href":"https:\/\/api.w.org\/{rel}","templated":true}]}}