









{"id":18259,"date":"2025-09-30T09:36:36","date_gmt":"2025-09-30T07:36:36","guid":{"rendered":"https:\/\/peoplesphere.be\/fr\/?p=18259"},"modified":"2025-09-30T09:36:36","modified_gmt":"2025-09-30T07:36:36","slug":"le-volume-de-lemploi-dans-le-secteur-industriel-est-desormais-passe-sous-la-barre-des-10-une-evolution-inexorable","status":"publish","type":"post","link":"https:\/\/peoplesphere.be\/fr\/le-volume-de-lemploi-dans-le-secteur-industriel-est-desormais-passe-sous-la-barre-des-10-une-evolution-inexorable\/","title":{"rendered":"Le volume de l&#8217;emploi dans le secteur industriel est d\u00e9sormais pass\u00e9 sous la barre des 10%: une \u00e9volution inexorable?"},"content":{"rendered":"<p>La r\u00e9duction de l\u2019importance de l\u2019industrie manufacturi\u00e8re dans l\u2019\u00e9conomie belge observ\u00e9e dans les ann\u00e9es 1980 s\u2019est poursuivie, et plus rapidement qu\u2019en Allemagne ou aux Pays-Bas. La succession de crises p\u00e8se sur la comp\u00e9titivit\u00e9 ext\u00e9rieure des entreprises industrielles qui doivent aussi relever le d\u00e9fi de la d\u00e9carbonation. Mais l\u2019industrie manufacturi\u00e8re a aussi des atouts pour tirer profit de la double transition \u00e9nerg\u00e9tique et num\u00e9rique et du r\u00e9armement europ\u00e9en. Cela ressort d\u2019une \u00e9tude du Bureau f\u00e9d\u00e9ral du Plan.<!--more--><\/p>\n<p>Il y a une vingtaine d\u2019ann\u00e9es, le Bureau f\u00e9d\u00e9ral du Plan publiait une \u00e9tude sur l\u2019avenir de l\u2019industrie en Belgique \u00e0 partir de l\u2019observation des tendances depuis le d\u00e9but des ann\u00e9es 1980. Que s\u2019est-il pass\u00e9 depuis?<\/p>\n<h3><strong><em>L\u2019industrie manufacturi\u00e8re contribue moins \u00e0 la croissance belge\u2026<\/em><\/strong><\/h3>\n<p>La nouvelle \u00e9tude montre que la \u00ab\u00a0d\u00e9sindustrialisation\u00a0\u00bb relative observ\u00e9e en Belgique depuis les ann\u00e9es 1980 s\u2019est poursuivie : la part de l&rsquo;industrie manufacturi\u00e8re dans le PIB belge est ainsi pass\u00e9e de 20% en 1995 \u00e0 12% en 2023. Mais un changement marquant a eu lieu : si, entre 1980 et 1995, la croissance en volume de l\u2019industrie manufacturi\u00e8re (la hausse des quantit\u00e9s hors \u00e9volution des prix), en dehors des ann\u00e9es de crise, \u00e9tait syst\u00e9matiquement plus forte que celle de l\u2019ensemble de l\u2019\u00e9conomie, ce n\u2019est plus le cas. En effet, entre 1995 et 2023, la croissance de l\u2019industrie manufacturi\u00e8re a \u00e9t\u00e9, en moyenne, de 1,1% par an contre 1,8% pour l\u2019\u00e9conomie belge.<\/p>\n<p>Ce changement s\u2019accompagne d\u2019une perte continue d&#8217;emplois industriels. L\u2019emploi de l\u2019industrie manufacturi\u00e8re est pass\u00e9 de 860.000 en 1980 \u00e0 680.000 en 1995, pour atteindre environ 510.000 unit\u00e9s en 2023. L&rsquo;industrie manufacturi\u00e8re ne repr\u00e9sente plus que 9,9% de l&#8217;emploi int\u00e9rieur belge, contre 17,5% en 1995. Les emplois indirects mobilis\u00e9s par sa consommation interm\u00e9diaire (les produits utilis\u00e9s venant des autres branches) sont stables depuis 2010 \u00e0 un peu plus 300 000 unit\u00e9s.<\/p>\n<h3><strong><em>\u2026et \u00e0 la comp\u00e9titivit\u00e9 externe de l\u2019\u00e9conomie<\/em><\/strong><\/h3>\n<p>Les exportations de biens restent tr\u00e8s importantes pour l\u2019\u00e9conomie belge mais ce ne sont plus elles qui font progresser l\u2019int\u00e9gration de la Belgique dans le commerce mondial, mais bien les exportations de services. Les march\u00e9s ext\u00e9rieurs restent toutefois un d\u00e9bouch\u00e9 important de la production manufacturi\u00e8re obligeant les entreprises \u00e0 rester comp\u00e9titives. Mais avec la succession r\u00e9cente de crises, les entreprises ont subi d\u2019importantes hausses de co\u00fbts de production : co\u00fbt du travail, co\u00fbt de l\u2019\u00e9nergie et co\u00fbt de la consommation interm\u00e9diaire domestique. Elles y ont r\u00e9pondu en innovant davantage, notamment dans l\u2019industrie pharmaceutique, mais les gains de productivit\u00e9 qui en r\u00e9sultent sont moins importants que par le pass\u00e9.<br \/>\nL\u2019industrie r\u00e9agit par la sp\u00e9cialisation de ses activit\u00e9s et la r\u00e9silience de ses cha\u00eenes de valeur<\/p>\n<p>La sp\u00e9cialisation de l\u2019industrie manufacturi\u00e8re s\u2019est poursuivie avec comme changement majeur la mont\u00e9e en puissance de l\u2019industrie pharmaceutique aux c\u00f4t\u00e9s d\u2019activit\u00e9s d\u00e9j\u00e0 fortement pr\u00e9sentes dans le pass\u00e9 comme l\u2019industrie alimentaire et l\u2019industrie chimique. Cette sp\u00e9cialisation porte aussi sur des activit\u00e9s \u00e0 haute valeur ajout\u00e9e utiles \u00e0 la double transition verte et num\u00e9rique.<\/p>\n<p>Dans la g\u00e9n\u00e9ration de technologies num\u00e9riques, l\u2019industrie belge est tr\u00e8s bien plac\u00e9e dans les domaines des mat\u00e9riaux avanc\u00e9s, des micro et nanotechnologies et de la robotique, et dans la production verte, sa part est particuli\u00e8rement importante dans la biotechnologie et, dans une moindre mesure, dans l\u2019\u00e9nergie renouvelable. Elle dispose d\u2019un portefeuille d\u2019activit\u00e9s diversifi\u00e9 dans le domaine de la production \u00e0 z\u00e9ro \u00e9mission comme la production d\u2019\u00e9lectrolyseurs, de batteries ou de composants de turbines \u00e9oliennes.<\/p>\n<p>Malgr\u00e9 sa d\u00e9pendance aux importations pour les mati\u00e8res premi\u00e8res due \u00e0 la taille du pays, l\u2019industrie manufacturi\u00e8re belge a aussi \u00e9t\u00e9 capable de construire des cha\u00eenes d\u2019approvisionnement r\u00e9silientes, notamment par la diversification des fournisseurs et le recyclage des mati\u00e8res premi\u00e8res, contribuant \u00e0 l\u2019autonomie strat\u00e9gique du pays.<\/p>\n<h3><strong><em>Une politique industrielle belge ?<\/em><\/strong><\/h3>\n<p>Le contexte budg\u00e9taire difficile et les nouveaux enjeux de d\u00e9fense limitent les possibilit\u00e9s de soutien de l\u2019industrie sans finalit\u00e9 militaire par les d\u00e9penses publiques. Am\u00e9liorer leur efficacit\u00e9, en particulier en ce qui concerne les investissements en infrastructure et en capital humain, devient donc un levier crucial. Ceci est d\u2019autant plus important que l\u2019industrie manufacturi\u00e8re belge fait face au d\u00e9fi d\u2019assurer sa transition verte alors qu\u2019elle est davantage intensive en \u00e9nergie fossile que celle des pays voisins. Le nouvel encadrement des aides d\u2019\u00e9tat \u00e0 l\u2019appui du pacte pour une industrie propre adopt\u00e9 par la Commission europ\u00e9enne fin juin 2025 assouplit les r\u00e8gles de soutien direct des entreprises pour promouvoir la transition mais relance aussi la concurrence entre les \u00c9tats membres affaiblissant le march\u00e9 unique.<\/p>\n<p>Chantal Kegels, \u00e9conomiste au Bureau f\u00e9d\u00e9ral du Plan : <em>\u00ab\u00a0Dans le contexte budg\u00e9taire actuel, il n\u2019y a pas v\u00e9ritablement de moyens budg\u00e9taires pour tirer parti de l\u2019assouplissement des r\u00e8gles europ\u00e9ennes et soutenir directement l\u2019industrie manufacturi\u00e8re. Toutefois, il y a de la marge de man\u0153uvre pour am\u00e9liorer l\u2019efficacit\u00e9 des d\u00e9penses publiques actuelles. Poursuivre les r\u00e9formes structurelles, en particulier dans le secteur des services, aidera aussi l\u2019industrie sans n\u00e9cessairement entra\u00eener des co\u00fbts budg\u00e9taires.\u00a0\u00bb<\/em><\/p>\n<p>&nbsp;<\/p>\n<p><em>Source: Bureau F\u00e9d\u00e9ral du Plan<\/em><\/p>\n","protected":false},"excerpt":{"rendered":"<p>La r\u00e9duction de l\u2019importance de l\u2019industrie manufacturi\u00e8re dans l\u2019\u00e9conomie belge observ\u00e9e dans les ann\u00e9es 1980 s\u2019est poursuivie, et plus rapidement qu\u2019en Allemagne ou aux Pays-Bas. La succession de crises p\u00e8se sur la comp\u00e9titivit\u00e9 ext\u00e9rieure des entreprises industrielles qui doivent aussi [&hellip;]<\/p>\n","protected":false},"author":2,"featured_media":0,"comment_status":"closed","ping_status":"open","sticky":false,"template":"","format":"standard","meta":[],"categories":[65,10],"tags":[324,55,4339,394],"yoast_head":"<!-- This site is optimized with the Yoast SEO plugin v21.0 - https:\/\/yoast.com\/wordpress\/plugins\/seo\/ -->\n<title>Le volume de l&#039;emploi dans le secteur industriel est d\u00e9sormais pass\u00e9 sous la barre des 10%: une \u00e9volution inexorable? - Peoplesphere<\/title>\n<meta name=\"robots\" content=\"index, follow, max-snippet:-1, max-image-preview:large, max-video-preview:-1\" \/>\n<link rel=\"canonical\" href=\"https:\/\/peoplesphere.be\/fr\/le-volume-de-lemploi-dans-le-secteur-industriel-est-desormais-passe-sous-la-barre-des-10-une-evolution-inexorable\/\" \/>\n<meta property=\"og:locale\" content=\"fr_FR\" \/>\n<meta property=\"og:type\" content=\"article\" \/>\n<meta property=\"og:title\" content=\"Le volume de l&#039;emploi dans le secteur industriel est d\u00e9sormais pass\u00e9 sous la barre des 10%: une \u00e9volution inexorable? - Peoplesphere\" \/>\n<meta property=\"og:description\" content=\"La r\u00e9duction de l\u2019importance de l\u2019industrie manufacturi\u00e8re dans l\u2019\u00e9conomie belge observ\u00e9e dans les ann\u00e9es 1980 s\u2019est poursuivie, et plus rapidement qu\u2019en Allemagne ou aux Pays-Bas. La succession de crises p\u00e8se sur la comp\u00e9titivit\u00e9 ext\u00e9rieure des entreprises industrielles qui doivent aussi [&hellip;]\" \/>\n<meta property=\"og:url\" content=\"https:\/\/peoplesphere.be\/fr\/le-volume-de-lemploi-dans-le-secteur-industriel-est-desormais-passe-sous-la-barre-des-10-une-evolution-inexorable\/\" \/>\n<meta property=\"og:site_name\" content=\"Peoplesphere\" \/>\n<meta property=\"article:publisher\" content=\"https:\/\/www.facebook.com\/peoplesphere\" \/>\n<meta property=\"article:published_time\" content=\"2025-09-30T07:36:36+00:00\" \/>\n<meta property=\"og:image\" content=\"http:\/\/www.peoplesphere.be\/fr\/wp-content\/uploads\/2016\/07\/facebook-default-posting-1200x628px.jpg\" \/>\n<meta name=\"author\" content=\"Jean-Paul Erhard\" \/>\n<meta name=\"twitter:card\" content=\"summary_large_image\" \/>\n<meta name=\"twitter:creator\" content=\"@PeoplesphereMag\" \/>\n<meta name=\"twitter:site\" content=\"@PeoplesphereMag\" \/>\n<meta name=\"twitter:label1\" content=\"\u00c9crit par\" \/>\n\t<meta name=\"twitter:data1\" content=\"Jean-Paul Erhard\" \/>\n\t<meta name=\"twitter:label2\" content=\"Dur\u00e9e de lecture estim\u00e9e\" \/>\n\t<meta name=\"twitter:data2\" content=\"5 minutes\" \/>\n<script type=\"application\/ld+json\" class=\"yoast-schema-graph\">{\"@context\":\"https:\/\/schema.org\",\"@graph\":[{\"@type\":\"Article\",\"@id\":\"https:\/\/peoplesphere.be\/fr\/le-volume-de-lemploi-dans-le-secteur-industriel-est-desormais-passe-sous-la-barre-des-10-une-evolution-inexorable\/#article\",\"isPartOf\":{\"@id\":\"https:\/\/peoplesphere.be\/fr\/le-volume-de-lemploi-dans-le-secteur-industriel-est-desormais-passe-sous-la-barre-des-10-une-evolution-inexorable\/\"},\"author\":{\"name\":\"Jean-Paul Erhard\",\"@id\":\"https:\/\/peoplesphere.be\/fr\/#\/schema\/person\/7976225ff17988604334abb7b3536a7e\"},\"headline\":\"Le volume de l&#8217;emploi dans le secteur industriel est d\u00e9sormais pass\u00e9 sous la barre des 10%: une \u00e9volution inexorable?\",\"datePublished\":\"2025-09-30T07:36:36+00:00\",\"dateModified\":\"2025-09-30T07:36:36+00:00\",\"mainEntityOfPage\":{\"@id\":\"https:\/\/peoplesphere.be\/fr\/le-volume-de-lemploi-dans-le-secteur-industriel-est-desormais-passe-sous-la-barre-des-10-une-evolution-inexorable\/\"},\"wordCount\":961,\"publisher\":{\"@id\":\"https:\/\/peoplesphere.be\/fr\/#organization\"},\"keywords\":[\"comp\u00e9titivit\u00e9\",\"co\u00fbt du travail\",\"emploi industriel\",\"taux d'emploi\"],\"articleSection\":[\"Actualit\u00e9s\",\"Digital\"],\"inLanguage\":\"fr-FR\"},{\"@type\":\"WebPage\",\"@id\":\"https:\/\/peoplesphere.be\/fr\/le-volume-de-lemploi-dans-le-secteur-industriel-est-desormais-passe-sous-la-barre-des-10-une-evolution-inexorable\/\",\"url\":\"https:\/\/peoplesphere.be\/fr\/le-volume-de-lemploi-dans-le-secteur-industriel-est-desormais-passe-sous-la-barre-des-10-une-evolution-inexorable\/\",\"name\":\"Le volume de l'emploi dans le secteur industriel est d\u00e9sormais pass\u00e9 sous la barre des 10%: une \u00e9volution inexorable? - Peoplesphere\",\"isPartOf\":{\"@id\":\"https:\/\/peoplesphere.be\/fr\/#website\"},\"datePublished\":\"2025-09-30T07:36:36+00:00\",\"dateModified\":\"2025-09-30T07:36:36+00:00\",\"breadcrumb\":{\"@id\":\"https:\/\/peoplesphere.be\/fr\/le-volume-de-lemploi-dans-le-secteur-industriel-est-desormais-passe-sous-la-barre-des-10-une-evolution-inexorable\/#breadcrumb\"},\"inLanguage\":\"fr-FR\",\"potentialAction\":[{\"@type\":\"ReadAction\",\"target\":[\"https:\/\/peoplesphere.be\/fr\/le-volume-de-lemploi-dans-le-secteur-industriel-est-desormais-passe-sous-la-barre-des-10-une-evolution-inexorable\/\"]}]},{\"@type\":\"BreadcrumbList\",\"@id\":\"https:\/\/peoplesphere.be\/fr\/le-volume-de-lemploi-dans-le-secteur-industriel-est-desormais-passe-sous-la-barre-des-10-une-evolution-inexorable\/#breadcrumb\",\"itemListElement\":[{\"@type\":\"ListItem\",\"position\":1,\"name\":\"Accueil\",\"item\":\"https:\/\/peoplesphere.be\/fr\/\"},{\"@type\":\"ListItem\",\"position\":2,\"name\":\"Le volume de l&#8217;emploi dans le secteur industriel est d\u00e9sormais pass\u00e9 sous la barre des 10%: une \u00e9volution inexorable?\"}]},{\"@type\":\"WebSite\",\"@id\":\"https:\/\/peoplesphere.be\/fr\/#website\",\"url\":\"https:\/\/peoplesphere.be\/fr\/\",\"name\":\"Peoplesphere\",\"description\":\"The People Managers Magazine\",\"publisher\":{\"@id\":\"https:\/\/peoplesphere.be\/fr\/#organization\"},\"potentialAction\":[{\"@type\":\"SearchAction\",\"target\":{\"@type\":\"EntryPoint\",\"urlTemplate\":\"https:\/\/peoplesphere.be\/fr\/?s={search_term_string}\"},\"query-input\":\"required name=search_term_string\"}],\"inLanguage\":\"fr-FR\"},{\"@type\":\"Organization\",\"@id\":\"https:\/\/peoplesphere.be\/fr\/#organization\",\"name\":\"Peoplesphere Company srl\",\"url\":\"https:\/\/peoplesphere.be\/fr\/\",\"logo\":{\"@type\":\"ImageObject\",\"inLanguage\":\"fr-FR\",\"@id\":\"https:\/\/peoplesphere.be\/fr\/#\/schema\/logo\/image\/\",\"url\":\"https:\/\/peoplesphere.be\/fr\/wp-content\/uploads\/2023\/07\/peoplesphere-lgo-new-generik.jpg\",\"contentUrl\":\"https:\/\/peoplesphere.be\/fr\/wp-content\/uploads\/2023\/07\/peoplesphere-lgo-new-generik.jpg\",\"width\":1031,\"height\":1479,\"caption\":\"Peoplesphere Company srl\"},\"image\":{\"@id\":\"https:\/\/peoplesphere.be\/fr\/#\/schema\/logo\/image\/\"},\"sameAs\":[\"https:\/\/www.facebook.com\/peoplesphere\",\"https:\/\/twitter.com\/PeoplesphereMag\",\"https:\/\/www.linkedin.com\/company\/7587361?trk\",\"http:\/\/youtube.com\/peoplesphere\"]},{\"@type\":\"Person\",\"@id\":\"https:\/\/peoplesphere.be\/fr\/#\/schema\/person\/7976225ff17988604334abb7b3536a7e\",\"name\":\"Jean-Paul Erhard\",\"image\":{\"@type\":\"ImageObject\",\"inLanguage\":\"fr-FR\",\"@id\":\"https:\/\/peoplesphere.be\/fr\/#\/schema\/person\/image\/\",\"url\":\"https:\/\/secure.gravatar.com\/avatar\/f941e681460179738071629a51574930?s=96&d=mm&r=g\",\"contentUrl\":\"https:\/\/secure.gravatar.com\/avatar\/f941e681460179738071629a51574930?s=96&d=mm&r=g\",\"caption\":\"Jean-Paul Erhard\"},\"url\":\"https:\/\/peoplesphere.be\/fr\/author\/jpe\/\"}]}<\/script>\n<!-- \/ Yoast SEO plugin. -->","yoast_head_json":{"title":"Le volume de l'emploi dans le secteur industriel est d\u00e9sormais pass\u00e9 sous la barre des 10%: une \u00e9volution inexorable? - Peoplesphere","robots":{"index":"index","follow":"follow","max-snippet":"max-snippet:-1","max-image-preview":"max-image-preview:large","max-video-preview":"max-video-preview:-1"},"canonical":"https:\/\/peoplesphere.be\/fr\/le-volume-de-lemploi-dans-le-secteur-industriel-est-desormais-passe-sous-la-barre-des-10-une-evolution-inexorable\/","og_locale":"fr_FR","og_type":"article","og_title":"Le volume de l'emploi dans le secteur industriel est d\u00e9sormais pass\u00e9 sous la barre des 10%: une \u00e9volution inexorable? - Peoplesphere","og_description":"La r\u00e9duction de l\u2019importance de l\u2019industrie manufacturi\u00e8re dans l\u2019\u00e9conomie belge observ\u00e9e dans les ann\u00e9es 1980 s\u2019est poursuivie, et plus rapidement qu\u2019en Allemagne ou aux Pays-Bas. La succession de crises p\u00e8se sur la comp\u00e9titivit\u00e9 ext\u00e9rieure des entreprises industrielles qui doivent aussi [&hellip;]","og_url":"https:\/\/peoplesphere.be\/fr\/le-volume-de-lemploi-dans-le-secteur-industriel-est-desormais-passe-sous-la-barre-des-10-une-evolution-inexorable\/","og_site_name":"Peoplesphere","article_publisher":"https:\/\/www.facebook.com\/peoplesphere","article_published_time":"2025-09-30T07:36:36+00:00","og_image":[{"url":"http:\/\/www.peoplesphere.be\/fr\/wp-content\/uploads\/2016\/07\/facebook-default-posting-1200x628px.jpg"}],"author":"Jean-Paul Erhard","twitter_card":"summary_large_image","twitter_creator":"@PeoplesphereMag","twitter_site":"@PeoplesphereMag","twitter_misc":{"\u00c9crit par":"Jean-Paul Erhard","Dur\u00e9e de lecture estim\u00e9e":"5 minutes"},"schema":{"@context":"https:\/\/schema.org","@graph":[{"@type":"Article","@id":"https:\/\/peoplesphere.be\/fr\/le-volume-de-lemploi-dans-le-secteur-industriel-est-desormais-passe-sous-la-barre-des-10-une-evolution-inexorable\/#article","isPartOf":{"@id":"https:\/\/peoplesphere.be\/fr\/le-volume-de-lemploi-dans-le-secteur-industriel-est-desormais-passe-sous-la-barre-des-10-une-evolution-inexorable\/"},"author":{"name":"Jean-Paul Erhard","@id":"https:\/\/peoplesphere.be\/fr\/#\/schema\/person\/7976225ff17988604334abb7b3536a7e"},"headline":"Le volume de l&#8217;emploi dans le secteur industriel est d\u00e9sormais pass\u00e9 sous la barre des 10%: une \u00e9volution inexorable?","datePublished":"2025-09-30T07:36:36+00:00","dateModified":"2025-09-30T07:36:36+00:00","mainEntityOfPage":{"@id":"https:\/\/peoplesphere.be\/fr\/le-volume-de-lemploi-dans-le-secteur-industriel-est-desormais-passe-sous-la-barre-des-10-une-evolution-inexorable\/"},"wordCount":961,"publisher":{"@id":"https:\/\/peoplesphere.be\/fr\/#organization"},"keywords":["comp\u00e9titivit\u00e9","co\u00fbt du travail","emploi industriel","taux d'emploi"],"articleSection":["Actualit\u00e9s","Digital"],"inLanguage":"fr-FR"},{"@type":"WebPage","@id":"https:\/\/peoplesphere.be\/fr\/le-volume-de-lemploi-dans-le-secteur-industriel-est-desormais-passe-sous-la-barre-des-10-une-evolution-inexorable\/","url":"https:\/\/peoplesphere.be\/fr\/le-volume-de-lemploi-dans-le-secteur-industriel-est-desormais-passe-sous-la-barre-des-10-une-evolution-inexorable\/","name":"Le volume de l'emploi dans le secteur industriel est d\u00e9sormais pass\u00e9 sous la barre des 10%: une \u00e9volution inexorable? - Peoplesphere","isPartOf":{"@id":"https:\/\/peoplesphere.be\/fr\/#website"},"datePublished":"2025-09-30T07:36:36+00:00","dateModified":"2025-09-30T07:36:36+00:00","breadcrumb":{"@id":"https:\/\/peoplesphere.be\/fr\/le-volume-de-lemploi-dans-le-secteur-industriel-est-desormais-passe-sous-la-barre-des-10-une-evolution-inexorable\/#breadcrumb"},"inLanguage":"fr-FR","potentialAction":[{"@type":"ReadAction","target":["https:\/\/peoplesphere.be\/fr\/le-volume-de-lemploi-dans-le-secteur-industriel-est-desormais-passe-sous-la-barre-des-10-une-evolution-inexorable\/"]}]},{"@type":"BreadcrumbList","@id":"https:\/\/peoplesphere.be\/fr\/le-volume-de-lemploi-dans-le-secteur-industriel-est-desormais-passe-sous-la-barre-des-10-une-evolution-inexorable\/#breadcrumb","itemListElement":[{"@type":"ListItem","position":1,"name":"Accueil","item":"https:\/\/peoplesphere.be\/fr\/"},{"@type":"ListItem","position":2,"name":"Le volume de l&#8217;emploi dans le secteur industriel est d\u00e9sormais pass\u00e9 sous la barre des 10%: une \u00e9volution inexorable?"}]},{"@type":"WebSite","@id":"https:\/\/peoplesphere.be\/fr\/#website","url":"https:\/\/peoplesphere.be\/fr\/","name":"Peoplesphere","description":"The People Managers Magazine","publisher":{"@id":"https:\/\/peoplesphere.be\/fr\/#organization"},"potentialAction":[{"@type":"SearchAction","target":{"@type":"EntryPoint","urlTemplate":"https:\/\/peoplesphere.be\/fr\/?s={search_term_string}"},"query-input":"required name=search_term_string"}],"inLanguage":"fr-FR"},{"@type":"Organization","@id":"https:\/\/peoplesphere.be\/fr\/#organization","name":"Peoplesphere Company srl","url":"https:\/\/peoplesphere.be\/fr\/","logo":{"@type":"ImageObject","inLanguage":"fr-FR","@id":"https:\/\/peoplesphere.be\/fr\/#\/schema\/logo\/image\/","url":"https:\/\/peoplesphere.be\/fr\/wp-content\/uploads\/2023\/07\/peoplesphere-lgo-new-generik.jpg","contentUrl":"https:\/\/peoplesphere.be\/fr\/wp-content\/uploads\/2023\/07\/peoplesphere-lgo-new-generik.jpg","width":1031,"height":1479,"caption":"Peoplesphere Company srl"},"image":{"@id":"https:\/\/peoplesphere.be\/fr\/#\/schema\/logo\/image\/"},"sameAs":["https:\/\/www.facebook.com\/peoplesphere","https:\/\/twitter.com\/PeoplesphereMag","https:\/\/www.linkedin.com\/company\/7587361?trk","http:\/\/youtube.com\/peoplesphere"]},{"@type":"Person","@id":"https:\/\/peoplesphere.be\/fr\/#\/schema\/person\/7976225ff17988604334abb7b3536a7e","name":"Jean-Paul Erhard","image":{"@type":"ImageObject","inLanguage":"fr-FR","@id":"https:\/\/peoplesphere.be\/fr\/#\/schema\/person\/image\/","url":"https:\/\/secure.gravatar.com\/avatar\/f941e681460179738071629a51574930?s=96&d=mm&r=g","contentUrl":"https:\/\/secure.gravatar.com\/avatar\/f941e681460179738071629a51574930?s=96&d=mm&r=g","caption":"Jean-Paul Erhard"},"url":"https:\/\/peoplesphere.be\/fr\/author\/jpe\/"}]}},"_links":{"self":[{"href":"https:\/\/peoplesphere.be\/fr\/wp-json\/wp\/v2\/posts\/18259"}],"collection":[{"href":"https:\/\/peoplesphere.be\/fr\/wp-json\/wp\/v2\/posts"}],"about":[{"href":"https:\/\/peoplesphere.be\/fr\/wp-json\/wp\/v2\/types\/post"}],"author":[{"embeddable":true,"href":"https:\/\/peoplesphere.be\/fr\/wp-json\/wp\/v2\/users\/2"}],"replies":[{"embeddable":true,"href":"https:\/\/peoplesphere.be\/fr\/wp-json\/wp\/v2\/comments?post=18259"}],"version-history":[{"count":1,"href":"https:\/\/peoplesphere.be\/fr\/wp-json\/wp\/v2\/posts\/18259\/revisions"}],"predecessor-version":[{"id":18260,"href":"https:\/\/peoplesphere.be\/fr\/wp-json\/wp\/v2\/posts\/18259\/revisions\/18260"}],"wp:attachment":[{"href":"https:\/\/peoplesphere.be\/fr\/wp-json\/wp\/v2\/media?parent=18259"}],"wp:term":[{"taxonomy":"category","embeddable":true,"href":"https:\/\/peoplesphere.be\/fr\/wp-json\/wp\/v2\/categories?post=18259"},{"taxonomy":"post_tag","embeddable":true,"href":"https:\/\/peoplesphere.be\/fr\/wp-json\/wp\/v2\/tags?post=18259"}],"curies":[{"name":"wp","href":"https:\/\/api.w.org\/{rel}","templated":true}]}}